{"id":107269,"date":"2023-09-25T22:55:10","date_gmt":"2023-09-26T01:55:10","guid":{"rendered":"https:\/\/www.gaveanews.com\/?p=107269"},"modified":"2023-09-25T22:55:10","modified_gmt":"2023-09-26T01:55:10","slug":"xo-sampaoli-quem-vai-ser-o-novo-tecnico-do-flamengo","status":"publish","type":"post","link":"https:\/\/www.gaveanews.com\/index.php\/2023\/09\/25\/xo-sampaoli-quem-vai-ser-o-novo-tecnico-do-flamengo\/","title":{"rendered":"X\u00f4 Sampaoli! Quem vai ser o novo t\u00e9cnico do Flamengo?"},"content":{"rendered":"<p>Ap\u00f3s amargar mais um vice em 2023, Sampaoli est\u00e1 com os dias contados na G\u00e1vea. Por conta disso, o\u00a0Flamengo est\u00e1 mais uma vez no mercado em busca de um novo t\u00e9cnico. Ap\u00f3s perder o t\u00edtulo da Copa do Brasil para o S\u00e3o Paulo, o rubro-negro tem uma certeza: Sampaoli n\u00e3o cumprir\u00e1 o contrato, que vai at\u00e9 dezembro deste ano, e a diretoria j\u00e1 se movimenta em busca de um novo nome.<\/p>\n<p>Tite e Jorge Jesus, que balan\u00e7a no Al Hilal, s\u00e3o os nomes que circulam nos bastidores do rubro-negro, mas Rodolfo Landim ainda avalia os cen\u00e1rios. O presidente deseja um t\u00e9cnico capaz de liderar uma reformula\u00e7\u00e3o mais profunda para 2024.<\/p>\n<h2 class=\"headline_headline__PeyVn\" aria-label=\"Headline\">Tite<\/h2>\n<div class=\"article-body_body__JAkqy body\" data-testid=\"article-body\">\n<p>O ex-treinador da sele\u00e7\u00e3o brasileira ganhou muita for\u00e7a no Flamengo nas \u00faltimas semanas. O clube carioca j\u00e1 sabe que o t\u00e9cnico vai se abrir novamente para o mercado do Brasil, especialmente porque ainda n\u00e3o conseguiu um projeto atrativo fora do pa\u00eds e quer voltar a trabalhar em 2024.<\/p>\n<p>Por outro lado, ainda n\u00e3o \u00e9 unanimidade. H\u00e1 quem defenda que Tite talvez n\u00e3o seja o nome ideal para uma reformula\u00e7\u00e3o pela proximidade que tem com alguns medalh\u00f5es do Flamengo como Filipe Lu\u00eds, Everton Ribeiro, Rodrigo Caio entre outros.<\/p>\n<p>Al\u00e9m disso, quem pondera contra o nome de Tite, destaca que n\u00e3o \u00e9 um nome que avalia a press\u00e3o e que sofreria resist\u00eancia como aconteceu com Renato Ga\u00facho.<\/p>\n<p>Apesar disso, Tite \u00e9 hoje, o principal nome na mesa do presidente Rodolfo Landim.<\/p>\n<h2 class=\"headline_headline__PeyVn\" aria-label=\"Headline\">Jorge Jesus<\/h2>\n<div class=\"article-body_body__JAkqy body\" data-testid=\"article-body\">\n<p>Jorge Jesus \u00e9 sempre um nome que aparece no imagin\u00e1rio do torcedor do Flamengo. Apesar de enxergar como muito dif\u00edcil um retorno do t\u00e9cnico, o time carioca acompanha a situa\u00e7\u00e3o do Mister, que balan\u00e7a no Al Hilal.<\/p>\n<p>Nesta segunda-feira (25), inclusive, o portugu\u00eas entrar\u00e1 em campo junto com o time saudita e s\u00f3 uma vit\u00f3ria convincente para amenizar a press\u00e3o.<\/p>\n<p>Sem uma demiss\u00e3o, \u00e9 quase imposs\u00edvel o Flamengo tirar Jorge Jesus do Al Hilal. Primeiro porque JJ quer cumprir o contrato, segundo porque a multa do t\u00e9cnico est\u00e1 acima dos 8 milh\u00f5es de euros e terceiro porque nem mesmo Rodolfo Landim estaria disposto a tamanho esfor\u00e7o pelo retorno do t\u00e9cnico.<\/p>\n<h2 class=\"headline_headline__PeyVn\" aria-label=\"Headline\">Eduardo Coudet<\/h2>\n<div class=\"article-body_body__JAkqy body\" data-testid=\"article-body\">\n<p>Um nome que sempre esteve em pauta no Flamengo \u00e9 o de Eduardo Coudet. Em pelo menos duas oportunidades a diretoria chegou a conversar com o t\u00e9cnico, mas os momentos n\u00e3o bajarem. Na primeira vez, ele estava de sa\u00edda do Celta e na segunda, acertado com o Atl\u00e9tico-MG.<\/p>\n<p>Neste momento, Coudet vive grande fase com o Internacional e vai disputar a semifinal da Copa Libertadores diante do Fluminense. O treinador tem contrato com o Colorado at\u00e9 dezembro.<\/p>\n<p>Retirado de: Goal<\/p>\n<\/div>\n<\/div>\n<\/div>\n","protected":false},"excerpt":{"rendered":"<p>Ap\u00f3s amargar mais um vice em 2023, Sampaoli est\u00e1 com os dias contados na G\u00e1vea. Por conta disso, o\u00a0Flamengo est\u00e1 mais uma vez no mercado em busca de um novo t\u00e9cnico. Ap\u00f3s perder o t\u00edtulo da Copa do Brasil para o S\u00e3o Paulo, o rubro-negro tem uma certeza: Sampaoli n\u00e3o cumprir\u00e1 o contrato, que vai [&hellip;]<\/p>\n","protected":false},"author":1,"featured_media":78521,"comment_status":"open","ping_status":"closed","sticky":false,"template":"","format":"standard","meta":{"footnotes":""},"categories":[1],"tags":[],"class_list":["post-107269","post","type-post","status-publish","format-standard","has-post-thumbnail","hentry","category-flamengo"],"yoast_head":"<!-- This site is optimized with the Yoast SEO Premium plugin v24.2 (Yoast SEO v26.9) - https:\/\/yoast.com\/product\/yoast-seo-premium-wordpress\/ -->\n<title>X\u00f4 Sampaoli! Quem vai ser o novo t\u00e9cnico do Flamengo?<\/title>\n<meta name=\"robots\" content=\"index, follow, max-snippet:-1, max-image-preview:large, max-video-preview:-1\" \/>\n<link rel=\"canonical\" href=\"https:\/\/www.gaveanews.com\/index.php\/2023\/09\/25\/xo-sampaoli-quem-vai-ser-o-novo-tecnico-do-flamengo\/\" \/>\n<meta property=\"og:locale\" content=\"pt_BR\" \/>\n<meta property=\"og:type\" content=\"article\" \/>\n<meta property=\"og:title\" content=\"X\u00f4 Sampaoli! Quem vai ser o novo t\u00e9cnico do Flamengo?\" \/>\n<meta property=\"og:description\" content=\"Ap\u00f3s amargar mais um vice em 2023, Sampaoli est\u00e1 com os dias contados na G\u00e1vea. Por conta disso, o\u00a0Flamengo est\u00e1 mais uma vez no mercado em busca de um novo t\u00e9cnico. Ap\u00f3s perder o t\u00edtulo da Copa do Brasil para o S\u00e3o Paulo, o rubro-negro tem uma certeza: Sampaoli n\u00e3o cumprir\u00e1 o contrato, que vai [&hellip;]\" \/>\n<meta property=\"og:url\" content=\"https:\/\/www.gaveanews.com\/index.php\/2023\/09\/25\/xo-sampaoli-quem-vai-ser-o-novo-tecnico-do-flamengo\/\" \/>\n<meta property=\"og:site_name\" content=\"G\u00e1vea News\" \/>\n<meta property=\"article:publisher\" content=\"https:\/\/facebook.com\/gaveaNews\/\" \/>\n<meta property=\"article:published_time\" content=\"2023-09-26T01:55:10+00:00\" \/>\n<meta property=\"og:image\" content=\"https:\/\/www.gaveanews.com\/wp-content\/uploads\/Marcos-Braz-em-entrevista-coletiva-do-Flamengo-no-Ninho-do-Urubu.webp\" \/>\n\t<meta property=\"og:image:width\" content=\"799\" \/>\n\t<meta property=\"og:image:height\" content=\"533\" \/>\n\t<meta property=\"og:image:type\" content=\"image\/jpeg\" \/>\n<meta name=\"author\" content=\"Equipe G\u00e1vea News\" \/>\n<meta name=\"twitter:card\" content=\"summary_large_image\" \/>\n<meta name=\"twitter:label1\" content=\"Escrito por\" \/>\n\t<meta name=\"twitter:data1\" content=\"Equipe G\u00e1vea News\" \/>\n\t<meta name=\"twitter:label2\" content=\"Est. tempo de leitura\" \/>\n\t<meta name=\"twitter:data2\" content=\"3 minutos\" \/>\n<script type=\"application\/ld+json\" class=\"yoast-schema-graph\">{\"@context\":\"https:\/\/schema.org\",\"@graph\":[{\"@type\":\"NewsArticle\",\"@id\":\"https:\/\/www.gaveanews.com\/index.php\/2023\/09\/25\/xo-sampaoli-quem-vai-ser-o-novo-tecnico-do-flamengo\/#article\",\"isPartOf\":{\"@id\":\"https:\/\/www.gaveanews.com\/index.php\/2023\/09\/25\/xo-sampaoli-quem-vai-ser-o-novo-tecnico-do-flamengo\/\"},\"author\":{\"name\":\"Equipe G\u00e1vea News\",\"@id\":\"https:\/\/www.gaveanews.com\/#\/schema\/person\/2ec14f73fb96be2caf28f91afb14749d\"},\"headline\":\"X\u00f4 Sampaoli! Quem vai ser o novo t\u00e9cnico do Flamengo?\",\"datePublished\":\"2023-09-26T01:55:10+00:00\",\"mainEntityOfPage\":{\"@id\":\"https:\/\/www.gaveanews.com\/index.php\/2023\/09\/25\/xo-sampaoli-quem-vai-ser-o-novo-tecnico-do-flamengo\/\"},\"wordCount\":480,\"commentCount\":0,\"image\":{\"@id\":\"https:\/\/www.gaveanews.com\/index.php\/2023\/09\/25\/xo-sampaoli-quem-vai-ser-o-novo-tecnico-do-flamengo\/#primaryimage\"},\"thumbnailUrl\":\"https:\/\/www.gaveanews.com\/wp-content\/uploads\/Marcos-Braz-em-entrevista-coletiva-do-Flamengo-no-Ninho-do-Urubu.webp\",\"articleSection\":[\"Flamengo\"],\"inLanguage\":\"pt-BR\",\"potentialAction\":[{\"@type\":\"CommentAction\",\"name\":\"Comment\",\"target\":[\"https:\/\/www.gaveanews.com\/index.php\/2023\/09\/25\/xo-sampaoli-quem-vai-ser-o-novo-tecnico-do-flamengo\/#respond\"]}],\"copyrightYear\":\"2023\",\"copyrightHolder\":{\"@id\":\"https:\/\/www.gaveanews.com\/#organization\"}},{\"@type\":\"WebPage\",\"@id\":\"https:\/\/www.gaveanews.com\/index.php\/2023\/09\/25\/xo-sampaoli-quem-vai-ser-o-novo-tecnico-do-flamengo\/\",\"url\":\"https:\/\/www.gaveanews.com\/index.php\/2023\/09\/25\/xo-sampaoli-quem-vai-ser-o-novo-tecnico-do-flamengo\/\",\"name\":\"X\u00f4 Sampaoli! Quem vai ser o novo t\u00e9cnico do Flamengo?\",\"isPartOf\":{\"@id\":\"https:\/\/www.gaveanews.com\/#website\"},\"primaryImageOfPage\":{\"@id\":\"https:\/\/www.gaveanews.com\/index.php\/2023\/09\/25\/xo-sampaoli-quem-vai-ser-o-novo-tecnico-do-flamengo\/#primaryimage\"},\"image\":{\"@id\":\"https:\/\/www.gaveanews.com\/index.php\/2023\/09\/25\/xo-sampaoli-quem-vai-ser-o-novo-tecnico-do-flamengo\/#primaryimage\"},\"thumbnailUrl\":\"https:\/\/www.gaveanews.com\/wp-content\/uploads\/Marcos-Braz-em-entrevista-coletiva-do-Flamengo-no-Ninho-do-Urubu.webp\",\"datePublished\":\"2023-09-26T01:55:10+00:00\",\"author\":{\"@id\":\"https:\/\/www.gaveanews.com\/#\/schema\/person\/2ec14f73fb96be2caf28f91afb14749d\"},\"breadcrumb\":{\"@id\":\"https:\/\/www.gaveanews.com\/index.php\/2023\/09\/25\/xo-sampaoli-quem-vai-ser-o-novo-tecnico-do-flamengo\/#breadcrumb\"},\"inLanguage\":\"pt-BR\",\"potentialAction\":[{\"@type\":\"ReadAction\",\"target\":[\"https:\/\/www.gaveanews.com\/index.php\/2023\/09\/25\/xo-sampaoli-quem-vai-ser-o-novo-tecnico-do-flamengo\/\"]}]},{\"@type\":\"ImageObject\",\"inLanguage\":\"pt-BR\",\"@id\":\"https:\/\/www.gaveanews.com\/index.php\/2023\/09\/25\/xo-sampaoli-quem-vai-ser-o-novo-tecnico-do-flamengo\/#primaryimage\",\"url\":\"https:\/\/www.gaveanews.com\/wp-content\/uploads\/Marcos-Braz-em-entrevista-coletiva-do-Flamengo-no-Ninho-do-Urubu.webp\",\"contentUrl\":\"https:\/\/www.gaveanews.com\/wp-content\/uploads\/Marcos-Braz-em-entrevista-coletiva-do-Flamengo-no-Ninho-do-Urubu.webp\",\"width\":799,\"height\":533,\"caption\":\"Marcos Braz em entrevista coletiva do Flamengo no Ninho do Urubu (Foto: Gilvan de Souza\/Flamengo)\"},{\"@type\":\"BreadcrumbList\",\"@id\":\"https:\/\/www.gaveanews.com\/index.php\/2023\/09\/25\/xo-sampaoli-quem-vai-ser-o-novo-tecnico-do-flamengo\/#breadcrumb\",\"itemListElement\":[{\"@type\":\"ListItem\",\"position\":1,\"name\":\"Home\",\"item\":\"https:\/\/www.gaveanews.com\/\"},{\"@type\":\"ListItem\",\"position\":2,\"name\":\"X\u00f4 Sampaoli! Quem vai ser o novo t\u00e9cnico do Flamengo?\"}]},{\"@type\":\"WebSite\",\"@id\":\"https:\/\/www.gaveanews.com\/#website\",\"url\":\"https:\/\/www.gaveanews.com\/\",\"name\":\"G\u00e1vea News\",\"description\":\"Veja todas as not\u00edcias sobre o Flamengo: Contrata\u00e7\u00f5es, categorias de base, resultados das partidas, tabela de classifica\u00e7\u00e3o, pr\u00f3ximos jogos!\",\"potentialAction\":[{\"@type\":\"SearchAction\",\"target\":{\"@type\":\"EntryPoint\",\"urlTemplate\":\"https:\/\/www.gaveanews.com\/?s={search_term_string}\"},\"query-input\":{\"@type\":\"PropertyValueSpecification\",\"valueRequired\":true,\"valueName\":\"search_term_string\"}}],\"inLanguage\":\"pt-BR\"},{\"@type\":\"Person\",\"@id\":\"https:\/\/www.gaveanews.com\/#\/schema\/person\/2ec14f73fb96be2caf28f91afb14749d\",\"name\":\"Equipe G\u00e1vea News\",\"image\":{\"@type\":\"ImageObject\",\"inLanguage\":\"pt-BR\",\"@id\":\"https:\/\/www.gaveanews.com\/#\/schema\/person\/image\/\",\"url\":\"https:\/\/secure.gravatar.com\/avatar\/1e1956f1facbffd3f8fa53a326721950116b3b9dc9bd44939c01180fd4a745a9?s=96&d=mm&r=g\",\"contentUrl\":\"https:\/\/secure.gravatar.com\/avatar\/1e1956f1facbffd3f8fa53a326721950116b3b9dc9bd44939c01180fd4a745a9?s=96&d=mm&r=g\",\"caption\":\"Equipe G\u00e1vea News\"}}]}<\/script>\n<!-- \/ Yoast SEO Premium plugin. -->","yoast_head_json":{"title":"X\u00f4 Sampaoli! Quem vai ser o novo t\u00e9cnico do Flamengo?","robots":{"index":"index","follow":"follow","max-snippet":"max-snippet:-1","max-image-preview":"max-image-preview:large","max-video-preview":"max-video-preview:-1"},"canonical":"https:\/\/www.gaveanews.com\/index.php\/2023\/09\/25\/xo-sampaoli-quem-vai-ser-o-novo-tecnico-do-flamengo\/","og_locale":"pt_BR","og_type":"article","og_title":"X\u00f4 Sampaoli! Quem vai ser o novo t\u00e9cnico do Flamengo?","og_description":"Ap\u00f3s amargar mais um vice em 2023, Sampaoli est\u00e1 com os dias contados na G\u00e1vea. Por conta disso, o\u00a0Flamengo est\u00e1 mais uma vez no mercado em busca de um novo t\u00e9cnico. Ap\u00f3s perder o t\u00edtulo da Copa do Brasil para o S\u00e3o Paulo, o rubro-negro tem uma certeza: Sampaoli n\u00e3o cumprir\u00e1 o contrato, que vai [&hellip;]","og_url":"https:\/\/www.gaveanews.com\/index.php\/2023\/09\/25\/xo-sampaoli-quem-vai-ser-o-novo-tecnico-do-flamengo\/","og_site_name":"G\u00e1vea News","article_publisher":"https:\/\/facebook.com\/gaveaNews\/","article_published_time":"2023-09-26T01:55:10+00:00","og_image":[{"width":799,"height":533,"url":"https:\/\/www.gaveanews.com\/wp-content\/uploads\/Marcos-Braz-em-entrevista-coletiva-do-Flamengo-no-Ninho-do-Urubu.webp","type":"image\/jpeg"}],"author":"Equipe G\u00e1vea News","twitter_card":"summary_large_image","twitter_misc":{"Escrito por":"Equipe G\u00e1vea News","Est. tempo de leitura":"3 minutos"},"schema":{"@context":"https:\/\/schema.org","@graph":[{"@type":"NewsArticle","@id":"https:\/\/www.gaveanews.com\/index.php\/2023\/09\/25\/xo-sampaoli-quem-vai-ser-o-novo-tecnico-do-flamengo\/#article","isPartOf":{"@id":"https:\/\/www.gaveanews.com\/index.php\/2023\/09\/25\/xo-sampaoli-quem-vai-ser-o-novo-tecnico-do-flamengo\/"},"author":{"name":"Equipe G\u00e1vea News","@id":"https:\/\/www.gaveanews.com\/#\/schema\/person\/2ec14f73fb96be2caf28f91afb14749d"},"headline":"X\u00f4 Sampaoli! Quem vai ser o novo t\u00e9cnico do Flamengo?","datePublished":"2023-09-26T01:55:10+00:00","mainEntityOfPage":{"@id":"https:\/\/www.gaveanews.com\/index.php\/2023\/09\/25\/xo-sampaoli-quem-vai-ser-o-novo-tecnico-do-flamengo\/"},"wordCount":480,"commentCount":0,"image":{"@id":"https:\/\/www.gaveanews.com\/index.php\/2023\/09\/25\/xo-sampaoli-quem-vai-ser-o-novo-tecnico-do-flamengo\/#primaryimage"},"thumbnailUrl":"https:\/\/www.gaveanews.com\/wp-content\/uploads\/Marcos-Braz-em-entrevista-coletiva-do-Flamengo-no-Ninho-do-Urubu.webp","articleSection":["Flamengo"],"inLanguage":"pt-BR","potentialAction":[{"@type":"CommentAction","name":"Comment","target":["https:\/\/www.gaveanews.com\/index.php\/2023\/09\/25\/xo-sampaoli-quem-vai-ser-o-novo-tecnico-do-flamengo\/#respond"]}],"copyrightYear":"2023","copyrightHolder":{"@id":"https:\/\/www.gaveanews.com\/#organization"}},{"@type":"WebPage","@id":"https:\/\/www.gaveanews.com\/index.php\/2023\/09\/25\/xo-sampaoli-quem-vai-ser-o-novo-tecnico-do-flamengo\/","url":"https:\/\/www.gaveanews.com\/index.php\/2023\/09\/25\/xo-sampaoli-quem-vai-ser-o-novo-tecnico-do-flamengo\/","name":"X\u00f4 Sampaoli! Quem vai ser o novo t\u00e9cnico do Flamengo?","isPartOf":{"@id":"https:\/\/www.gaveanews.com\/#website"},"primaryImageOfPage":{"@id":"https:\/\/www.gaveanews.com\/index.php\/2023\/09\/25\/xo-sampaoli-quem-vai-ser-o-novo-tecnico-do-flamengo\/#primaryimage"},"image":{"@id":"https:\/\/www.gaveanews.com\/index.php\/2023\/09\/25\/xo-sampaoli-quem-vai-ser-o-novo-tecnico-do-flamengo\/#primaryimage"},"thumbnailUrl":"https:\/\/www.gaveanews.com\/wp-content\/uploads\/Marcos-Braz-em-entrevista-coletiva-do-Flamengo-no-Ninho-do-Urubu.webp","datePublished":"2023-09-26T01:55:10+00:00","author":{"@id":"https:\/\/www.gaveanews.com\/#\/schema\/person\/2ec14f73fb96be2caf28f91afb14749d"},"breadcrumb":{"@id":"https:\/\/www.gaveanews.com\/index.php\/2023\/09\/25\/xo-sampaoli-quem-vai-ser-o-novo-tecnico-do-flamengo\/#breadcrumb"},"inLanguage":"pt-BR","potentialAction":[{"@type":"ReadAction","target":["https:\/\/www.gaveanews.com\/index.php\/2023\/09\/25\/xo-sampaoli-quem-vai-ser-o-novo-tecnico-do-flamengo\/"]}]},{"@type":"ImageObject","inLanguage":"pt-BR","@id":"https:\/\/www.gaveanews.com\/index.php\/2023\/09\/25\/xo-sampaoli-quem-vai-ser-o-novo-tecnico-do-flamengo\/#primaryimage","url":"https:\/\/www.gaveanews.com\/wp-content\/uploads\/Marcos-Braz-em-entrevista-coletiva-do-Flamengo-no-Ninho-do-Urubu.webp","contentUrl":"https:\/\/www.gaveanews.com\/wp-content\/uploads\/Marcos-Braz-em-entrevista-coletiva-do-Flamengo-no-Ninho-do-Urubu.webp","width":799,"height":533,"caption":"Marcos Braz em entrevista coletiva do Flamengo no Ninho do Urubu (Foto: Gilvan de Souza\/Flamengo)"},{"@type":"BreadcrumbList","@id":"https:\/\/www.gaveanews.com\/index.php\/2023\/09\/25\/xo-sampaoli-quem-vai-ser-o-novo-tecnico-do-flamengo\/#breadcrumb","itemListElement":[{"@type":"ListItem","position":1,"name":"Home","item":"https:\/\/www.gaveanews.com\/"},{"@type":"ListItem","position":2,"name":"X\u00f4 Sampaoli! Quem vai ser o novo t\u00e9cnico do Flamengo?"}]},{"@type":"WebSite","@id":"https:\/\/www.gaveanews.com\/#website","url":"https:\/\/www.gaveanews.com\/","name":"G\u00e1vea News","description":"Veja todas as not\u00edcias sobre o Flamengo: Contrata\u00e7\u00f5es, categorias de base, resultados das partidas, tabela de classifica\u00e7\u00e3o, pr\u00f3ximos jogos!","potentialAction":[{"@type":"SearchAction","target":{"@type":"EntryPoint","urlTemplate":"https:\/\/www.gaveanews.com\/?s={search_term_string}"},"query-input":{"@type":"PropertyValueSpecification","valueRequired":true,"valueName":"search_term_string"}}],"inLanguage":"pt-BR"},{"@type":"Person","@id":"https:\/\/www.gaveanews.com\/#\/schema\/person\/2ec14f73fb96be2caf28f91afb14749d","name":"Equipe G\u00e1vea News","image":{"@type":"ImageObject","inLanguage":"pt-BR","@id":"https:\/\/www.gaveanews.com\/#\/schema\/person\/image\/","url":"https:\/\/secure.gravatar.com\/avatar\/1e1956f1facbffd3f8fa53a326721950116b3b9dc9bd44939c01180fd4a745a9?s=96&d=mm&r=g","contentUrl":"https:\/\/secure.gravatar.com\/avatar\/1e1956f1facbffd3f8fa53a326721950116b3b9dc9bd44939c01180fd4a745a9?s=96&d=mm&r=g","caption":"Equipe G\u00e1vea News"}}]}},"_links":{"self":[{"href":"https:\/\/www.gaveanews.com\/index.php\/wp-json\/wp\/v2\/posts\/107269","targetHints":{"allow":["GET"]}}],"collection":[{"href":"https:\/\/www.gaveanews.com\/index.php\/wp-json\/wp\/v2\/posts"}],"about":[{"href":"https:\/\/www.gaveanews.com\/index.php\/wp-json\/wp\/v2\/types\/post"}],"author":[{"embeddable":true,"href":"https:\/\/www.gaveanews.com\/index.php\/wp-json\/wp\/v2\/users\/1"}],"replies":[{"embeddable":true,"href":"https:\/\/www.gaveanews.com\/index.php\/wp-json\/wp\/v2\/comments?post=107269"}],"version-history":[{"count":0,"href":"https:\/\/www.gaveanews.com\/index.php\/wp-json\/wp\/v2\/posts\/107269\/revisions"}],"wp:featuredmedia":[{"embeddable":true,"href":"https:\/\/www.gaveanews.com\/index.php\/wp-json\/wp\/v2\/media\/78521"}],"wp:attachment":[{"href":"https:\/\/www.gaveanews.com\/index.php\/wp-json\/wp\/v2\/media?parent=107269"}],"wp:term":[{"taxonomy":"category","embeddable":true,"href":"https:\/\/www.gaveanews.com\/index.php\/wp-json\/wp\/v2\/categories?post=107269"},{"taxonomy":"post_tag","embeddable":true,"href":"https:\/\/www.gaveanews.com\/index.php\/wp-json\/wp\/v2\/tags?post=107269"}],"curies":[{"name":"wp","href":"https:\/\/api.w.org\/{rel}","templated":true}]}}