{"id":107298,"date":"2023-09-26T14:47:59","date_gmt":"2023-09-26T17:47:59","guid":{"rendered":"https:\/\/www.gaveanews.com\/?p=107298"},"modified":"2023-09-26T14:47:59","modified_gmt":"2023-09-26T17:47:59","slug":"idolo-do-flamengo-nao-culpa-rossi-em-gol-do-sao-paulo-e-detona-ayrton-lucas-infantil","status":"publish","type":"post","link":"https:\/\/www.gaveanews.com\/index.php\/2023\/09\/26\/idolo-do-flamengo-nao-culpa-rossi-em-gol-do-sao-paulo-e-detona-ayrton-lucas-infantil\/","title":{"rendered":"\u00cddolo do Flamengo n\u00e3o culpa Rossi em gol do S\u00e3o Paulo e detona Ayrton Lucas: &#8220;Infantil&#8221;"},"content":{"rendered":"<p>Por: Kayo Silva<\/p>\n<p><span data-contrast=\"auto\">\u00cddolo do Flamengo e comentarista dos canais Globo, o maestro J\u00fanior comentou no programa \u2018Sele\u00e7\u00e3o SporTV\u2019 sobre o lance que originou o gol do S\u00e3o Paulo no Morumbi. O ex-atleta faz uma cr\u00edtica a Ayrton Lucas e diz ter sido um erro infantil do lateral. Contudo, ele saiu em defesa do goleiro Agustin Rossi dando todo o m\u00e9rito a finaliza\u00e7\u00e3o de Rodrigo Nestor.<\/span><span data-ccp-props=\"{&quot;201341983&quot;:0,&quot;335559731&quot;:0,&quot;335559739&quot;:160,&quot;335559740&quot;:259}\">\u00a0<\/span><\/p>\n<p><span data-ccp-props=\"{&quot;201341983&quot;:0,&quot;335559739&quot;:160,&quot;335559740&quot;:259}\">\u00a0<\/span><span data-contrast=\"none\">\u201cA origem do gol do S\u00e3o Paulo, na falta, \u00e9 de um erro infantil do Ayrton Lucas porque n\u00e3o precisava ir ao combate, a bola estava indo para a lateral, e ele \u00e9 um cara veloz. A \u00fanica do Rossi \u00e9 que ele n\u00e3o encaixou legal na hora da sa\u00edda, a bola n\u00e3o encaixa bem na m\u00e3o dele. Mas ali acho que \u00e9 muito mais m\u00e9rito do Nestor. Ayrton fez uma partida bem abaixo ontem\u201d, disse J\u00fanior.<\/span><span data-ccp-props=\"{&quot;201341983&quot;:0,&quot;335559739&quot;:160,&quot;335559740&quot;:259}\">\u00a0<\/span><\/p>\n<p><span data-contrast=\"none\">Outro comentarista da bancada, Andr\u00e9 Rizek, teve a mesma percep\u00e7\u00e3o do companheiro e n\u00e3o viu falha do goleiro no gol do S\u00e3o Paulo. \u201cEu n\u00e3o vi falha alguma do Rossi. O Rossi no gol do Flamengo \u00e9 um acertado, demorado, mas um acerto\u201d.<\/span><span data-ccp-props=\"{&quot;201341983&quot;:0,&quot;335559739&quot;:160,&quot;335559740&quot;:259}\">\u00a0<\/span><\/p>\n<p><span data-contrast=\"none\">Rodrigo Coutinho que esteve debatendo no programa, tamb\u00e9m concordou com demais comentaristas, e fala que n\u00e3o viu erro do goleiro argentino, entretanto comenta que no lance, poderia ter uma atua\u00e7\u00e3o melhor. O jornalista comenta que se na ocasi\u00e3o fosse Matheus Cunha, certamente a reclama\u00e7\u00e3o seria em outro tom.<\/span><span data-ccp-props=\"{&quot;201341983&quot;:0,&quot;335559739&quot;:160,&quot;335559740&quot;:259}\">\u00a0<\/span><\/p>\n<h2>Ayrton Lucas pede desculpas ap\u00f3s falhas<\/h2>\n<p><span data-ccp-props=\"{&quot;201341983&quot;:0,&quot;335559739&quot;:160,&quot;335559740&quot;:259}\">\u00a0<\/span><span data-contrast=\"none\">\u201cMinha maior tristeza \u00e9 ter errado na final e espero ter for\u00e7as para dar a volta por cima. Eu tive um come\u00e7o de temporada muito bom. Depois chegou a queda de rendimento. N\u00e3o \u00e9 s\u00f3 o treinador, a gente tem que jogar em diversas fun\u00e7\u00f5es. N\u00e3o \u00e9 culp<\/span><span data-contrast=\"none\">a do treinador pelo rendimento baixo\u201d, disse Ayrton Lucas na Zona Mista, no Morumbi.<\/span><\/p>\n<p>&nbsp;<\/p>\n","protected":false},"excerpt":{"rendered":"<p>Por: Kayo Silva \u00cddolo do Flamengo e comentarista dos canais Globo, o maestro J\u00fanior comentou no programa \u2018Sele\u00e7\u00e3o SporTV\u2019 sobre o lance que originou o gol do S\u00e3o Paulo no Morumbi. O ex-atleta faz uma cr\u00edtica a Ayrton Lucas e diz ter sido um erro infantil do lateral. Contudo, ele saiu em defesa do goleiro [&hellip;]<\/p>\n","protected":false},"author":10,"featured_media":106054,"comment_status":"open","ping_status":"closed","sticky":false,"template":"","format":"standard","meta":{"footnotes":""},"categories":[1],"tags":[],"class_list":["post-107298","post","type-post","status-publish","format-standard","has-post-thumbnail","hentry","category-flamengo"],"yoast_head":"<!-- This site is optimized with the Yoast SEO Premium plugin v24.2 (Yoast SEO v26.9) - https:\/\/yoast.com\/product\/yoast-seo-premium-wordpress\/ -->\n<title>\u00cddolo do Flamengo n\u00e3o culpa Rossi em gol do S\u00e3o Paulo e detona Ayrton Lucas: &quot;Infantil&quot;<\/title>\n<meta name=\"robots\" content=\"index, follow, max-snippet:-1, max-image-preview:large, max-video-preview:-1\" \/>\n<link rel=\"canonical\" href=\"https:\/\/www.gaveanews.com\/index.php\/2023\/09\/26\/idolo-do-flamengo-nao-culpa-rossi-em-gol-do-sao-paulo-e-detona-ayrton-lucas-infantil\/\" \/>\n<meta property=\"og:locale\" content=\"pt_BR\" \/>\n<meta property=\"og:type\" content=\"article\" \/>\n<meta property=\"og:title\" content=\"\u00cddolo do Flamengo n\u00e3o culpa Rossi em gol do S\u00e3o Paulo e detona Ayrton Lucas: &quot;Infantil&quot;\" \/>\n<meta property=\"og:description\" content=\"Por: Kayo Silva \u00cddolo do Flamengo e comentarista dos canais Globo, o maestro J\u00fanior comentou no programa \u2018Sele\u00e7\u00e3o SporTV\u2019 sobre o lance que originou o gol do S\u00e3o Paulo no Morumbi. O ex-atleta faz uma cr\u00edtica a Ayrton Lucas e diz ter sido um erro infantil do lateral. Contudo, ele saiu em defesa do goleiro [&hellip;]\" \/>\n<meta property=\"og:url\" content=\"https:\/\/www.gaveanews.com\/index.php\/2023\/09\/26\/idolo-do-flamengo-nao-culpa-rossi-em-gol-do-sao-paulo-e-detona-ayrton-lucas-infantil\/\" \/>\n<meta property=\"og:site_name\" content=\"G\u00e1vea News\" \/>\n<meta property=\"article:publisher\" content=\"https:\/\/facebook.com\/gaveaNews\/\" \/>\n<meta property=\"article:published_time\" content=\"2023-09-26T17:47:59+00:00\" \/>\n<meta property=\"og:image\" content=\"https:\/\/www.gaveanews.com\/wp-content\/uploads\/ayrton-lucas-flamengo-botafogo.webp\" \/>\n\t<meta property=\"og:image:width\" content=\"900\" \/>\n\t<meta property=\"og:image:height\" content=\"599\" \/>\n\t<meta property=\"og:image:type\" content=\"image\/jpeg\" \/>\n<meta name=\"author\" content=\"Kayo Silva\" \/>\n<meta name=\"twitter:card\" content=\"summary_large_image\" \/>\n<meta name=\"twitter:label1\" content=\"Escrito por\" \/>\n\t<meta name=\"twitter:data1\" content=\"Kayo Silva\" \/>\n\t<meta name=\"twitter:label2\" content=\"Est. tempo de leitura\" \/>\n\t<meta name=\"twitter:data2\" content=\"2 minutos\" \/>\n<script type=\"application\/ld+json\" class=\"yoast-schema-graph\">{\"@context\":\"https:\/\/schema.org\",\"@graph\":[{\"@type\":\"NewsArticle\",\"@id\":\"https:\/\/www.gaveanews.com\/index.php\/2023\/09\/26\/idolo-do-flamengo-nao-culpa-rossi-em-gol-do-sao-paulo-e-detona-ayrton-lucas-infantil\/#article\",\"isPartOf\":{\"@id\":\"https:\/\/www.gaveanews.com\/index.php\/2023\/09\/26\/idolo-do-flamengo-nao-culpa-rossi-em-gol-do-sao-paulo-e-detona-ayrton-lucas-infantil\/\"},\"author\":{\"name\":\"Kayo Silva\",\"@id\":\"https:\/\/www.gaveanews.com\/#\/schema\/person\/51b3ba6a493cf9e7af9ce2c6d0d4ff1c\"},\"headline\":\"\u00cddolo do Flamengo n\u00e3o culpa Rossi em gol do S\u00e3o Paulo e detona Ayrton Lucas: &#8220;Infantil&#8221;\",\"datePublished\":\"2023-09-26T17:47:59+00:00\",\"mainEntityOfPage\":{\"@id\":\"https:\/\/www.gaveanews.com\/index.php\/2023\/09\/26\/idolo-do-flamengo-nao-culpa-rossi-em-gol-do-sao-paulo-e-detona-ayrton-lucas-infantil\/\"},\"wordCount\":342,\"commentCount\":0,\"image\":{\"@id\":\"https:\/\/www.gaveanews.com\/index.php\/2023\/09\/26\/idolo-do-flamengo-nao-culpa-rossi-em-gol-do-sao-paulo-e-detona-ayrton-lucas-infantil\/#primaryimage\"},\"thumbnailUrl\":\"https:\/\/www.gaveanews.com\/wp-content\/uploads\/ayrton-lucas-flamengo-botafogo.webp\",\"articleSection\":[\"Flamengo\"],\"inLanguage\":\"pt-BR\",\"potentialAction\":[{\"@type\":\"CommentAction\",\"name\":\"Comment\",\"target\":[\"https:\/\/www.gaveanews.com\/index.php\/2023\/09\/26\/idolo-do-flamengo-nao-culpa-rossi-em-gol-do-sao-paulo-e-detona-ayrton-lucas-infantil\/#respond\"]}],\"copyrightYear\":\"2023\",\"copyrightHolder\":{\"@id\":\"https:\/\/www.gaveanews.com\/#organization\"}},{\"@type\":\"WebPage\",\"@id\":\"https:\/\/www.gaveanews.com\/index.php\/2023\/09\/26\/idolo-do-flamengo-nao-culpa-rossi-em-gol-do-sao-paulo-e-detona-ayrton-lucas-infantil\/\",\"url\":\"https:\/\/www.gaveanews.com\/index.php\/2023\/09\/26\/idolo-do-flamengo-nao-culpa-rossi-em-gol-do-sao-paulo-e-detona-ayrton-lucas-infantil\/\",\"name\":\"\u00cddolo do Flamengo n\u00e3o culpa Rossi em gol do S\u00e3o Paulo e detona Ayrton Lucas: \\\"Infantil\\\"\",\"isPartOf\":{\"@id\":\"https:\/\/www.gaveanews.com\/#website\"},\"primaryImageOfPage\":{\"@id\":\"https:\/\/www.gaveanews.com\/index.php\/2023\/09\/26\/idolo-do-flamengo-nao-culpa-rossi-em-gol-do-sao-paulo-e-detona-ayrton-lucas-infantil\/#primaryimage\"},\"image\":{\"@id\":\"https:\/\/www.gaveanews.com\/index.php\/2023\/09\/26\/idolo-do-flamengo-nao-culpa-rossi-em-gol-do-sao-paulo-e-detona-ayrton-lucas-infantil\/#primaryimage\"},\"thumbnailUrl\":\"https:\/\/www.gaveanews.com\/wp-content\/uploads\/ayrton-lucas-flamengo-botafogo.webp\",\"datePublished\":\"2023-09-26T17:47:59+00:00\",\"author\":{\"@id\":\"https:\/\/www.gaveanews.com\/#\/schema\/person\/51b3ba6a493cf9e7af9ce2c6d0d4ff1c\"},\"breadcrumb\":{\"@id\":\"https:\/\/www.gaveanews.com\/index.php\/2023\/09\/26\/idolo-do-flamengo-nao-culpa-rossi-em-gol-do-sao-paulo-e-detona-ayrton-lucas-infantil\/#breadcrumb\"},\"inLanguage\":\"pt-BR\",\"potentialAction\":[{\"@type\":\"ReadAction\",\"target\":[\"https:\/\/www.gaveanews.com\/index.php\/2023\/09\/26\/idolo-do-flamengo-nao-culpa-rossi-em-gol-do-sao-paulo-e-detona-ayrton-lucas-infantil\/\"]}]},{\"@type\":\"ImageObject\",\"inLanguage\":\"pt-BR\",\"@id\":\"https:\/\/www.gaveanews.com\/index.php\/2023\/09\/26\/idolo-do-flamengo-nao-culpa-rossi-em-gol-do-sao-paulo-e-detona-ayrton-lucas-infantil\/#primaryimage\",\"url\":\"https:\/\/www.gaveanews.com\/wp-content\/uploads\/ayrton-lucas-flamengo-botafogo.webp\",\"contentUrl\":\"https:\/\/www.gaveanews.com\/wp-content\/uploads\/ayrton-lucas-flamengo-botafogo.webp\",\"width\":900,\"height\":599,\"caption\":\"Ayrton Lucas em a\u00e7\u00e3o pelo Flamengo contra o Botafogo (Foto: Marcelo Cortes\/ Flamengo)\"},{\"@type\":\"BreadcrumbList\",\"@id\":\"https:\/\/www.gaveanews.com\/index.php\/2023\/09\/26\/idolo-do-flamengo-nao-culpa-rossi-em-gol-do-sao-paulo-e-detona-ayrton-lucas-infantil\/#breadcrumb\",\"itemListElement\":[{\"@type\":\"ListItem\",\"position\":1,\"name\":\"Home\",\"item\":\"https:\/\/www.gaveanews.com\/\"},{\"@type\":\"ListItem\",\"position\":2,\"name\":\"\u00cddolo do Flamengo n\u00e3o culpa Rossi em gol do S\u00e3o Paulo e detona Ayrton Lucas: &#8220;Infantil&#8221;\"}]},{\"@type\":\"WebSite\",\"@id\":\"https:\/\/www.gaveanews.com\/#website\",\"url\":\"https:\/\/www.gaveanews.com\/\",\"name\":\"G\u00e1vea News\",\"description\":\"Veja todas as not\u00edcias sobre o Flamengo: Contrata\u00e7\u00f5es, categorias de base, resultados das partidas, tabela de classifica\u00e7\u00e3o, pr\u00f3ximos jogos!\",\"potentialAction\":[{\"@type\":\"SearchAction\",\"target\":{\"@type\":\"EntryPoint\",\"urlTemplate\":\"https:\/\/www.gaveanews.com\/?s={search_term_string}\"},\"query-input\":{\"@type\":\"PropertyValueSpecification\",\"valueRequired\":true,\"valueName\":\"search_term_string\"}}],\"inLanguage\":\"pt-BR\"},{\"@type\":\"Person\",\"@id\":\"https:\/\/www.gaveanews.com\/#\/schema\/person\/51b3ba6a493cf9e7af9ce2c6d0d4ff1c\",\"name\":\"Kayo Silva\",\"image\":{\"@type\":\"ImageObject\",\"inLanguage\":\"pt-BR\",\"@id\":\"https:\/\/www.gaveanews.com\/#\/schema\/person\/image\/\",\"url\":\"https:\/\/secure.gravatar.com\/avatar\/af6d65cafc646a65c39c5fcb2a1ef51b863a81461770cfff553ec2fdd931c68c?s=96&d=mm&r=g\",\"contentUrl\":\"https:\/\/secure.gravatar.com\/avatar\/af6d65cafc646a65c39c5fcb2a1ef51b863a81461770cfff553ec2fdd931c68c?s=96&d=mm&r=g\",\"caption\":\"Kayo Silva\"}}]}<\/script>\n<!-- \/ Yoast SEO Premium plugin. -->","yoast_head_json":{"title":"\u00cddolo do Flamengo n\u00e3o culpa Rossi em gol do S\u00e3o Paulo e detona Ayrton Lucas: \"Infantil\"","robots":{"index":"index","follow":"follow","max-snippet":"max-snippet:-1","max-image-preview":"max-image-preview:large","max-video-preview":"max-video-preview:-1"},"canonical":"https:\/\/www.gaveanews.com\/index.php\/2023\/09\/26\/idolo-do-flamengo-nao-culpa-rossi-em-gol-do-sao-paulo-e-detona-ayrton-lucas-infantil\/","og_locale":"pt_BR","og_type":"article","og_title":"\u00cddolo do Flamengo n\u00e3o culpa Rossi em gol do S\u00e3o Paulo e detona Ayrton Lucas: \"Infantil\"","og_description":"Por: Kayo Silva \u00cddolo do Flamengo e comentarista dos canais Globo, o maestro J\u00fanior comentou no programa \u2018Sele\u00e7\u00e3o SporTV\u2019 sobre o lance que originou o gol do S\u00e3o Paulo no Morumbi. O ex-atleta faz uma cr\u00edtica a Ayrton Lucas e diz ter sido um erro infantil do lateral. Contudo, ele saiu em defesa do goleiro [&hellip;]","og_url":"https:\/\/www.gaveanews.com\/index.php\/2023\/09\/26\/idolo-do-flamengo-nao-culpa-rossi-em-gol-do-sao-paulo-e-detona-ayrton-lucas-infantil\/","og_site_name":"G\u00e1vea News","article_publisher":"https:\/\/facebook.com\/gaveaNews\/","article_published_time":"2023-09-26T17:47:59+00:00","og_image":[{"width":900,"height":599,"url":"https:\/\/www.gaveanews.com\/wp-content\/uploads\/ayrton-lucas-flamengo-botafogo.webp","type":"image\/jpeg"}],"author":"Kayo Silva","twitter_card":"summary_large_image","twitter_misc":{"Escrito por":"Kayo Silva","Est. tempo de leitura":"2 minutos"},"schema":{"@context":"https:\/\/schema.org","@graph":[{"@type":"NewsArticle","@id":"https:\/\/www.gaveanews.com\/index.php\/2023\/09\/26\/idolo-do-flamengo-nao-culpa-rossi-em-gol-do-sao-paulo-e-detona-ayrton-lucas-infantil\/#article","isPartOf":{"@id":"https:\/\/www.gaveanews.com\/index.php\/2023\/09\/26\/idolo-do-flamengo-nao-culpa-rossi-em-gol-do-sao-paulo-e-detona-ayrton-lucas-infantil\/"},"author":{"name":"Kayo Silva","@id":"https:\/\/www.gaveanews.com\/#\/schema\/person\/51b3ba6a493cf9e7af9ce2c6d0d4ff1c"},"headline":"\u00cddolo do Flamengo n\u00e3o culpa Rossi em gol do S\u00e3o Paulo e detona Ayrton Lucas: &#8220;Infantil&#8221;","datePublished":"2023-09-26T17:47:59+00:00","mainEntityOfPage":{"@id":"https:\/\/www.gaveanews.com\/index.php\/2023\/09\/26\/idolo-do-flamengo-nao-culpa-rossi-em-gol-do-sao-paulo-e-detona-ayrton-lucas-infantil\/"},"wordCount":342,"commentCount":0,"image":{"@id":"https:\/\/www.gaveanews.com\/index.php\/2023\/09\/26\/idolo-do-flamengo-nao-culpa-rossi-em-gol-do-sao-paulo-e-detona-ayrton-lucas-infantil\/#primaryimage"},"thumbnailUrl":"https:\/\/www.gaveanews.com\/wp-content\/uploads\/ayrton-lucas-flamengo-botafogo.webp","articleSection":["Flamengo"],"inLanguage":"pt-BR","potentialAction":[{"@type":"CommentAction","name":"Comment","target":["https:\/\/www.gaveanews.com\/index.php\/2023\/09\/26\/idolo-do-flamengo-nao-culpa-rossi-em-gol-do-sao-paulo-e-detona-ayrton-lucas-infantil\/#respond"]}],"copyrightYear":"2023","copyrightHolder":{"@id":"https:\/\/www.gaveanews.com\/#organization"}},{"@type":"WebPage","@id":"https:\/\/www.gaveanews.com\/index.php\/2023\/09\/26\/idolo-do-flamengo-nao-culpa-rossi-em-gol-do-sao-paulo-e-detona-ayrton-lucas-infantil\/","url":"https:\/\/www.gaveanews.com\/index.php\/2023\/09\/26\/idolo-do-flamengo-nao-culpa-rossi-em-gol-do-sao-paulo-e-detona-ayrton-lucas-infantil\/","name":"\u00cddolo do Flamengo n\u00e3o culpa Rossi em gol do S\u00e3o Paulo e detona Ayrton Lucas: \"Infantil\"","isPartOf":{"@id":"https:\/\/www.gaveanews.com\/#website"},"primaryImageOfPage":{"@id":"https:\/\/www.gaveanews.com\/index.php\/2023\/09\/26\/idolo-do-flamengo-nao-culpa-rossi-em-gol-do-sao-paulo-e-detona-ayrton-lucas-infantil\/#primaryimage"},"image":{"@id":"https:\/\/www.gaveanews.com\/index.php\/2023\/09\/26\/idolo-do-flamengo-nao-culpa-rossi-em-gol-do-sao-paulo-e-detona-ayrton-lucas-infantil\/#primaryimage"},"thumbnailUrl":"https:\/\/www.gaveanews.com\/wp-content\/uploads\/ayrton-lucas-flamengo-botafogo.webp","datePublished":"2023-09-26T17:47:59+00:00","author":{"@id":"https:\/\/www.gaveanews.com\/#\/schema\/person\/51b3ba6a493cf9e7af9ce2c6d0d4ff1c"},"breadcrumb":{"@id":"https:\/\/www.gaveanews.com\/index.php\/2023\/09\/26\/idolo-do-flamengo-nao-culpa-rossi-em-gol-do-sao-paulo-e-detona-ayrton-lucas-infantil\/#breadcrumb"},"inLanguage":"pt-BR","potentialAction":[{"@type":"ReadAction","target":["https:\/\/www.gaveanews.com\/index.php\/2023\/09\/26\/idolo-do-flamengo-nao-culpa-rossi-em-gol-do-sao-paulo-e-detona-ayrton-lucas-infantil\/"]}]},{"@type":"ImageObject","inLanguage":"pt-BR","@id":"https:\/\/www.gaveanews.com\/index.php\/2023\/09\/26\/idolo-do-flamengo-nao-culpa-rossi-em-gol-do-sao-paulo-e-detona-ayrton-lucas-infantil\/#primaryimage","url":"https:\/\/www.gaveanews.com\/wp-content\/uploads\/ayrton-lucas-flamengo-botafogo.webp","contentUrl":"https:\/\/www.gaveanews.com\/wp-content\/uploads\/ayrton-lucas-flamengo-botafogo.webp","width":900,"height":599,"caption":"Ayrton Lucas em a\u00e7\u00e3o pelo Flamengo contra o Botafogo (Foto: Marcelo Cortes\/ Flamengo)"},{"@type":"BreadcrumbList","@id":"https:\/\/www.gaveanews.com\/index.php\/2023\/09\/26\/idolo-do-flamengo-nao-culpa-rossi-em-gol-do-sao-paulo-e-detona-ayrton-lucas-infantil\/#breadcrumb","itemListElement":[{"@type":"ListItem","position":1,"name":"Home","item":"https:\/\/www.gaveanews.com\/"},{"@type":"ListItem","position":2,"name":"\u00cddolo do Flamengo n\u00e3o culpa Rossi em gol do S\u00e3o Paulo e detona Ayrton Lucas: &#8220;Infantil&#8221;"}]},{"@type":"WebSite","@id":"https:\/\/www.gaveanews.com\/#website","url":"https:\/\/www.gaveanews.com\/","name":"G\u00e1vea News","description":"Veja todas as not\u00edcias sobre o Flamengo: Contrata\u00e7\u00f5es, categorias de base, resultados das partidas, tabela de classifica\u00e7\u00e3o, pr\u00f3ximos jogos!","potentialAction":[{"@type":"SearchAction","target":{"@type":"EntryPoint","urlTemplate":"https:\/\/www.gaveanews.com\/?s={search_term_string}"},"query-input":{"@type":"PropertyValueSpecification","valueRequired":true,"valueName":"search_term_string"}}],"inLanguage":"pt-BR"},{"@type":"Person","@id":"https:\/\/www.gaveanews.com\/#\/schema\/person\/51b3ba6a493cf9e7af9ce2c6d0d4ff1c","name":"Kayo Silva","image":{"@type":"ImageObject","inLanguage":"pt-BR","@id":"https:\/\/www.gaveanews.com\/#\/schema\/person\/image\/","url":"https:\/\/secure.gravatar.com\/avatar\/af6d65cafc646a65c39c5fcb2a1ef51b863a81461770cfff553ec2fdd931c68c?s=96&d=mm&r=g","contentUrl":"https:\/\/secure.gravatar.com\/avatar\/af6d65cafc646a65c39c5fcb2a1ef51b863a81461770cfff553ec2fdd931c68c?s=96&d=mm&r=g","caption":"Kayo Silva"}}]}},"_links":{"self":[{"href":"https:\/\/www.gaveanews.com\/index.php\/wp-json\/wp\/v2\/posts\/107298","targetHints":{"allow":["GET"]}}],"collection":[{"href":"https:\/\/www.gaveanews.com\/index.php\/wp-json\/wp\/v2\/posts"}],"about":[{"href":"https:\/\/www.gaveanews.com\/index.php\/wp-json\/wp\/v2\/types\/post"}],"author":[{"embeddable":true,"href":"https:\/\/www.gaveanews.com\/index.php\/wp-json\/wp\/v2\/users\/10"}],"replies":[{"embeddable":true,"href":"https:\/\/www.gaveanews.com\/index.php\/wp-json\/wp\/v2\/comments?post=107298"}],"version-history":[{"count":0,"href":"https:\/\/www.gaveanews.com\/index.php\/wp-json\/wp\/v2\/posts\/107298\/revisions"}],"wp:featuredmedia":[{"embeddable":true,"href":"https:\/\/www.gaveanews.com\/index.php\/wp-json\/wp\/v2\/media\/106054"}],"wp:attachment":[{"href":"https:\/\/www.gaveanews.com\/index.php\/wp-json\/wp\/v2\/media?parent=107298"}],"wp:term":[{"taxonomy":"category","embeddable":true,"href":"https:\/\/www.gaveanews.com\/index.php\/wp-json\/wp\/v2\/categories?post=107298"},{"taxonomy":"post_tag","embeddable":true,"href":"https:\/\/www.gaveanews.com\/index.php\/wp-json\/wp\/v2\/tags?post=107298"}],"curies":[{"name":"wp","href":"https:\/\/api.w.org\/{rel}","templated":true}]}}