{"id":107322,"date":"2023-09-26T10:54:49","date_gmt":"2023-09-26T13:54:49","guid":{"rendered":"https:\/\/www.gaveanews.com\/?p=107322"},"modified":"2024-04-06T23:20:49","modified_gmt":"2024-04-07T02:20:49","slug":"dirigente-do-flamengo-massacra-tite-mas-se-arrepende-e-apaga-publicacoes-veja-prints","status":"publish","type":"post","link":"https:\/\/www.gaveanews.com\/index.php\/2023\/09\/26\/dirigente-do-flamengo-massacra-tite-mas-se-arrepende-e-apaga-publicacoes-veja-prints\/","title":{"rendered":"Dirigente do Flamengo massacra Tite, mas se arrepende e apaga publica\u00e7\u00f5es; veja print&#8217;s"},"content":{"rendered":"<p>Mesmo com Jorge Sampaoli ainda no comando, o Flamengo j\u00e1 negocia a contrata\u00e7\u00e3o do pr\u00f3ximo treinador. E o nome cada vez mais perto de chegar no Mais Querido \u00e9 o de Tite.<\/p>\n<p>As negocia\u00e7\u00f5es est\u00e3o em andamento e pr\u00f3ximas de um desfecho positivo. Tanto que o vice-presidente jur\u00eddico do Flamengo, Rodrigo Dunshee, j\u00e1 at\u00e9 apagou as cr\u00edticas feitas ao t\u00e9cnico.<\/p>\n<p>Durante a Copa do Mundo, o dirigente fez posts pelo Twitter falando mal de Tite. Em um, afirmou que o Brasil \u201ctinha elenco\u201d, mas \u201cfaltou treinador\u201d para conquistar o t\u00edtulo.<\/p>\n<p>J\u00e1 em outra postagem, Dunshee afirmou \u201cmuito discurso e pouca estrat\u00e9gia, muita fala\u00e7\u00e3o e pouca atitude. \u00d3timo para entreter a plateia, n\u00e3o para dirigir a Sele\u00e7\u00e3o\u201d.<\/p>\n<p><strong>Confira os posts:<\/strong><\/p>\n<p><img loading=\"lazy\" decoding=\"async\" class=\"alignnone size-medium\" src=\"https:\/\/diariodofla.com.br\/wp-content\/uploads\/2023\/09\/20230926_102827.webp\" width=\"1077\" height=\"851\" \/><\/p>\n<p><img loading=\"lazy\" decoding=\"async\" class=\"alignnone size-medium\" src=\"https:\/\/diariodofla.com.br\/wp-content\/uploads\/2023\/09\/20230926_102816.webp\" width=\"797\" height=\"626\" \/><\/p>\n<p>Retirado de: Di\u00e1rio do Fla<\/p>\n<p>&nbsp;<\/p>\n","protected":false},"excerpt":{"rendered":"<p>Mesmo com Jorge Sampaoli ainda no comando, o Flamengo j\u00e1 negocia a contrata\u00e7\u00e3o do pr\u00f3ximo treinador. E o nome cada vez mais perto de chegar no Mais Querido \u00e9 o de Tite. As negocia\u00e7\u00f5es est\u00e3o em andamento e pr\u00f3ximas de um desfecho positivo. Tanto que o vice-presidente jur\u00eddico do Flamengo, Rodrigo Dunshee, j\u00e1 at\u00e9 apagou [&hellip;]<\/p>\n","protected":false},"author":1,"featured_media":87049,"comment_status":"open","ping_status":"closed","sticky":false,"template":"","format":"standard","meta":{"footnotes":""},"categories":[1],"tags":[171],"class_list":["post-107322","post","type-post","status-publish","format-standard","has-post-thumbnail","hentry","category-flamengo","tag-adenor-leonardo-bachi-tite"],"yoast_head":"<!-- This site is optimized with the Yoast SEO Premium plugin v24.2 (Yoast SEO v26.9) - https:\/\/yoast.com\/product\/yoast-seo-premium-wordpress\/ -->\n<title>Dirigente do Flamengo massacra Tite, mas se arrepende e apaga publica\u00e7\u00f5es; veja print&#039;s<\/title>\n<meta name=\"robots\" content=\"index, follow, max-snippet:-1, max-image-preview:large, max-video-preview:-1\" \/>\n<link rel=\"canonical\" href=\"https:\/\/www.gaveanews.com\/index.php\/2023\/09\/26\/dirigente-do-flamengo-massacra-tite-mas-se-arrepende-e-apaga-publicacoes-veja-prints\/\" \/>\n<meta property=\"og:locale\" content=\"pt_BR\" \/>\n<meta property=\"og:type\" content=\"article\" \/>\n<meta property=\"og:title\" content=\"Dirigente do Flamengo massacra Tite, mas se arrepende e apaga publica\u00e7\u00f5es; veja print&#039;s\" \/>\n<meta property=\"og:description\" content=\"Mesmo com Jorge Sampaoli ainda no comando, o Flamengo j\u00e1 negocia a contrata\u00e7\u00e3o do pr\u00f3ximo treinador. E o nome cada vez mais perto de chegar no Mais Querido \u00e9 o de Tite. As negocia\u00e7\u00f5es est\u00e3o em andamento e pr\u00f3ximas de um desfecho positivo. Tanto que o vice-presidente jur\u00eddico do Flamengo, Rodrigo Dunshee, j\u00e1 at\u00e9 apagou [&hellip;]\" \/>\n<meta property=\"og:url\" content=\"https:\/\/www.gaveanews.com\/index.php\/2023\/09\/26\/dirigente-do-flamengo-massacra-tite-mas-se-arrepende-e-apaga-publicacoes-veja-prints\/\" \/>\n<meta property=\"og:site_name\" content=\"G\u00e1vea News\" \/>\n<meta property=\"article:publisher\" content=\"https:\/\/facebook.com\/gaveaNews\/\" \/>\n<meta property=\"article:published_time\" content=\"2023-09-26T13:54:49+00:00\" \/>\n<meta property=\"article:modified_time\" content=\"2024-04-07T02:20:49+00:00\" \/>\n<meta property=\"og:image\" content=\"https:\/\/www.gaveanews.com\/wp-content\/uploads\/Tite-tecnico-da-Selecao-Brasileira-em-entrevista-coletiva.webp\" \/>\n\t<meta property=\"og:image:width\" content=\"600\" \/>\n\t<meta property=\"og:image:height\" content=\"400\" \/>\n\t<meta property=\"og:image:type\" content=\"image\/jpeg\" \/>\n<meta name=\"author\" content=\"Equipe G\u00e1vea News\" \/>\n<meta name=\"twitter:card\" content=\"summary_large_image\" \/>\n<meta name=\"twitter:label1\" content=\"Escrito por\" \/>\n\t<meta name=\"twitter:data1\" content=\"Equipe G\u00e1vea News\" \/>\n\t<meta name=\"twitter:label2\" content=\"Est. tempo de leitura\" \/>\n\t<meta name=\"twitter:data2\" content=\"2 minutos\" \/>\n<script type=\"application\/ld+json\" class=\"yoast-schema-graph\">{\"@context\":\"https:\/\/schema.org\",\"@graph\":[{\"@type\":\"NewsArticle\",\"@id\":\"https:\/\/www.gaveanews.com\/index.php\/2023\/09\/26\/dirigente-do-flamengo-massacra-tite-mas-se-arrepende-e-apaga-publicacoes-veja-prints\/#article\",\"isPartOf\":{\"@id\":\"https:\/\/www.gaveanews.com\/index.php\/2023\/09\/26\/dirigente-do-flamengo-massacra-tite-mas-se-arrepende-e-apaga-publicacoes-veja-prints\/\"},\"author\":{\"name\":\"Equipe G\u00e1vea News\",\"@id\":\"https:\/\/www.gaveanews.com\/#\/schema\/person\/2ec14f73fb96be2caf28f91afb14749d\"},\"headline\":\"Dirigente do Flamengo massacra Tite, mas se arrepende e apaga publica\u00e7\u00f5es; veja print&#8217;s\",\"datePublished\":\"2023-09-26T13:54:49+00:00\",\"dateModified\":\"2024-04-07T02:20:49+00:00\",\"mainEntityOfPage\":{\"@id\":\"https:\/\/www.gaveanews.com\/index.php\/2023\/09\/26\/dirigente-do-flamengo-massacra-tite-mas-se-arrepende-e-apaga-publicacoes-veja-prints\/\"},\"wordCount\":153,\"commentCount\":0,\"image\":{\"@id\":\"https:\/\/www.gaveanews.com\/index.php\/2023\/09\/26\/dirigente-do-flamengo-massacra-tite-mas-se-arrepende-e-apaga-publicacoes-veja-prints\/#primaryimage\"},\"thumbnailUrl\":\"https:\/\/www.gaveanews.com\/wp-content\/uploads\/Tite-tecnico-da-Selecao-Brasileira-em-entrevista-coletiva.webp\",\"keywords\":[\"Adenor Leonardo Bachi\"],\"articleSection\":[\"Flamengo\"],\"inLanguage\":\"pt-BR\",\"potentialAction\":[{\"@type\":\"CommentAction\",\"name\":\"Comment\",\"target\":[\"https:\/\/www.gaveanews.com\/index.php\/2023\/09\/26\/dirigente-do-flamengo-massacra-tite-mas-se-arrepende-e-apaga-publicacoes-veja-prints\/#respond\"]}],\"copyrightYear\":\"2023\",\"copyrightHolder\":{\"@id\":\"https:\/\/www.gaveanews.com\/#organization\"}},{\"@type\":\"WebPage\",\"@id\":\"https:\/\/www.gaveanews.com\/index.php\/2023\/09\/26\/dirigente-do-flamengo-massacra-tite-mas-se-arrepende-e-apaga-publicacoes-veja-prints\/\",\"url\":\"https:\/\/www.gaveanews.com\/index.php\/2023\/09\/26\/dirigente-do-flamengo-massacra-tite-mas-se-arrepende-e-apaga-publicacoes-veja-prints\/\",\"name\":\"Dirigente do Flamengo massacra Tite, mas se arrepende e apaga publica\u00e7\u00f5es; veja print's\",\"isPartOf\":{\"@id\":\"https:\/\/www.gaveanews.com\/#website\"},\"primaryImageOfPage\":{\"@id\":\"https:\/\/www.gaveanews.com\/index.php\/2023\/09\/26\/dirigente-do-flamengo-massacra-tite-mas-se-arrepende-e-apaga-publicacoes-veja-prints\/#primaryimage\"},\"image\":{\"@id\":\"https:\/\/www.gaveanews.com\/index.php\/2023\/09\/26\/dirigente-do-flamengo-massacra-tite-mas-se-arrepende-e-apaga-publicacoes-veja-prints\/#primaryimage\"},\"thumbnailUrl\":\"https:\/\/www.gaveanews.com\/wp-content\/uploads\/Tite-tecnico-da-Selecao-Brasileira-em-entrevista-coletiva.webp\",\"datePublished\":\"2023-09-26T13:54:49+00:00\",\"dateModified\":\"2024-04-07T02:20:49+00:00\",\"author\":{\"@id\":\"https:\/\/www.gaveanews.com\/#\/schema\/person\/2ec14f73fb96be2caf28f91afb14749d\"},\"breadcrumb\":{\"@id\":\"https:\/\/www.gaveanews.com\/index.php\/2023\/09\/26\/dirigente-do-flamengo-massacra-tite-mas-se-arrepende-e-apaga-publicacoes-veja-prints\/#breadcrumb\"},\"inLanguage\":\"pt-BR\",\"potentialAction\":[{\"@type\":\"ReadAction\",\"target\":[\"https:\/\/www.gaveanews.com\/index.php\/2023\/09\/26\/dirigente-do-flamengo-massacra-tite-mas-se-arrepende-e-apaga-publicacoes-veja-prints\/\"]}]},{\"@type\":\"ImageObject\",\"inLanguage\":\"pt-BR\",\"@id\":\"https:\/\/www.gaveanews.com\/index.php\/2023\/09\/26\/dirigente-do-flamengo-massacra-tite-mas-se-arrepende-e-apaga-publicacoes-veja-prints\/#primaryimage\",\"url\":\"https:\/\/www.gaveanews.com\/wp-content\/uploads\/Tite-tecnico-da-Selecao-Brasileira-em-entrevista-coletiva.webp\",\"contentUrl\":\"https:\/\/www.gaveanews.com\/wp-content\/uploads\/Tite-tecnico-da-Selecao-Brasileira-em-entrevista-coletiva.webp\",\"width\":600,\"height\":400,\"caption\":\"Tite, ex-t\u00e9cnico da Sele\u00e7\u00e3o Brasileira, em entrevista coletiva (Foto: Lucas Figueiredo\/CBF)\"},{\"@type\":\"BreadcrumbList\",\"@id\":\"https:\/\/www.gaveanews.com\/index.php\/2023\/09\/26\/dirigente-do-flamengo-massacra-tite-mas-se-arrepende-e-apaga-publicacoes-veja-prints\/#breadcrumb\",\"itemListElement\":[{\"@type\":\"ListItem\",\"position\":1,\"name\":\"Home\",\"item\":\"https:\/\/www.gaveanews.com\/\"},{\"@type\":\"ListItem\",\"position\":2,\"name\":\"Dirigente do Flamengo massacra Tite, mas se arrepende e apaga publica\u00e7\u00f5es; veja print&#8217;s\"}]},{\"@type\":\"WebSite\",\"@id\":\"https:\/\/www.gaveanews.com\/#website\",\"url\":\"https:\/\/www.gaveanews.com\/\",\"name\":\"G\u00e1vea News\",\"description\":\"Veja todas as not\u00edcias sobre o Flamengo: Contrata\u00e7\u00f5es, categorias de base, resultados das partidas, tabela de classifica\u00e7\u00e3o, pr\u00f3ximos jogos!\",\"potentialAction\":[{\"@type\":\"SearchAction\",\"target\":{\"@type\":\"EntryPoint\",\"urlTemplate\":\"https:\/\/www.gaveanews.com\/?s={search_term_string}\"},\"query-input\":{\"@type\":\"PropertyValueSpecification\",\"valueRequired\":true,\"valueName\":\"search_term_string\"}}],\"inLanguage\":\"pt-BR\"},{\"@type\":\"Person\",\"@id\":\"https:\/\/www.gaveanews.com\/#\/schema\/person\/2ec14f73fb96be2caf28f91afb14749d\",\"name\":\"Equipe G\u00e1vea News\",\"image\":{\"@type\":\"ImageObject\",\"inLanguage\":\"pt-BR\",\"@id\":\"https:\/\/www.gaveanews.com\/#\/schema\/person\/image\/\",\"url\":\"https:\/\/secure.gravatar.com\/avatar\/1e1956f1facbffd3f8fa53a326721950116b3b9dc9bd44939c01180fd4a745a9?s=96&d=mm&r=g\",\"contentUrl\":\"https:\/\/secure.gravatar.com\/avatar\/1e1956f1facbffd3f8fa53a326721950116b3b9dc9bd44939c01180fd4a745a9?s=96&d=mm&r=g\",\"caption\":\"Equipe G\u00e1vea News\"}}]}<\/script>\n<!-- \/ Yoast SEO Premium plugin. -->","yoast_head_json":{"title":"Dirigente do Flamengo massacra Tite, mas se arrepende e apaga publica\u00e7\u00f5es; veja print's","robots":{"index":"index","follow":"follow","max-snippet":"max-snippet:-1","max-image-preview":"max-image-preview:large","max-video-preview":"max-video-preview:-1"},"canonical":"https:\/\/www.gaveanews.com\/index.php\/2023\/09\/26\/dirigente-do-flamengo-massacra-tite-mas-se-arrepende-e-apaga-publicacoes-veja-prints\/","og_locale":"pt_BR","og_type":"article","og_title":"Dirigente do Flamengo massacra Tite, mas se arrepende e apaga publica\u00e7\u00f5es; veja print's","og_description":"Mesmo com Jorge Sampaoli ainda no comando, o Flamengo j\u00e1 negocia a contrata\u00e7\u00e3o do pr\u00f3ximo treinador. E o nome cada vez mais perto de chegar no Mais Querido \u00e9 o de Tite. As negocia\u00e7\u00f5es est\u00e3o em andamento e pr\u00f3ximas de um desfecho positivo. Tanto que o vice-presidente jur\u00eddico do Flamengo, Rodrigo Dunshee, j\u00e1 at\u00e9 apagou [&hellip;]","og_url":"https:\/\/www.gaveanews.com\/index.php\/2023\/09\/26\/dirigente-do-flamengo-massacra-tite-mas-se-arrepende-e-apaga-publicacoes-veja-prints\/","og_site_name":"G\u00e1vea News","article_publisher":"https:\/\/facebook.com\/gaveaNews\/","article_published_time":"2023-09-26T13:54:49+00:00","article_modified_time":"2024-04-07T02:20:49+00:00","og_image":[{"width":600,"height":400,"url":"https:\/\/www.gaveanews.com\/wp-content\/uploads\/Tite-tecnico-da-Selecao-Brasileira-em-entrevista-coletiva.webp","type":"image\/jpeg"}],"author":"Equipe G\u00e1vea News","twitter_card":"summary_large_image","twitter_misc":{"Escrito por":"Equipe G\u00e1vea News","Est. tempo de leitura":"2 minutos"},"schema":{"@context":"https:\/\/schema.org","@graph":[{"@type":"NewsArticle","@id":"https:\/\/www.gaveanews.com\/index.php\/2023\/09\/26\/dirigente-do-flamengo-massacra-tite-mas-se-arrepende-e-apaga-publicacoes-veja-prints\/#article","isPartOf":{"@id":"https:\/\/www.gaveanews.com\/index.php\/2023\/09\/26\/dirigente-do-flamengo-massacra-tite-mas-se-arrepende-e-apaga-publicacoes-veja-prints\/"},"author":{"name":"Equipe G\u00e1vea News","@id":"https:\/\/www.gaveanews.com\/#\/schema\/person\/2ec14f73fb96be2caf28f91afb14749d"},"headline":"Dirigente do Flamengo massacra Tite, mas se arrepende e apaga publica\u00e7\u00f5es; veja print&#8217;s","datePublished":"2023-09-26T13:54:49+00:00","dateModified":"2024-04-07T02:20:49+00:00","mainEntityOfPage":{"@id":"https:\/\/www.gaveanews.com\/index.php\/2023\/09\/26\/dirigente-do-flamengo-massacra-tite-mas-se-arrepende-e-apaga-publicacoes-veja-prints\/"},"wordCount":153,"commentCount":0,"image":{"@id":"https:\/\/www.gaveanews.com\/index.php\/2023\/09\/26\/dirigente-do-flamengo-massacra-tite-mas-se-arrepende-e-apaga-publicacoes-veja-prints\/#primaryimage"},"thumbnailUrl":"https:\/\/www.gaveanews.com\/wp-content\/uploads\/Tite-tecnico-da-Selecao-Brasileira-em-entrevista-coletiva.webp","keywords":["Adenor Leonardo Bachi"],"articleSection":["Flamengo"],"inLanguage":"pt-BR","potentialAction":[{"@type":"CommentAction","name":"Comment","target":["https:\/\/www.gaveanews.com\/index.php\/2023\/09\/26\/dirigente-do-flamengo-massacra-tite-mas-se-arrepende-e-apaga-publicacoes-veja-prints\/#respond"]}],"copyrightYear":"2023","copyrightHolder":{"@id":"https:\/\/www.gaveanews.com\/#organization"}},{"@type":"WebPage","@id":"https:\/\/www.gaveanews.com\/index.php\/2023\/09\/26\/dirigente-do-flamengo-massacra-tite-mas-se-arrepende-e-apaga-publicacoes-veja-prints\/","url":"https:\/\/www.gaveanews.com\/index.php\/2023\/09\/26\/dirigente-do-flamengo-massacra-tite-mas-se-arrepende-e-apaga-publicacoes-veja-prints\/","name":"Dirigente do Flamengo massacra Tite, mas se arrepende e apaga publica\u00e7\u00f5es; veja print's","isPartOf":{"@id":"https:\/\/www.gaveanews.com\/#website"},"primaryImageOfPage":{"@id":"https:\/\/www.gaveanews.com\/index.php\/2023\/09\/26\/dirigente-do-flamengo-massacra-tite-mas-se-arrepende-e-apaga-publicacoes-veja-prints\/#primaryimage"},"image":{"@id":"https:\/\/www.gaveanews.com\/index.php\/2023\/09\/26\/dirigente-do-flamengo-massacra-tite-mas-se-arrepende-e-apaga-publicacoes-veja-prints\/#primaryimage"},"thumbnailUrl":"https:\/\/www.gaveanews.com\/wp-content\/uploads\/Tite-tecnico-da-Selecao-Brasileira-em-entrevista-coletiva.webp","datePublished":"2023-09-26T13:54:49+00:00","dateModified":"2024-04-07T02:20:49+00:00","author":{"@id":"https:\/\/www.gaveanews.com\/#\/schema\/person\/2ec14f73fb96be2caf28f91afb14749d"},"breadcrumb":{"@id":"https:\/\/www.gaveanews.com\/index.php\/2023\/09\/26\/dirigente-do-flamengo-massacra-tite-mas-se-arrepende-e-apaga-publicacoes-veja-prints\/#breadcrumb"},"inLanguage":"pt-BR","potentialAction":[{"@type":"ReadAction","target":["https:\/\/www.gaveanews.com\/index.php\/2023\/09\/26\/dirigente-do-flamengo-massacra-tite-mas-se-arrepende-e-apaga-publicacoes-veja-prints\/"]}]},{"@type":"ImageObject","inLanguage":"pt-BR","@id":"https:\/\/www.gaveanews.com\/index.php\/2023\/09\/26\/dirigente-do-flamengo-massacra-tite-mas-se-arrepende-e-apaga-publicacoes-veja-prints\/#primaryimage","url":"https:\/\/www.gaveanews.com\/wp-content\/uploads\/Tite-tecnico-da-Selecao-Brasileira-em-entrevista-coletiva.webp","contentUrl":"https:\/\/www.gaveanews.com\/wp-content\/uploads\/Tite-tecnico-da-Selecao-Brasileira-em-entrevista-coletiva.webp","width":600,"height":400,"caption":"Tite, ex-t\u00e9cnico da Sele\u00e7\u00e3o Brasileira, em entrevista coletiva (Foto: Lucas Figueiredo\/CBF)"},{"@type":"BreadcrumbList","@id":"https:\/\/www.gaveanews.com\/index.php\/2023\/09\/26\/dirigente-do-flamengo-massacra-tite-mas-se-arrepende-e-apaga-publicacoes-veja-prints\/#breadcrumb","itemListElement":[{"@type":"ListItem","position":1,"name":"Home","item":"https:\/\/www.gaveanews.com\/"},{"@type":"ListItem","position":2,"name":"Dirigente do Flamengo massacra Tite, mas se arrepende e apaga publica\u00e7\u00f5es; veja print&#8217;s"}]},{"@type":"WebSite","@id":"https:\/\/www.gaveanews.com\/#website","url":"https:\/\/www.gaveanews.com\/","name":"G\u00e1vea News","description":"Veja todas as not\u00edcias sobre o Flamengo: Contrata\u00e7\u00f5es, categorias de base, resultados das partidas, tabela de classifica\u00e7\u00e3o, pr\u00f3ximos jogos!","potentialAction":[{"@type":"SearchAction","target":{"@type":"EntryPoint","urlTemplate":"https:\/\/www.gaveanews.com\/?s={search_term_string}"},"query-input":{"@type":"PropertyValueSpecification","valueRequired":true,"valueName":"search_term_string"}}],"inLanguage":"pt-BR"},{"@type":"Person","@id":"https:\/\/www.gaveanews.com\/#\/schema\/person\/2ec14f73fb96be2caf28f91afb14749d","name":"Equipe G\u00e1vea News","image":{"@type":"ImageObject","inLanguage":"pt-BR","@id":"https:\/\/www.gaveanews.com\/#\/schema\/person\/image\/","url":"https:\/\/secure.gravatar.com\/avatar\/1e1956f1facbffd3f8fa53a326721950116b3b9dc9bd44939c01180fd4a745a9?s=96&d=mm&r=g","contentUrl":"https:\/\/secure.gravatar.com\/avatar\/1e1956f1facbffd3f8fa53a326721950116b3b9dc9bd44939c01180fd4a745a9?s=96&d=mm&r=g","caption":"Equipe G\u00e1vea News"}}]}},"_links":{"self":[{"href":"https:\/\/www.gaveanews.com\/index.php\/wp-json\/wp\/v2\/posts\/107322","targetHints":{"allow":["GET"]}}],"collection":[{"href":"https:\/\/www.gaveanews.com\/index.php\/wp-json\/wp\/v2\/posts"}],"about":[{"href":"https:\/\/www.gaveanews.com\/index.php\/wp-json\/wp\/v2\/types\/post"}],"author":[{"embeddable":true,"href":"https:\/\/www.gaveanews.com\/index.php\/wp-json\/wp\/v2\/users\/1"}],"replies":[{"embeddable":true,"href":"https:\/\/www.gaveanews.com\/index.php\/wp-json\/wp\/v2\/comments?post=107322"}],"version-history":[{"count":1,"href":"https:\/\/www.gaveanews.com\/index.php\/wp-json\/wp\/v2\/posts\/107322\/revisions"}],"predecessor-version":[{"id":134774,"href":"https:\/\/www.gaveanews.com\/index.php\/wp-json\/wp\/v2\/posts\/107322\/revisions\/134774"}],"wp:featuredmedia":[{"embeddable":true,"href":"https:\/\/www.gaveanews.com\/index.php\/wp-json\/wp\/v2\/media\/87049"}],"wp:attachment":[{"href":"https:\/\/www.gaveanews.com\/index.php\/wp-json\/wp\/v2\/media?parent=107322"}],"wp:term":[{"taxonomy":"category","embeddable":true,"href":"https:\/\/www.gaveanews.com\/index.php\/wp-json\/wp\/v2\/categories?post=107322"},{"taxonomy":"post_tag","embeddable":true,"href":"https:\/\/www.gaveanews.com\/index.php\/wp-json\/wp\/v2\/tags?post=107322"}],"curies":[{"name":"wp","href":"https:\/\/api.w.org\/{rel}","templated":true}]}}