{"id":107345,"date":"2023-09-26T14:52:44","date_gmt":"2023-09-26T17:52:44","guid":{"rendered":"https:\/\/www.gaveanews.com\/?p=107345"},"modified":"2023-09-26T14:52:44","modified_gmt":"2023-09-26T17:52:44","slug":"lateral-do-flamengo-filipe-luis-toma-decisao-importante","status":"publish","type":"post","link":"https:\/\/www.gaveanews.com\/index.php\/2023\/09\/26\/lateral-do-flamengo-filipe-luis-toma-decisao-importante\/","title":{"rendered":"Lateral do Flamengo, Filipe Lu\u00eds toma decis\u00e3o importante"},"content":{"rendered":"<p data-pm-slice=\"0 0 []\">Por: Kayo Silva<\/p>\n<p data-pm-slice=\"0 0 []\">Filipe Lu\u00eds detalha o sentimento que tem pelo Flamengo e revela vontade de ficar no seu clube de cora\u00e7\u00e3o. De acordo com o &#8216;GE&#8217;, o lateral de 38 anos que s\u00f3 esteve em campo em 17 partidas na temporada, sente que ainda pode contribuir com o clube e entende que poderia ficar por mais um ano. Entretanto a decis\u00e3o est\u00e1 nas m\u00e3os da diretoria.<\/p>\n<p>\u201cEu amo o Flamengo. Se eu n\u00e3o ficar no\u00a0Flamengo, eu n\u00e3o vou mais jogar futebol. Isso \u00e9 uma coisa que eu j\u00e1 tenho decidido. Meu objetivo \u00e9 lutar por uma vaga no time titular. No momento, n\u00e3o estou pensando em ser t\u00e9cnico, em ser auxiliar, estou pensando em buscar uma vaga no time. Est\u00e1 sendo dif\u00edcil, mas estou lutando muito para ficar saud\u00e1vel\u201d, contou na \u00e9poca em maio, ap\u00f3s empate na Libertadores entre Flamengo e \u00d1ublense.<\/p>\n<h2>Filipe Lu\u00eds comenta sobre trabalhar no clube<\/h2>\n<p>O lateral j\u00e1 deixou claro que mesmo que saia do futebol profissional, o seu desejo \u00e9 permanecer no Flamengo, seja como membro da comiss\u00e3o ou at\u00e9 mesmo na comunica\u00e7\u00e3o do clube.<\/p>\n<p>\u201cVai chegar a hora. Tenho certeza disso. Eu tenho plena convic\u00e7\u00e3o de que um dia vou, ser\u00e1 daqui a muitos anos, mas serei treinador do Flamengo. Isso \u00e9 um sonho que eu tenho e vai chegar\u201d, contou em recente entrevista para a FlaTV.<\/p>\n<p>Filipe Lu\u00eds vem disputando a titularidade com Ayrton Lucas, por\u00e9m a p\u00e9ssima fase do camisa 6 faz com que o torcedor pe\u00e7a mais chances ao lateral de 38 anos. Com pouco espa\u00e7o na \u00e9poca de Vitor Pereira, o camisa 16 teve mais oportunidades com o treinador argentino, Jorge Sampaoli, que deve ser demitido em breve, ap\u00f3s resultados vexat\u00f3rios e o vice da Copa do Brasil.<\/p>\n","protected":false},"excerpt":{"rendered":"<p>Por: Kayo Silva Filipe Lu\u00eds detalha o sentimento que tem pelo Flamengo e revela vontade de ficar no seu clube de cora\u00e7\u00e3o. De acordo com o &#8216;GE&#8217;, o lateral de 38 anos que s\u00f3 esteve em campo em 17 partidas na temporada, sente que ainda pode contribuir com o clube e entende que poderia ficar [&hellip;]<\/p>\n","protected":false},"author":10,"featured_media":101521,"comment_status":"open","ping_status":"closed","sticky":false,"template":"","format":"standard","meta":{"footnotes":""},"categories":[1],"tags":[],"class_list":["post-107345","post","type-post","status-publish","format-standard","has-post-thumbnail","hentry","category-flamengo"],"yoast_head":"<!-- This site is optimized with the Yoast SEO Premium plugin v24.2 (Yoast SEO v26.9) - https:\/\/yoast.com\/product\/yoast-seo-premium-wordpress\/ -->\n<title>Lateral do Flamengo, Filipe Lu\u00eds toma decis\u00e3o importante<\/title>\n<meta name=\"robots\" content=\"index, follow, max-snippet:-1, max-image-preview:large, max-video-preview:-1\" \/>\n<link rel=\"canonical\" href=\"https:\/\/www.gaveanews.com\/index.php\/2023\/09\/26\/lateral-do-flamengo-filipe-luis-toma-decisao-importante\/\" \/>\n<meta property=\"og:locale\" content=\"pt_BR\" \/>\n<meta property=\"og:type\" content=\"article\" \/>\n<meta property=\"og:title\" content=\"Lateral do Flamengo, Filipe Lu\u00eds toma decis\u00e3o importante\" \/>\n<meta property=\"og:description\" content=\"Por: Kayo Silva Filipe Lu\u00eds detalha o sentimento que tem pelo Flamengo e revela vontade de ficar no seu clube de cora\u00e7\u00e3o. De acordo com o &#8216;GE&#8217;, o lateral de 38 anos que s\u00f3 esteve em campo em 17 partidas na temporada, sente que ainda pode contribuir com o clube e entende que poderia ficar [&hellip;]\" \/>\n<meta property=\"og:url\" content=\"https:\/\/www.gaveanews.com\/index.php\/2023\/09\/26\/lateral-do-flamengo-filipe-luis-toma-decisao-importante\/\" \/>\n<meta property=\"og:site_name\" content=\"G\u00e1vea News\" \/>\n<meta property=\"article:publisher\" content=\"https:\/\/facebook.com\/gaveaNews\/\" \/>\n<meta property=\"article:published_time\" content=\"2023-09-26T17:52:44+00:00\" \/>\n<meta property=\"og:image\" content=\"https:\/\/www.gaveanews.com\/wp-content\/uploads\/filipe-luis-flamengo-aucas.webp\" \/>\n\t<meta property=\"og:image:width\" content=\"900\" \/>\n\t<meta property=\"og:image:height\" content=\"599\" \/>\n\t<meta property=\"og:image:type\" content=\"image\/jpeg\" \/>\n<meta name=\"author\" content=\"Kayo Silva\" \/>\n<meta name=\"twitter:card\" content=\"summary_large_image\" \/>\n<meta name=\"twitter:label1\" content=\"Escrito por\" \/>\n\t<meta name=\"twitter:data1\" content=\"Kayo Silva\" \/>\n\t<meta name=\"twitter:label2\" content=\"Est. tempo de leitura\" \/>\n\t<meta name=\"twitter:data2\" content=\"2 minutos\" \/>\n<script type=\"application\/ld+json\" class=\"yoast-schema-graph\">{\"@context\":\"https:\/\/schema.org\",\"@graph\":[{\"@type\":\"NewsArticle\",\"@id\":\"https:\/\/www.gaveanews.com\/index.php\/2023\/09\/26\/lateral-do-flamengo-filipe-luis-toma-decisao-importante\/#article\",\"isPartOf\":{\"@id\":\"https:\/\/www.gaveanews.com\/index.php\/2023\/09\/26\/lateral-do-flamengo-filipe-luis-toma-decisao-importante\/\"},\"author\":{\"name\":\"Kayo Silva\",\"@id\":\"https:\/\/www.gaveanews.com\/#\/schema\/person\/51b3ba6a493cf9e7af9ce2c6d0d4ff1c\"},\"headline\":\"Lateral do Flamengo, Filipe Lu\u00eds toma decis\u00e3o importante\",\"datePublished\":\"2023-09-26T17:52:44+00:00\",\"mainEntityOfPage\":{\"@id\":\"https:\/\/www.gaveanews.com\/index.php\/2023\/09\/26\/lateral-do-flamengo-filipe-luis-toma-decisao-importante\/\"},\"wordCount\":313,\"commentCount\":0,\"image\":{\"@id\":\"https:\/\/www.gaveanews.com\/index.php\/2023\/09\/26\/lateral-do-flamengo-filipe-luis-toma-decisao-importante\/#primaryimage\"},\"thumbnailUrl\":\"https:\/\/www.gaveanews.com\/wp-content\/uploads\/filipe-luis-flamengo-aucas.webp\",\"articleSection\":[\"Flamengo\"],\"inLanguage\":\"pt-BR\",\"potentialAction\":[{\"@type\":\"CommentAction\",\"name\":\"Comment\",\"target\":[\"https:\/\/www.gaveanews.com\/index.php\/2023\/09\/26\/lateral-do-flamengo-filipe-luis-toma-decisao-importante\/#respond\"]}],\"copyrightYear\":\"2023\",\"copyrightHolder\":{\"@id\":\"https:\/\/www.gaveanews.com\/#organization\"}},{\"@type\":\"WebPage\",\"@id\":\"https:\/\/www.gaveanews.com\/index.php\/2023\/09\/26\/lateral-do-flamengo-filipe-luis-toma-decisao-importante\/\",\"url\":\"https:\/\/www.gaveanews.com\/index.php\/2023\/09\/26\/lateral-do-flamengo-filipe-luis-toma-decisao-importante\/\",\"name\":\"Lateral do Flamengo, Filipe Lu\u00eds toma decis\u00e3o importante\",\"isPartOf\":{\"@id\":\"https:\/\/www.gaveanews.com\/#website\"},\"primaryImageOfPage\":{\"@id\":\"https:\/\/www.gaveanews.com\/index.php\/2023\/09\/26\/lateral-do-flamengo-filipe-luis-toma-decisao-importante\/#primaryimage\"},\"image\":{\"@id\":\"https:\/\/www.gaveanews.com\/index.php\/2023\/09\/26\/lateral-do-flamengo-filipe-luis-toma-decisao-importante\/#primaryimage\"},\"thumbnailUrl\":\"https:\/\/www.gaveanews.com\/wp-content\/uploads\/filipe-luis-flamengo-aucas.webp\",\"datePublished\":\"2023-09-26T17:52:44+00:00\",\"author\":{\"@id\":\"https:\/\/www.gaveanews.com\/#\/schema\/person\/51b3ba6a493cf9e7af9ce2c6d0d4ff1c\"},\"breadcrumb\":{\"@id\":\"https:\/\/www.gaveanews.com\/index.php\/2023\/09\/26\/lateral-do-flamengo-filipe-luis-toma-decisao-importante\/#breadcrumb\"},\"inLanguage\":\"pt-BR\",\"potentialAction\":[{\"@type\":\"ReadAction\",\"target\":[\"https:\/\/www.gaveanews.com\/index.php\/2023\/09\/26\/lateral-do-flamengo-filipe-luis-toma-decisao-importante\/\"]}]},{\"@type\":\"ImageObject\",\"inLanguage\":\"pt-BR\",\"@id\":\"https:\/\/www.gaveanews.com\/index.php\/2023\/09\/26\/lateral-do-flamengo-filipe-luis-toma-decisao-importante\/#primaryimage\",\"url\":\"https:\/\/www.gaveanews.com\/wp-content\/uploads\/filipe-luis-flamengo-aucas.webp\",\"contentUrl\":\"https:\/\/www.gaveanews.com\/wp-content\/uploads\/filipe-luis-flamengo-aucas.webp\",\"width\":900,\"height\":599,\"caption\":\"Filipe Lu\u00eds em a\u00e7\u00e3o pelo Flamengo no Maracan\u00e3 (Foto: Divulga\u00e7\u00e3o\/Flamengo)\"},{\"@type\":\"BreadcrumbList\",\"@id\":\"https:\/\/www.gaveanews.com\/index.php\/2023\/09\/26\/lateral-do-flamengo-filipe-luis-toma-decisao-importante\/#breadcrumb\",\"itemListElement\":[{\"@type\":\"ListItem\",\"position\":1,\"name\":\"Home\",\"item\":\"https:\/\/www.gaveanews.com\/\"},{\"@type\":\"ListItem\",\"position\":2,\"name\":\"Lateral do Flamengo, Filipe Lu\u00eds toma decis\u00e3o importante\"}]},{\"@type\":\"WebSite\",\"@id\":\"https:\/\/www.gaveanews.com\/#website\",\"url\":\"https:\/\/www.gaveanews.com\/\",\"name\":\"G\u00e1vea News\",\"description\":\"Veja todas as not\u00edcias sobre o Flamengo: Contrata\u00e7\u00f5es, categorias de base, resultados das partidas, tabela de classifica\u00e7\u00e3o, pr\u00f3ximos jogos!\",\"potentialAction\":[{\"@type\":\"SearchAction\",\"target\":{\"@type\":\"EntryPoint\",\"urlTemplate\":\"https:\/\/www.gaveanews.com\/?s={search_term_string}\"},\"query-input\":{\"@type\":\"PropertyValueSpecification\",\"valueRequired\":true,\"valueName\":\"search_term_string\"}}],\"inLanguage\":\"pt-BR\"},{\"@type\":\"Person\",\"@id\":\"https:\/\/www.gaveanews.com\/#\/schema\/person\/51b3ba6a493cf9e7af9ce2c6d0d4ff1c\",\"name\":\"Kayo Silva\",\"image\":{\"@type\":\"ImageObject\",\"inLanguage\":\"pt-BR\",\"@id\":\"https:\/\/www.gaveanews.com\/#\/schema\/person\/image\/\",\"url\":\"https:\/\/secure.gravatar.com\/avatar\/af6d65cafc646a65c39c5fcb2a1ef51b863a81461770cfff553ec2fdd931c68c?s=96&d=mm&r=g\",\"contentUrl\":\"https:\/\/secure.gravatar.com\/avatar\/af6d65cafc646a65c39c5fcb2a1ef51b863a81461770cfff553ec2fdd931c68c?s=96&d=mm&r=g\",\"caption\":\"Kayo Silva\"}}]}<\/script>\n<!-- \/ Yoast SEO Premium plugin. -->","yoast_head_json":{"title":"Lateral do Flamengo, Filipe Lu\u00eds toma decis\u00e3o importante","robots":{"index":"index","follow":"follow","max-snippet":"max-snippet:-1","max-image-preview":"max-image-preview:large","max-video-preview":"max-video-preview:-1"},"canonical":"https:\/\/www.gaveanews.com\/index.php\/2023\/09\/26\/lateral-do-flamengo-filipe-luis-toma-decisao-importante\/","og_locale":"pt_BR","og_type":"article","og_title":"Lateral do Flamengo, Filipe Lu\u00eds toma decis\u00e3o importante","og_description":"Por: Kayo Silva Filipe Lu\u00eds detalha o sentimento que tem pelo Flamengo e revela vontade de ficar no seu clube de cora\u00e7\u00e3o. De acordo com o &#8216;GE&#8217;, o lateral de 38 anos que s\u00f3 esteve em campo em 17 partidas na temporada, sente que ainda pode contribuir com o clube e entende que poderia ficar [&hellip;]","og_url":"https:\/\/www.gaveanews.com\/index.php\/2023\/09\/26\/lateral-do-flamengo-filipe-luis-toma-decisao-importante\/","og_site_name":"G\u00e1vea News","article_publisher":"https:\/\/facebook.com\/gaveaNews\/","article_published_time":"2023-09-26T17:52:44+00:00","og_image":[{"width":900,"height":599,"url":"https:\/\/www.gaveanews.com\/wp-content\/uploads\/filipe-luis-flamengo-aucas.webp","type":"image\/jpeg"}],"author":"Kayo Silva","twitter_card":"summary_large_image","twitter_misc":{"Escrito por":"Kayo Silva","Est. tempo de leitura":"2 minutos"},"schema":{"@context":"https:\/\/schema.org","@graph":[{"@type":"NewsArticle","@id":"https:\/\/www.gaveanews.com\/index.php\/2023\/09\/26\/lateral-do-flamengo-filipe-luis-toma-decisao-importante\/#article","isPartOf":{"@id":"https:\/\/www.gaveanews.com\/index.php\/2023\/09\/26\/lateral-do-flamengo-filipe-luis-toma-decisao-importante\/"},"author":{"name":"Kayo Silva","@id":"https:\/\/www.gaveanews.com\/#\/schema\/person\/51b3ba6a493cf9e7af9ce2c6d0d4ff1c"},"headline":"Lateral do Flamengo, Filipe Lu\u00eds toma decis\u00e3o importante","datePublished":"2023-09-26T17:52:44+00:00","mainEntityOfPage":{"@id":"https:\/\/www.gaveanews.com\/index.php\/2023\/09\/26\/lateral-do-flamengo-filipe-luis-toma-decisao-importante\/"},"wordCount":313,"commentCount":0,"image":{"@id":"https:\/\/www.gaveanews.com\/index.php\/2023\/09\/26\/lateral-do-flamengo-filipe-luis-toma-decisao-importante\/#primaryimage"},"thumbnailUrl":"https:\/\/www.gaveanews.com\/wp-content\/uploads\/filipe-luis-flamengo-aucas.webp","articleSection":["Flamengo"],"inLanguage":"pt-BR","potentialAction":[{"@type":"CommentAction","name":"Comment","target":["https:\/\/www.gaveanews.com\/index.php\/2023\/09\/26\/lateral-do-flamengo-filipe-luis-toma-decisao-importante\/#respond"]}],"copyrightYear":"2023","copyrightHolder":{"@id":"https:\/\/www.gaveanews.com\/#organization"}},{"@type":"WebPage","@id":"https:\/\/www.gaveanews.com\/index.php\/2023\/09\/26\/lateral-do-flamengo-filipe-luis-toma-decisao-importante\/","url":"https:\/\/www.gaveanews.com\/index.php\/2023\/09\/26\/lateral-do-flamengo-filipe-luis-toma-decisao-importante\/","name":"Lateral do Flamengo, Filipe Lu\u00eds toma decis\u00e3o importante","isPartOf":{"@id":"https:\/\/www.gaveanews.com\/#website"},"primaryImageOfPage":{"@id":"https:\/\/www.gaveanews.com\/index.php\/2023\/09\/26\/lateral-do-flamengo-filipe-luis-toma-decisao-importante\/#primaryimage"},"image":{"@id":"https:\/\/www.gaveanews.com\/index.php\/2023\/09\/26\/lateral-do-flamengo-filipe-luis-toma-decisao-importante\/#primaryimage"},"thumbnailUrl":"https:\/\/www.gaveanews.com\/wp-content\/uploads\/filipe-luis-flamengo-aucas.webp","datePublished":"2023-09-26T17:52:44+00:00","author":{"@id":"https:\/\/www.gaveanews.com\/#\/schema\/person\/51b3ba6a493cf9e7af9ce2c6d0d4ff1c"},"breadcrumb":{"@id":"https:\/\/www.gaveanews.com\/index.php\/2023\/09\/26\/lateral-do-flamengo-filipe-luis-toma-decisao-importante\/#breadcrumb"},"inLanguage":"pt-BR","potentialAction":[{"@type":"ReadAction","target":["https:\/\/www.gaveanews.com\/index.php\/2023\/09\/26\/lateral-do-flamengo-filipe-luis-toma-decisao-importante\/"]}]},{"@type":"ImageObject","inLanguage":"pt-BR","@id":"https:\/\/www.gaveanews.com\/index.php\/2023\/09\/26\/lateral-do-flamengo-filipe-luis-toma-decisao-importante\/#primaryimage","url":"https:\/\/www.gaveanews.com\/wp-content\/uploads\/filipe-luis-flamengo-aucas.webp","contentUrl":"https:\/\/www.gaveanews.com\/wp-content\/uploads\/filipe-luis-flamengo-aucas.webp","width":900,"height":599,"caption":"Filipe Lu\u00eds em a\u00e7\u00e3o pelo Flamengo no Maracan\u00e3 (Foto: Divulga\u00e7\u00e3o\/Flamengo)"},{"@type":"BreadcrumbList","@id":"https:\/\/www.gaveanews.com\/index.php\/2023\/09\/26\/lateral-do-flamengo-filipe-luis-toma-decisao-importante\/#breadcrumb","itemListElement":[{"@type":"ListItem","position":1,"name":"Home","item":"https:\/\/www.gaveanews.com\/"},{"@type":"ListItem","position":2,"name":"Lateral do Flamengo, Filipe Lu\u00eds toma decis\u00e3o importante"}]},{"@type":"WebSite","@id":"https:\/\/www.gaveanews.com\/#website","url":"https:\/\/www.gaveanews.com\/","name":"G\u00e1vea News","description":"Veja todas as not\u00edcias sobre o Flamengo: Contrata\u00e7\u00f5es, categorias de base, resultados das partidas, tabela de classifica\u00e7\u00e3o, pr\u00f3ximos jogos!","potentialAction":[{"@type":"SearchAction","target":{"@type":"EntryPoint","urlTemplate":"https:\/\/www.gaveanews.com\/?s={search_term_string}"},"query-input":{"@type":"PropertyValueSpecification","valueRequired":true,"valueName":"search_term_string"}}],"inLanguage":"pt-BR"},{"@type":"Person","@id":"https:\/\/www.gaveanews.com\/#\/schema\/person\/51b3ba6a493cf9e7af9ce2c6d0d4ff1c","name":"Kayo Silva","image":{"@type":"ImageObject","inLanguage":"pt-BR","@id":"https:\/\/www.gaveanews.com\/#\/schema\/person\/image\/","url":"https:\/\/secure.gravatar.com\/avatar\/af6d65cafc646a65c39c5fcb2a1ef51b863a81461770cfff553ec2fdd931c68c?s=96&d=mm&r=g","contentUrl":"https:\/\/secure.gravatar.com\/avatar\/af6d65cafc646a65c39c5fcb2a1ef51b863a81461770cfff553ec2fdd931c68c?s=96&d=mm&r=g","caption":"Kayo Silva"}}]}},"_links":{"self":[{"href":"https:\/\/www.gaveanews.com\/index.php\/wp-json\/wp\/v2\/posts\/107345","targetHints":{"allow":["GET"]}}],"collection":[{"href":"https:\/\/www.gaveanews.com\/index.php\/wp-json\/wp\/v2\/posts"}],"about":[{"href":"https:\/\/www.gaveanews.com\/index.php\/wp-json\/wp\/v2\/types\/post"}],"author":[{"embeddable":true,"href":"https:\/\/www.gaveanews.com\/index.php\/wp-json\/wp\/v2\/users\/10"}],"replies":[{"embeddable":true,"href":"https:\/\/www.gaveanews.com\/index.php\/wp-json\/wp\/v2\/comments?post=107345"}],"version-history":[{"count":0,"href":"https:\/\/www.gaveanews.com\/index.php\/wp-json\/wp\/v2\/posts\/107345\/revisions"}],"wp:featuredmedia":[{"embeddable":true,"href":"https:\/\/www.gaveanews.com\/index.php\/wp-json\/wp\/v2\/media\/101521"}],"wp:attachment":[{"href":"https:\/\/www.gaveanews.com\/index.php\/wp-json\/wp\/v2\/media?parent=107345"}],"wp:term":[{"taxonomy":"category","embeddable":true,"href":"https:\/\/www.gaveanews.com\/index.php\/wp-json\/wp\/v2\/categories?post=107345"},{"taxonomy":"post_tag","embeddable":true,"href":"https:\/\/www.gaveanews.com\/index.php\/wp-json\/wp\/v2\/tags?post=107345"}],"curies":[{"name":"wp","href":"https:\/\/api.w.org\/{rel}","templated":true}]}}