{"id":107373,"date":"2023-09-26T22:33:24","date_gmt":"2023-09-27T01:33:24","guid":{"rendered":"https:\/\/www.gaveanews.com\/?p=107373"},"modified":"2023-09-26T22:33:24","modified_gmt":"2023-09-27T01:33:24","slug":"sampaoli-comanda-treino-em-reapresentacao-do-flamengo-apos-perder-titulo-para-o-sao-paulo","status":"publish","type":"post","link":"https:\/\/www.gaveanews.com\/index.php\/2023\/09\/26\/sampaoli-comanda-treino-em-reapresentacao-do-flamengo-apos-perder-titulo-para-o-sao-paulo\/","title":{"rendered":"Sampaoli comanda treino em reapresenta\u00e7\u00e3o do Flamengo ap\u00f3s perder t\u00edtulo para o S\u00e3o Paulo"},"content":{"rendered":"<p>O Flamengo decepcionou sua torcida com a perda da Copa do Brasil. Os rubro-negros devem terminar esta temporada sem conquistar nenhum t\u00edtulo.<\/p>\n<p>Ap\u00f3s a decis\u00e3o da Copa do Brasil, a demiss\u00e3o do t\u00e9cnico Jorge Sampaoli era dada como certa pela torcida. No entanto, a diretoria rubro-negra n\u00e3o se manifestou sobre o assunto.<\/p>\n<p>Nesta ter\u00e7a-feira (26), Sampaoli chegou ao Ninho do Urubu normalmente para comandar o treino na reapresenta\u00e7\u00e3o do elenco. O Flamengo inicia a prepara\u00e7\u00e3o visando o jogo contra o Bahia, neste s\u00e1bado, no Maracan\u00e3.<\/p>\n<p>O futuro de Sampaoli dificilmente ser\u00e1 no Flamengo. No entanto, a diretoria busca um nome de consenso antes de demitir Sampaoli.<\/p>\n<p>O nome mais ventilado no Ninho do Urubu \u00e9 o de Tite, que estava na sele\u00e7\u00e3o brasileira. Outro que vem tendo sua situa\u00e7\u00e3o monitorada \u00e9 Jorge Jesus. O portugu\u00eas vive press\u00e3o no Al Hilal, clube saudita, e uma demiss\u00e3o do clube \u00e1rabe pode fazer os dirigentes irem atr\u00e1s do treinador, multicampe\u00e3o pelo Flamengo.<\/p>\n<p>Retirado de: ESPN<\/p>\n","protected":false},"excerpt":{"rendered":"<p>O Flamengo decepcionou sua torcida com a perda da Copa do Brasil. Os rubro-negros devem terminar esta temporada sem conquistar nenhum t\u00edtulo. Ap\u00f3s a decis\u00e3o da Copa do Brasil, a demiss\u00e3o do t\u00e9cnico Jorge Sampaoli era dada como certa pela torcida. No entanto, a diretoria rubro-negra n\u00e3o se manifestou sobre o assunto. Nesta ter\u00e7a-feira (26), [&hellip;]<\/p>\n","protected":false},"author":1,"featured_media":107218,"comment_status":"open","ping_status":"closed","sticky":false,"template":"","format":"standard","meta":{"footnotes":""},"categories":[1],"tags":[],"class_list":["post-107373","post","type-post","status-publish","format-standard","has-post-thumbnail","hentry","category-flamengo"],"yoast_head":"<!-- This site is optimized with the Yoast SEO Premium plugin v24.2 (Yoast SEO v26.9) - https:\/\/yoast.com\/product\/yoast-seo-premium-wordpress\/ -->\n<title>Sampaoli comanda treino em reapresenta\u00e7\u00e3o do Flamengo ap\u00f3s perder t\u00edtulo para o S\u00e3o Paulo<\/title>\n<meta name=\"robots\" content=\"index, follow, max-snippet:-1, max-image-preview:large, max-video-preview:-1\" \/>\n<link rel=\"canonical\" href=\"https:\/\/www.gaveanews.com\/index.php\/2023\/09\/26\/sampaoli-comanda-treino-em-reapresentacao-do-flamengo-apos-perder-titulo-para-o-sao-paulo\/\" \/>\n<meta property=\"og:locale\" content=\"pt_BR\" \/>\n<meta property=\"og:type\" content=\"article\" \/>\n<meta property=\"og:title\" content=\"Sampaoli comanda treino em reapresenta\u00e7\u00e3o do Flamengo ap\u00f3s perder t\u00edtulo para o S\u00e3o Paulo\" \/>\n<meta property=\"og:description\" content=\"O Flamengo decepcionou sua torcida com a perda da Copa do Brasil. Os rubro-negros devem terminar esta temporada sem conquistar nenhum t\u00edtulo. Ap\u00f3s a decis\u00e3o da Copa do Brasil, a demiss\u00e3o do t\u00e9cnico Jorge Sampaoli era dada como certa pela torcida. No entanto, a diretoria rubro-negra n\u00e3o se manifestou sobre o assunto. Nesta ter\u00e7a-feira (26), [&hellip;]\" \/>\n<meta property=\"og:url\" content=\"https:\/\/www.gaveanews.com\/index.php\/2023\/09\/26\/sampaoli-comanda-treino-em-reapresentacao-do-flamengo-apos-perder-titulo-para-o-sao-paulo\/\" \/>\n<meta property=\"og:site_name\" content=\"G\u00e1vea News\" \/>\n<meta property=\"article:publisher\" content=\"https:\/\/facebook.com\/gaveaNews\/\" \/>\n<meta property=\"article:published_time\" content=\"2023-09-27T01:33:24+00:00\" \/>\n<meta property=\"og:image\" content=\"https:\/\/www.gaveanews.com\/wp-content\/uploads\/ayrton-lucas-fabricio-bruno-everton-ribeiro-rodrigo-caio-pedro-pablo-flamengo.webp\" \/>\n\t<meta property=\"og:image:width\" content=\"1024\" \/>\n\t<meta property=\"og:image:height\" content=\"683\" \/>\n\t<meta property=\"og:image:type\" content=\"image\/webp\" \/>\n<meta name=\"author\" content=\"Equipe G\u00e1vea News\" \/>\n<meta name=\"twitter:card\" content=\"summary_large_image\" \/>\n<meta name=\"twitter:label1\" content=\"Escrito por\" \/>\n\t<meta name=\"twitter:data1\" content=\"Equipe G\u00e1vea News\" \/>\n\t<meta name=\"twitter:label2\" content=\"Est. tempo de leitura\" \/>\n\t<meta name=\"twitter:data2\" content=\"1 minuto\" \/>\n<script type=\"application\/ld+json\" class=\"yoast-schema-graph\">{\"@context\":\"https:\/\/schema.org\",\"@graph\":[{\"@type\":\"NewsArticle\",\"@id\":\"https:\/\/www.gaveanews.com\/index.php\/2023\/09\/26\/sampaoli-comanda-treino-em-reapresentacao-do-flamengo-apos-perder-titulo-para-o-sao-paulo\/#article\",\"isPartOf\":{\"@id\":\"https:\/\/www.gaveanews.com\/index.php\/2023\/09\/26\/sampaoli-comanda-treino-em-reapresentacao-do-flamengo-apos-perder-titulo-para-o-sao-paulo\/\"},\"author\":{\"name\":\"Equipe G\u00e1vea News\",\"@id\":\"https:\/\/www.gaveanews.com\/#\/schema\/person\/2ec14f73fb96be2caf28f91afb14749d\"},\"headline\":\"Sampaoli comanda treino em reapresenta\u00e7\u00e3o do Flamengo ap\u00f3s perder t\u00edtulo para o S\u00e3o Paulo\",\"datePublished\":\"2023-09-27T01:33:24+00:00\",\"mainEntityOfPage\":{\"@id\":\"https:\/\/www.gaveanews.com\/index.php\/2023\/09\/26\/sampaoli-comanda-treino-em-reapresentacao-do-flamengo-apos-perder-titulo-para-o-sao-paulo\/\"},\"wordCount\":194,\"commentCount\":0,\"image\":{\"@id\":\"https:\/\/www.gaveanews.com\/index.php\/2023\/09\/26\/sampaoli-comanda-treino-em-reapresentacao-do-flamengo-apos-perder-titulo-para-o-sao-paulo\/#primaryimage\"},\"thumbnailUrl\":\"https:\/\/www.gaveanews.com\/wp-content\/uploads\/ayrton-lucas-fabricio-bruno-everton-ribeiro-rodrigo-caio-pedro-pablo-flamengo.webp\",\"articleSection\":[\"Flamengo\"],\"inLanguage\":\"pt-BR\",\"potentialAction\":[{\"@type\":\"CommentAction\",\"name\":\"Comment\",\"target\":[\"https:\/\/www.gaveanews.com\/index.php\/2023\/09\/26\/sampaoli-comanda-treino-em-reapresentacao-do-flamengo-apos-perder-titulo-para-o-sao-paulo\/#respond\"]}],\"copyrightYear\":\"2023\",\"copyrightHolder\":{\"@id\":\"https:\/\/www.gaveanews.com\/#organization\"}},{\"@type\":\"WebPage\",\"@id\":\"https:\/\/www.gaveanews.com\/index.php\/2023\/09\/26\/sampaoli-comanda-treino-em-reapresentacao-do-flamengo-apos-perder-titulo-para-o-sao-paulo\/\",\"url\":\"https:\/\/www.gaveanews.com\/index.php\/2023\/09\/26\/sampaoli-comanda-treino-em-reapresentacao-do-flamengo-apos-perder-titulo-para-o-sao-paulo\/\",\"name\":\"Sampaoli comanda treino em reapresenta\u00e7\u00e3o do Flamengo ap\u00f3s perder t\u00edtulo para o S\u00e3o Paulo\",\"isPartOf\":{\"@id\":\"https:\/\/www.gaveanews.com\/#website\"},\"primaryImageOfPage\":{\"@id\":\"https:\/\/www.gaveanews.com\/index.php\/2023\/09\/26\/sampaoli-comanda-treino-em-reapresentacao-do-flamengo-apos-perder-titulo-para-o-sao-paulo\/#primaryimage\"},\"image\":{\"@id\":\"https:\/\/www.gaveanews.com\/index.php\/2023\/09\/26\/sampaoli-comanda-treino-em-reapresentacao-do-flamengo-apos-perder-titulo-para-o-sao-paulo\/#primaryimage\"},\"thumbnailUrl\":\"https:\/\/www.gaveanews.com\/wp-content\/uploads\/ayrton-lucas-fabricio-bruno-everton-ribeiro-rodrigo-caio-pedro-pablo-flamengo.webp\",\"datePublished\":\"2023-09-27T01:33:24+00:00\",\"author\":{\"@id\":\"https:\/\/www.gaveanews.com\/#\/schema\/person\/2ec14f73fb96be2caf28f91afb14749d\"},\"breadcrumb\":{\"@id\":\"https:\/\/www.gaveanews.com\/index.php\/2023\/09\/26\/sampaoli-comanda-treino-em-reapresentacao-do-flamengo-apos-perder-titulo-para-o-sao-paulo\/#breadcrumb\"},\"inLanguage\":\"pt-BR\",\"potentialAction\":[{\"@type\":\"ReadAction\",\"target\":[\"https:\/\/www.gaveanews.com\/index.php\/2023\/09\/26\/sampaoli-comanda-treino-em-reapresentacao-do-flamengo-apos-perder-titulo-para-o-sao-paulo\/\"]}]},{\"@type\":\"ImageObject\",\"inLanguage\":\"pt-BR\",\"@id\":\"https:\/\/www.gaveanews.com\/index.php\/2023\/09\/26\/sampaoli-comanda-treino-em-reapresentacao-do-flamengo-apos-perder-titulo-para-o-sao-paulo\/#primaryimage\",\"url\":\"https:\/\/www.gaveanews.com\/wp-content\/uploads\/ayrton-lucas-fabricio-bruno-everton-ribeiro-rodrigo-caio-pedro-pablo-flamengo.webp\",\"contentUrl\":\"https:\/\/www.gaveanews.com\/wp-content\/uploads\/ayrton-lucas-fabricio-bruno-everton-ribeiro-rodrigo-caio-pedro-pablo-flamengo.webp\",\"width\":1024,\"height\":683,\"caption\":\"Jogadores do Flamengo recebem medalha de prata pelo vice-campeonato da Copa do Brasil (Foto: Ricardo Moreira\/Getty Images)\"},{\"@type\":\"BreadcrumbList\",\"@id\":\"https:\/\/www.gaveanews.com\/index.php\/2023\/09\/26\/sampaoli-comanda-treino-em-reapresentacao-do-flamengo-apos-perder-titulo-para-o-sao-paulo\/#breadcrumb\",\"itemListElement\":[{\"@type\":\"ListItem\",\"position\":1,\"name\":\"Home\",\"item\":\"https:\/\/www.gaveanews.com\/\"},{\"@type\":\"ListItem\",\"position\":2,\"name\":\"Sampaoli comanda treino em reapresenta\u00e7\u00e3o do Flamengo ap\u00f3s perder t\u00edtulo para o S\u00e3o Paulo\"}]},{\"@type\":\"WebSite\",\"@id\":\"https:\/\/www.gaveanews.com\/#website\",\"url\":\"https:\/\/www.gaveanews.com\/\",\"name\":\"G\u00e1vea News\",\"description\":\"Veja todas as not\u00edcias sobre o Flamengo: Contrata\u00e7\u00f5es, categorias de base, resultados das partidas, tabela de classifica\u00e7\u00e3o, pr\u00f3ximos jogos!\",\"potentialAction\":[{\"@type\":\"SearchAction\",\"target\":{\"@type\":\"EntryPoint\",\"urlTemplate\":\"https:\/\/www.gaveanews.com\/?s={search_term_string}\"},\"query-input\":{\"@type\":\"PropertyValueSpecification\",\"valueRequired\":true,\"valueName\":\"search_term_string\"}}],\"inLanguage\":\"pt-BR\"},{\"@type\":\"Person\",\"@id\":\"https:\/\/www.gaveanews.com\/#\/schema\/person\/2ec14f73fb96be2caf28f91afb14749d\",\"name\":\"Equipe G\u00e1vea News\",\"image\":{\"@type\":\"ImageObject\",\"inLanguage\":\"pt-BR\",\"@id\":\"https:\/\/www.gaveanews.com\/#\/schema\/person\/image\/\",\"url\":\"https:\/\/secure.gravatar.com\/avatar\/1e1956f1facbffd3f8fa53a326721950116b3b9dc9bd44939c01180fd4a745a9?s=96&d=mm&r=g\",\"contentUrl\":\"https:\/\/secure.gravatar.com\/avatar\/1e1956f1facbffd3f8fa53a326721950116b3b9dc9bd44939c01180fd4a745a9?s=96&d=mm&r=g\",\"caption\":\"Equipe G\u00e1vea News\"}}]}<\/script>\n<!-- \/ Yoast SEO Premium plugin. -->","yoast_head_json":{"title":"Sampaoli comanda treino em reapresenta\u00e7\u00e3o do Flamengo ap\u00f3s perder t\u00edtulo para o S\u00e3o Paulo","robots":{"index":"index","follow":"follow","max-snippet":"max-snippet:-1","max-image-preview":"max-image-preview:large","max-video-preview":"max-video-preview:-1"},"canonical":"https:\/\/www.gaveanews.com\/index.php\/2023\/09\/26\/sampaoli-comanda-treino-em-reapresentacao-do-flamengo-apos-perder-titulo-para-o-sao-paulo\/","og_locale":"pt_BR","og_type":"article","og_title":"Sampaoli comanda treino em reapresenta\u00e7\u00e3o do Flamengo ap\u00f3s perder t\u00edtulo para o S\u00e3o Paulo","og_description":"O Flamengo decepcionou sua torcida com a perda da Copa do Brasil. Os rubro-negros devem terminar esta temporada sem conquistar nenhum t\u00edtulo. Ap\u00f3s a decis\u00e3o da Copa do Brasil, a demiss\u00e3o do t\u00e9cnico Jorge Sampaoli era dada como certa pela torcida. No entanto, a diretoria rubro-negra n\u00e3o se manifestou sobre o assunto. Nesta ter\u00e7a-feira (26), [&hellip;]","og_url":"https:\/\/www.gaveanews.com\/index.php\/2023\/09\/26\/sampaoli-comanda-treino-em-reapresentacao-do-flamengo-apos-perder-titulo-para-o-sao-paulo\/","og_site_name":"G\u00e1vea News","article_publisher":"https:\/\/facebook.com\/gaveaNews\/","article_published_time":"2023-09-27T01:33:24+00:00","og_image":[{"width":1024,"height":683,"url":"https:\/\/www.gaveanews.com\/wp-content\/uploads\/ayrton-lucas-fabricio-bruno-everton-ribeiro-rodrigo-caio-pedro-pablo-flamengo.webp","type":"image\/webp"}],"author":"Equipe G\u00e1vea News","twitter_card":"summary_large_image","twitter_misc":{"Escrito por":"Equipe G\u00e1vea News","Est. tempo de leitura":"1 minuto"},"schema":{"@context":"https:\/\/schema.org","@graph":[{"@type":"NewsArticle","@id":"https:\/\/www.gaveanews.com\/index.php\/2023\/09\/26\/sampaoli-comanda-treino-em-reapresentacao-do-flamengo-apos-perder-titulo-para-o-sao-paulo\/#article","isPartOf":{"@id":"https:\/\/www.gaveanews.com\/index.php\/2023\/09\/26\/sampaoli-comanda-treino-em-reapresentacao-do-flamengo-apos-perder-titulo-para-o-sao-paulo\/"},"author":{"name":"Equipe G\u00e1vea News","@id":"https:\/\/www.gaveanews.com\/#\/schema\/person\/2ec14f73fb96be2caf28f91afb14749d"},"headline":"Sampaoli comanda treino em reapresenta\u00e7\u00e3o do Flamengo ap\u00f3s perder t\u00edtulo para o S\u00e3o Paulo","datePublished":"2023-09-27T01:33:24+00:00","mainEntityOfPage":{"@id":"https:\/\/www.gaveanews.com\/index.php\/2023\/09\/26\/sampaoli-comanda-treino-em-reapresentacao-do-flamengo-apos-perder-titulo-para-o-sao-paulo\/"},"wordCount":194,"commentCount":0,"image":{"@id":"https:\/\/www.gaveanews.com\/index.php\/2023\/09\/26\/sampaoli-comanda-treino-em-reapresentacao-do-flamengo-apos-perder-titulo-para-o-sao-paulo\/#primaryimage"},"thumbnailUrl":"https:\/\/www.gaveanews.com\/wp-content\/uploads\/ayrton-lucas-fabricio-bruno-everton-ribeiro-rodrigo-caio-pedro-pablo-flamengo.webp","articleSection":["Flamengo"],"inLanguage":"pt-BR","potentialAction":[{"@type":"CommentAction","name":"Comment","target":["https:\/\/www.gaveanews.com\/index.php\/2023\/09\/26\/sampaoli-comanda-treino-em-reapresentacao-do-flamengo-apos-perder-titulo-para-o-sao-paulo\/#respond"]}],"copyrightYear":"2023","copyrightHolder":{"@id":"https:\/\/www.gaveanews.com\/#organization"}},{"@type":"WebPage","@id":"https:\/\/www.gaveanews.com\/index.php\/2023\/09\/26\/sampaoli-comanda-treino-em-reapresentacao-do-flamengo-apos-perder-titulo-para-o-sao-paulo\/","url":"https:\/\/www.gaveanews.com\/index.php\/2023\/09\/26\/sampaoli-comanda-treino-em-reapresentacao-do-flamengo-apos-perder-titulo-para-o-sao-paulo\/","name":"Sampaoli comanda treino em reapresenta\u00e7\u00e3o do Flamengo ap\u00f3s perder t\u00edtulo para o S\u00e3o Paulo","isPartOf":{"@id":"https:\/\/www.gaveanews.com\/#website"},"primaryImageOfPage":{"@id":"https:\/\/www.gaveanews.com\/index.php\/2023\/09\/26\/sampaoli-comanda-treino-em-reapresentacao-do-flamengo-apos-perder-titulo-para-o-sao-paulo\/#primaryimage"},"image":{"@id":"https:\/\/www.gaveanews.com\/index.php\/2023\/09\/26\/sampaoli-comanda-treino-em-reapresentacao-do-flamengo-apos-perder-titulo-para-o-sao-paulo\/#primaryimage"},"thumbnailUrl":"https:\/\/www.gaveanews.com\/wp-content\/uploads\/ayrton-lucas-fabricio-bruno-everton-ribeiro-rodrigo-caio-pedro-pablo-flamengo.webp","datePublished":"2023-09-27T01:33:24+00:00","author":{"@id":"https:\/\/www.gaveanews.com\/#\/schema\/person\/2ec14f73fb96be2caf28f91afb14749d"},"breadcrumb":{"@id":"https:\/\/www.gaveanews.com\/index.php\/2023\/09\/26\/sampaoli-comanda-treino-em-reapresentacao-do-flamengo-apos-perder-titulo-para-o-sao-paulo\/#breadcrumb"},"inLanguage":"pt-BR","potentialAction":[{"@type":"ReadAction","target":["https:\/\/www.gaveanews.com\/index.php\/2023\/09\/26\/sampaoli-comanda-treino-em-reapresentacao-do-flamengo-apos-perder-titulo-para-o-sao-paulo\/"]}]},{"@type":"ImageObject","inLanguage":"pt-BR","@id":"https:\/\/www.gaveanews.com\/index.php\/2023\/09\/26\/sampaoli-comanda-treino-em-reapresentacao-do-flamengo-apos-perder-titulo-para-o-sao-paulo\/#primaryimage","url":"https:\/\/www.gaveanews.com\/wp-content\/uploads\/ayrton-lucas-fabricio-bruno-everton-ribeiro-rodrigo-caio-pedro-pablo-flamengo.webp","contentUrl":"https:\/\/www.gaveanews.com\/wp-content\/uploads\/ayrton-lucas-fabricio-bruno-everton-ribeiro-rodrigo-caio-pedro-pablo-flamengo.webp","width":1024,"height":683,"caption":"Jogadores do Flamengo recebem medalha de prata pelo vice-campeonato da Copa do Brasil (Foto: Ricardo Moreira\/Getty Images)"},{"@type":"BreadcrumbList","@id":"https:\/\/www.gaveanews.com\/index.php\/2023\/09\/26\/sampaoli-comanda-treino-em-reapresentacao-do-flamengo-apos-perder-titulo-para-o-sao-paulo\/#breadcrumb","itemListElement":[{"@type":"ListItem","position":1,"name":"Home","item":"https:\/\/www.gaveanews.com\/"},{"@type":"ListItem","position":2,"name":"Sampaoli comanda treino em reapresenta\u00e7\u00e3o do Flamengo ap\u00f3s perder t\u00edtulo para o S\u00e3o Paulo"}]},{"@type":"WebSite","@id":"https:\/\/www.gaveanews.com\/#website","url":"https:\/\/www.gaveanews.com\/","name":"G\u00e1vea News","description":"Veja todas as not\u00edcias sobre o Flamengo: Contrata\u00e7\u00f5es, categorias de base, resultados das partidas, tabela de classifica\u00e7\u00e3o, pr\u00f3ximos jogos!","potentialAction":[{"@type":"SearchAction","target":{"@type":"EntryPoint","urlTemplate":"https:\/\/www.gaveanews.com\/?s={search_term_string}"},"query-input":{"@type":"PropertyValueSpecification","valueRequired":true,"valueName":"search_term_string"}}],"inLanguage":"pt-BR"},{"@type":"Person","@id":"https:\/\/www.gaveanews.com\/#\/schema\/person\/2ec14f73fb96be2caf28f91afb14749d","name":"Equipe G\u00e1vea News","image":{"@type":"ImageObject","inLanguage":"pt-BR","@id":"https:\/\/www.gaveanews.com\/#\/schema\/person\/image\/","url":"https:\/\/secure.gravatar.com\/avatar\/1e1956f1facbffd3f8fa53a326721950116b3b9dc9bd44939c01180fd4a745a9?s=96&d=mm&r=g","contentUrl":"https:\/\/secure.gravatar.com\/avatar\/1e1956f1facbffd3f8fa53a326721950116b3b9dc9bd44939c01180fd4a745a9?s=96&d=mm&r=g","caption":"Equipe G\u00e1vea News"}}]}},"_links":{"self":[{"href":"https:\/\/www.gaveanews.com\/index.php\/wp-json\/wp\/v2\/posts\/107373","targetHints":{"allow":["GET"]}}],"collection":[{"href":"https:\/\/www.gaveanews.com\/index.php\/wp-json\/wp\/v2\/posts"}],"about":[{"href":"https:\/\/www.gaveanews.com\/index.php\/wp-json\/wp\/v2\/types\/post"}],"author":[{"embeddable":true,"href":"https:\/\/www.gaveanews.com\/index.php\/wp-json\/wp\/v2\/users\/1"}],"replies":[{"embeddable":true,"href":"https:\/\/www.gaveanews.com\/index.php\/wp-json\/wp\/v2\/comments?post=107373"}],"version-history":[{"count":0,"href":"https:\/\/www.gaveanews.com\/index.php\/wp-json\/wp\/v2\/posts\/107373\/revisions"}],"wp:featuredmedia":[{"embeddable":true,"href":"https:\/\/www.gaveanews.com\/index.php\/wp-json\/wp\/v2\/media\/107218"}],"wp:attachment":[{"href":"https:\/\/www.gaveanews.com\/index.php\/wp-json\/wp\/v2\/media?parent=107373"}],"wp:term":[{"taxonomy":"category","embeddable":true,"href":"https:\/\/www.gaveanews.com\/index.php\/wp-json\/wp\/v2\/categories?post=107373"},{"taxonomy":"post_tag","embeddable":true,"href":"https:\/\/www.gaveanews.com\/index.php\/wp-json\/wp\/v2\/tags?post=107373"}],"curies":[{"name":"wp","href":"https:\/\/api.w.org\/{rel}","templated":true}]}}