{"id":107426,"date":"2023-09-27T20:53:50","date_gmt":"2023-09-27T23:53:50","guid":{"rendered":"https:\/\/www.gaveanews.com\/?p=107426"},"modified":"2024-04-06T23:23:07","modified_gmt":"2024-04-07T02:23:07","slug":"veja-o-que-o-flamengo-pensa-sobre-tite-ter-sido-procurado-pelo-corinthians","status":"publish","type":"post","link":"https:\/\/www.gaveanews.com\/index.php\/2023\/09\/27\/veja-o-que-o-flamengo-pensa-sobre-tite-ter-sido-procurado-pelo-corinthians\/","title":{"rendered":"Veja o que o Flamengo pensa sobre Tite ter sido procurado pelo Corinthians"},"content":{"rendered":"<p>O Flamengo trata como &#8220;em andamento&#8221; o acerto com o t\u00e9cnico Tite para assumir a equipe de imediato e assinar at\u00e9 o fim de 2024. Mas h\u00e1 um misto de otimismo, cautela e sil\u00eancio total.<\/p>\n<p>O ass\u00e9dio do Corinthians ap\u00f3s a demiss\u00e3o de Vanderlei Luxemburgo \u00e9 visto com friezas pelos dirigentes cariocas, que admitem ter seus trunfos para convencer o profissional. Vale lembrar que Tite estava inclinado a aceitar convites apenas no ano que vem.<\/p>\n<p>A decis\u00e3o de n\u00e3o demitir Jorge Sampaoli se d\u00e1 justamente para garantir que tudo estar\u00e1 certo com Tite, se poss\u00edvel at\u00e9 o jogo com o Bahia no pr\u00f3ximo s\u00e1bado. Acostumados com disputas no mercado, o vice de futebol Marcos Braz e o diretor Bruno Spindel agem com o chamado &#8220;gelo no sangue&#8221;.<\/p>\n<p>O assunto, por\u00e9m, \u00e9 tocado diretamente pela dupla com a anu\u00eancia do presidente Rodolfo Landim. O mandat\u00e1rio sinalizou a Tite que ele ter\u00e1 carta branca para uma reformula\u00e7\u00e3o no elenco e a possibilidade de contratar jogadores para a pr\u00f3xima temporada.<\/p>\n<p>As tratativas passam diretamente pelo empres\u00e1rio Gilmar Veloz, que responde pelos interesses do treinador e tamb\u00e9m foi abordado pelo Corinthians. O Flamengo acredita que tem as conversas mais adiantadas e est\u00e1 mais perto de um final feliz.<\/p>\n<p>Retirado de: O Globo<\/p>\n","protected":false},"excerpt":{"rendered":"<p>O Flamengo trata como &#8220;em andamento&#8221; o acerto com o t\u00e9cnico Tite para assumir a equipe de imediato e assinar at\u00e9 o fim de 2024. Mas h\u00e1 um misto de otimismo, cautela e sil\u00eancio total. O ass\u00e9dio do Corinthians ap\u00f3s a demiss\u00e3o de Vanderlei Luxemburgo \u00e9 visto com friezas pelos dirigentes cariocas, que admitem ter [&hellip;]<\/p>\n","protected":false},"author":1,"featured_media":87049,"comment_status":"open","ping_status":"closed","sticky":false,"template":"","format":"standard","meta":{"footnotes":""},"categories":[1],"tags":[171],"class_list":["post-107426","post","type-post","status-publish","format-standard","has-post-thumbnail","hentry","category-flamengo","tag-adenor-leonardo-bachi-tite"],"yoast_head":"<!-- This site is optimized with the Yoast SEO Premium plugin v24.2 (Yoast SEO v26.9) - https:\/\/yoast.com\/product\/yoast-seo-premium-wordpress\/ -->\n<title>Veja o que o Flamengo pensa sobre Tite ter sido procurado pelo Corinthians<\/title>\n<meta name=\"robots\" content=\"index, follow, max-snippet:-1, max-image-preview:large, max-video-preview:-1\" \/>\n<link rel=\"canonical\" href=\"https:\/\/www.gaveanews.com\/index.php\/2023\/09\/27\/veja-o-que-o-flamengo-pensa-sobre-tite-ter-sido-procurado-pelo-corinthians\/\" \/>\n<meta property=\"og:locale\" content=\"pt_BR\" \/>\n<meta property=\"og:type\" content=\"article\" \/>\n<meta property=\"og:title\" content=\"Veja o que o Flamengo pensa sobre Tite ter sido procurado pelo Corinthians\" \/>\n<meta property=\"og:description\" content=\"O Flamengo trata como &#8220;em andamento&#8221; o acerto com o t\u00e9cnico Tite para assumir a equipe de imediato e assinar at\u00e9 o fim de 2024. Mas h\u00e1 um misto de otimismo, cautela e sil\u00eancio total. O ass\u00e9dio do Corinthians ap\u00f3s a demiss\u00e3o de Vanderlei Luxemburgo \u00e9 visto com friezas pelos dirigentes cariocas, que admitem ter [&hellip;]\" \/>\n<meta property=\"og:url\" content=\"https:\/\/www.gaveanews.com\/index.php\/2023\/09\/27\/veja-o-que-o-flamengo-pensa-sobre-tite-ter-sido-procurado-pelo-corinthians\/\" \/>\n<meta property=\"og:site_name\" content=\"G\u00e1vea News\" \/>\n<meta property=\"article:publisher\" content=\"https:\/\/facebook.com\/gaveaNews\/\" \/>\n<meta property=\"article:published_time\" content=\"2023-09-27T23:53:50+00:00\" \/>\n<meta property=\"article:modified_time\" content=\"2024-04-07T02:23:07+00:00\" \/>\n<meta property=\"og:image\" content=\"https:\/\/www.gaveanews.com\/wp-content\/uploads\/Tite-tecnico-da-Selecao-Brasileira-em-entrevista-coletiva.webp\" \/>\n\t<meta property=\"og:image:width\" content=\"600\" \/>\n\t<meta property=\"og:image:height\" content=\"400\" \/>\n\t<meta property=\"og:image:type\" content=\"image\/jpeg\" \/>\n<meta name=\"author\" content=\"Equipe G\u00e1vea News\" \/>\n<meta name=\"twitter:card\" content=\"summary_large_image\" \/>\n<meta name=\"twitter:label1\" content=\"Escrito por\" \/>\n\t<meta name=\"twitter:data1\" content=\"Equipe G\u00e1vea News\" \/>\n\t<meta name=\"twitter:label2\" content=\"Est. tempo de leitura\" \/>\n\t<meta name=\"twitter:data2\" content=\"2 minutos\" \/>\n<script type=\"application\/ld+json\" class=\"yoast-schema-graph\">{\"@context\":\"https:\/\/schema.org\",\"@graph\":[{\"@type\":\"NewsArticle\",\"@id\":\"https:\/\/www.gaveanews.com\/index.php\/2023\/09\/27\/veja-o-que-o-flamengo-pensa-sobre-tite-ter-sido-procurado-pelo-corinthians\/#article\",\"isPartOf\":{\"@id\":\"https:\/\/www.gaveanews.com\/index.php\/2023\/09\/27\/veja-o-que-o-flamengo-pensa-sobre-tite-ter-sido-procurado-pelo-corinthians\/\"},\"author\":{\"name\":\"Equipe G\u00e1vea News\",\"@id\":\"https:\/\/www.gaveanews.com\/#\/schema\/person\/2ec14f73fb96be2caf28f91afb14749d\"},\"headline\":\"Veja o que o Flamengo pensa sobre Tite ter sido procurado pelo Corinthians\",\"datePublished\":\"2023-09-27T23:53:50+00:00\",\"dateModified\":\"2024-04-07T02:23:07+00:00\",\"mainEntityOfPage\":{\"@id\":\"https:\/\/www.gaveanews.com\/index.php\/2023\/09\/27\/veja-o-que-o-flamengo-pensa-sobre-tite-ter-sido-procurado-pelo-corinthians\/\"},\"wordCount\":235,\"commentCount\":0,\"image\":{\"@id\":\"https:\/\/www.gaveanews.com\/index.php\/2023\/09\/27\/veja-o-que-o-flamengo-pensa-sobre-tite-ter-sido-procurado-pelo-corinthians\/#primaryimage\"},\"thumbnailUrl\":\"https:\/\/www.gaveanews.com\/wp-content\/uploads\/Tite-tecnico-da-Selecao-Brasileira-em-entrevista-coletiva.webp\",\"keywords\":[\"Adenor Leonardo Bachi\"],\"articleSection\":[\"Flamengo\"],\"inLanguage\":\"pt-BR\",\"potentialAction\":[{\"@type\":\"CommentAction\",\"name\":\"Comment\",\"target\":[\"https:\/\/www.gaveanews.com\/index.php\/2023\/09\/27\/veja-o-que-o-flamengo-pensa-sobre-tite-ter-sido-procurado-pelo-corinthians\/#respond\"]}],\"copyrightYear\":\"2023\",\"copyrightHolder\":{\"@id\":\"https:\/\/www.gaveanews.com\/#organization\"}},{\"@type\":\"WebPage\",\"@id\":\"https:\/\/www.gaveanews.com\/index.php\/2023\/09\/27\/veja-o-que-o-flamengo-pensa-sobre-tite-ter-sido-procurado-pelo-corinthians\/\",\"url\":\"https:\/\/www.gaveanews.com\/index.php\/2023\/09\/27\/veja-o-que-o-flamengo-pensa-sobre-tite-ter-sido-procurado-pelo-corinthians\/\",\"name\":\"Veja o que o Flamengo pensa sobre Tite ter sido procurado pelo Corinthians\",\"isPartOf\":{\"@id\":\"https:\/\/www.gaveanews.com\/#website\"},\"primaryImageOfPage\":{\"@id\":\"https:\/\/www.gaveanews.com\/index.php\/2023\/09\/27\/veja-o-que-o-flamengo-pensa-sobre-tite-ter-sido-procurado-pelo-corinthians\/#primaryimage\"},\"image\":{\"@id\":\"https:\/\/www.gaveanews.com\/index.php\/2023\/09\/27\/veja-o-que-o-flamengo-pensa-sobre-tite-ter-sido-procurado-pelo-corinthians\/#primaryimage\"},\"thumbnailUrl\":\"https:\/\/www.gaveanews.com\/wp-content\/uploads\/Tite-tecnico-da-Selecao-Brasileira-em-entrevista-coletiva.webp\",\"datePublished\":\"2023-09-27T23:53:50+00:00\",\"dateModified\":\"2024-04-07T02:23:07+00:00\",\"author\":{\"@id\":\"https:\/\/www.gaveanews.com\/#\/schema\/person\/2ec14f73fb96be2caf28f91afb14749d\"},\"breadcrumb\":{\"@id\":\"https:\/\/www.gaveanews.com\/index.php\/2023\/09\/27\/veja-o-que-o-flamengo-pensa-sobre-tite-ter-sido-procurado-pelo-corinthians\/#breadcrumb\"},\"inLanguage\":\"pt-BR\",\"potentialAction\":[{\"@type\":\"ReadAction\",\"target\":[\"https:\/\/www.gaveanews.com\/index.php\/2023\/09\/27\/veja-o-que-o-flamengo-pensa-sobre-tite-ter-sido-procurado-pelo-corinthians\/\"]}]},{\"@type\":\"ImageObject\",\"inLanguage\":\"pt-BR\",\"@id\":\"https:\/\/www.gaveanews.com\/index.php\/2023\/09\/27\/veja-o-que-o-flamengo-pensa-sobre-tite-ter-sido-procurado-pelo-corinthians\/#primaryimage\",\"url\":\"https:\/\/www.gaveanews.com\/wp-content\/uploads\/Tite-tecnico-da-Selecao-Brasileira-em-entrevista-coletiva.webp\",\"contentUrl\":\"https:\/\/www.gaveanews.com\/wp-content\/uploads\/Tite-tecnico-da-Selecao-Brasileira-em-entrevista-coletiva.webp\",\"width\":600,\"height\":400,\"caption\":\"Tite, ex-t\u00e9cnico da Sele\u00e7\u00e3o Brasileira, em entrevista coletiva (Foto: Lucas Figueiredo\/CBF)\"},{\"@type\":\"BreadcrumbList\",\"@id\":\"https:\/\/www.gaveanews.com\/index.php\/2023\/09\/27\/veja-o-que-o-flamengo-pensa-sobre-tite-ter-sido-procurado-pelo-corinthians\/#breadcrumb\",\"itemListElement\":[{\"@type\":\"ListItem\",\"position\":1,\"name\":\"Home\",\"item\":\"https:\/\/www.gaveanews.com\/\"},{\"@type\":\"ListItem\",\"position\":2,\"name\":\"Veja o que o Flamengo pensa sobre Tite ter sido procurado pelo Corinthians\"}]},{\"@type\":\"WebSite\",\"@id\":\"https:\/\/www.gaveanews.com\/#website\",\"url\":\"https:\/\/www.gaveanews.com\/\",\"name\":\"G\u00e1vea News\",\"description\":\"Veja todas as not\u00edcias sobre o Flamengo: Contrata\u00e7\u00f5es, categorias de base, resultados das partidas, tabela de classifica\u00e7\u00e3o, pr\u00f3ximos jogos!\",\"potentialAction\":[{\"@type\":\"SearchAction\",\"target\":{\"@type\":\"EntryPoint\",\"urlTemplate\":\"https:\/\/www.gaveanews.com\/?s={search_term_string}\"},\"query-input\":{\"@type\":\"PropertyValueSpecification\",\"valueRequired\":true,\"valueName\":\"search_term_string\"}}],\"inLanguage\":\"pt-BR\"},{\"@type\":\"Person\",\"@id\":\"https:\/\/www.gaveanews.com\/#\/schema\/person\/2ec14f73fb96be2caf28f91afb14749d\",\"name\":\"Equipe G\u00e1vea News\",\"image\":{\"@type\":\"ImageObject\",\"inLanguage\":\"pt-BR\",\"@id\":\"https:\/\/www.gaveanews.com\/#\/schema\/person\/image\/\",\"url\":\"https:\/\/secure.gravatar.com\/avatar\/1e1956f1facbffd3f8fa53a326721950116b3b9dc9bd44939c01180fd4a745a9?s=96&d=mm&r=g\",\"contentUrl\":\"https:\/\/secure.gravatar.com\/avatar\/1e1956f1facbffd3f8fa53a326721950116b3b9dc9bd44939c01180fd4a745a9?s=96&d=mm&r=g\",\"caption\":\"Equipe G\u00e1vea News\"}}]}<\/script>\n<!-- \/ Yoast SEO Premium plugin. -->","yoast_head_json":{"title":"Veja o que o Flamengo pensa sobre Tite ter sido procurado pelo Corinthians","robots":{"index":"index","follow":"follow","max-snippet":"max-snippet:-1","max-image-preview":"max-image-preview:large","max-video-preview":"max-video-preview:-1"},"canonical":"https:\/\/www.gaveanews.com\/index.php\/2023\/09\/27\/veja-o-que-o-flamengo-pensa-sobre-tite-ter-sido-procurado-pelo-corinthians\/","og_locale":"pt_BR","og_type":"article","og_title":"Veja o que o Flamengo pensa sobre Tite ter sido procurado pelo Corinthians","og_description":"O Flamengo trata como &#8220;em andamento&#8221; o acerto com o t\u00e9cnico Tite para assumir a equipe de imediato e assinar at\u00e9 o fim de 2024. Mas h\u00e1 um misto de otimismo, cautela e sil\u00eancio total. O ass\u00e9dio do Corinthians ap\u00f3s a demiss\u00e3o de Vanderlei Luxemburgo \u00e9 visto com friezas pelos dirigentes cariocas, que admitem ter [&hellip;]","og_url":"https:\/\/www.gaveanews.com\/index.php\/2023\/09\/27\/veja-o-que-o-flamengo-pensa-sobre-tite-ter-sido-procurado-pelo-corinthians\/","og_site_name":"G\u00e1vea News","article_publisher":"https:\/\/facebook.com\/gaveaNews\/","article_published_time":"2023-09-27T23:53:50+00:00","article_modified_time":"2024-04-07T02:23:07+00:00","og_image":[{"width":600,"height":400,"url":"https:\/\/www.gaveanews.com\/wp-content\/uploads\/Tite-tecnico-da-Selecao-Brasileira-em-entrevista-coletiva.webp","type":"image\/jpeg"}],"author":"Equipe G\u00e1vea News","twitter_card":"summary_large_image","twitter_misc":{"Escrito por":"Equipe G\u00e1vea News","Est. tempo de leitura":"2 minutos"},"schema":{"@context":"https:\/\/schema.org","@graph":[{"@type":"NewsArticle","@id":"https:\/\/www.gaveanews.com\/index.php\/2023\/09\/27\/veja-o-que-o-flamengo-pensa-sobre-tite-ter-sido-procurado-pelo-corinthians\/#article","isPartOf":{"@id":"https:\/\/www.gaveanews.com\/index.php\/2023\/09\/27\/veja-o-que-o-flamengo-pensa-sobre-tite-ter-sido-procurado-pelo-corinthians\/"},"author":{"name":"Equipe G\u00e1vea News","@id":"https:\/\/www.gaveanews.com\/#\/schema\/person\/2ec14f73fb96be2caf28f91afb14749d"},"headline":"Veja o que o Flamengo pensa sobre Tite ter sido procurado pelo Corinthians","datePublished":"2023-09-27T23:53:50+00:00","dateModified":"2024-04-07T02:23:07+00:00","mainEntityOfPage":{"@id":"https:\/\/www.gaveanews.com\/index.php\/2023\/09\/27\/veja-o-que-o-flamengo-pensa-sobre-tite-ter-sido-procurado-pelo-corinthians\/"},"wordCount":235,"commentCount":0,"image":{"@id":"https:\/\/www.gaveanews.com\/index.php\/2023\/09\/27\/veja-o-que-o-flamengo-pensa-sobre-tite-ter-sido-procurado-pelo-corinthians\/#primaryimage"},"thumbnailUrl":"https:\/\/www.gaveanews.com\/wp-content\/uploads\/Tite-tecnico-da-Selecao-Brasileira-em-entrevista-coletiva.webp","keywords":["Adenor Leonardo Bachi"],"articleSection":["Flamengo"],"inLanguage":"pt-BR","potentialAction":[{"@type":"CommentAction","name":"Comment","target":["https:\/\/www.gaveanews.com\/index.php\/2023\/09\/27\/veja-o-que-o-flamengo-pensa-sobre-tite-ter-sido-procurado-pelo-corinthians\/#respond"]}],"copyrightYear":"2023","copyrightHolder":{"@id":"https:\/\/www.gaveanews.com\/#organization"}},{"@type":"WebPage","@id":"https:\/\/www.gaveanews.com\/index.php\/2023\/09\/27\/veja-o-que-o-flamengo-pensa-sobre-tite-ter-sido-procurado-pelo-corinthians\/","url":"https:\/\/www.gaveanews.com\/index.php\/2023\/09\/27\/veja-o-que-o-flamengo-pensa-sobre-tite-ter-sido-procurado-pelo-corinthians\/","name":"Veja o que o Flamengo pensa sobre Tite ter sido procurado pelo Corinthians","isPartOf":{"@id":"https:\/\/www.gaveanews.com\/#website"},"primaryImageOfPage":{"@id":"https:\/\/www.gaveanews.com\/index.php\/2023\/09\/27\/veja-o-que-o-flamengo-pensa-sobre-tite-ter-sido-procurado-pelo-corinthians\/#primaryimage"},"image":{"@id":"https:\/\/www.gaveanews.com\/index.php\/2023\/09\/27\/veja-o-que-o-flamengo-pensa-sobre-tite-ter-sido-procurado-pelo-corinthians\/#primaryimage"},"thumbnailUrl":"https:\/\/www.gaveanews.com\/wp-content\/uploads\/Tite-tecnico-da-Selecao-Brasileira-em-entrevista-coletiva.webp","datePublished":"2023-09-27T23:53:50+00:00","dateModified":"2024-04-07T02:23:07+00:00","author":{"@id":"https:\/\/www.gaveanews.com\/#\/schema\/person\/2ec14f73fb96be2caf28f91afb14749d"},"breadcrumb":{"@id":"https:\/\/www.gaveanews.com\/index.php\/2023\/09\/27\/veja-o-que-o-flamengo-pensa-sobre-tite-ter-sido-procurado-pelo-corinthians\/#breadcrumb"},"inLanguage":"pt-BR","potentialAction":[{"@type":"ReadAction","target":["https:\/\/www.gaveanews.com\/index.php\/2023\/09\/27\/veja-o-que-o-flamengo-pensa-sobre-tite-ter-sido-procurado-pelo-corinthians\/"]}]},{"@type":"ImageObject","inLanguage":"pt-BR","@id":"https:\/\/www.gaveanews.com\/index.php\/2023\/09\/27\/veja-o-que-o-flamengo-pensa-sobre-tite-ter-sido-procurado-pelo-corinthians\/#primaryimage","url":"https:\/\/www.gaveanews.com\/wp-content\/uploads\/Tite-tecnico-da-Selecao-Brasileira-em-entrevista-coletiva.webp","contentUrl":"https:\/\/www.gaveanews.com\/wp-content\/uploads\/Tite-tecnico-da-Selecao-Brasileira-em-entrevista-coletiva.webp","width":600,"height":400,"caption":"Tite, ex-t\u00e9cnico da Sele\u00e7\u00e3o Brasileira, em entrevista coletiva (Foto: Lucas Figueiredo\/CBF)"},{"@type":"BreadcrumbList","@id":"https:\/\/www.gaveanews.com\/index.php\/2023\/09\/27\/veja-o-que-o-flamengo-pensa-sobre-tite-ter-sido-procurado-pelo-corinthians\/#breadcrumb","itemListElement":[{"@type":"ListItem","position":1,"name":"Home","item":"https:\/\/www.gaveanews.com\/"},{"@type":"ListItem","position":2,"name":"Veja o que o Flamengo pensa sobre Tite ter sido procurado pelo Corinthians"}]},{"@type":"WebSite","@id":"https:\/\/www.gaveanews.com\/#website","url":"https:\/\/www.gaveanews.com\/","name":"G\u00e1vea News","description":"Veja todas as not\u00edcias sobre o Flamengo: Contrata\u00e7\u00f5es, categorias de base, resultados das partidas, tabela de classifica\u00e7\u00e3o, pr\u00f3ximos jogos!","potentialAction":[{"@type":"SearchAction","target":{"@type":"EntryPoint","urlTemplate":"https:\/\/www.gaveanews.com\/?s={search_term_string}"},"query-input":{"@type":"PropertyValueSpecification","valueRequired":true,"valueName":"search_term_string"}}],"inLanguage":"pt-BR"},{"@type":"Person","@id":"https:\/\/www.gaveanews.com\/#\/schema\/person\/2ec14f73fb96be2caf28f91afb14749d","name":"Equipe G\u00e1vea News","image":{"@type":"ImageObject","inLanguage":"pt-BR","@id":"https:\/\/www.gaveanews.com\/#\/schema\/person\/image\/","url":"https:\/\/secure.gravatar.com\/avatar\/1e1956f1facbffd3f8fa53a326721950116b3b9dc9bd44939c01180fd4a745a9?s=96&d=mm&r=g","contentUrl":"https:\/\/secure.gravatar.com\/avatar\/1e1956f1facbffd3f8fa53a326721950116b3b9dc9bd44939c01180fd4a745a9?s=96&d=mm&r=g","caption":"Equipe G\u00e1vea News"}}]}},"_links":{"self":[{"href":"https:\/\/www.gaveanews.com\/index.php\/wp-json\/wp\/v2\/posts\/107426","targetHints":{"allow":["GET"]}}],"collection":[{"href":"https:\/\/www.gaveanews.com\/index.php\/wp-json\/wp\/v2\/posts"}],"about":[{"href":"https:\/\/www.gaveanews.com\/index.php\/wp-json\/wp\/v2\/types\/post"}],"author":[{"embeddable":true,"href":"https:\/\/www.gaveanews.com\/index.php\/wp-json\/wp\/v2\/users\/1"}],"replies":[{"embeddable":true,"href":"https:\/\/www.gaveanews.com\/index.php\/wp-json\/wp\/v2\/comments?post=107426"}],"version-history":[{"count":1,"href":"https:\/\/www.gaveanews.com\/index.php\/wp-json\/wp\/v2\/posts\/107426\/revisions"}],"predecessor-version":[{"id":135224,"href":"https:\/\/www.gaveanews.com\/index.php\/wp-json\/wp\/v2\/posts\/107426\/revisions\/135224"}],"wp:featuredmedia":[{"embeddable":true,"href":"https:\/\/www.gaveanews.com\/index.php\/wp-json\/wp\/v2\/media\/87049"}],"wp:attachment":[{"href":"https:\/\/www.gaveanews.com\/index.php\/wp-json\/wp\/v2\/media?parent=107426"}],"wp:term":[{"taxonomy":"category","embeddable":true,"href":"https:\/\/www.gaveanews.com\/index.php\/wp-json\/wp\/v2\/categories?post=107426"},{"taxonomy":"post_tag","embeddable":true,"href":"https:\/\/www.gaveanews.com\/index.php\/wp-json\/wp\/v2\/tags?post=107426"}],"curies":[{"name":"wp","href":"https:\/\/api.w.org\/{rel}","templated":true}]}}