{"id":107549,"date":"2023-09-29T10:03:00","date_gmt":"2023-09-29T13:03:00","guid":{"rendered":"https:\/\/www.gaveanews.com\/?p=107549"},"modified":"2023-09-30T11:53:36","modified_gmt":"2023-09-30T14:53:36","slug":"confira-a-agenda-do-flamengo-para-o-mes-de-outubro","status":"publish","type":"post","link":"https:\/\/www.gaveanews.com\/index.php\/2023\/09\/29\/confira-a-agenda-do-flamengo-para-o-mes-de-outubro\/","title":{"rendered":"Confira a agenda do Flamengo para o m\u00eas de outubro"},"content":{"rendered":"<p>Por: Let\u00edcia Gerheim<\/p>\n<p>Eliminado precocemente da Libertadores e vice da Copa do Brasil, o Flamengo inicia o m\u00eas de outubro precisando focar no Campeonato Brasileiro para garantir vaga na pr\u00f3xima edi\u00e7\u00e3o do principal torneio da Am\u00e9rica do Sul. Os dirigentes decidiram pela sa\u00edda de Sampaoli e tentam correr atr\u00e1s do preju\u00edzo acumulado pela temporada ruim.<\/p>\n<p>Vale lembrar que o clube precisa estar entre os quatro primeiros colocados da tabela para se classificar para a fase de grupos da Libertadores. Caso fique em quinto ou sexto lugar, o grupo precisar\u00e1 disputar a pr\u00e9-Libertadores.<\/p>\n<p>Neste m\u00eas o time ter\u00e1 duelos importantes para disputar na busca pelos pontos na competi\u00e7\u00e3o nacional, embates estes que envolvem rivais de interestaduais e cl\u00e1ssico carioca.<\/p>\n<p>O primeiro compromisso de outubro acontece no dia 7 (s\u00e1bado), quando a delega\u00e7\u00e3o rubro-negra viaja a S\u00e3o Paulo para visitar o Corinthians.<\/p>\n<p>Ap\u00f3s o duelo, o futebol brasileiro ser\u00e1 paralisado por conta da Data Fifa. Cabe lembrar que Gerson foi convocado pela Sele\u00e7\u00e3o Brasileira e ter\u00e1 que se ausentar das atividades rubro-negras.<\/p>\n<p>A Canarinho entra em campo nos dias 12 e 17 para enfrentar Venezuela e Uruguai, respectivamente, pelas Eliminat\u00f3rias da Copa do Mundo 2026.<\/p>\n<p>A agenda do Flamengo retorna somente no dia 19 (quinta-feira). O elenco far\u00e1 ponte interestadual novamente, desta vez com destino a Minas Gerais, onde encontra o Cruzeiro.<\/p>\n<p>Logo em seguida a delega\u00e7\u00e3o retorna ao Rio de Janeiro para se preparar para o cl\u00e1ssico contra o Vasco do dia 22 (domingo). Neste confronto o Flamengo ser\u00e1 o mandante.<\/p>\n<p>O \u00faltimo compromisso do m\u00eas acontece no dia 25 (quarta-feira). Nesta data o Mais Querido visita o Gr\u00eamio em Porto Alegre.<\/p>\n<h2>Jogos do Flamengo em outubro:<\/h2>\n<ul>\n<li>07\/10 &#8211; Corinthians x Flamengo &#8211; 21h &#8211; Neo Qu\u00edmica Arena<\/li>\n<li>19\/10 &#8211; Cruzeiro x Flamengo &#8211; 19h &#8211; Mineir\u00e3o<\/li>\n<li>22\/10 &#8211; Flamengo x Vasco &#8211; 16h &#8211; Maracan\u00e3<\/li>\n<li>25\/10 &#8211; Gr\u00eamio x Flamengo &#8211; 21h30 &#8211; Arena do Gr\u00eamio<\/li>\n<\/ul>\n","protected":false},"excerpt":{"rendered":"<p>Por: Let\u00edcia Gerheim Eliminado precocemente da Libertadores e vice da Copa do Brasil, o Flamengo inicia o m\u00eas de outubro precisando focar no Campeonato Brasileiro para garantir vaga na pr\u00f3xima edi\u00e7\u00e3o do principal torneio da Am\u00e9rica do Sul. Os dirigentes decidiram pela sa\u00edda de Sampaoli e tentam correr atr\u00e1s do preju\u00edzo acumulado pela temporada ruim. [&hellip;]<\/p>\n","protected":false},"author":4,"featured_media":102575,"comment_status":"open","ping_status":"closed","sticky":false,"template":"","format":"standard","meta":{"footnotes":""},"categories":[1],"tags":[],"class_list":["post-107549","post","type-post","status-publish","format-standard","has-post-thumbnail","hentry","category-flamengo"],"yoast_head":"<!-- This site is optimized with the Yoast SEO Premium plugin v24.2 (Yoast SEO v26.9) - https:\/\/yoast.com\/product\/yoast-seo-premium-wordpress\/ -->\n<title>Confira a agenda do Flamengo para o m\u00eas de outubro<\/title>\n<meta name=\"robots\" content=\"index, follow, max-snippet:-1, max-image-preview:large, max-video-preview:-1\" \/>\n<link rel=\"canonical\" href=\"https:\/\/www.gaveanews.com\/index.php\/2023\/09\/29\/confira-a-agenda-do-flamengo-para-o-mes-de-outubro\/\" \/>\n<meta property=\"og:locale\" content=\"pt_BR\" \/>\n<meta property=\"og:type\" content=\"article\" \/>\n<meta property=\"og:title\" content=\"Confira a agenda do Flamengo para o m\u00eas de outubro\" \/>\n<meta property=\"og:description\" content=\"Por: Let\u00edcia Gerheim Eliminado precocemente da Libertadores e vice da Copa do Brasil, o Flamengo inicia o m\u00eas de outubro precisando focar no Campeonato Brasileiro para garantir vaga na pr\u00f3xima edi\u00e7\u00e3o do principal torneio da Am\u00e9rica do Sul. Os dirigentes decidiram pela sa\u00edda de Sampaoli e tentam correr atr\u00e1s do preju\u00edzo acumulado pela temporada ruim. [&hellip;]\" \/>\n<meta property=\"og:url\" content=\"https:\/\/www.gaveanews.com\/index.php\/2023\/09\/29\/confira-a-agenda-do-flamengo-para-o-mes-de-outubro\/\" \/>\n<meta property=\"og:site_name\" content=\"G\u00e1vea News\" \/>\n<meta property=\"article:publisher\" content=\"https:\/\/facebook.com\/gaveaNews\/\" \/>\n<meta property=\"article:published_time\" content=\"2023-09-29T13:03:00+00:00\" \/>\n<meta property=\"article:modified_time\" content=\"2023-09-30T14:53:36+00:00\" \/>\n<meta property=\"og:image\" content=\"https:\/\/www.gaveanews.com\/wp-content\/uploads\/chrome_EiMugKRveb.webp\" \/>\n\t<meta property=\"og:image:width\" content=\"981\" \/>\n\t<meta property=\"og:image:height\" content=\"648\" \/>\n\t<meta property=\"og:image:type\" content=\"image\/png\" \/>\n<meta name=\"author\" content=\"Let\u00edcia Gerheim\" \/>\n<meta name=\"twitter:card\" content=\"summary_large_image\" \/>\n<meta name=\"twitter:label1\" content=\"Escrito por\" \/>\n\t<meta name=\"twitter:data1\" content=\"Let\u00edcia Gerheim\" \/>\n\t<meta name=\"twitter:label2\" content=\"Est. tempo de leitura\" \/>\n\t<meta name=\"twitter:data2\" content=\"2 minutos\" \/>\n<script type=\"application\/ld+json\" class=\"yoast-schema-graph\">{\"@context\":\"https:\/\/schema.org\",\"@graph\":[{\"@type\":\"NewsArticle\",\"@id\":\"https:\/\/www.gaveanews.com\/index.php\/2023\/09\/29\/confira-a-agenda-do-flamengo-para-o-mes-de-outubro\/#article\",\"isPartOf\":{\"@id\":\"https:\/\/www.gaveanews.com\/index.php\/2023\/09\/29\/confira-a-agenda-do-flamengo-para-o-mes-de-outubro\/\"},\"author\":{\"name\":\"Let\u00edcia Gerheim\",\"@id\":\"https:\/\/www.gaveanews.com\/#\/schema\/person\/714c67050b836198af2450ba1c142a67\"},\"headline\":\"Confira a agenda do Flamengo para o m\u00eas de outubro\",\"datePublished\":\"2023-09-29T13:03:00+00:00\",\"dateModified\":\"2023-09-30T14:53:36+00:00\",\"mainEntityOfPage\":{\"@id\":\"https:\/\/www.gaveanews.com\/index.php\/2023\/09\/29\/confira-a-agenda-do-flamengo-para-o-mes-de-outubro\/\"},\"wordCount\":342,\"commentCount\":0,\"image\":{\"@id\":\"https:\/\/www.gaveanews.com\/index.php\/2023\/09\/29\/confira-a-agenda-do-flamengo-para-o-mes-de-outubro\/#primaryimage\"},\"thumbnailUrl\":\"https:\/\/www.gaveanews.com\/wp-content\/uploads\/chrome_EiMugKRveb.webp\",\"articleSection\":[\"Flamengo\"],\"inLanguage\":\"pt-BR\",\"potentialAction\":[{\"@type\":\"CommentAction\",\"name\":\"Comment\",\"target\":[\"https:\/\/www.gaveanews.com\/index.php\/2023\/09\/29\/confira-a-agenda-do-flamengo-para-o-mes-de-outubro\/#respond\"]}],\"copyrightYear\":\"2023\",\"copyrightHolder\":{\"@id\":\"https:\/\/www.gaveanews.com\/#organization\"}},{\"@type\":\"WebPage\",\"@id\":\"https:\/\/www.gaveanews.com\/index.php\/2023\/09\/29\/confira-a-agenda-do-flamengo-para-o-mes-de-outubro\/\",\"url\":\"https:\/\/www.gaveanews.com\/index.php\/2023\/09\/29\/confira-a-agenda-do-flamengo-para-o-mes-de-outubro\/\",\"name\":\"Confira a agenda do Flamengo para o m\u00eas de outubro\",\"isPartOf\":{\"@id\":\"https:\/\/www.gaveanews.com\/#website\"},\"primaryImageOfPage\":{\"@id\":\"https:\/\/www.gaveanews.com\/index.php\/2023\/09\/29\/confira-a-agenda-do-flamengo-para-o-mes-de-outubro\/#primaryimage\"},\"image\":{\"@id\":\"https:\/\/www.gaveanews.com\/index.php\/2023\/09\/29\/confira-a-agenda-do-flamengo-para-o-mes-de-outubro\/#primaryimage\"},\"thumbnailUrl\":\"https:\/\/www.gaveanews.com\/wp-content\/uploads\/chrome_EiMugKRveb.webp\",\"datePublished\":\"2023-09-29T13:03:00+00:00\",\"dateModified\":\"2023-09-30T14:53:36+00:00\",\"author\":{\"@id\":\"https:\/\/www.gaveanews.com\/#\/schema\/person\/714c67050b836198af2450ba1c142a67\"},\"breadcrumb\":{\"@id\":\"https:\/\/www.gaveanews.com\/index.php\/2023\/09\/29\/confira-a-agenda-do-flamengo-para-o-mes-de-outubro\/#breadcrumb\"},\"inLanguage\":\"pt-BR\",\"potentialAction\":[{\"@type\":\"ReadAction\",\"target\":[\"https:\/\/www.gaveanews.com\/index.php\/2023\/09\/29\/confira-a-agenda-do-flamengo-para-o-mes-de-outubro\/\"]}]},{\"@type\":\"ImageObject\",\"inLanguage\":\"pt-BR\",\"@id\":\"https:\/\/www.gaveanews.com\/index.php\/2023\/09\/29\/confira-a-agenda-do-flamengo-para-o-mes-de-outubro\/#primaryimage\",\"url\":\"https:\/\/www.gaveanews.com\/wp-content\/uploads\/chrome_EiMugKRveb.webp\",\"contentUrl\":\"https:\/\/www.gaveanews.com\/wp-content\/uploads\/chrome_EiMugKRveb.webp\",\"width\":981,\"height\":648,\"caption\":\"Athletico x Flamengo na Copa do Brasil 2023 (Foto: Gabriel Machado\/AGIF)\"},{\"@type\":\"BreadcrumbList\",\"@id\":\"https:\/\/www.gaveanews.com\/index.php\/2023\/09\/29\/confira-a-agenda-do-flamengo-para-o-mes-de-outubro\/#breadcrumb\",\"itemListElement\":[{\"@type\":\"ListItem\",\"position\":1,\"name\":\"Home\",\"item\":\"https:\/\/www.gaveanews.com\/\"},{\"@type\":\"ListItem\",\"position\":2,\"name\":\"Confira a agenda do Flamengo para o m\u00eas de outubro\"}]},{\"@type\":\"WebSite\",\"@id\":\"https:\/\/www.gaveanews.com\/#website\",\"url\":\"https:\/\/www.gaveanews.com\/\",\"name\":\"G\u00e1vea News\",\"description\":\"Veja todas as not\u00edcias sobre o Flamengo: Contrata\u00e7\u00f5es, categorias de base, resultados das partidas, tabela de classifica\u00e7\u00e3o, pr\u00f3ximos jogos!\",\"potentialAction\":[{\"@type\":\"SearchAction\",\"target\":{\"@type\":\"EntryPoint\",\"urlTemplate\":\"https:\/\/www.gaveanews.com\/?s={search_term_string}\"},\"query-input\":{\"@type\":\"PropertyValueSpecification\",\"valueRequired\":true,\"valueName\":\"search_term_string\"}}],\"inLanguage\":\"pt-BR\"},{\"@type\":\"Person\",\"@id\":\"https:\/\/www.gaveanews.com\/#\/schema\/person\/714c67050b836198af2450ba1c142a67\",\"name\":\"Let\u00edcia Gerheim\",\"image\":{\"@type\":\"ImageObject\",\"inLanguage\":\"pt-BR\",\"@id\":\"https:\/\/www.gaveanews.com\/#\/schema\/person\/image\/\",\"url\":\"https:\/\/secure.gravatar.com\/avatar\/60734739c50fcebfbac509e2a826ccd0ff405c019bc73aab9354f19ecad1dcb4?s=96&d=mm&r=g\",\"contentUrl\":\"https:\/\/secure.gravatar.com\/avatar\/60734739c50fcebfbac509e2a826ccd0ff405c019bc73aab9354f19ecad1dcb4?s=96&d=mm&r=g\",\"caption\":\"Let\u00edcia Gerheim\"}}]}<\/script>\n<!-- \/ Yoast SEO Premium plugin. -->","yoast_head_json":{"title":"Confira a agenda do Flamengo para o m\u00eas de outubro","robots":{"index":"index","follow":"follow","max-snippet":"max-snippet:-1","max-image-preview":"max-image-preview:large","max-video-preview":"max-video-preview:-1"},"canonical":"https:\/\/www.gaveanews.com\/index.php\/2023\/09\/29\/confira-a-agenda-do-flamengo-para-o-mes-de-outubro\/","og_locale":"pt_BR","og_type":"article","og_title":"Confira a agenda do Flamengo para o m\u00eas de outubro","og_description":"Por: Let\u00edcia Gerheim Eliminado precocemente da Libertadores e vice da Copa do Brasil, o Flamengo inicia o m\u00eas de outubro precisando focar no Campeonato Brasileiro para garantir vaga na pr\u00f3xima edi\u00e7\u00e3o do principal torneio da Am\u00e9rica do Sul. Os dirigentes decidiram pela sa\u00edda de Sampaoli e tentam correr atr\u00e1s do preju\u00edzo acumulado pela temporada ruim. [&hellip;]","og_url":"https:\/\/www.gaveanews.com\/index.php\/2023\/09\/29\/confira-a-agenda-do-flamengo-para-o-mes-de-outubro\/","og_site_name":"G\u00e1vea News","article_publisher":"https:\/\/facebook.com\/gaveaNews\/","article_published_time":"2023-09-29T13:03:00+00:00","article_modified_time":"2023-09-30T14:53:36+00:00","og_image":[{"width":981,"height":648,"url":"https:\/\/www.gaveanews.com\/wp-content\/uploads\/chrome_EiMugKRveb.webp","type":"image\/png"}],"author":"Let\u00edcia Gerheim","twitter_card":"summary_large_image","twitter_misc":{"Escrito por":"Let\u00edcia Gerheim","Est. tempo de leitura":"2 minutos"},"schema":{"@context":"https:\/\/schema.org","@graph":[{"@type":"NewsArticle","@id":"https:\/\/www.gaveanews.com\/index.php\/2023\/09\/29\/confira-a-agenda-do-flamengo-para-o-mes-de-outubro\/#article","isPartOf":{"@id":"https:\/\/www.gaveanews.com\/index.php\/2023\/09\/29\/confira-a-agenda-do-flamengo-para-o-mes-de-outubro\/"},"author":{"name":"Let\u00edcia Gerheim","@id":"https:\/\/www.gaveanews.com\/#\/schema\/person\/714c67050b836198af2450ba1c142a67"},"headline":"Confira a agenda do Flamengo para o m\u00eas de outubro","datePublished":"2023-09-29T13:03:00+00:00","dateModified":"2023-09-30T14:53:36+00:00","mainEntityOfPage":{"@id":"https:\/\/www.gaveanews.com\/index.php\/2023\/09\/29\/confira-a-agenda-do-flamengo-para-o-mes-de-outubro\/"},"wordCount":342,"commentCount":0,"image":{"@id":"https:\/\/www.gaveanews.com\/index.php\/2023\/09\/29\/confira-a-agenda-do-flamengo-para-o-mes-de-outubro\/#primaryimage"},"thumbnailUrl":"https:\/\/www.gaveanews.com\/wp-content\/uploads\/chrome_EiMugKRveb.webp","articleSection":["Flamengo"],"inLanguage":"pt-BR","potentialAction":[{"@type":"CommentAction","name":"Comment","target":["https:\/\/www.gaveanews.com\/index.php\/2023\/09\/29\/confira-a-agenda-do-flamengo-para-o-mes-de-outubro\/#respond"]}],"copyrightYear":"2023","copyrightHolder":{"@id":"https:\/\/www.gaveanews.com\/#organization"}},{"@type":"WebPage","@id":"https:\/\/www.gaveanews.com\/index.php\/2023\/09\/29\/confira-a-agenda-do-flamengo-para-o-mes-de-outubro\/","url":"https:\/\/www.gaveanews.com\/index.php\/2023\/09\/29\/confira-a-agenda-do-flamengo-para-o-mes-de-outubro\/","name":"Confira a agenda do Flamengo para o m\u00eas de outubro","isPartOf":{"@id":"https:\/\/www.gaveanews.com\/#website"},"primaryImageOfPage":{"@id":"https:\/\/www.gaveanews.com\/index.php\/2023\/09\/29\/confira-a-agenda-do-flamengo-para-o-mes-de-outubro\/#primaryimage"},"image":{"@id":"https:\/\/www.gaveanews.com\/index.php\/2023\/09\/29\/confira-a-agenda-do-flamengo-para-o-mes-de-outubro\/#primaryimage"},"thumbnailUrl":"https:\/\/www.gaveanews.com\/wp-content\/uploads\/chrome_EiMugKRveb.webp","datePublished":"2023-09-29T13:03:00+00:00","dateModified":"2023-09-30T14:53:36+00:00","author":{"@id":"https:\/\/www.gaveanews.com\/#\/schema\/person\/714c67050b836198af2450ba1c142a67"},"breadcrumb":{"@id":"https:\/\/www.gaveanews.com\/index.php\/2023\/09\/29\/confira-a-agenda-do-flamengo-para-o-mes-de-outubro\/#breadcrumb"},"inLanguage":"pt-BR","potentialAction":[{"@type":"ReadAction","target":["https:\/\/www.gaveanews.com\/index.php\/2023\/09\/29\/confira-a-agenda-do-flamengo-para-o-mes-de-outubro\/"]}]},{"@type":"ImageObject","inLanguage":"pt-BR","@id":"https:\/\/www.gaveanews.com\/index.php\/2023\/09\/29\/confira-a-agenda-do-flamengo-para-o-mes-de-outubro\/#primaryimage","url":"https:\/\/www.gaveanews.com\/wp-content\/uploads\/chrome_EiMugKRveb.webp","contentUrl":"https:\/\/www.gaveanews.com\/wp-content\/uploads\/chrome_EiMugKRveb.webp","width":981,"height":648,"caption":"Athletico x Flamengo na Copa do Brasil 2023 (Foto: Gabriel Machado\/AGIF)"},{"@type":"BreadcrumbList","@id":"https:\/\/www.gaveanews.com\/index.php\/2023\/09\/29\/confira-a-agenda-do-flamengo-para-o-mes-de-outubro\/#breadcrumb","itemListElement":[{"@type":"ListItem","position":1,"name":"Home","item":"https:\/\/www.gaveanews.com\/"},{"@type":"ListItem","position":2,"name":"Confira a agenda do Flamengo para o m\u00eas de outubro"}]},{"@type":"WebSite","@id":"https:\/\/www.gaveanews.com\/#website","url":"https:\/\/www.gaveanews.com\/","name":"G\u00e1vea News","description":"Veja todas as not\u00edcias sobre o Flamengo: Contrata\u00e7\u00f5es, categorias de base, resultados das partidas, tabela de classifica\u00e7\u00e3o, pr\u00f3ximos jogos!","potentialAction":[{"@type":"SearchAction","target":{"@type":"EntryPoint","urlTemplate":"https:\/\/www.gaveanews.com\/?s={search_term_string}"},"query-input":{"@type":"PropertyValueSpecification","valueRequired":true,"valueName":"search_term_string"}}],"inLanguage":"pt-BR"},{"@type":"Person","@id":"https:\/\/www.gaveanews.com\/#\/schema\/person\/714c67050b836198af2450ba1c142a67","name":"Let\u00edcia Gerheim","image":{"@type":"ImageObject","inLanguage":"pt-BR","@id":"https:\/\/www.gaveanews.com\/#\/schema\/person\/image\/","url":"https:\/\/secure.gravatar.com\/avatar\/60734739c50fcebfbac509e2a826ccd0ff405c019bc73aab9354f19ecad1dcb4?s=96&d=mm&r=g","contentUrl":"https:\/\/secure.gravatar.com\/avatar\/60734739c50fcebfbac509e2a826ccd0ff405c019bc73aab9354f19ecad1dcb4?s=96&d=mm&r=g","caption":"Let\u00edcia Gerheim"}}]}},"_links":{"self":[{"href":"https:\/\/www.gaveanews.com\/index.php\/wp-json\/wp\/v2\/posts\/107549","targetHints":{"allow":["GET"]}}],"collection":[{"href":"https:\/\/www.gaveanews.com\/index.php\/wp-json\/wp\/v2\/posts"}],"about":[{"href":"https:\/\/www.gaveanews.com\/index.php\/wp-json\/wp\/v2\/types\/post"}],"author":[{"embeddable":true,"href":"https:\/\/www.gaveanews.com\/index.php\/wp-json\/wp\/v2\/users\/4"}],"replies":[{"embeddable":true,"href":"https:\/\/www.gaveanews.com\/index.php\/wp-json\/wp\/v2\/comments?post=107549"}],"version-history":[{"count":0,"href":"https:\/\/www.gaveanews.com\/index.php\/wp-json\/wp\/v2\/posts\/107549\/revisions"}],"wp:featuredmedia":[{"embeddable":true,"href":"https:\/\/www.gaveanews.com\/index.php\/wp-json\/wp\/v2\/media\/102575"}],"wp:attachment":[{"href":"https:\/\/www.gaveanews.com\/index.php\/wp-json\/wp\/v2\/media?parent=107549"}],"wp:term":[{"taxonomy":"category","embeddable":true,"href":"https:\/\/www.gaveanews.com\/index.php\/wp-json\/wp\/v2\/categories?post=107549"},{"taxonomy":"post_tag","embeddable":true,"href":"https:\/\/www.gaveanews.com\/index.php\/wp-json\/wp\/v2\/tags?post=107549"}],"curies":[{"name":"wp","href":"https:\/\/api.w.org\/{rel}","templated":true}]}}