{"id":107730,"date":"2023-10-03T13:58:15","date_gmt":"2023-10-03T16:58:15","guid":{"rendered":"https:\/\/www.gaveanews.com\/?p=107730"},"modified":"2023-10-04T09:07:17","modified_gmt":"2023-10-04T12:07:17","slug":"alteracao-promovida-pela-cbf-ira-beneficiar-o-flamengo","status":"publish","type":"post","link":"https:\/\/www.gaveanews.com\/index.php\/2023\/10\/03\/alteracao-promovida-pela-cbf-ira-beneficiar-o-flamengo\/","title":{"rendered":"Altera\u00e7\u00e3o promovida pela CBF ir\u00e1 beneficiar o Flamengo"},"content":{"rendered":"\n<p>A Copa do Brasil 2023 chegou ao seu desfecho com o S\u00e3o Paulo conquistando o t\u00edtulo. No entanto, o torneio trouxe uma mudan\u00e7a not\u00e1vel na premia\u00e7\u00e3o, que beneficiou n\u00e3o apenas o campe\u00e3o, mas tamb\u00e9m outros 11 clubes. Pela primeira vez, os times que ingressaram diretamente na terceira fase do torneio foram contemplados com cotas retroativas referentes \u00e0s duas primeiras fases, mesmo sem terem entrado em campo durante essas etapas iniciais.<\/p>\n\n\n\n<p>Essa modifica\u00e7\u00e3o nas regras da premia\u00e7\u00e3o ocorreu no primeiro ano do novo ciclo comercial da Copa do Brasil, que abrange o per\u00edodo de 2023 a 2026. Anteriormente, no ciclo de 2018 a 2022, os clubes recebiam valores somente pelas fases que efetivamente disputavam.<\/p>\n\n\n\n<p>No caso dos 10 clubes da S\u00e9rie A que avan\u00e7aram para a terceira fase, eles foram agraciados com um b\u00f4nus significativo de R$ 3,1 milh\u00f5es, correspondendo a R$ 1,4 milh\u00e3o da primeira fase e R$ 1,7 milh\u00e3o da segunda fase. Como exemplo, o S\u00e3o Paulo, como campe\u00e3o, viu seu montante total de premia\u00e7\u00e3o alcan\u00e7ar a impressionante marca de R$ 91,8 milh\u00f5es, demonstrando o impacto positivo que essa mudan\u00e7a teve na distribui\u00e7\u00e3o das receitas do torneio.<\/p>\n\n\n\n<p>Esta altera\u00e7\u00e3o representa uma iniciativa importante da Confedera\u00e7\u00e3o Brasileira de Futebol (CBF) para tornar a premia\u00e7\u00e3o da Copa do Brasil mais equitativa e valorizar a participa\u00e7\u00e3o de todos os clubes envolvidos, independentemente do est\u00e1gio em que ingressam na competi\u00e7\u00e3o.<\/p>\n","protected":false},"excerpt":{"rendered":"<p>A Copa do Brasil 2023 chegou ao seu desfecho com o S\u00e3o Paulo conquistando o t\u00edtulo. No entanto, o torneio trouxe uma mudan\u00e7a not\u00e1vel na premia\u00e7\u00e3o, que beneficiou n\u00e3o apenas o campe\u00e3o, mas tamb\u00e9m outros 11 clubes. Pela primeira vez, os times que ingressaram diretamente na terceira fase do torneio foram contemplados com cotas retroativas [&hellip;]<\/p>\n","protected":false},"author":2,"featured_media":16271,"comment_status":"open","ping_status":"closed","sticky":false,"template":"","format":"standard","meta":{"footnotes":""},"categories":[1],"tags":[],"class_list":["post-107730","post","type-post","status-publish","format-standard","has-post-thumbnail","hentry","category-flamengo"],"yoast_head":"<!-- This site is optimized with the Yoast SEO Premium plugin v24.2 (Yoast SEO v26.9) - https:\/\/yoast.com\/product\/yoast-seo-premium-wordpress\/ -->\n<title>Altera\u00e7\u00e3o promovida pela CBF ir\u00e1 beneficiar o Flamengo<\/title>\n<meta name=\"robots\" content=\"index, follow, max-snippet:-1, max-image-preview:large, max-video-preview:-1\" \/>\n<link rel=\"canonical\" href=\"https:\/\/www.gaveanews.com\/index.php\/2023\/10\/03\/alteracao-promovida-pela-cbf-ira-beneficiar-o-flamengo\/\" \/>\n<meta property=\"og:locale\" content=\"pt_BR\" \/>\n<meta property=\"og:type\" content=\"article\" \/>\n<meta property=\"og:title\" content=\"Altera\u00e7\u00e3o promovida pela CBF ir\u00e1 beneficiar o Flamengo\" \/>\n<meta property=\"og:description\" content=\"A Copa do Brasil 2023 chegou ao seu desfecho com o S\u00e3o Paulo conquistando o t\u00edtulo. No entanto, o torneio trouxe uma mudan\u00e7a not\u00e1vel na premia\u00e7\u00e3o, que beneficiou n\u00e3o apenas o campe\u00e3o, mas tamb\u00e9m outros 11 clubes. Pela primeira vez, os times que ingressaram diretamente na terceira fase do torneio foram contemplados com cotas retroativas [&hellip;]\" \/>\n<meta property=\"og:url\" content=\"https:\/\/www.gaveanews.com\/index.php\/2023\/10\/03\/alteracao-promovida-pela-cbf-ira-beneficiar-o-flamengo\/\" \/>\n<meta property=\"og:site_name\" content=\"G\u00e1vea News\" \/>\n<meta property=\"article:publisher\" content=\"https:\/\/facebook.com\/gaveaNews\/\" \/>\n<meta property=\"article:published_time\" content=\"2023-10-03T16:58:15+00:00\" \/>\n<meta property=\"article:modified_time\" content=\"2023-10-04T12:07:17+00:00\" \/>\n<meta property=\"og:image\" content=\"https:\/\/www.gaveanews.com\/wp-content\/uploads\/2019\/02\/Sede-da-CBF-no-Rio-de-Janeiro.webp\" \/>\n\t<meta property=\"og:image:width\" content=\"690\" \/>\n\t<meta property=\"og:image:height\" content=\"518\" \/>\n\t<meta property=\"og:image:type\" content=\"image\/jpeg\" \/>\n<meta name=\"author\" content=\"Hugo Nogueira\" \/>\n<meta name=\"twitter:card\" content=\"summary_large_image\" \/>\n<meta name=\"twitter:label1\" content=\"Escrito por\" \/>\n\t<meta name=\"twitter:data1\" content=\"Hugo Nogueira\" \/>\n\t<meta name=\"twitter:label2\" content=\"Est. tempo de leitura\" \/>\n\t<meta name=\"twitter:data2\" content=\"2 minutos\" \/>\n<script type=\"application\/ld+json\" class=\"yoast-schema-graph\">{\"@context\":\"https:\/\/schema.org\",\"@graph\":[{\"@type\":\"NewsArticle\",\"@id\":\"https:\/\/www.gaveanews.com\/index.php\/2023\/10\/03\/alteracao-promovida-pela-cbf-ira-beneficiar-o-flamengo\/#article\",\"isPartOf\":{\"@id\":\"https:\/\/www.gaveanews.com\/index.php\/2023\/10\/03\/alteracao-promovida-pela-cbf-ira-beneficiar-o-flamengo\/\"},\"author\":{\"name\":\"Hugo Nogueira\",\"@id\":\"https:\/\/www.gaveanews.com\/#\/schema\/person\/3a0372021fabaeec4e7e4242cfa27841\"},\"headline\":\"Altera\u00e7\u00e3o promovida pela CBF ir\u00e1 beneficiar o Flamengo\",\"datePublished\":\"2023-10-03T16:58:15+00:00\",\"dateModified\":\"2023-10-04T12:07:17+00:00\",\"mainEntityOfPage\":{\"@id\":\"https:\/\/www.gaveanews.com\/index.php\/2023\/10\/03\/alteracao-promovida-pela-cbf-ira-beneficiar-o-flamengo\/\"},\"wordCount\":255,\"commentCount\":0,\"image\":{\"@id\":\"https:\/\/www.gaveanews.com\/index.php\/2023\/10\/03\/alteracao-promovida-pela-cbf-ira-beneficiar-o-flamengo\/#primaryimage\"},\"thumbnailUrl\":\"https:\/\/www.gaveanews.com\/wp-content\/uploads\/2019\/02\/Sede-da-CBF-no-Rio-de-Janeiro.webp\",\"articleSection\":[\"Flamengo\"],\"inLanguage\":\"pt-BR\",\"potentialAction\":[{\"@type\":\"CommentAction\",\"name\":\"Comment\",\"target\":[\"https:\/\/www.gaveanews.com\/index.php\/2023\/10\/03\/alteracao-promovida-pela-cbf-ira-beneficiar-o-flamengo\/#respond\"]}],\"copyrightYear\":\"2023\",\"copyrightHolder\":{\"@id\":\"https:\/\/www.gaveanews.com\/#organization\"}},{\"@type\":\"WebPage\",\"@id\":\"https:\/\/www.gaveanews.com\/index.php\/2023\/10\/03\/alteracao-promovida-pela-cbf-ira-beneficiar-o-flamengo\/\",\"url\":\"https:\/\/www.gaveanews.com\/index.php\/2023\/10\/03\/alteracao-promovida-pela-cbf-ira-beneficiar-o-flamengo\/\",\"name\":\"Altera\u00e7\u00e3o promovida pela CBF ir\u00e1 beneficiar o Flamengo\",\"isPartOf\":{\"@id\":\"https:\/\/www.gaveanews.com\/#website\"},\"primaryImageOfPage\":{\"@id\":\"https:\/\/www.gaveanews.com\/index.php\/2023\/10\/03\/alteracao-promovida-pela-cbf-ira-beneficiar-o-flamengo\/#primaryimage\"},\"image\":{\"@id\":\"https:\/\/www.gaveanews.com\/index.php\/2023\/10\/03\/alteracao-promovida-pela-cbf-ira-beneficiar-o-flamengo\/#primaryimage\"},\"thumbnailUrl\":\"https:\/\/www.gaveanews.com\/wp-content\/uploads\/2019\/02\/Sede-da-CBF-no-Rio-de-Janeiro.webp\",\"datePublished\":\"2023-10-03T16:58:15+00:00\",\"dateModified\":\"2023-10-04T12:07:17+00:00\",\"author\":{\"@id\":\"https:\/\/www.gaveanews.com\/#\/schema\/person\/3a0372021fabaeec4e7e4242cfa27841\"},\"breadcrumb\":{\"@id\":\"https:\/\/www.gaveanews.com\/index.php\/2023\/10\/03\/alteracao-promovida-pela-cbf-ira-beneficiar-o-flamengo\/#breadcrumb\"},\"inLanguage\":\"pt-BR\",\"potentialAction\":[{\"@type\":\"ReadAction\",\"target\":[\"https:\/\/www.gaveanews.com\/index.php\/2023\/10\/03\/alteracao-promovida-pela-cbf-ira-beneficiar-o-flamengo\/\"]}]},{\"@type\":\"ImageObject\",\"inLanguage\":\"pt-BR\",\"@id\":\"https:\/\/www.gaveanews.com\/index.php\/2023\/10\/03\/alteracao-promovida-pela-cbf-ira-beneficiar-o-flamengo\/#primaryimage\",\"url\":\"https:\/\/www.gaveanews.com\/wp-content\/uploads\/2019\/02\/Sede-da-CBF-no-Rio-de-Janeiro.webp\",\"contentUrl\":\"https:\/\/www.gaveanews.com\/wp-content\/uploads\/2019\/02\/Sede-da-CBF-no-Rio-de-Janeiro.webp\",\"width\":690,\"height\":518,\"caption\":\"Sede da CBF no Rio de Janeiro (Foto: Cah\u00ea Mota\/Globo Esporte)\"},{\"@type\":\"BreadcrumbList\",\"@id\":\"https:\/\/www.gaveanews.com\/index.php\/2023\/10\/03\/alteracao-promovida-pela-cbf-ira-beneficiar-o-flamengo\/#breadcrumb\",\"itemListElement\":[{\"@type\":\"ListItem\",\"position\":1,\"name\":\"Home\",\"item\":\"https:\/\/www.gaveanews.com\/\"},{\"@type\":\"ListItem\",\"position\":2,\"name\":\"Altera\u00e7\u00e3o promovida pela CBF ir\u00e1 beneficiar o Flamengo\"}]},{\"@type\":\"WebSite\",\"@id\":\"https:\/\/www.gaveanews.com\/#website\",\"url\":\"https:\/\/www.gaveanews.com\/\",\"name\":\"G\u00e1vea News\",\"description\":\"Veja todas as not\u00edcias sobre o Flamengo: Contrata\u00e7\u00f5es, categorias de base, resultados das partidas, tabela de classifica\u00e7\u00e3o, pr\u00f3ximos jogos!\",\"potentialAction\":[{\"@type\":\"SearchAction\",\"target\":{\"@type\":\"EntryPoint\",\"urlTemplate\":\"https:\/\/www.gaveanews.com\/?s={search_term_string}\"},\"query-input\":{\"@type\":\"PropertyValueSpecification\",\"valueRequired\":true,\"valueName\":\"search_term_string\"}}],\"inLanguage\":\"pt-BR\"},{\"@type\":\"Person\",\"@id\":\"https:\/\/www.gaveanews.com\/#\/schema\/person\/3a0372021fabaeec4e7e4242cfa27841\",\"name\":\"Hugo Nogueira\",\"image\":{\"@type\":\"ImageObject\",\"inLanguage\":\"pt-BR\",\"@id\":\"https:\/\/www.gaveanews.com\/#\/schema\/person\/image\/\",\"url\":\"https:\/\/secure.gravatar.com\/avatar\/0cdd89f3b47bb55926c08eee2db992845cfdd53f84c9fdd47a49d89b3cd40c0a?s=96&d=mm&r=g\",\"contentUrl\":\"https:\/\/secure.gravatar.com\/avatar\/0cdd89f3b47bb55926c08eee2db992845cfdd53f84c9fdd47a49d89b3cd40c0a?s=96&d=mm&r=g\",\"caption\":\"Hugo Nogueira\"}}]}<\/script>\n<!-- \/ Yoast SEO Premium plugin. -->","yoast_head_json":{"title":"Altera\u00e7\u00e3o promovida pela CBF ir\u00e1 beneficiar o Flamengo","robots":{"index":"index","follow":"follow","max-snippet":"max-snippet:-1","max-image-preview":"max-image-preview:large","max-video-preview":"max-video-preview:-1"},"canonical":"https:\/\/www.gaveanews.com\/index.php\/2023\/10\/03\/alteracao-promovida-pela-cbf-ira-beneficiar-o-flamengo\/","og_locale":"pt_BR","og_type":"article","og_title":"Altera\u00e7\u00e3o promovida pela CBF ir\u00e1 beneficiar o Flamengo","og_description":"A Copa do Brasil 2023 chegou ao seu desfecho com o S\u00e3o Paulo conquistando o t\u00edtulo. No entanto, o torneio trouxe uma mudan\u00e7a not\u00e1vel na premia\u00e7\u00e3o, que beneficiou n\u00e3o apenas o campe\u00e3o, mas tamb\u00e9m outros 11 clubes. Pela primeira vez, os times que ingressaram diretamente na terceira fase do torneio foram contemplados com cotas retroativas [&hellip;]","og_url":"https:\/\/www.gaveanews.com\/index.php\/2023\/10\/03\/alteracao-promovida-pela-cbf-ira-beneficiar-o-flamengo\/","og_site_name":"G\u00e1vea News","article_publisher":"https:\/\/facebook.com\/gaveaNews\/","article_published_time":"2023-10-03T16:58:15+00:00","article_modified_time":"2023-10-04T12:07:17+00:00","og_image":[{"width":690,"height":518,"url":"https:\/\/www.gaveanews.com\/wp-content\/uploads\/2019\/02\/Sede-da-CBF-no-Rio-de-Janeiro.webp","type":"image\/jpeg"}],"author":"Hugo Nogueira","twitter_card":"summary_large_image","twitter_misc":{"Escrito por":"Hugo Nogueira","Est. tempo de leitura":"2 minutos"},"schema":{"@context":"https:\/\/schema.org","@graph":[{"@type":"NewsArticle","@id":"https:\/\/www.gaveanews.com\/index.php\/2023\/10\/03\/alteracao-promovida-pela-cbf-ira-beneficiar-o-flamengo\/#article","isPartOf":{"@id":"https:\/\/www.gaveanews.com\/index.php\/2023\/10\/03\/alteracao-promovida-pela-cbf-ira-beneficiar-o-flamengo\/"},"author":{"name":"Hugo Nogueira","@id":"https:\/\/www.gaveanews.com\/#\/schema\/person\/3a0372021fabaeec4e7e4242cfa27841"},"headline":"Altera\u00e7\u00e3o promovida pela CBF ir\u00e1 beneficiar o Flamengo","datePublished":"2023-10-03T16:58:15+00:00","dateModified":"2023-10-04T12:07:17+00:00","mainEntityOfPage":{"@id":"https:\/\/www.gaveanews.com\/index.php\/2023\/10\/03\/alteracao-promovida-pela-cbf-ira-beneficiar-o-flamengo\/"},"wordCount":255,"commentCount":0,"image":{"@id":"https:\/\/www.gaveanews.com\/index.php\/2023\/10\/03\/alteracao-promovida-pela-cbf-ira-beneficiar-o-flamengo\/#primaryimage"},"thumbnailUrl":"https:\/\/www.gaveanews.com\/wp-content\/uploads\/2019\/02\/Sede-da-CBF-no-Rio-de-Janeiro.webp","articleSection":["Flamengo"],"inLanguage":"pt-BR","potentialAction":[{"@type":"CommentAction","name":"Comment","target":["https:\/\/www.gaveanews.com\/index.php\/2023\/10\/03\/alteracao-promovida-pela-cbf-ira-beneficiar-o-flamengo\/#respond"]}],"copyrightYear":"2023","copyrightHolder":{"@id":"https:\/\/www.gaveanews.com\/#organization"}},{"@type":"WebPage","@id":"https:\/\/www.gaveanews.com\/index.php\/2023\/10\/03\/alteracao-promovida-pela-cbf-ira-beneficiar-o-flamengo\/","url":"https:\/\/www.gaveanews.com\/index.php\/2023\/10\/03\/alteracao-promovida-pela-cbf-ira-beneficiar-o-flamengo\/","name":"Altera\u00e7\u00e3o promovida pela CBF ir\u00e1 beneficiar o Flamengo","isPartOf":{"@id":"https:\/\/www.gaveanews.com\/#website"},"primaryImageOfPage":{"@id":"https:\/\/www.gaveanews.com\/index.php\/2023\/10\/03\/alteracao-promovida-pela-cbf-ira-beneficiar-o-flamengo\/#primaryimage"},"image":{"@id":"https:\/\/www.gaveanews.com\/index.php\/2023\/10\/03\/alteracao-promovida-pela-cbf-ira-beneficiar-o-flamengo\/#primaryimage"},"thumbnailUrl":"https:\/\/www.gaveanews.com\/wp-content\/uploads\/2019\/02\/Sede-da-CBF-no-Rio-de-Janeiro.webp","datePublished":"2023-10-03T16:58:15+00:00","dateModified":"2023-10-04T12:07:17+00:00","author":{"@id":"https:\/\/www.gaveanews.com\/#\/schema\/person\/3a0372021fabaeec4e7e4242cfa27841"},"breadcrumb":{"@id":"https:\/\/www.gaveanews.com\/index.php\/2023\/10\/03\/alteracao-promovida-pela-cbf-ira-beneficiar-o-flamengo\/#breadcrumb"},"inLanguage":"pt-BR","potentialAction":[{"@type":"ReadAction","target":["https:\/\/www.gaveanews.com\/index.php\/2023\/10\/03\/alteracao-promovida-pela-cbf-ira-beneficiar-o-flamengo\/"]}]},{"@type":"ImageObject","inLanguage":"pt-BR","@id":"https:\/\/www.gaveanews.com\/index.php\/2023\/10\/03\/alteracao-promovida-pela-cbf-ira-beneficiar-o-flamengo\/#primaryimage","url":"https:\/\/www.gaveanews.com\/wp-content\/uploads\/2019\/02\/Sede-da-CBF-no-Rio-de-Janeiro.webp","contentUrl":"https:\/\/www.gaveanews.com\/wp-content\/uploads\/2019\/02\/Sede-da-CBF-no-Rio-de-Janeiro.webp","width":690,"height":518,"caption":"Sede da CBF no Rio de Janeiro (Foto: Cah\u00ea Mota\/Globo Esporte)"},{"@type":"BreadcrumbList","@id":"https:\/\/www.gaveanews.com\/index.php\/2023\/10\/03\/alteracao-promovida-pela-cbf-ira-beneficiar-o-flamengo\/#breadcrumb","itemListElement":[{"@type":"ListItem","position":1,"name":"Home","item":"https:\/\/www.gaveanews.com\/"},{"@type":"ListItem","position":2,"name":"Altera\u00e7\u00e3o promovida pela CBF ir\u00e1 beneficiar o Flamengo"}]},{"@type":"WebSite","@id":"https:\/\/www.gaveanews.com\/#website","url":"https:\/\/www.gaveanews.com\/","name":"G\u00e1vea News","description":"Veja todas as not\u00edcias sobre o Flamengo: Contrata\u00e7\u00f5es, categorias de base, resultados das partidas, tabela de classifica\u00e7\u00e3o, pr\u00f3ximos jogos!","potentialAction":[{"@type":"SearchAction","target":{"@type":"EntryPoint","urlTemplate":"https:\/\/www.gaveanews.com\/?s={search_term_string}"},"query-input":{"@type":"PropertyValueSpecification","valueRequired":true,"valueName":"search_term_string"}}],"inLanguage":"pt-BR"},{"@type":"Person","@id":"https:\/\/www.gaveanews.com\/#\/schema\/person\/3a0372021fabaeec4e7e4242cfa27841","name":"Hugo Nogueira","image":{"@type":"ImageObject","inLanguage":"pt-BR","@id":"https:\/\/www.gaveanews.com\/#\/schema\/person\/image\/","url":"https:\/\/secure.gravatar.com\/avatar\/0cdd89f3b47bb55926c08eee2db992845cfdd53f84c9fdd47a49d89b3cd40c0a?s=96&d=mm&r=g","contentUrl":"https:\/\/secure.gravatar.com\/avatar\/0cdd89f3b47bb55926c08eee2db992845cfdd53f84c9fdd47a49d89b3cd40c0a?s=96&d=mm&r=g","caption":"Hugo Nogueira"}}]}},"_links":{"self":[{"href":"https:\/\/www.gaveanews.com\/index.php\/wp-json\/wp\/v2\/posts\/107730","targetHints":{"allow":["GET"]}}],"collection":[{"href":"https:\/\/www.gaveanews.com\/index.php\/wp-json\/wp\/v2\/posts"}],"about":[{"href":"https:\/\/www.gaveanews.com\/index.php\/wp-json\/wp\/v2\/types\/post"}],"author":[{"embeddable":true,"href":"https:\/\/www.gaveanews.com\/index.php\/wp-json\/wp\/v2\/users\/2"}],"replies":[{"embeddable":true,"href":"https:\/\/www.gaveanews.com\/index.php\/wp-json\/wp\/v2\/comments?post=107730"}],"version-history":[{"count":0,"href":"https:\/\/www.gaveanews.com\/index.php\/wp-json\/wp\/v2\/posts\/107730\/revisions"}],"wp:featuredmedia":[{"embeddable":true,"href":"https:\/\/www.gaveanews.com\/index.php\/wp-json\/wp\/v2\/media\/16271"}],"wp:attachment":[{"href":"https:\/\/www.gaveanews.com\/index.php\/wp-json\/wp\/v2\/media?parent=107730"}],"wp:term":[{"taxonomy":"category","embeddable":true,"href":"https:\/\/www.gaveanews.com\/index.php\/wp-json\/wp\/v2\/categories?post=107730"},{"taxonomy":"post_tag","embeddable":true,"href":"https:\/\/www.gaveanews.com\/index.php\/wp-json\/wp\/v2\/tags?post=107730"}],"curies":[{"name":"wp","href":"https:\/\/api.w.org\/{rel}","templated":true}]}}