{"id":107734,"date":"2023-10-03T15:05:21","date_gmt":"2023-10-03T18:05:21","guid":{"rendered":"https:\/\/www.gaveanews.com\/?p=107734"},"modified":"2023-10-04T09:07:05","modified_gmt":"2023-10-04T12:07:05","slug":"alem-de-diego-ribas-outro-idolo-pode-retornar-ao-flamengo","status":"publish","type":"post","link":"https:\/\/www.gaveanews.com\/index.php\/2023\/10\/03\/alem-de-diego-ribas-outro-idolo-pode-retornar-ao-flamengo\/","title":{"rendered":"Al\u00e9m de Diego Ribas, outro \u00eddolo pode retornar ao Flamengo"},"content":{"rendered":"\n<p>Julio Cesar \u00e9 amplamente reconhecido como um dos maiores goleiros da hist\u00f3ria do Flamengo. Ele ocupou o terceiro lugar na lista de goleiros com o maior n\u00famero de partidas disputadas com a camisa rubro-negra, um total impressionante de 287 jogos. Em 2018, ele tomou uma decis\u00e3o emocionante ao retornar ao Flamengo para encerrar sua carreira, aceitando um contrato de tr\u00eas meses e, assim, fechando o ciclo onde tudo come\u00e7ou.<\/p>\n\n\n\n<p>Em uma entrevista ao podcast &#8220;Mundo GV,&#8221; conduzida por seu amigo e ex-goleiro Get\u00falio Vargas, Julio Cesar foi questionado sobre a possibilidade de assumir um cargo como dirigente no clube que ele tanto ama. Sua resposta, permeada de humildade e dedica\u00e7\u00e3o, foi:<\/p>\n\n\n\n<p>\u2014 N\u00e3o posso dizer que dessa \u00e1gua n\u00e3o beberei. J\u00e1 tive a oportunidade quando jovem de falar sobre coisas futuras e acabei mordendo a l\u00edngua. Por experi\u00eancia pr\u00f3pria, hoje, quando fazem esse tipo de pergunta relacionado ao meu futuro, sempre digo que tudo pode acontecer. Nunca recebi convite. Mas hoje trabalho como empres\u00e1rio de futebol, tenho a empresa JC12 Sports.<\/p>\n\n\n\n<p>A trajet\u00f3ria de Julio Cesar pelo Flamengo \u00e9 recheada de triunfos memor\u00e1veis. Durante seu per\u00edodo no clube, que se estendeu de 1997 a 2005, ele ajudou a conquistar quatro t\u00edtulos estaduais (1999, 2000, 2001 e 2004), uma Copa dos Campe\u00f5es (2001) e uma Copa Mercosul (1999). O que \u00e9 ainda mais not\u00e1vel \u00e9 que Julio Cesar defendeu o Rubro-Negro em um momento em que o clube n\u00e3o era a pot\u00eancia sul-americana que \u00e9 hoje, tornando suas realiza\u00e7\u00f5es ainda mais significativas na hist\u00f3ria do Flamengo.<\/p>\n\n\n\n<h2 class=\"wp-block-heading\" id=\"h-retorno-de-diego-ribas\">Retorno de Diego Ribas<\/h2>\n\n\n\n<p>Ex-capit\u00e3o de camisa 10 do elenco profissional do Flamengo, Diego Ribas voltou ao clube menos de um ano ap\u00f3s sua aposentadoria. O ex-jogador foi anunciado na \u00faltima semana como embaixador do projeto Escola Flamengo. Diego participou da Conven\u00e7\u00e3o de Franqueados 2023 e deu uma palestra aos jogadores e donos de franquias da escolinha por todo o Brasil.<\/p>\n","protected":false},"excerpt":{"rendered":"<p>Julio Cesar \u00e9 amplamente reconhecido como um dos maiores goleiros da hist\u00f3ria do Flamengo. Ele ocupou o terceiro lugar na lista de goleiros com o maior n\u00famero de partidas disputadas com a camisa rubro-negra, um total impressionante de 287 jogos. Em 2018, ele tomou uma decis\u00e3o emocionante ao retornar ao Flamengo para encerrar sua carreira, [&hellip;]<\/p>\n","protected":false},"author":2,"featured_media":84964,"comment_status":"open","ping_status":"closed","sticky":false,"template":"","format":"standard","meta":{"footnotes":""},"categories":[1],"tags":[],"class_list":["post-107734","post","type-post","status-publish","format-standard","has-post-thumbnail","hentry","category-flamengo"],"yoast_head":"<!-- This site is optimized with the Yoast SEO Premium plugin v24.2 (Yoast SEO v26.9) - https:\/\/yoast.com\/product\/yoast-seo-premium-wordpress\/ -->\n<title>Al\u00e9m de Diego Ribas, outro \u00eddolo pode retornar ao Flamengo<\/title>\n<meta name=\"robots\" content=\"index, follow, max-snippet:-1, max-image-preview:large, max-video-preview:-1\" \/>\n<link rel=\"canonical\" href=\"https:\/\/www.gaveanews.com\/index.php\/2023\/10\/03\/alem-de-diego-ribas-outro-idolo-pode-retornar-ao-flamengo\/\" \/>\n<meta property=\"og:locale\" content=\"pt_BR\" \/>\n<meta property=\"og:type\" content=\"article\" \/>\n<meta property=\"og:title\" content=\"Al\u00e9m de Diego Ribas, outro \u00eddolo pode retornar ao Flamengo\" \/>\n<meta property=\"og:description\" content=\"Julio Cesar \u00e9 amplamente reconhecido como um dos maiores goleiros da hist\u00f3ria do Flamengo. Ele ocupou o terceiro lugar na lista de goleiros com o maior n\u00famero de partidas disputadas com a camisa rubro-negra, um total impressionante de 287 jogos. Em 2018, ele tomou uma decis\u00e3o emocionante ao retornar ao Flamengo para encerrar sua carreira, [&hellip;]\" \/>\n<meta property=\"og:url\" content=\"https:\/\/www.gaveanews.com\/index.php\/2023\/10\/03\/alem-de-diego-ribas-outro-idolo-pode-retornar-ao-flamengo\/\" \/>\n<meta property=\"og:site_name\" content=\"G\u00e1vea News\" \/>\n<meta property=\"article:publisher\" content=\"https:\/\/facebook.com\/gaveaNews\/\" \/>\n<meta property=\"article:published_time\" content=\"2023-10-03T18:05:21+00:00\" \/>\n<meta property=\"article:modified_time\" content=\"2023-10-04T12:07:05+00:00\" \/>\n<meta property=\"og:image\" content=\"https:\/\/www.gaveanews.com\/wp-content\/uploads\/Diego-Ribas-concede-entrevista-coletiva-no-Ninho-do-Urubu.webp\" \/>\n\t<meta property=\"og:image:width\" content=\"1000\" \/>\n\t<meta property=\"og:image:height\" content=\"666\" \/>\n\t<meta property=\"og:image:type\" content=\"image\/webp\" \/>\n<meta name=\"author\" content=\"Hugo Nogueira\" \/>\n<meta name=\"twitter:card\" content=\"summary_large_image\" \/>\n<meta name=\"twitter:label1\" content=\"Escrito por\" \/>\n\t<meta name=\"twitter:data1\" content=\"Hugo Nogueira\" \/>\n\t<meta name=\"twitter:label2\" content=\"Est. tempo de leitura\" \/>\n\t<meta name=\"twitter:data2\" content=\"2 minutos\" \/>\n<script type=\"application\/ld+json\" class=\"yoast-schema-graph\">{\"@context\":\"https:\/\/schema.org\",\"@graph\":[{\"@type\":\"NewsArticle\",\"@id\":\"https:\/\/www.gaveanews.com\/index.php\/2023\/10\/03\/alem-de-diego-ribas-outro-idolo-pode-retornar-ao-flamengo\/#article\",\"isPartOf\":{\"@id\":\"https:\/\/www.gaveanews.com\/index.php\/2023\/10\/03\/alem-de-diego-ribas-outro-idolo-pode-retornar-ao-flamengo\/\"},\"author\":{\"name\":\"Hugo Nogueira\",\"@id\":\"https:\/\/www.gaveanews.com\/#\/schema\/person\/3a0372021fabaeec4e7e4242cfa27841\"},\"headline\":\"Al\u00e9m de Diego Ribas, outro \u00eddolo pode retornar ao Flamengo\",\"datePublished\":\"2023-10-03T18:05:21+00:00\",\"dateModified\":\"2023-10-04T12:07:05+00:00\",\"mainEntityOfPage\":{\"@id\":\"https:\/\/www.gaveanews.com\/index.php\/2023\/10\/03\/alem-de-diego-ribas-outro-idolo-pode-retornar-ao-flamengo\/\"},\"wordCount\":335,\"commentCount\":0,\"image\":{\"@id\":\"https:\/\/www.gaveanews.com\/index.php\/2023\/10\/03\/alem-de-diego-ribas-outro-idolo-pode-retornar-ao-flamengo\/#primaryimage\"},\"thumbnailUrl\":\"https:\/\/www.gaveanews.com\/wp-content\/uploads\/Diego-Ribas-concede-entrevista-coletiva-no-Ninho-do-Urubu.webp\",\"articleSection\":[\"Flamengo\"],\"inLanguage\":\"pt-BR\",\"potentialAction\":[{\"@type\":\"CommentAction\",\"name\":\"Comment\",\"target\":[\"https:\/\/www.gaveanews.com\/index.php\/2023\/10\/03\/alem-de-diego-ribas-outro-idolo-pode-retornar-ao-flamengo\/#respond\"]}],\"copyrightYear\":\"2023\",\"copyrightHolder\":{\"@id\":\"https:\/\/www.gaveanews.com\/#organization\"}},{\"@type\":\"WebPage\",\"@id\":\"https:\/\/www.gaveanews.com\/index.php\/2023\/10\/03\/alem-de-diego-ribas-outro-idolo-pode-retornar-ao-flamengo\/\",\"url\":\"https:\/\/www.gaveanews.com\/index.php\/2023\/10\/03\/alem-de-diego-ribas-outro-idolo-pode-retornar-ao-flamengo\/\",\"name\":\"Al\u00e9m de Diego Ribas, outro \u00eddolo pode retornar ao Flamengo\",\"isPartOf\":{\"@id\":\"https:\/\/www.gaveanews.com\/#website\"},\"primaryImageOfPage\":{\"@id\":\"https:\/\/www.gaveanews.com\/index.php\/2023\/10\/03\/alem-de-diego-ribas-outro-idolo-pode-retornar-ao-flamengo\/#primaryimage\"},\"image\":{\"@id\":\"https:\/\/www.gaveanews.com\/index.php\/2023\/10\/03\/alem-de-diego-ribas-outro-idolo-pode-retornar-ao-flamengo\/#primaryimage\"},\"thumbnailUrl\":\"https:\/\/www.gaveanews.com\/wp-content\/uploads\/Diego-Ribas-concede-entrevista-coletiva-no-Ninho-do-Urubu.webp\",\"datePublished\":\"2023-10-03T18:05:21+00:00\",\"dateModified\":\"2023-10-04T12:07:05+00:00\",\"author\":{\"@id\":\"https:\/\/www.gaveanews.com\/#\/schema\/person\/3a0372021fabaeec4e7e4242cfa27841\"},\"breadcrumb\":{\"@id\":\"https:\/\/www.gaveanews.com\/index.php\/2023\/10\/03\/alem-de-diego-ribas-outro-idolo-pode-retornar-ao-flamengo\/#breadcrumb\"},\"inLanguage\":\"pt-BR\",\"potentialAction\":[{\"@type\":\"ReadAction\",\"target\":[\"https:\/\/www.gaveanews.com\/index.php\/2023\/10\/03\/alem-de-diego-ribas-outro-idolo-pode-retornar-ao-flamengo\/\"]}]},{\"@type\":\"ImageObject\",\"inLanguage\":\"pt-BR\",\"@id\":\"https:\/\/www.gaveanews.com\/index.php\/2023\/10\/03\/alem-de-diego-ribas-outro-idolo-pode-retornar-ao-flamengo\/#primaryimage\",\"url\":\"https:\/\/www.gaveanews.com\/wp-content\/uploads\/Diego-Ribas-concede-entrevista-coletiva-no-Ninho-do-Urubu.webp\",\"contentUrl\":\"https:\/\/www.gaveanews.com\/wp-content\/uploads\/Diego-Ribas-concede-entrevista-coletiva-no-Ninho-do-Urubu.webp\",\"width\":1000,\"height\":666,\"caption\":\"Diego Ribas concede entrevista coletiva no Ninho do Urubu (Foto: Marcelo Cortes\/Flamengo)\"},{\"@type\":\"BreadcrumbList\",\"@id\":\"https:\/\/www.gaveanews.com\/index.php\/2023\/10\/03\/alem-de-diego-ribas-outro-idolo-pode-retornar-ao-flamengo\/#breadcrumb\",\"itemListElement\":[{\"@type\":\"ListItem\",\"position\":1,\"name\":\"Home\",\"item\":\"https:\/\/www.gaveanews.com\/\"},{\"@type\":\"ListItem\",\"position\":2,\"name\":\"Al\u00e9m de Diego Ribas, outro \u00eddolo pode retornar ao Flamengo\"}]},{\"@type\":\"WebSite\",\"@id\":\"https:\/\/www.gaveanews.com\/#website\",\"url\":\"https:\/\/www.gaveanews.com\/\",\"name\":\"G\u00e1vea News\",\"description\":\"Veja todas as not\u00edcias sobre o Flamengo: Contrata\u00e7\u00f5es, categorias de base, resultados das partidas, tabela de classifica\u00e7\u00e3o, pr\u00f3ximos jogos!\",\"potentialAction\":[{\"@type\":\"SearchAction\",\"target\":{\"@type\":\"EntryPoint\",\"urlTemplate\":\"https:\/\/www.gaveanews.com\/?s={search_term_string}\"},\"query-input\":{\"@type\":\"PropertyValueSpecification\",\"valueRequired\":true,\"valueName\":\"search_term_string\"}}],\"inLanguage\":\"pt-BR\"},{\"@type\":\"Person\",\"@id\":\"https:\/\/www.gaveanews.com\/#\/schema\/person\/3a0372021fabaeec4e7e4242cfa27841\",\"name\":\"Hugo Nogueira\",\"image\":{\"@type\":\"ImageObject\",\"inLanguage\":\"pt-BR\",\"@id\":\"https:\/\/www.gaveanews.com\/#\/schema\/person\/image\/\",\"url\":\"https:\/\/secure.gravatar.com\/avatar\/0cdd89f3b47bb55926c08eee2db992845cfdd53f84c9fdd47a49d89b3cd40c0a?s=96&d=mm&r=g\",\"contentUrl\":\"https:\/\/secure.gravatar.com\/avatar\/0cdd89f3b47bb55926c08eee2db992845cfdd53f84c9fdd47a49d89b3cd40c0a?s=96&d=mm&r=g\",\"caption\":\"Hugo Nogueira\"}}]}<\/script>\n<!-- \/ Yoast SEO Premium plugin. -->","yoast_head_json":{"title":"Al\u00e9m de Diego Ribas, outro \u00eddolo pode retornar ao Flamengo","robots":{"index":"index","follow":"follow","max-snippet":"max-snippet:-1","max-image-preview":"max-image-preview:large","max-video-preview":"max-video-preview:-1"},"canonical":"https:\/\/www.gaveanews.com\/index.php\/2023\/10\/03\/alem-de-diego-ribas-outro-idolo-pode-retornar-ao-flamengo\/","og_locale":"pt_BR","og_type":"article","og_title":"Al\u00e9m de Diego Ribas, outro \u00eddolo pode retornar ao Flamengo","og_description":"Julio Cesar \u00e9 amplamente reconhecido como um dos maiores goleiros da hist\u00f3ria do Flamengo. Ele ocupou o terceiro lugar na lista de goleiros com o maior n\u00famero de partidas disputadas com a camisa rubro-negra, um total impressionante de 287 jogos. Em 2018, ele tomou uma decis\u00e3o emocionante ao retornar ao Flamengo para encerrar sua carreira, [&hellip;]","og_url":"https:\/\/www.gaveanews.com\/index.php\/2023\/10\/03\/alem-de-diego-ribas-outro-idolo-pode-retornar-ao-flamengo\/","og_site_name":"G\u00e1vea News","article_publisher":"https:\/\/facebook.com\/gaveaNews\/","article_published_time":"2023-10-03T18:05:21+00:00","article_modified_time":"2023-10-04T12:07:05+00:00","og_image":[{"width":1000,"height":666,"url":"https:\/\/www.gaveanews.com\/wp-content\/uploads\/Diego-Ribas-concede-entrevista-coletiva-no-Ninho-do-Urubu.webp","type":"image\/webp"}],"author":"Hugo Nogueira","twitter_card":"summary_large_image","twitter_misc":{"Escrito por":"Hugo Nogueira","Est. tempo de leitura":"2 minutos"},"schema":{"@context":"https:\/\/schema.org","@graph":[{"@type":"NewsArticle","@id":"https:\/\/www.gaveanews.com\/index.php\/2023\/10\/03\/alem-de-diego-ribas-outro-idolo-pode-retornar-ao-flamengo\/#article","isPartOf":{"@id":"https:\/\/www.gaveanews.com\/index.php\/2023\/10\/03\/alem-de-diego-ribas-outro-idolo-pode-retornar-ao-flamengo\/"},"author":{"name":"Hugo Nogueira","@id":"https:\/\/www.gaveanews.com\/#\/schema\/person\/3a0372021fabaeec4e7e4242cfa27841"},"headline":"Al\u00e9m de Diego Ribas, outro \u00eddolo pode retornar ao Flamengo","datePublished":"2023-10-03T18:05:21+00:00","dateModified":"2023-10-04T12:07:05+00:00","mainEntityOfPage":{"@id":"https:\/\/www.gaveanews.com\/index.php\/2023\/10\/03\/alem-de-diego-ribas-outro-idolo-pode-retornar-ao-flamengo\/"},"wordCount":335,"commentCount":0,"image":{"@id":"https:\/\/www.gaveanews.com\/index.php\/2023\/10\/03\/alem-de-diego-ribas-outro-idolo-pode-retornar-ao-flamengo\/#primaryimage"},"thumbnailUrl":"https:\/\/www.gaveanews.com\/wp-content\/uploads\/Diego-Ribas-concede-entrevista-coletiva-no-Ninho-do-Urubu.webp","articleSection":["Flamengo"],"inLanguage":"pt-BR","potentialAction":[{"@type":"CommentAction","name":"Comment","target":["https:\/\/www.gaveanews.com\/index.php\/2023\/10\/03\/alem-de-diego-ribas-outro-idolo-pode-retornar-ao-flamengo\/#respond"]}],"copyrightYear":"2023","copyrightHolder":{"@id":"https:\/\/www.gaveanews.com\/#organization"}},{"@type":"WebPage","@id":"https:\/\/www.gaveanews.com\/index.php\/2023\/10\/03\/alem-de-diego-ribas-outro-idolo-pode-retornar-ao-flamengo\/","url":"https:\/\/www.gaveanews.com\/index.php\/2023\/10\/03\/alem-de-diego-ribas-outro-idolo-pode-retornar-ao-flamengo\/","name":"Al\u00e9m de Diego Ribas, outro \u00eddolo pode retornar ao Flamengo","isPartOf":{"@id":"https:\/\/www.gaveanews.com\/#website"},"primaryImageOfPage":{"@id":"https:\/\/www.gaveanews.com\/index.php\/2023\/10\/03\/alem-de-diego-ribas-outro-idolo-pode-retornar-ao-flamengo\/#primaryimage"},"image":{"@id":"https:\/\/www.gaveanews.com\/index.php\/2023\/10\/03\/alem-de-diego-ribas-outro-idolo-pode-retornar-ao-flamengo\/#primaryimage"},"thumbnailUrl":"https:\/\/www.gaveanews.com\/wp-content\/uploads\/Diego-Ribas-concede-entrevista-coletiva-no-Ninho-do-Urubu.webp","datePublished":"2023-10-03T18:05:21+00:00","dateModified":"2023-10-04T12:07:05+00:00","author":{"@id":"https:\/\/www.gaveanews.com\/#\/schema\/person\/3a0372021fabaeec4e7e4242cfa27841"},"breadcrumb":{"@id":"https:\/\/www.gaveanews.com\/index.php\/2023\/10\/03\/alem-de-diego-ribas-outro-idolo-pode-retornar-ao-flamengo\/#breadcrumb"},"inLanguage":"pt-BR","potentialAction":[{"@type":"ReadAction","target":["https:\/\/www.gaveanews.com\/index.php\/2023\/10\/03\/alem-de-diego-ribas-outro-idolo-pode-retornar-ao-flamengo\/"]}]},{"@type":"ImageObject","inLanguage":"pt-BR","@id":"https:\/\/www.gaveanews.com\/index.php\/2023\/10\/03\/alem-de-diego-ribas-outro-idolo-pode-retornar-ao-flamengo\/#primaryimage","url":"https:\/\/www.gaveanews.com\/wp-content\/uploads\/Diego-Ribas-concede-entrevista-coletiva-no-Ninho-do-Urubu.webp","contentUrl":"https:\/\/www.gaveanews.com\/wp-content\/uploads\/Diego-Ribas-concede-entrevista-coletiva-no-Ninho-do-Urubu.webp","width":1000,"height":666,"caption":"Diego Ribas concede entrevista coletiva no Ninho do Urubu (Foto: Marcelo Cortes\/Flamengo)"},{"@type":"BreadcrumbList","@id":"https:\/\/www.gaveanews.com\/index.php\/2023\/10\/03\/alem-de-diego-ribas-outro-idolo-pode-retornar-ao-flamengo\/#breadcrumb","itemListElement":[{"@type":"ListItem","position":1,"name":"Home","item":"https:\/\/www.gaveanews.com\/"},{"@type":"ListItem","position":2,"name":"Al\u00e9m de Diego Ribas, outro \u00eddolo pode retornar ao Flamengo"}]},{"@type":"WebSite","@id":"https:\/\/www.gaveanews.com\/#website","url":"https:\/\/www.gaveanews.com\/","name":"G\u00e1vea News","description":"Veja todas as not\u00edcias sobre o Flamengo: Contrata\u00e7\u00f5es, categorias de base, resultados das partidas, tabela de classifica\u00e7\u00e3o, pr\u00f3ximos jogos!","potentialAction":[{"@type":"SearchAction","target":{"@type":"EntryPoint","urlTemplate":"https:\/\/www.gaveanews.com\/?s={search_term_string}"},"query-input":{"@type":"PropertyValueSpecification","valueRequired":true,"valueName":"search_term_string"}}],"inLanguage":"pt-BR"},{"@type":"Person","@id":"https:\/\/www.gaveanews.com\/#\/schema\/person\/3a0372021fabaeec4e7e4242cfa27841","name":"Hugo Nogueira","image":{"@type":"ImageObject","inLanguage":"pt-BR","@id":"https:\/\/www.gaveanews.com\/#\/schema\/person\/image\/","url":"https:\/\/secure.gravatar.com\/avatar\/0cdd89f3b47bb55926c08eee2db992845cfdd53f84c9fdd47a49d89b3cd40c0a?s=96&d=mm&r=g","contentUrl":"https:\/\/secure.gravatar.com\/avatar\/0cdd89f3b47bb55926c08eee2db992845cfdd53f84c9fdd47a49d89b3cd40c0a?s=96&d=mm&r=g","caption":"Hugo Nogueira"}}]}},"_links":{"self":[{"href":"https:\/\/www.gaveanews.com\/index.php\/wp-json\/wp\/v2\/posts\/107734","targetHints":{"allow":["GET"]}}],"collection":[{"href":"https:\/\/www.gaveanews.com\/index.php\/wp-json\/wp\/v2\/posts"}],"about":[{"href":"https:\/\/www.gaveanews.com\/index.php\/wp-json\/wp\/v2\/types\/post"}],"author":[{"embeddable":true,"href":"https:\/\/www.gaveanews.com\/index.php\/wp-json\/wp\/v2\/users\/2"}],"replies":[{"embeddable":true,"href":"https:\/\/www.gaveanews.com\/index.php\/wp-json\/wp\/v2\/comments?post=107734"}],"version-history":[{"count":0,"href":"https:\/\/www.gaveanews.com\/index.php\/wp-json\/wp\/v2\/posts\/107734\/revisions"}],"wp:featuredmedia":[{"embeddable":true,"href":"https:\/\/www.gaveanews.com\/index.php\/wp-json\/wp\/v2\/media\/84964"}],"wp:attachment":[{"href":"https:\/\/www.gaveanews.com\/index.php\/wp-json\/wp\/v2\/media?parent=107734"}],"wp:term":[{"taxonomy":"category","embeddable":true,"href":"https:\/\/www.gaveanews.com\/index.php\/wp-json\/wp\/v2\/categories?post=107734"},{"taxonomy":"post_tag","embeddable":true,"href":"https:\/\/www.gaveanews.com\/index.php\/wp-json\/wp\/v2\/tags?post=107734"}],"curies":[{"name":"wp","href":"https:\/\/api.w.org\/{rel}","templated":true}]}}