{"id":107744,"date":"2023-10-03T16:29:42","date_gmt":"2023-10-03T19:29:42","guid":{"rendered":"https:\/\/www.gaveanews.com\/?p=107744"},"modified":"2024-04-07T00:03:01","modified_gmt":"2024-04-07T03:03:01","slug":"marcos-braz-pode-ser-barrado-da-coletiva-de-apresentacao-de-tite-no-flamengo","status":"publish","type":"post","link":"https:\/\/www.gaveanews.com\/index.php\/2023\/10\/03\/marcos-braz-pode-ser-barrado-da-coletiva-de-apresentacao-de-tite-no-flamengo\/","title":{"rendered":"Marcos Braz pode ser barrado da coletiva de apresenta\u00e7\u00e3o de Tite no Flamengo"},"content":{"rendered":"\n<p>Desde 2019, Marcos Braz tem sido uma presen\u00e7a constante em todas as apresenta\u00e7\u00f5es de t\u00e9cnicos e jogadores do Flamengo. No entanto, h\u00e1 a possibilidade de ele n\u00e3o participar da primeira coletiva de imprensa de Tite como treinador do Flamengo devido a um incidente de confronto com um torcedor chamado Leandro Campos da Silveira em um shopping no Rio de Janeiro, ocorrido em 19 de setembro. Essa informa\u00e7\u00e3o foi relatada pelo jornalista Matheus Leal.<\/p>\n\n\n\n<p>De acordo com o jornalista, o presidente Rodolfo Landim est\u00e1 preocupado que Marcos Braz possa ser questionado sobre o incidente em quest\u00e3o, que ainda est\u00e1 sob investiga\u00e7\u00e3o. Isso difere da situa\u00e7\u00e3o anterior, em que Marcos Braz deu sua vers\u00e3o dos acontecimentos em sua pr\u00f3pria coletiva de imprensa. Al\u00e9m disso, h\u00e1 a preocupa\u00e7\u00e3o de que os patrocinadores do Flamengo estejam presentes na apresenta\u00e7\u00e3o de Tite, o que aumenta a apreens\u00e3o do presidente.<\/p>\n\n\n\n<p>\u00c9 importante notar que o Flamengo ainda n\u00e3o anunciou a contrata\u00e7\u00e3o de Tite como t\u00e9cnico e, portanto, a data da apresenta\u00e7\u00e3o ainda n\u00e3o foi divulgada. A expectativa \u00e9 que o treinador se junte ao clube na pr\u00f3xima segunda-feira, 9 de outubro, e comece a trabalhar durante a pausa internacional da Data FIFA.<\/p>\n\n\n\n<p>Caso Marcos Braz n\u00e3o participe da coletiva, Rodolfo Landim estar\u00e1 acompanhado pelo diretor executivo de futebol, Bruno Spindel, e pelo CEO, Reinaldo Belotti, que costumam estar presentes em todas as apresenta\u00e7\u00f5es de treinadores no Rubro-Negro.<\/p>\n","protected":false},"excerpt":{"rendered":"<p>Desde 2019, Marcos Braz tem sido uma presen\u00e7a constante em todas as apresenta\u00e7\u00f5es de t\u00e9cnicos e jogadores do Flamengo. No entanto, h\u00e1 a possibilidade de ele n\u00e3o participar da primeira coletiva de imprensa de Tite como treinador do Flamengo devido a um incidente de confronto com um torcedor chamado Leandro Campos da Silveira em um [&hellip;]<\/p>\n","protected":false},"author":2,"featured_media":73731,"comment_status":"open","ping_status":"closed","sticky":false,"template":"","format":"standard","meta":{"footnotes":""},"categories":[1],"tags":[171,173],"class_list":["post-107744","post","type-post","status-publish","format-standard","has-post-thumbnail","hentry","category-flamengo","tag-adenor-leonardo-bachi-tite","tag-marcos-braz"],"yoast_head":"<!-- This site is optimized with the Yoast SEO Premium plugin v24.2 (Yoast SEO v26.9) - https:\/\/yoast.com\/product\/yoast-seo-premium-wordpress\/ -->\n<title>Marcos Braz pode ser barrado da coletiva de apresenta\u00e7\u00e3o de Tite no Flamengo<\/title>\n<meta name=\"robots\" content=\"index, follow, max-snippet:-1, max-image-preview:large, max-video-preview:-1\" \/>\n<link rel=\"canonical\" href=\"https:\/\/www.gaveanews.com\/index.php\/2023\/10\/03\/marcos-braz-pode-ser-barrado-da-coletiva-de-apresentacao-de-tite-no-flamengo\/\" \/>\n<meta property=\"og:locale\" content=\"pt_BR\" \/>\n<meta property=\"og:type\" content=\"article\" \/>\n<meta property=\"og:title\" content=\"Marcos Braz pode ser barrado da coletiva de apresenta\u00e7\u00e3o de Tite no Flamengo\" \/>\n<meta property=\"og:description\" content=\"Desde 2019, Marcos Braz tem sido uma presen\u00e7a constante em todas as apresenta\u00e7\u00f5es de t\u00e9cnicos e jogadores do Flamengo. No entanto, h\u00e1 a possibilidade de ele n\u00e3o participar da primeira coletiva de imprensa de Tite como treinador do Flamengo devido a um incidente de confronto com um torcedor chamado Leandro Campos da Silveira em um [&hellip;]\" \/>\n<meta property=\"og:url\" content=\"https:\/\/www.gaveanews.com\/index.php\/2023\/10\/03\/marcos-braz-pode-ser-barrado-da-coletiva-de-apresentacao-de-tite-no-flamengo\/\" \/>\n<meta property=\"og:site_name\" content=\"G\u00e1vea News\" \/>\n<meta property=\"article:publisher\" content=\"https:\/\/facebook.com\/gaveaNews\/\" \/>\n<meta property=\"article:published_time\" content=\"2023-10-03T19:29:42+00:00\" \/>\n<meta property=\"article:modified_time\" content=\"2024-04-07T03:03:01+00:00\" \/>\n<meta property=\"og:image\" content=\"https:\/\/www.gaveanews.com\/wp-content\/uploads\/Marcos-Braz-e-Bruno-Spindel.webp\" \/>\n\t<meta property=\"og:image:width\" content=\"640\" \/>\n\t<meta property=\"og:image:height\" content=\"426\" \/>\n\t<meta property=\"og:image:type\" content=\"image\/jpeg\" \/>\n<meta name=\"author\" content=\"Hugo Nogueira\" \/>\n<meta name=\"twitter:card\" content=\"summary_large_image\" \/>\n<meta name=\"twitter:label1\" content=\"Escrito por\" \/>\n\t<meta name=\"twitter:data1\" content=\"Hugo Nogueira\" \/>\n\t<meta name=\"twitter:label2\" content=\"Est. tempo de leitura\" \/>\n\t<meta name=\"twitter:data2\" content=\"2 minutos\" \/>\n<script type=\"application\/ld+json\" class=\"yoast-schema-graph\">{\"@context\":\"https:\/\/schema.org\",\"@graph\":[{\"@type\":\"NewsArticle\",\"@id\":\"https:\/\/www.gaveanews.com\/index.php\/2023\/10\/03\/marcos-braz-pode-ser-barrado-da-coletiva-de-apresentacao-de-tite-no-flamengo\/#article\",\"isPartOf\":{\"@id\":\"https:\/\/www.gaveanews.com\/index.php\/2023\/10\/03\/marcos-braz-pode-ser-barrado-da-coletiva-de-apresentacao-de-tite-no-flamengo\/\"},\"author\":{\"name\":\"Hugo Nogueira\",\"@id\":\"https:\/\/www.gaveanews.com\/#\/schema\/person\/3a0372021fabaeec4e7e4242cfa27841\"},\"headline\":\"Marcos Braz pode ser barrado da coletiva de apresenta\u00e7\u00e3o de Tite no Flamengo\",\"datePublished\":\"2023-10-03T19:29:42+00:00\",\"dateModified\":\"2024-04-07T03:03:01+00:00\",\"mainEntityOfPage\":{\"@id\":\"https:\/\/www.gaveanews.com\/index.php\/2023\/10\/03\/marcos-braz-pode-ser-barrado-da-coletiva-de-apresentacao-de-tite-no-flamengo\/\"},\"wordCount\":262,\"commentCount\":0,\"image\":{\"@id\":\"https:\/\/www.gaveanews.com\/index.php\/2023\/10\/03\/marcos-braz-pode-ser-barrado-da-coletiva-de-apresentacao-de-tite-no-flamengo\/#primaryimage\"},\"thumbnailUrl\":\"https:\/\/www.gaveanews.com\/wp-content\/uploads\/Marcos-Braz-e-Bruno-Spindel.webp\",\"keywords\":[\"Adenor Leonardo Bachi\",\"Marcos Braz\"],\"articleSection\":[\"Flamengo\"],\"inLanguage\":\"pt-BR\",\"potentialAction\":[{\"@type\":\"CommentAction\",\"name\":\"Comment\",\"target\":[\"https:\/\/www.gaveanews.com\/index.php\/2023\/10\/03\/marcos-braz-pode-ser-barrado-da-coletiva-de-apresentacao-de-tite-no-flamengo\/#respond\"]}],\"copyrightYear\":\"2023\",\"copyrightHolder\":{\"@id\":\"https:\/\/www.gaveanews.com\/#organization\"}},{\"@type\":\"WebPage\",\"@id\":\"https:\/\/www.gaveanews.com\/index.php\/2023\/10\/03\/marcos-braz-pode-ser-barrado-da-coletiva-de-apresentacao-de-tite-no-flamengo\/\",\"url\":\"https:\/\/www.gaveanews.com\/index.php\/2023\/10\/03\/marcos-braz-pode-ser-barrado-da-coletiva-de-apresentacao-de-tite-no-flamengo\/\",\"name\":\"Marcos Braz pode ser barrado da coletiva de apresenta\u00e7\u00e3o de Tite no Flamengo\",\"isPartOf\":{\"@id\":\"https:\/\/www.gaveanews.com\/#website\"},\"primaryImageOfPage\":{\"@id\":\"https:\/\/www.gaveanews.com\/index.php\/2023\/10\/03\/marcos-braz-pode-ser-barrado-da-coletiva-de-apresentacao-de-tite-no-flamengo\/#primaryimage\"},\"image\":{\"@id\":\"https:\/\/www.gaveanews.com\/index.php\/2023\/10\/03\/marcos-braz-pode-ser-barrado-da-coletiva-de-apresentacao-de-tite-no-flamengo\/#primaryimage\"},\"thumbnailUrl\":\"https:\/\/www.gaveanews.com\/wp-content\/uploads\/Marcos-Braz-e-Bruno-Spindel.webp\",\"datePublished\":\"2023-10-03T19:29:42+00:00\",\"dateModified\":\"2024-04-07T03:03:01+00:00\",\"author\":{\"@id\":\"https:\/\/www.gaveanews.com\/#\/schema\/person\/3a0372021fabaeec4e7e4242cfa27841\"},\"breadcrumb\":{\"@id\":\"https:\/\/www.gaveanews.com\/index.php\/2023\/10\/03\/marcos-braz-pode-ser-barrado-da-coletiva-de-apresentacao-de-tite-no-flamengo\/#breadcrumb\"},\"inLanguage\":\"pt-BR\",\"potentialAction\":[{\"@type\":\"ReadAction\",\"target\":[\"https:\/\/www.gaveanews.com\/index.php\/2023\/10\/03\/marcos-braz-pode-ser-barrado-da-coletiva-de-apresentacao-de-tite-no-flamengo\/\"]}]},{\"@type\":\"ImageObject\",\"inLanguage\":\"pt-BR\",\"@id\":\"https:\/\/www.gaveanews.com\/index.php\/2023\/10\/03\/marcos-braz-pode-ser-barrado-da-coletiva-de-apresentacao-de-tite-no-flamengo\/#primaryimage\",\"url\":\"https:\/\/www.gaveanews.com\/wp-content\/uploads\/Marcos-Braz-e-Bruno-Spindel.webp\",\"contentUrl\":\"https:\/\/www.gaveanews.com\/wp-content\/uploads\/Marcos-Braz-e-Bruno-Spindel.webp\",\"width\":640,\"height\":426,\"caption\":\"Marcos Braz e Bruno Spindel (Foto: Alexandre Vidal\/Flamengo)\"},{\"@type\":\"BreadcrumbList\",\"@id\":\"https:\/\/www.gaveanews.com\/index.php\/2023\/10\/03\/marcos-braz-pode-ser-barrado-da-coletiva-de-apresentacao-de-tite-no-flamengo\/#breadcrumb\",\"itemListElement\":[{\"@type\":\"ListItem\",\"position\":1,\"name\":\"Home\",\"item\":\"https:\/\/www.gaveanews.com\/\"},{\"@type\":\"ListItem\",\"position\":2,\"name\":\"Marcos Braz pode ser barrado da coletiva de apresenta\u00e7\u00e3o de Tite no Flamengo\"}]},{\"@type\":\"WebSite\",\"@id\":\"https:\/\/www.gaveanews.com\/#website\",\"url\":\"https:\/\/www.gaveanews.com\/\",\"name\":\"G\u00e1vea News\",\"description\":\"Veja todas as not\u00edcias sobre o Flamengo: Contrata\u00e7\u00f5es, categorias de base, resultados das partidas, tabela de classifica\u00e7\u00e3o, pr\u00f3ximos jogos!\",\"potentialAction\":[{\"@type\":\"SearchAction\",\"target\":{\"@type\":\"EntryPoint\",\"urlTemplate\":\"https:\/\/www.gaveanews.com\/?s={search_term_string}\"},\"query-input\":{\"@type\":\"PropertyValueSpecification\",\"valueRequired\":true,\"valueName\":\"search_term_string\"}}],\"inLanguage\":\"pt-BR\"},{\"@type\":\"Person\",\"@id\":\"https:\/\/www.gaveanews.com\/#\/schema\/person\/3a0372021fabaeec4e7e4242cfa27841\",\"name\":\"Hugo Nogueira\",\"image\":{\"@type\":\"ImageObject\",\"inLanguage\":\"pt-BR\",\"@id\":\"https:\/\/www.gaveanews.com\/#\/schema\/person\/image\/\",\"url\":\"https:\/\/secure.gravatar.com\/avatar\/0cdd89f3b47bb55926c08eee2db992845cfdd53f84c9fdd47a49d89b3cd40c0a?s=96&d=mm&r=g\",\"contentUrl\":\"https:\/\/secure.gravatar.com\/avatar\/0cdd89f3b47bb55926c08eee2db992845cfdd53f84c9fdd47a49d89b3cd40c0a?s=96&d=mm&r=g\",\"caption\":\"Hugo Nogueira\"}}]}<\/script>\n<!-- \/ Yoast SEO Premium plugin. -->","yoast_head_json":{"title":"Marcos Braz pode ser barrado da coletiva de apresenta\u00e7\u00e3o de Tite no Flamengo","robots":{"index":"index","follow":"follow","max-snippet":"max-snippet:-1","max-image-preview":"max-image-preview:large","max-video-preview":"max-video-preview:-1"},"canonical":"https:\/\/www.gaveanews.com\/index.php\/2023\/10\/03\/marcos-braz-pode-ser-barrado-da-coletiva-de-apresentacao-de-tite-no-flamengo\/","og_locale":"pt_BR","og_type":"article","og_title":"Marcos Braz pode ser barrado da coletiva de apresenta\u00e7\u00e3o de Tite no Flamengo","og_description":"Desde 2019, Marcos Braz tem sido uma presen\u00e7a constante em todas as apresenta\u00e7\u00f5es de t\u00e9cnicos e jogadores do Flamengo. No entanto, h\u00e1 a possibilidade de ele n\u00e3o participar da primeira coletiva de imprensa de Tite como treinador do Flamengo devido a um incidente de confronto com um torcedor chamado Leandro Campos da Silveira em um [&hellip;]","og_url":"https:\/\/www.gaveanews.com\/index.php\/2023\/10\/03\/marcos-braz-pode-ser-barrado-da-coletiva-de-apresentacao-de-tite-no-flamengo\/","og_site_name":"G\u00e1vea News","article_publisher":"https:\/\/facebook.com\/gaveaNews\/","article_published_time":"2023-10-03T19:29:42+00:00","article_modified_time":"2024-04-07T03:03:01+00:00","og_image":[{"width":640,"height":426,"url":"https:\/\/www.gaveanews.com\/wp-content\/uploads\/Marcos-Braz-e-Bruno-Spindel.webp","type":"image\/jpeg"}],"author":"Hugo Nogueira","twitter_card":"summary_large_image","twitter_misc":{"Escrito por":"Hugo Nogueira","Est. tempo de leitura":"2 minutos"},"schema":{"@context":"https:\/\/schema.org","@graph":[{"@type":"NewsArticle","@id":"https:\/\/www.gaveanews.com\/index.php\/2023\/10\/03\/marcos-braz-pode-ser-barrado-da-coletiva-de-apresentacao-de-tite-no-flamengo\/#article","isPartOf":{"@id":"https:\/\/www.gaveanews.com\/index.php\/2023\/10\/03\/marcos-braz-pode-ser-barrado-da-coletiva-de-apresentacao-de-tite-no-flamengo\/"},"author":{"name":"Hugo Nogueira","@id":"https:\/\/www.gaveanews.com\/#\/schema\/person\/3a0372021fabaeec4e7e4242cfa27841"},"headline":"Marcos Braz pode ser barrado da coletiva de apresenta\u00e7\u00e3o de Tite no Flamengo","datePublished":"2023-10-03T19:29:42+00:00","dateModified":"2024-04-07T03:03:01+00:00","mainEntityOfPage":{"@id":"https:\/\/www.gaveanews.com\/index.php\/2023\/10\/03\/marcos-braz-pode-ser-barrado-da-coletiva-de-apresentacao-de-tite-no-flamengo\/"},"wordCount":262,"commentCount":0,"image":{"@id":"https:\/\/www.gaveanews.com\/index.php\/2023\/10\/03\/marcos-braz-pode-ser-barrado-da-coletiva-de-apresentacao-de-tite-no-flamengo\/#primaryimage"},"thumbnailUrl":"https:\/\/www.gaveanews.com\/wp-content\/uploads\/Marcos-Braz-e-Bruno-Spindel.webp","keywords":["Adenor Leonardo Bachi","Marcos Braz"],"articleSection":["Flamengo"],"inLanguage":"pt-BR","potentialAction":[{"@type":"CommentAction","name":"Comment","target":["https:\/\/www.gaveanews.com\/index.php\/2023\/10\/03\/marcos-braz-pode-ser-barrado-da-coletiva-de-apresentacao-de-tite-no-flamengo\/#respond"]}],"copyrightYear":"2023","copyrightHolder":{"@id":"https:\/\/www.gaveanews.com\/#organization"}},{"@type":"WebPage","@id":"https:\/\/www.gaveanews.com\/index.php\/2023\/10\/03\/marcos-braz-pode-ser-barrado-da-coletiva-de-apresentacao-de-tite-no-flamengo\/","url":"https:\/\/www.gaveanews.com\/index.php\/2023\/10\/03\/marcos-braz-pode-ser-barrado-da-coletiva-de-apresentacao-de-tite-no-flamengo\/","name":"Marcos Braz pode ser barrado da coletiva de apresenta\u00e7\u00e3o de Tite no Flamengo","isPartOf":{"@id":"https:\/\/www.gaveanews.com\/#website"},"primaryImageOfPage":{"@id":"https:\/\/www.gaveanews.com\/index.php\/2023\/10\/03\/marcos-braz-pode-ser-barrado-da-coletiva-de-apresentacao-de-tite-no-flamengo\/#primaryimage"},"image":{"@id":"https:\/\/www.gaveanews.com\/index.php\/2023\/10\/03\/marcos-braz-pode-ser-barrado-da-coletiva-de-apresentacao-de-tite-no-flamengo\/#primaryimage"},"thumbnailUrl":"https:\/\/www.gaveanews.com\/wp-content\/uploads\/Marcos-Braz-e-Bruno-Spindel.webp","datePublished":"2023-10-03T19:29:42+00:00","dateModified":"2024-04-07T03:03:01+00:00","author":{"@id":"https:\/\/www.gaveanews.com\/#\/schema\/person\/3a0372021fabaeec4e7e4242cfa27841"},"breadcrumb":{"@id":"https:\/\/www.gaveanews.com\/index.php\/2023\/10\/03\/marcos-braz-pode-ser-barrado-da-coletiva-de-apresentacao-de-tite-no-flamengo\/#breadcrumb"},"inLanguage":"pt-BR","potentialAction":[{"@type":"ReadAction","target":["https:\/\/www.gaveanews.com\/index.php\/2023\/10\/03\/marcos-braz-pode-ser-barrado-da-coletiva-de-apresentacao-de-tite-no-flamengo\/"]}]},{"@type":"ImageObject","inLanguage":"pt-BR","@id":"https:\/\/www.gaveanews.com\/index.php\/2023\/10\/03\/marcos-braz-pode-ser-barrado-da-coletiva-de-apresentacao-de-tite-no-flamengo\/#primaryimage","url":"https:\/\/www.gaveanews.com\/wp-content\/uploads\/Marcos-Braz-e-Bruno-Spindel.webp","contentUrl":"https:\/\/www.gaveanews.com\/wp-content\/uploads\/Marcos-Braz-e-Bruno-Spindel.webp","width":640,"height":426,"caption":"Marcos Braz e Bruno Spindel (Foto: Alexandre Vidal\/Flamengo)"},{"@type":"BreadcrumbList","@id":"https:\/\/www.gaveanews.com\/index.php\/2023\/10\/03\/marcos-braz-pode-ser-barrado-da-coletiva-de-apresentacao-de-tite-no-flamengo\/#breadcrumb","itemListElement":[{"@type":"ListItem","position":1,"name":"Home","item":"https:\/\/www.gaveanews.com\/"},{"@type":"ListItem","position":2,"name":"Marcos Braz pode ser barrado da coletiva de apresenta\u00e7\u00e3o de Tite no Flamengo"}]},{"@type":"WebSite","@id":"https:\/\/www.gaveanews.com\/#website","url":"https:\/\/www.gaveanews.com\/","name":"G\u00e1vea News","description":"Veja todas as not\u00edcias sobre o Flamengo: Contrata\u00e7\u00f5es, categorias de base, resultados das partidas, tabela de classifica\u00e7\u00e3o, pr\u00f3ximos jogos!","potentialAction":[{"@type":"SearchAction","target":{"@type":"EntryPoint","urlTemplate":"https:\/\/www.gaveanews.com\/?s={search_term_string}"},"query-input":{"@type":"PropertyValueSpecification","valueRequired":true,"valueName":"search_term_string"}}],"inLanguage":"pt-BR"},{"@type":"Person","@id":"https:\/\/www.gaveanews.com\/#\/schema\/person\/3a0372021fabaeec4e7e4242cfa27841","name":"Hugo Nogueira","image":{"@type":"ImageObject","inLanguage":"pt-BR","@id":"https:\/\/www.gaveanews.com\/#\/schema\/person\/image\/","url":"https:\/\/secure.gravatar.com\/avatar\/0cdd89f3b47bb55926c08eee2db992845cfdd53f84c9fdd47a49d89b3cd40c0a?s=96&d=mm&r=g","contentUrl":"https:\/\/secure.gravatar.com\/avatar\/0cdd89f3b47bb55926c08eee2db992845cfdd53f84c9fdd47a49d89b3cd40c0a?s=96&d=mm&r=g","caption":"Hugo Nogueira"}}]}},"_links":{"self":[{"href":"https:\/\/www.gaveanews.com\/index.php\/wp-json\/wp\/v2\/posts\/107744","targetHints":{"allow":["GET"]}}],"collection":[{"href":"https:\/\/www.gaveanews.com\/index.php\/wp-json\/wp\/v2\/posts"}],"about":[{"href":"https:\/\/www.gaveanews.com\/index.php\/wp-json\/wp\/v2\/types\/post"}],"author":[{"embeddable":true,"href":"https:\/\/www.gaveanews.com\/index.php\/wp-json\/wp\/v2\/users\/2"}],"replies":[{"embeddable":true,"href":"https:\/\/www.gaveanews.com\/index.php\/wp-json\/wp\/v2\/comments?post=107744"}],"version-history":[{"count":1,"href":"https:\/\/www.gaveanews.com\/index.php\/wp-json\/wp\/v2\/posts\/107744\/revisions"}],"predecessor-version":[{"id":135168,"href":"https:\/\/www.gaveanews.com\/index.php\/wp-json\/wp\/v2\/posts\/107744\/revisions\/135168"}],"wp:featuredmedia":[{"embeddable":true,"href":"https:\/\/www.gaveanews.com\/index.php\/wp-json\/wp\/v2\/media\/73731"}],"wp:attachment":[{"href":"https:\/\/www.gaveanews.com\/index.php\/wp-json\/wp\/v2\/media?parent=107744"}],"wp:term":[{"taxonomy":"category","embeddable":true,"href":"https:\/\/www.gaveanews.com\/index.php\/wp-json\/wp\/v2\/categories?post=107744"},{"taxonomy":"post_tag","embeddable":true,"href":"https:\/\/www.gaveanews.com\/index.php\/wp-json\/wp\/v2\/tags?post=107744"}],"curies":[{"name":"wp","href":"https:\/\/api.w.org\/{rel}","templated":true}]}}