{"id":108294,"date":"2023-10-14T09:58:50","date_gmt":"2023-10-14T12:58:50","guid":{"rendered":"https:\/\/www.gaveanews.com\/?p=108294"},"modified":"2023-10-15T23:32:34","modified_gmt":"2023-10-16T02:32:34","slug":"dorival-junior-revela-problema-que-teve-com-pedro-no-flamengo","status":"publish","type":"post","link":"https:\/\/www.gaveanews.com\/index.php\/2023\/10\/14\/dorival-junior-revela-problema-que-teve-com-pedro-no-flamengo\/","title":{"rendered":"Dorival J\u00fanior revela problema que teve com Pedro no Flamengo"},"content":{"rendered":"\n<p>Dorival J\u00fanior, ex-treinador do Flamengo e atualmente no S\u00e3o Paulo, compartilhou detalhes de sua passagem pelo clube carioca durante uma entrevista no programa Bola da Vez da ESPN. Uma das hist\u00f3rias citadas foi seu encontro com Pedro, que na \u00e9poca n\u00e3o estava alcan\u00e7ando o n\u00edvel de desempenho esperado.<\/p>\n\n\n\n<p>Dorival recordou a conversa franca que teve com Pedro, na qual expressou sua confian\u00e7a no jogador. Ele enfatizou que um atleta do calibre de Pedro n\u00e3o poderia estar passando por um per\u00edodo de desleixo. O treinador destacou como Pedro se entregou de tal maneira que n\u00e3o estava participando efetivamente da equipe. Dorival ainda cita que encorajou Pedro a se preparar mais e a se preocupar com seu desempenho, acreditando plenamente que o jogador tinha potencial para oferecer mais do que estava entregando.<\/p>\n\n\n\n<p><em>\u2014 Eu chamei o Pedro e conversei com ele, falando que um jogador do n\u00edvel dele n\u00e3o poderia estar no momento em que ele estava, vivendo o que ele estava vivendo, e muito em raz\u00e3o, tamb\u00e9m, do desleixo que ele estava tendo. Ele se entregou de tal maneira, que ele n\u00e3o participava. E eu falei para ele que ele se preocupasse e se preparasse mais se ele quisesse jogar, porque eu confiava nele. E acabou mudando a percep\u00e7\u00e3o.<\/em><\/p>\n\n\n\n<p>Atualmente, sob a lideran\u00e7a de Tite, Pedro est\u00e1 se preparando junto com o restante do elenco do Flamengo durante a Data FIFA. O pr\u00f3ximo compromisso da equipe est\u00e1 agendado para o dia 19 de outubro, quando enfrentar\u00e3o o Cruzeiro pela 27\u00aa rodada do Campeonato Brasileiro, no Mineir\u00e3o, em Belo Horizonte.<\/p>\n","protected":false},"excerpt":{"rendered":"<p>Dorival J\u00fanior, ex-treinador do Flamengo e atualmente no S\u00e3o Paulo, compartilhou detalhes de sua passagem pelo clube carioca durante uma entrevista no programa Bola da Vez da ESPN. Uma das hist\u00f3rias citadas foi seu encontro com Pedro, que na \u00e9poca n\u00e3o estava alcan\u00e7ando o n\u00edvel de desempenho esperado. Dorival recordou a conversa franca que teve [&hellip;]<\/p>\n","protected":false},"author":2,"featured_media":96460,"comment_status":"open","ping_status":"closed","sticky":false,"template":"","format":"standard","meta":{"footnotes":""},"categories":[1],"tags":[],"class_list":["post-108294","post","type-post","status-publish","format-standard","has-post-thumbnail","hentry","category-flamengo"],"yoast_head":"<!-- This site is optimized with the Yoast SEO Premium plugin v24.2 (Yoast SEO v26.9) - https:\/\/yoast.com\/product\/yoast-seo-premium-wordpress\/ -->\n<title>Dorival J\u00fanior revela problema que teve com Pedro no Flamengo<\/title>\n<meta name=\"robots\" content=\"index, follow, max-snippet:-1, max-image-preview:large, max-video-preview:-1\" \/>\n<link rel=\"canonical\" href=\"https:\/\/www.gaveanews.com\/index.php\/2023\/10\/14\/dorival-junior-revela-problema-que-teve-com-pedro-no-flamengo\/\" \/>\n<meta property=\"og:locale\" content=\"pt_BR\" \/>\n<meta property=\"og:type\" content=\"article\" \/>\n<meta property=\"og:title\" content=\"Dorival J\u00fanior revela problema que teve com Pedro no Flamengo\" \/>\n<meta property=\"og:description\" content=\"Dorival J\u00fanior, ex-treinador do Flamengo e atualmente no S\u00e3o Paulo, compartilhou detalhes de sua passagem pelo clube carioca durante uma entrevista no programa Bola da Vez da ESPN. Uma das hist\u00f3rias citadas foi seu encontro com Pedro, que na \u00e9poca n\u00e3o estava alcan\u00e7ando o n\u00edvel de desempenho esperado. Dorival recordou a conversa franca que teve [&hellip;]\" \/>\n<meta property=\"og:url\" content=\"https:\/\/www.gaveanews.com\/index.php\/2023\/10\/14\/dorival-junior-revela-problema-que-teve-com-pedro-no-flamengo\/\" \/>\n<meta property=\"og:site_name\" content=\"G\u00e1vea News\" \/>\n<meta property=\"article:publisher\" content=\"https:\/\/facebook.com\/gaveaNews\/\" \/>\n<meta property=\"article:published_time\" content=\"2023-10-14T12:58:50+00:00\" \/>\n<meta property=\"article:modified_time\" content=\"2023-10-16T02:32:34+00:00\" \/>\n<meta property=\"og:image\" content=\"https:\/\/www.gaveanews.com\/wp-content\/uploads\/Pedro-faz-questao-de-exibir-o-seu-nome-apos-marcar-mais-um-gol-pelo-Flamengo.webp\" \/>\n\t<meta property=\"og:image:width\" content=\"1080\" \/>\n\t<meta property=\"og:image:height\" content=\"1350\" \/>\n\t<meta property=\"og:image:type\" content=\"image\/jpeg\" \/>\n<meta name=\"author\" content=\"Hugo Nogueira\" \/>\n<meta name=\"twitter:card\" content=\"summary_large_image\" \/>\n<meta name=\"twitter:label1\" content=\"Escrito por\" \/>\n\t<meta name=\"twitter:data1\" content=\"Hugo Nogueira\" \/>\n\t<meta name=\"twitter:label2\" content=\"Est. tempo de leitura\" \/>\n\t<meta name=\"twitter:data2\" content=\"2 minutos\" \/>\n<script type=\"application\/ld+json\" class=\"yoast-schema-graph\">{\"@context\":\"https:\/\/schema.org\",\"@graph\":[{\"@type\":\"NewsArticle\",\"@id\":\"https:\/\/www.gaveanews.com\/index.php\/2023\/10\/14\/dorival-junior-revela-problema-que-teve-com-pedro-no-flamengo\/#article\",\"isPartOf\":{\"@id\":\"https:\/\/www.gaveanews.com\/index.php\/2023\/10\/14\/dorival-junior-revela-problema-que-teve-com-pedro-no-flamengo\/\"},\"author\":{\"name\":\"Hugo Nogueira\",\"@id\":\"https:\/\/www.gaveanews.com\/#\/schema\/person\/3a0372021fabaeec4e7e4242cfa27841\"},\"headline\":\"Dorival J\u00fanior revela problema que teve com Pedro no Flamengo\",\"datePublished\":\"2023-10-14T12:58:50+00:00\",\"dateModified\":\"2023-10-16T02:32:34+00:00\",\"mainEntityOfPage\":{\"@id\":\"https:\/\/www.gaveanews.com\/index.php\/2023\/10\/14\/dorival-junior-revela-problema-que-teve-com-pedro-no-flamengo\/\"},\"wordCount\":286,\"commentCount\":0,\"image\":{\"@id\":\"https:\/\/www.gaveanews.com\/index.php\/2023\/10\/14\/dorival-junior-revela-problema-que-teve-com-pedro-no-flamengo\/#primaryimage\"},\"thumbnailUrl\":\"https:\/\/www.gaveanews.com\/wp-content\/uploads\/Pedro-faz-questao-de-exibir-o-seu-nome-apos-marcar-mais-um-gol-pelo-Flamengo.webp\",\"articleSection\":[\"Flamengo\"],\"inLanguage\":\"pt-BR\",\"potentialAction\":[{\"@type\":\"CommentAction\",\"name\":\"Comment\",\"target\":[\"https:\/\/www.gaveanews.com\/index.php\/2023\/10\/14\/dorival-junior-revela-problema-que-teve-com-pedro-no-flamengo\/#respond\"]}],\"copyrightYear\":\"2023\",\"copyrightHolder\":{\"@id\":\"https:\/\/www.gaveanews.com\/#organization\"}},{\"@type\":\"WebPage\",\"@id\":\"https:\/\/www.gaveanews.com\/index.php\/2023\/10\/14\/dorival-junior-revela-problema-que-teve-com-pedro-no-flamengo\/\",\"url\":\"https:\/\/www.gaveanews.com\/index.php\/2023\/10\/14\/dorival-junior-revela-problema-que-teve-com-pedro-no-flamengo\/\",\"name\":\"Dorival J\u00fanior revela problema que teve com Pedro no Flamengo\",\"isPartOf\":{\"@id\":\"https:\/\/www.gaveanews.com\/#website\"},\"primaryImageOfPage\":{\"@id\":\"https:\/\/www.gaveanews.com\/index.php\/2023\/10\/14\/dorival-junior-revela-problema-que-teve-com-pedro-no-flamengo\/#primaryimage\"},\"image\":{\"@id\":\"https:\/\/www.gaveanews.com\/index.php\/2023\/10\/14\/dorival-junior-revela-problema-que-teve-com-pedro-no-flamengo\/#primaryimage\"},\"thumbnailUrl\":\"https:\/\/www.gaveanews.com\/wp-content\/uploads\/Pedro-faz-questao-de-exibir-o-seu-nome-apos-marcar-mais-um-gol-pelo-Flamengo.webp\",\"datePublished\":\"2023-10-14T12:58:50+00:00\",\"dateModified\":\"2023-10-16T02:32:34+00:00\",\"author\":{\"@id\":\"https:\/\/www.gaveanews.com\/#\/schema\/person\/3a0372021fabaeec4e7e4242cfa27841\"},\"breadcrumb\":{\"@id\":\"https:\/\/www.gaveanews.com\/index.php\/2023\/10\/14\/dorival-junior-revela-problema-que-teve-com-pedro-no-flamengo\/#breadcrumb\"},\"inLanguage\":\"pt-BR\",\"potentialAction\":[{\"@type\":\"ReadAction\",\"target\":[\"https:\/\/www.gaveanews.com\/index.php\/2023\/10\/14\/dorival-junior-revela-problema-que-teve-com-pedro-no-flamengo\/\"]}]},{\"@type\":\"ImageObject\",\"inLanguage\":\"pt-BR\",\"@id\":\"https:\/\/www.gaveanews.com\/index.php\/2023\/10\/14\/dorival-junior-revela-problema-que-teve-com-pedro-no-flamengo\/#primaryimage\",\"url\":\"https:\/\/www.gaveanews.com\/wp-content\/uploads\/Pedro-faz-questao-de-exibir-o-seu-nome-apos-marcar-mais-um-gol-pelo-Flamengo.webp\",\"contentUrl\":\"https:\/\/www.gaveanews.com\/wp-content\/uploads\/Pedro-faz-questao-de-exibir-o-seu-nome-apos-marcar-mais-um-gol-pelo-Flamengo.webp\",\"width\":1080,\"height\":1350,\"caption\":\"Pedro faz quest\u00e3o de exibir o seu nome ap\u00f3s marcar mais um gol pelo Flamengo (Foto: Reprodu\u00e7\u00e3o\/Instagram)\"},{\"@type\":\"BreadcrumbList\",\"@id\":\"https:\/\/www.gaveanews.com\/index.php\/2023\/10\/14\/dorival-junior-revela-problema-que-teve-com-pedro-no-flamengo\/#breadcrumb\",\"itemListElement\":[{\"@type\":\"ListItem\",\"position\":1,\"name\":\"Home\",\"item\":\"https:\/\/www.gaveanews.com\/\"},{\"@type\":\"ListItem\",\"position\":2,\"name\":\"Dorival J\u00fanior revela problema que teve com Pedro no Flamengo\"}]},{\"@type\":\"WebSite\",\"@id\":\"https:\/\/www.gaveanews.com\/#website\",\"url\":\"https:\/\/www.gaveanews.com\/\",\"name\":\"G\u00e1vea News\",\"description\":\"Veja todas as not\u00edcias sobre o Flamengo: Contrata\u00e7\u00f5es, categorias de base, resultados das partidas, tabela de classifica\u00e7\u00e3o, pr\u00f3ximos jogos!\",\"potentialAction\":[{\"@type\":\"SearchAction\",\"target\":{\"@type\":\"EntryPoint\",\"urlTemplate\":\"https:\/\/www.gaveanews.com\/?s={search_term_string}\"},\"query-input\":{\"@type\":\"PropertyValueSpecification\",\"valueRequired\":true,\"valueName\":\"search_term_string\"}}],\"inLanguage\":\"pt-BR\"},{\"@type\":\"Person\",\"@id\":\"https:\/\/www.gaveanews.com\/#\/schema\/person\/3a0372021fabaeec4e7e4242cfa27841\",\"name\":\"Hugo Nogueira\",\"image\":{\"@type\":\"ImageObject\",\"inLanguage\":\"pt-BR\",\"@id\":\"https:\/\/www.gaveanews.com\/#\/schema\/person\/image\/\",\"url\":\"https:\/\/secure.gravatar.com\/avatar\/0cdd89f3b47bb55926c08eee2db992845cfdd53f84c9fdd47a49d89b3cd40c0a?s=96&d=mm&r=g\",\"contentUrl\":\"https:\/\/secure.gravatar.com\/avatar\/0cdd89f3b47bb55926c08eee2db992845cfdd53f84c9fdd47a49d89b3cd40c0a?s=96&d=mm&r=g\",\"caption\":\"Hugo Nogueira\"}}]}<\/script>\n<!-- \/ Yoast SEO Premium plugin. -->","yoast_head_json":{"title":"Dorival J\u00fanior revela problema que teve com Pedro no Flamengo","robots":{"index":"index","follow":"follow","max-snippet":"max-snippet:-1","max-image-preview":"max-image-preview:large","max-video-preview":"max-video-preview:-1"},"canonical":"https:\/\/www.gaveanews.com\/index.php\/2023\/10\/14\/dorival-junior-revela-problema-que-teve-com-pedro-no-flamengo\/","og_locale":"pt_BR","og_type":"article","og_title":"Dorival J\u00fanior revela problema que teve com Pedro no Flamengo","og_description":"Dorival J\u00fanior, ex-treinador do Flamengo e atualmente no S\u00e3o Paulo, compartilhou detalhes de sua passagem pelo clube carioca durante uma entrevista no programa Bola da Vez da ESPN. Uma das hist\u00f3rias citadas foi seu encontro com Pedro, que na \u00e9poca n\u00e3o estava alcan\u00e7ando o n\u00edvel de desempenho esperado. Dorival recordou a conversa franca que teve [&hellip;]","og_url":"https:\/\/www.gaveanews.com\/index.php\/2023\/10\/14\/dorival-junior-revela-problema-que-teve-com-pedro-no-flamengo\/","og_site_name":"G\u00e1vea News","article_publisher":"https:\/\/facebook.com\/gaveaNews\/","article_published_time":"2023-10-14T12:58:50+00:00","article_modified_time":"2023-10-16T02:32:34+00:00","og_image":[{"width":1080,"height":1350,"url":"https:\/\/www.gaveanews.com\/wp-content\/uploads\/Pedro-faz-questao-de-exibir-o-seu-nome-apos-marcar-mais-um-gol-pelo-Flamengo.webp","type":"image\/jpeg"}],"author":"Hugo Nogueira","twitter_card":"summary_large_image","twitter_misc":{"Escrito por":"Hugo Nogueira","Est. tempo de leitura":"2 minutos"},"schema":{"@context":"https:\/\/schema.org","@graph":[{"@type":"NewsArticle","@id":"https:\/\/www.gaveanews.com\/index.php\/2023\/10\/14\/dorival-junior-revela-problema-que-teve-com-pedro-no-flamengo\/#article","isPartOf":{"@id":"https:\/\/www.gaveanews.com\/index.php\/2023\/10\/14\/dorival-junior-revela-problema-que-teve-com-pedro-no-flamengo\/"},"author":{"name":"Hugo Nogueira","@id":"https:\/\/www.gaveanews.com\/#\/schema\/person\/3a0372021fabaeec4e7e4242cfa27841"},"headline":"Dorival J\u00fanior revela problema que teve com Pedro no Flamengo","datePublished":"2023-10-14T12:58:50+00:00","dateModified":"2023-10-16T02:32:34+00:00","mainEntityOfPage":{"@id":"https:\/\/www.gaveanews.com\/index.php\/2023\/10\/14\/dorival-junior-revela-problema-que-teve-com-pedro-no-flamengo\/"},"wordCount":286,"commentCount":0,"image":{"@id":"https:\/\/www.gaveanews.com\/index.php\/2023\/10\/14\/dorival-junior-revela-problema-que-teve-com-pedro-no-flamengo\/#primaryimage"},"thumbnailUrl":"https:\/\/www.gaveanews.com\/wp-content\/uploads\/Pedro-faz-questao-de-exibir-o-seu-nome-apos-marcar-mais-um-gol-pelo-Flamengo.webp","articleSection":["Flamengo"],"inLanguage":"pt-BR","potentialAction":[{"@type":"CommentAction","name":"Comment","target":["https:\/\/www.gaveanews.com\/index.php\/2023\/10\/14\/dorival-junior-revela-problema-que-teve-com-pedro-no-flamengo\/#respond"]}],"copyrightYear":"2023","copyrightHolder":{"@id":"https:\/\/www.gaveanews.com\/#organization"}},{"@type":"WebPage","@id":"https:\/\/www.gaveanews.com\/index.php\/2023\/10\/14\/dorival-junior-revela-problema-que-teve-com-pedro-no-flamengo\/","url":"https:\/\/www.gaveanews.com\/index.php\/2023\/10\/14\/dorival-junior-revela-problema-que-teve-com-pedro-no-flamengo\/","name":"Dorival J\u00fanior revela problema que teve com Pedro no Flamengo","isPartOf":{"@id":"https:\/\/www.gaveanews.com\/#website"},"primaryImageOfPage":{"@id":"https:\/\/www.gaveanews.com\/index.php\/2023\/10\/14\/dorival-junior-revela-problema-que-teve-com-pedro-no-flamengo\/#primaryimage"},"image":{"@id":"https:\/\/www.gaveanews.com\/index.php\/2023\/10\/14\/dorival-junior-revela-problema-que-teve-com-pedro-no-flamengo\/#primaryimage"},"thumbnailUrl":"https:\/\/www.gaveanews.com\/wp-content\/uploads\/Pedro-faz-questao-de-exibir-o-seu-nome-apos-marcar-mais-um-gol-pelo-Flamengo.webp","datePublished":"2023-10-14T12:58:50+00:00","dateModified":"2023-10-16T02:32:34+00:00","author":{"@id":"https:\/\/www.gaveanews.com\/#\/schema\/person\/3a0372021fabaeec4e7e4242cfa27841"},"breadcrumb":{"@id":"https:\/\/www.gaveanews.com\/index.php\/2023\/10\/14\/dorival-junior-revela-problema-que-teve-com-pedro-no-flamengo\/#breadcrumb"},"inLanguage":"pt-BR","potentialAction":[{"@type":"ReadAction","target":["https:\/\/www.gaveanews.com\/index.php\/2023\/10\/14\/dorival-junior-revela-problema-que-teve-com-pedro-no-flamengo\/"]}]},{"@type":"ImageObject","inLanguage":"pt-BR","@id":"https:\/\/www.gaveanews.com\/index.php\/2023\/10\/14\/dorival-junior-revela-problema-que-teve-com-pedro-no-flamengo\/#primaryimage","url":"https:\/\/www.gaveanews.com\/wp-content\/uploads\/Pedro-faz-questao-de-exibir-o-seu-nome-apos-marcar-mais-um-gol-pelo-Flamengo.webp","contentUrl":"https:\/\/www.gaveanews.com\/wp-content\/uploads\/Pedro-faz-questao-de-exibir-o-seu-nome-apos-marcar-mais-um-gol-pelo-Flamengo.webp","width":1080,"height":1350,"caption":"Pedro faz quest\u00e3o de exibir o seu nome ap\u00f3s marcar mais um gol pelo Flamengo (Foto: Reprodu\u00e7\u00e3o\/Instagram)"},{"@type":"BreadcrumbList","@id":"https:\/\/www.gaveanews.com\/index.php\/2023\/10\/14\/dorival-junior-revela-problema-que-teve-com-pedro-no-flamengo\/#breadcrumb","itemListElement":[{"@type":"ListItem","position":1,"name":"Home","item":"https:\/\/www.gaveanews.com\/"},{"@type":"ListItem","position":2,"name":"Dorival J\u00fanior revela problema que teve com Pedro no Flamengo"}]},{"@type":"WebSite","@id":"https:\/\/www.gaveanews.com\/#website","url":"https:\/\/www.gaveanews.com\/","name":"G\u00e1vea News","description":"Veja todas as not\u00edcias sobre o Flamengo: Contrata\u00e7\u00f5es, categorias de base, resultados das partidas, tabela de classifica\u00e7\u00e3o, pr\u00f3ximos jogos!","potentialAction":[{"@type":"SearchAction","target":{"@type":"EntryPoint","urlTemplate":"https:\/\/www.gaveanews.com\/?s={search_term_string}"},"query-input":{"@type":"PropertyValueSpecification","valueRequired":true,"valueName":"search_term_string"}}],"inLanguage":"pt-BR"},{"@type":"Person","@id":"https:\/\/www.gaveanews.com\/#\/schema\/person\/3a0372021fabaeec4e7e4242cfa27841","name":"Hugo Nogueira","image":{"@type":"ImageObject","inLanguage":"pt-BR","@id":"https:\/\/www.gaveanews.com\/#\/schema\/person\/image\/","url":"https:\/\/secure.gravatar.com\/avatar\/0cdd89f3b47bb55926c08eee2db992845cfdd53f84c9fdd47a49d89b3cd40c0a?s=96&d=mm&r=g","contentUrl":"https:\/\/secure.gravatar.com\/avatar\/0cdd89f3b47bb55926c08eee2db992845cfdd53f84c9fdd47a49d89b3cd40c0a?s=96&d=mm&r=g","caption":"Hugo Nogueira"}}]}},"_links":{"self":[{"href":"https:\/\/www.gaveanews.com\/index.php\/wp-json\/wp\/v2\/posts\/108294","targetHints":{"allow":["GET"]}}],"collection":[{"href":"https:\/\/www.gaveanews.com\/index.php\/wp-json\/wp\/v2\/posts"}],"about":[{"href":"https:\/\/www.gaveanews.com\/index.php\/wp-json\/wp\/v2\/types\/post"}],"author":[{"embeddable":true,"href":"https:\/\/www.gaveanews.com\/index.php\/wp-json\/wp\/v2\/users\/2"}],"replies":[{"embeddable":true,"href":"https:\/\/www.gaveanews.com\/index.php\/wp-json\/wp\/v2\/comments?post=108294"}],"version-history":[{"count":0,"href":"https:\/\/www.gaveanews.com\/index.php\/wp-json\/wp\/v2\/posts\/108294\/revisions"}],"wp:featuredmedia":[{"embeddable":true,"href":"https:\/\/www.gaveanews.com\/index.php\/wp-json\/wp\/v2\/media\/96460"}],"wp:attachment":[{"href":"https:\/\/www.gaveanews.com\/index.php\/wp-json\/wp\/v2\/media?parent=108294"}],"wp:term":[{"taxonomy":"category","embeddable":true,"href":"https:\/\/www.gaveanews.com\/index.php\/wp-json\/wp\/v2\/categories?post=108294"},{"taxonomy":"post_tag","embeddable":true,"href":"https:\/\/www.gaveanews.com\/index.php\/wp-json\/wp\/v2\/tags?post=108294"}],"curies":[{"name":"wp","href":"https:\/\/api.w.org\/{rel}","templated":true}]}}