{"id":108304,"date":"2023-10-14T13:46:22","date_gmt":"2023-10-14T16:46:22","guid":{"rendered":"https:\/\/www.gaveanews.com\/?p=108304"},"modified":"2024-04-06T23:21:39","modified_gmt":"2024-04-07T02:21:39","slug":"flamengo-emite-nota-oficial-sobre-tite-3","status":"publish","type":"post","link":"https:\/\/www.gaveanews.com\/index.php\/2023\/10\/14\/flamengo-emite-nota-oficial-sobre-tite-3\/","title":{"rendered":"Flamengo emite nota oficial sobre Tite"},"content":{"rendered":"\n<p>O Flamengo emitiu uma nota oficial para informar que realizou ajustes em sua programa\u00e7\u00e3o em rela\u00e7\u00e3o  a apresenta\u00e7\u00e3o do t\u00e9cnico Tite. Inicialmente marcada para ter\u00e7a-feira (17 de outubro), a coletiva foi adiada e agora est\u00e1 agendada para a pr\u00f3xima segunda-feira (16), \u00e0s 14h30 (hor\u00e1rio de Bras\u00edlia).<\/p>\n\n\n\n<p>Normalmente um t\u00e9cnico \u00e9 apresentado assim que chega ao clube, por\u00e9m a diretoria optou por adiar tal procedimento. E uma das raz\u00f5es para o adiamento foi a espera pelo retorno do presidente, Rodolfo Landim, que estava em per\u00edodo de f\u00e9rias. A diretoria do Flamengo considerou fundamental a presen\u00e7a do presidente para dar as boas-vindas a Tite e participar deste momento.<\/p>\n\n\n\n<p>Durante a semana, surgiram especula\u00e7\u00f5es sobre o local da coletiva, devido \u00e0 grande demanda de jornalistas interessados em cobrir o evento. Rumores apontavam que a G\u00e1vea, sede do clube, poderia ser o cen\u00e1rio da apresenta\u00e7\u00e3o, mas o Flamengo optou por manter a apresenta\u00e7\u00e3o em seu Centro de Treinamento, o Ninho do Urubu.<\/p>\n\n\n\n<p>O time Mais Querido tamb\u00e9m informou que, devido \u00e0 capacidade limitada de acomoda\u00e7\u00e3o de imprensa, apenas 50 vagas estar\u00e3o dispon\u00edveis para jornalistas credenciados.<\/p>\n","protected":false},"excerpt":{"rendered":"<p>O Flamengo emitiu uma nota oficial para informar que realizou ajustes em sua programa\u00e7\u00e3o em rela\u00e7\u00e3o a apresenta\u00e7\u00e3o do t\u00e9cnico Tite. Inicialmente marcada para ter\u00e7a-feira (17 de outubro), a coletiva foi adiada e agora est\u00e1 agendada para a pr\u00f3xima segunda-feira (16), \u00e0s 14h30 (hor\u00e1rio de Bras\u00edlia). Normalmente um t\u00e9cnico \u00e9 apresentado assim que chega ao [&hellip;]<\/p>\n","protected":false},"author":2,"featured_media":108306,"comment_status":"open","ping_status":"closed","sticky":false,"template":"","format":"standard","meta":{"footnotes":""},"categories":[1],"tags":[171],"class_list":["post-108304","post","type-post","status-publish","format-standard","has-post-thumbnail","hentry","category-flamengo","tag-adenor-leonardo-bachi-tite"],"yoast_head":"<!-- This site is optimized with the Yoast SEO Premium plugin v24.2 (Yoast SEO v26.9) - https:\/\/yoast.com\/product\/yoast-seo-premium-wordpress\/ -->\n<title>Flamengo emite nota oficial sobre Tite<\/title>\n<meta name=\"robots\" content=\"index, follow, max-snippet:-1, max-image-preview:large, max-video-preview:-1\" \/>\n<link rel=\"canonical\" href=\"https:\/\/www.gaveanews.com\/index.php\/2023\/10\/14\/flamengo-emite-nota-oficial-sobre-tite-3\/\" \/>\n<meta property=\"og:locale\" content=\"pt_BR\" \/>\n<meta property=\"og:type\" content=\"article\" \/>\n<meta property=\"og:title\" content=\"Flamengo emite nota oficial sobre Tite\" \/>\n<meta property=\"og:description\" content=\"O Flamengo emitiu uma nota oficial para informar que realizou ajustes em sua programa\u00e7\u00e3o em rela\u00e7\u00e3o a apresenta\u00e7\u00e3o do t\u00e9cnico Tite. Inicialmente marcada para ter\u00e7a-feira (17 de outubro), a coletiva foi adiada e agora est\u00e1 agendada para a pr\u00f3xima segunda-feira (16), \u00e0s 14h30 (hor\u00e1rio de Bras\u00edlia). Normalmente um t\u00e9cnico \u00e9 apresentado assim que chega ao [&hellip;]\" \/>\n<meta property=\"og:url\" content=\"https:\/\/www.gaveanews.com\/index.php\/2023\/10\/14\/flamengo-emite-nota-oficial-sobre-tite-3\/\" \/>\n<meta property=\"og:site_name\" content=\"G\u00e1vea News\" \/>\n<meta property=\"article:publisher\" content=\"https:\/\/facebook.com\/gaveaNews\/\" \/>\n<meta property=\"article:published_time\" content=\"2023-10-14T16:46:22+00:00\" \/>\n<meta property=\"article:modified_time\" content=\"2024-04-07T02:21:39+00:00\" \/>\n<meta property=\"og:image\" content=\"https:\/\/www.gaveanews.com\/wp-content\/uploads\/Tite-e-Bruno-Henrique-durante-treino-do-Flamengo-scaled.webp\" \/>\n\t<meta property=\"og:image:width\" content=\"2560\" \/>\n\t<meta property=\"og:image:height\" content=\"1706\" \/>\n\t<meta property=\"og:image:type\" content=\"image\/jpeg\" \/>\n<meta name=\"author\" content=\"Hugo Nogueira\" \/>\n<meta name=\"twitter:card\" content=\"summary_large_image\" \/>\n<meta name=\"twitter:label1\" content=\"Escrito por\" \/>\n\t<meta name=\"twitter:data1\" content=\"Hugo Nogueira\" \/>\n\t<meta name=\"twitter:label2\" content=\"Est. tempo de leitura\" \/>\n\t<meta name=\"twitter:data2\" content=\"1 minuto\" \/>\n<script type=\"application\/ld+json\" class=\"yoast-schema-graph\">{\"@context\":\"https:\/\/schema.org\",\"@graph\":[{\"@type\":\"NewsArticle\",\"@id\":\"https:\/\/www.gaveanews.com\/index.php\/2023\/10\/14\/flamengo-emite-nota-oficial-sobre-tite-3\/#article\",\"isPartOf\":{\"@id\":\"https:\/\/www.gaveanews.com\/index.php\/2023\/10\/14\/flamengo-emite-nota-oficial-sobre-tite-3\/\"},\"author\":{\"name\":\"Hugo Nogueira\",\"@id\":\"https:\/\/www.gaveanews.com\/#\/schema\/person\/3a0372021fabaeec4e7e4242cfa27841\"},\"headline\":\"Flamengo emite nota oficial sobre Tite\",\"datePublished\":\"2023-10-14T16:46:22+00:00\",\"dateModified\":\"2024-04-07T02:21:39+00:00\",\"mainEntityOfPage\":{\"@id\":\"https:\/\/www.gaveanews.com\/index.php\/2023\/10\/14\/flamengo-emite-nota-oficial-sobre-tite-3\/\"},\"wordCount\":204,\"commentCount\":0,\"image\":{\"@id\":\"https:\/\/www.gaveanews.com\/index.php\/2023\/10\/14\/flamengo-emite-nota-oficial-sobre-tite-3\/#primaryimage\"},\"thumbnailUrl\":\"https:\/\/www.gaveanews.com\/wp-content\/uploads\/Tite-e-Bruno-Henrique-durante-treino-do-Flamengo-scaled.webp\",\"keywords\":[\"Adenor Leonardo Bachi\"],\"articleSection\":[\"Flamengo\"],\"inLanguage\":\"pt-BR\",\"potentialAction\":[{\"@type\":\"CommentAction\",\"name\":\"Comment\",\"target\":[\"https:\/\/www.gaveanews.com\/index.php\/2023\/10\/14\/flamengo-emite-nota-oficial-sobre-tite-3\/#respond\"]}],\"copyrightYear\":\"2023\",\"copyrightHolder\":{\"@id\":\"https:\/\/www.gaveanews.com\/#organization\"}},{\"@type\":\"WebPage\",\"@id\":\"https:\/\/www.gaveanews.com\/index.php\/2023\/10\/14\/flamengo-emite-nota-oficial-sobre-tite-3\/\",\"url\":\"https:\/\/www.gaveanews.com\/index.php\/2023\/10\/14\/flamengo-emite-nota-oficial-sobre-tite-3\/\",\"name\":\"Flamengo emite nota oficial sobre Tite\",\"isPartOf\":{\"@id\":\"https:\/\/www.gaveanews.com\/#website\"},\"primaryImageOfPage\":{\"@id\":\"https:\/\/www.gaveanews.com\/index.php\/2023\/10\/14\/flamengo-emite-nota-oficial-sobre-tite-3\/#primaryimage\"},\"image\":{\"@id\":\"https:\/\/www.gaveanews.com\/index.php\/2023\/10\/14\/flamengo-emite-nota-oficial-sobre-tite-3\/#primaryimage\"},\"thumbnailUrl\":\"https:\/\/www.gaveanews.com\/wp-content\/uploads\/Tite-e-Bruno-Henrique-durante-treino-do-Flamengo-scaled.webp\",\"datePublished\":\"2023-10-14T16:46:22+00:00\",\"dateModified\":\"2024-04-07T02:21:39+00:00\",\"author\":{\"@id\":\"https:\/\/www.gaveanews.com\/#\/schema\/person\/3a0372021fabaeec4e7e4242cfa27841\"},\"breadcrumb\":{\"@id\":\"https:\/\/www.gaveanews.com\/index.php\/2023\/10\/14\/flamengo-emite-nota-oficial-sobre-tite-3\/#breadcrumb\"},\"inLanguage\":\"pt-BR\",\"potentialAction\":[{\"@type\":\"ReadAction\",\"target\":[\"https:\/\/www.gaveanews.com\/index.php\/2023\/10\/14\/flamengo-emite-nota-oficial-sobre-tite-3\/\"]}]},{\"@type\":\"ImageObject\",\"inLanguage\":\"pt-BR\",\"@id\":\"https:\/\/www.gaveanews.com\/index.php\/2023\/10\/14\/flamengo-emite-nota-oficial-sobre-tite-3\/#primaryimage\",\"url\":\"https:\/\/www.gaveanews.com\/wp-content\/uploads\/Tite-e-Bruno-Henrique-durante-treino-do-Flamengo-scaled.webp\",\"contentUrl\":\"https:\/\/www.gaveanews.com\/wp-content\/uploads\/Tite-e-Bruno-Henrique-durante-treino-do-Flamengo-scaled.webp\",\"width\":2560,\"height\":1706,\"caption\":\"Tite e Bruno Henrique durante treino do Flamengo (Foto: Reprodu\u00e7\u00e3o\/Flamengo)\"},{\"@type\":\"BreadcrumbList\",\"@id\":\"https:\/\/www.gaveanews.com\/index.php\/2023\/10\/14\/flamengo-emite-nota-oficial-sobre-tite-3\/#breadcrumb\",\"itemListElement\":[{\"@type\":\"ListItem\",\"position\":1,\"name\":\"Home\",\"item\":\"https:\/\/www.gaveanews.com\/\"},{\"@type\":\"ListItem\",\"position\":2,\"name\":\"Flamengo emite nota oficial sobre Tite\"}]},{\"@type\":\"WebSite\",\"@id\":\"https:\/\/www.gaveanews.com\/#website\",\"url\":\"https:\/\/www.gaveanews.com\/\",\"name\":\"G\u00e1vea News\",\"description\":\"Veja todas as not\u00edcias sobre o Flamengo: Contrata\u00e7\u00f5es, categorias de base, resultados das partidas, tabela de classifica\u00e7\u00e3o, pr\u00f3ximos jogos!\",\"potentialAction\":[{\"@type\":\"SearchAction\",\"target\":{\"@type\":\"EntryPoint\",\"urlTemplate\":\"https:\/\/www.gaveanews.com\/?s={search_term_string}\"},\"query-input\":{\"@type\":\"PropertyValueSpecification\",\"valueRequired\":true,\"valueName\":\"search_term_string\"}}],\"inLanguage\":\"pt-BR\"},{\"@type\":\"Person\",\"@id\":\"https:\/\/www.gaveanews.com\/#\/schema\/person\/3a0372021fabaeec4e7e4242cfa27841\",\"name\":\"Hugo Nogueira\",\"image\":{\"@type\":\"ImageObject\",\"inLanguage\":\"pt-BR\",\"@id\":\"https:\/\/www.gaveanews.com\/#\/schema\/person\/image\/\",\"url\":\"https:\/\/secure.gravatar.com\/avatar\/0cdd89f3b47bb55926c08eee2db992845cfdd53f84c9fdd47a49d89b3cd40c0a?s=96&d=mm&r=g\",\"contentUrl\":\"https:\/\/secure.gravatar.com\/avatar\/0cdd89f3b47bb55926c08eee2db992845cfdd53f84c9fdd47a49d89b3cd40c0a?s=96&d=mm&r=g\",\"caption\":\"Hugo Nogueira\"}}]}<\/script>\n<!-- \/ Yoast SEO Premium plugin. -->","yoast_head_json":{"title":"Flamengo emite nota oficial sobre Tite","robots":{"index":"index","follow":"follow","max-snippet":"max-snippet:-1","max-image-preview":"max-image-preview:large","max-video-preview":"max-video-preview:-1"},"canonical":"https:\/\/www.gaveanews.com\/index.php\/2023\/10\/14\/flamengo-emite-nota-oficial-sobre-tite-3\/","og_locale":"pt_BR","og_type":"article","og_title":"Flamengo emite nota oficial sobre Tite","og_description":"O Flamengo emitiu uma nota oficial para informar que realizou ajustes em sua programa\u00e7\u00e3o em rela\u00e7\u00e3o a apresenta\u00e7\u00e3o do t\u00e9cnico Tite. Inicialmente marcada para ter\u00e7a-feira (17 de outubro), a coletiva foi adiada e agora est\u00e1 agendada para a pr\u00f3xima segunda-feira (16), \u00e0s 14h30 (hor\u00e1rio de Bras\u00edlia). Normalmente um t\u00e9cnico \u00e9 apresentado assim que chega ao [&hellip;]","og_url":"https:\/\/www.gaveanews.com\/index.php\/2023\/10\/14\/flamengo-emite-nota-oficial-sobre-tite-3\/","og_site_name":"G\u00e1vea News","article_publisher":"https:\/\/facebook.com\/gaveaNews\/","article_published_time":"2023-10-14T16:46:22+00:00","article_modified_time":"2024-04-07T02:21:39+00:00","og_image":[{"width":2560,"height":1706,"url":"https:\/\/www.gaveanews.com\/wp-content\/uploads\/Tite-e-Bruno-Henrique-durante-treino-do-Flamengo-scaled.webp","type":"image\/jpeg"}],"author":"Hugo Nogueira","twitter_card":"summary_large_image","twitter_misc":{"Escrito por":"Hugo Nogueira","Est. tempo de leitura":"1 minuto"},"schema":{"@context":"https:\/\/schema.org","@graph":[{"@type":"NewsArticle","@id":"https:\/\/www.gaveanews.com\/index.php\/2023\/10\/14\/flamengo-emite-nota-oficial-sobre-tite-3\/#article","isPartOf":{"@id":"https:\/\/www.gaveanews.com\/index.php\/2023\/10\/14\/flamengo-emite-nota-oficial-sobre-tite-3\/"},"author":{"name":"Hugo Nogueira","@id":"https:\/\/www.gaveanews.com\/#\/schema\/person\/3a0372021fabaeec4e7e4242cfa27841"},"headline":"Flamengo emite nota oficial sobre Tite","datePublished":"2023-10-14T16:46:22+00:00","dateModified":"2024-04-07T02:21:39+00:00","mainEntityOfPage":{"@id":"https:\/\/www.gaveanews.com\/index.php\/2023\/10\/14\/flamengo-emite-nota-oficial-sobre-tite-3\/"},"wordCount":204,"commentCount":0,"image":{"@id":"https:\/\/www.gaveanews.com\/index.php\/2023\/10\/14\/flamengo-emite-nota-oficial-sobre-tite-3\/#primaryimage"},"thumbnailUrl":"https:\/\/www.gaveanews.com\/wp-content\/uploads\/Tite-e-Bruno-Henrique-durante-treino-do-Flamengo-scaled.webp","keywords":["Adenor Leonardo Bachi"],"articleSection":["Flamengo"],"inLanguage":"pt-BR","potentialAction":[{"@type":"CommentAction","name":"Comment","target":["https:\/\/www.gaveanews.com\/index.php\/2023\/10\/14\/flamengo-emite-nota-oficial-sobre-tite-3\/#respond"]}],"copyrightYear":"2023","copyrightHolder":{"@id":"https:\/\/www.gaveanews.com\/#organization"}},{"@type":"WebPage","@id":"https:\/\/www.gaveanews.com\/index.php\/2023\/10\/14\/flamengo-emite-nota-oficial-sobre-tite-3\/","url":"https:\/\/www.gaveanews.com\/index.php\/2023\/10\/14\/flamengo-emite-nota-oficial-sobre-tite-3\/","name":"Flamengo emite nota oficial sobre Tite","isPartOf":{"@id":"https:\/\/www.gaveanews.com\/#website"},"primaryImageOfPage":{"@id":"https:\/\/www.gaveanews.com\/index.php\/2023\/10\/14\/flamengo-emite-nota-oficial-sobre-tite-3\/#primaryimage"},"image":{"@id":"https:\/\/www.gaveanews.com\/index.php\/2023\/10\/14\/flamengo-emite-nota-oficial-sobre-tite-3\/#primaryimage"},"thumbnailUrl":"https:\/\/www.gaveanews.com\/wp-content\/uploads\/Tite-e-Bruno-Henrique-durante-treino-do-Flamengo-scaled.webp","datePublished":"2023-10-14T16:46:22+00:00","dateModified":"2024-04-07T02:21:39+00:00","author":{"@id":"https:\/\/www.gaveanews.com\/#\/schema\/person\/3a0372021fabaeec4e7e4242cfa27841"},"breadcrumb":{"@id":"https:\/\/www.gaveanews.com\/index.php\/2023\/10\/14\/flamengo-emite-nota-oficial-sobre-tite-3\/#breadcrumb"},"inLanguage":"pt-BR","potentialAction":[{"@type":"ReadAction","target":["https:\/\/www.gaveanews.com\/index.php\/2023\/10\/14\/flamengo-emite-nota-oficial-sobre-tite-3\/"]}]},{"@type":"ImageObject","inLanguage":"pt-BR","@id":"https:\/\/www.gaveanews.com\/index.php\/2023\/10\/14\/flamengo-emite-nota-oficial-sobre-tite-3\/#primaryimage","url":"https:\/\/www.gaveanews.com\/wp-content\/uploads\/Tite-e-Bruno-Henrique-durante-treino-do-Flamengo-scaled.webp","contentUrl":"https:\/\/www.gaveanews.com\/wp-content\/uploads\/Tite-e-Bruno-Henrique-durante-treino-do-Flamengo-scaled.webp","width":2560,"height":1706,"caption":"Tite e Bruno Henrique durante treino do Flamengo (Foto: Reprodu\u00e7\u00e3o\/Flamengo)"},{"@type":"BreadcrumbList","@id":"https:\/\/www.gaveanews.com\/index.php\/2023\/10\/14\/flamengo-emite-nota-oficial-sobre-tite-3\/#breadcrumb","itemListElement":[{"@type":"ListItem","position":1,"name":"Home","item":"https:\/\/www.gaveanews.com\/"},{"@type":"ListItem","position":2,"name":"Flamengo emite nota oficial sobre Tite"}]},{"@type":"WebSite","@id":"https:\/\/www.gaveanews.com\/#website","url":"https:\/\/www.gaveanews.com\/","name":"G\u00e1vea News","description":"Veja todas as not\u00edcias sobre o Flamengo: Contrata\u00e7\u00f5es, categorias de base, resultados das partidas, tabela de classifica\u00e7\u00e3o, pr\u00f3ximos jogos!","potentialAction":[{"@type":"SearchAction","target":{"@type":"EntryPoint","urlTemplate":"https:\/\/www.gaveanews.com\/?s={search_term_string}"},"query-input":{"@type":"PropertyValueSpecification","valueRequired":true,"valueName":"search_term_string"}}],"inLanguage":"pt-BR"},{"@type":"Person","@id":"https:\/\/www.gaveanews.com\/#\/schema\/person\/3a0372021fabaeec4e7e4242cfa27841","name":"Hugo Nogueira","image":{"@type":"ImageObject","inLanguage":"pt-BR","@id":"https:\/\/www.gaveanews.com\/#\/schema\/person\/image\/","url":"https:\/\/secure.gravatar.com\/avatar\/0cdd89f3b47bb55926c08eee2db992845cfdd53f84c9fdd47a49d89b3cd40c0a?s=96&d=mm&r=g","contentUrl":"https:\/\/secure.gravatar.com\/avatar\/0cdd89f3b47bb55926c08eee2db992845cfdd53f84c9fdd47a49d89b3cd40c0a?s=96&d=mm&r=g","caption":"Hugo Nogueira"}}]}},"_links":{"self":[{"href":"https:\/\/www.gaveanews.com\/index.php\/wp-json\/wp\/v2\/posts\/108304","targetHints":{"allow":["GET"]}}],"collection":[{"href":"https:\/\/www.gaveanews.com\/index.php\/wp-json\/wp\/v2\/posts"}],"about":[{"href":"https:\/\/www.gaveanews.com\/index.php\/wp-json\/wp\/v2\/types\/post"}],"author":[{"embeddable":true,"href":"https:\/\/www.gaveanews.com\/index.php\/wp-json\/wp\/v2\/users\/2"}],"replies":[{"embeddable":true,"href":"https:\/\/www.gaveanews.com\/index.php\/wp-json\/wp\/v2\/comments?post=108304"}],"version-history":[{"count":1,"href":"https:\/\/www.gaveanews.com\/index.php\/wp-json\/wp\/v2\/posts\/108304\/revisions"}],"predecessor-version":[{"id":134929,"href":"https:\/\/www.gaveanews.com\/index.php\/wp-json\/wp\/v2\/posts\/108304\/revisions\/134929"}],"wp:featuredmedia":[{"embeddable":true,"href":"https:\/\/www.gaveanews.com\/index.php\/wp-json\/wp\/v2\/media\/108306"}],"wp:attachment":[{"href":"https:\/\/www.gaveanews.com\/index.php\/wp-json\/wp\/v2\/media?parent=108304"}],"wp:term":[{"taxonomy":"category","embeddable":true,"href":"https:\/\/www.gaveanews.com\/index.php\/wp-json\/wp\/v2\/categories?post=108304"},{"taxonomy":"post_tag","embeddable":true,"href":"https:\/\/www.gaveanews.com\/index.php\/wp-json\/wp\/v2\/tags?post=108304"}],"curies":[{"name":"wp","href":"https:\/\/api.w.org\/{rel}","templated":true}]}}