{"id":108318,"date":"2023-10-15T10:13:18","date_gmt":"2023-10-15T13:13:18","guid":{"rendered":"https:\/\/www.gaveanews.com\/?p=108318"},"modified":"2023-10-15T23:32:12","modified_gmt":"2023-10-16T02:32:12","slug":"flamengo-trava-guerra-nos-bastidores-para-nao-ser-prejudicado-pela-conmebol","status":"publish","type":"post","link":"https:\/\/www.gaveanews.com\/index.php\/2023\/10\/15\/flamengo-trava-guerra-nos-bastidores-para-nao-ser-prejudicado-pela-conmebol\/","title":{"rendered":"Flamengo trava &#8216;guerra&#8217; nos bastidores para n\u00e3o ser prejudicado pela Conmebol"},"content":{"rendered":"\n<p>O Maracan\u00e3 se tornou o centro de um impasse envolvendo o Flamengo, a CBF e a Conmebol. O Mais Querido expressou seu desejo de realizar um jogo contra o Red Bull Bragantino no Maracan\u00e3, programado para os dias 28 ou 29 de outubro, apenas uma semana antes da final da Libertadores, que est\u00e1 agendada para 4 de novembro no est\u00e1dio.<\/p>\n\n\n\n<p>O presidente do Flamengo, Rodolfo Landim, afirmou que n\u00e3o abrir\u00e1 m\u00e3o de jogar no Maracan\u00e3 e que n\u00e3o consultou a Conmebol sobre o caso. Landim alega que a decis\u00e3o de realizar a final da Libertadores no Maracan\u00e3 foi tomada sem consulta ao Flamengo e que ele n\u00e3o teve contato com os l\u00edderes da Conmebol.<\/p>\n\n\n\n<p><em>\u2014 Tenho a garantia de todos envolvidos no operacional do est\u00e1dio que realizar o jogo contra o Bragantino n\u00e3o vai atrapalhar em nada a final do dia 4 de novembro. Recebi mensagem do Julio Avellar (diretor de competi\u00e7\u00f5es da CBF). Ele disse que queria conversar comigo. Eu o recebi em casa, num caf\u00e9 da manh\u00e3. Disse que n\u00e3o poderia fazer o jogo do Bragantino antes, pois assim eles iriam jogar tr\u00eas vezes consecutivas fora de casa (jogariam contra Flamengo, Athletico e Santos). E eu j\u00e1 tinha aceitado, mesmo com a condi\u00e7\u00e3o que a gente (Flamengo) estava, ainda trocando de t\u00e9cnico. Mas, ent\u00e3o, quem n\u00e3o pode jogar tr\u00eas vezes fora de casa sou eu, porque tenho Bragantino, Gr\u00eamio (fora) e Santos, que j\u00e1 aceitei jogar em Bras\u00edlia<\/em>, disse Landim.<\/p>\n\n\n\n<p>Leia tamb\u00e9m: <a href=\"https:\/\/www.gaveanews.com\/index.php\/2023\/10\/13\/futebol-na-tv-rede-globo-ira-realizar-alteracoes-importantes-em-2024\/\">Futebol na TV: Rede Globo ir\u00e1 realizar altera\u00e7\u00f5es importantes em 2024<\/a><\/p>\n","protected":false},"excerpt":{"rendered":"<p>O Maracan\u00e3 se tornou o centro de um impasse envolvendo o Flamengo, a CBF e a Conmebol. O Mais Querido expressou seu desejo de realizar um jogo contra o Red Bull Bragantino no Maracan\u00e3, programado para os dias 28 ou 29 de outubro, apenas uma semana antes da final da Libertadores, que est\u00e1 agendada para [&hellip;]<\/p>\n","protected":false},"author":2,"featured_media":15077,"comment_status":"open","ping_status":"closed","sticky":false,"template":"","format":"standard","meta":{"footnotes":""},"categories":[1],"tags":[],"class_list":["post-108318","post","type-post","status-publish","format-standard","has-post-thumbnail","hentry","category-flamengo"],"yoast_head":"<!-- This site is optimized with the Yoast SEO Premium plugin v24.2 (Yoast SEO v26.9) - https:\/\/yoast.com\/product\/yoast-seo-premium-wordpress\/ -->\n<title>Flamengo trava &#039;guerra&#039; nos bastidores para n\u00e3o ser prejudicado pela Conmebol<\/title>\n<meta name=\"robots\" content=\"index, follow, max-snippet:-1, max-image-preview:large, max-video-preview:-1\" \/>\n<link rel=\"canonical\" href=\"https:\/\/www.gaveanews.com\/index.php\/2023\/10\/15\/flamengo-trava-guerra-nos-bastidores-para-nao-ser-prejudicado-pela-conmebol\/\" \/>\n<meta property=\"og:locale\" content=\"pt_BR\" \/>\n<meta property=\"og:type\" content=\"article\" \/>\n<meta property=\"og:title\" content=\"Flamengo trava &#039;guerra&#039; nos bastidores para n\u00e3o ser prejudicado pela Conmebol\" \/>\n<meta property=\"og:description\" content=\"O Maracan\u00e3 se tornou o centro de um impasse envolvendo o Flamengo, a CBF e a Conmebol. O Mais Querido expressou seu desejo de realizar um jogo contra o Red Bull Bragantino no Maracan\u00e3, programado para os dias 28 ou 29 de outubro, apenas uma semana antes da final da Libertadores, que est\u00e1 agendada para [&hellip;]\" \/>\n<meta property=\"og:url\" content=\"https:\/\/www.gaveanews.com\/index.php\/2023\/10\/15\/flamengo-trava-guerra-nos-bastidores-para-nao-ser-prejudicado-pela-conmebol\/\" \/>\n<meta property=\"og:site_name\" content=\"G\u00e1vea News\" \/>\n<meta property=\"article:publisher\" content=\"https:\/\/facebook.com\/gaveaNews\/\" \/>\n<meta property=\"article:published_time\" content=\"2023-10-15T13:13:18+00:00\" \/>\n<meta property=\"article:modified_time\" content=\"2023-10-16T02:32:12+00:00\" \/>\n<meta property=\"og:image\" content=\"https:\/\/www.gaveanews.com\/wp-content\/uploads\/2019\/03\/Rodolfo-Landim-durante-entrevista-coletiva-na-Gavea.webp\" \/>\n\t<meta property=\"og:image:width\" content=\"1\" \/>\n\t<meta property=\"og:image:height\" content=\"1\" \/>\n\t<meta property=\"og:image:type\" content=\"image\/jpeg\" \/>\n<meta name=\"author\" content=\"Hugo Nogueira\" \/>\n<meta name=\"twitter:card\" content=\"summary_large_image\" \/>\n<meta name=\"twitter:label1\" content=\"Escrito por\" \/>\n\t<meta name=\"twitter:data1\" content=\"Hugo Nogueira\" \/>\n\t<meta name=\"twitter:label2\" content=\"Est. tempo de leitura\" \/>\n\t<meta name=\"twitter:data2\" content=\"2 minutos\" \/>\n<script type=\"application\/ld+json\" class=\"yoast-schema-graph\">{\"@context\":\"https:\/\/schema.org\",\"@graph\":[{\"@type\":\"NewsArticle\",\"@id\":\"https:\/\/www.gaveanews.com\/index.php\/2023\/10\/15\/flamengo-trava-guerra-nos-bastidores-para-nao-ser-prejudicado-pela-conmebol\/#article\",\"isPartOf\":{\"@id\":\"https:\/\/www.gaveanews.com\/index.php\/2023\/10\/15\/flamengo-trava-guerra-nos-bastidores-para-nao-ser-prejudicado-pela-conmebol\/\"},\"author\":{\"name\":\"Hugo Nogueira\",\"@id\":\"https:\/\/www.gaveanews.com\/#\/schema\/person\/3a0372021fabaeec4e7e4242cfa27841\"},\"headline\":\"Flamengo trava &#8216;guerra&#8217; nos bastidores para n\u00e3o ser prejudicado pela Conmebol\",\"datePublished\":\"2023-10-15T13:13:18+00:00\",\"dateModified\":\"2023-10-16T02:32:12+00:00\",\"mainEntityOfPage\":{\"@id\":\"https:\/\/www.gaveanews.com\/index.php\/2023\/10\/15\/flamengo-trava-guerra-nos-bastidores-para-nao-ser-prejudicado-pela-conmebol\/\"},\"wordCount\":282,\"commentCount\":0,\"image\":{\"@id\":\"https:\/\/www.gaveanews.com\/index.php\/2023\/10\/15\/flamengo-trava-guerra-nos-bastidores-para-nao-ser-prejudicado-pela-conmebol\/#primaryimage\"},\"thumbnailUrl\":\"https:\/\/www.gaveanews.com\/wp-content\/uploads\/2019\/03\/Rodolfo-Landim-durante-entrevista-coletiva-na-Gavea.webp\",\"articleSection\":[\"Flamengo\"],\"inLanguage\":\"pt-BR\",\"potentialAction\":[{\"@type\":\"CommentAction\",\"name\":\"Comment\",\"target\":[\"https:\/\/www.gaveanews.com\/index.php\/2023\/10\/15\/flamengo-trava-guerra-nos-bastidores-para-nao-ser-prejudicado-pela-conmebol\/#respond\"]}],\"copyrightYear\":\"2023\",\"copyrightHolder\":{\"@id\":\"https:\/\/www.gaveanews.com\/#organization\"}},{\"@type\":\"WebPage\",\"@id\":\"https:\/\/www.gaveanews.com\/index.php\/2023\/10\/15\/flamengo-trava-guerra-nos-bastidores-para-nao-ser-prejudicado-pela-conmebol\/\",\"url\":\"https:\/\/www.gaveanews.com\/index.php\/2023\/10\/15\/flamengo-trava-guerra-nos-bastidores-para-nao-ser-prejudicado-pela-conmebol\/\",\"name\":\"Flamengo trava 'guerra' nos bastidores para n\u00e3o ser prejudicado pela Conmebol\",\"isPartOf\":{\"@id\":\"https:\/\/www.gaveanews.com\/#website\"},\"primaryImageOfPage\":{\"@id\":\"https:\/\/www.gaveanews.com\/index.php\/2023\/10\/15\/flamengo-trava-guerra-nos-bastidores-para-nao-ser-prejudicado-pela-conmebol\/#primaryimage\"},\"image\":{\"@id\":\"https:\/\/www.gaveanews.com\/index.php\/2023\/10\/15\/flamengo-trava-guerra-nos-bastidores-para-nao-ser-prejudicado-pela-conmebol\/#primaryimage\"},\"thumbnailUrl\":\"https:\/\/www.gaveanews.com\/wp-content\/uploads\/2019\/03\/Rodolfo-Landim-durante-entrevista-coletiva-na-Gavea.webp\",\"datePublished\":\"2023-10-15T13:13:18+00:00\",\"dateModified\":\"2023-10-16T02:32:12+00:00\",\"author\":{\"@id\":\"https:\/\/www.gaveanews.com\/#\/schema\/person\/3a0372021fabaeec4e7e4242cfa27841\"},\"breadcrumb\":{\"@id\":\"https:\/\/www.gaveanews.com\/index.php\/2023\/10\/15\/flamengo-trava-guerra-nos-bastidores-para-nao-ser-prejudicado-pela-conmebol\/#breadcrumb\"},\"inLanguage\":\"pt-BR\",\"potentialAction\":[{\"@type\":\"ReadAction\",\"target\":[\"https:\/\/www.gaveanews.com\/index.php\/2023\/10\/15\/flamengo-trava-guerra-nos-bastidores-para-nao-ser-prejudicado-pela-conmebol\/\"]}]},{\"@type\":\"ImageObject\",\"inLanguage\":\"pt-BR\",\"@id\":\"https:\/\/www.gaveanews.com\/index.php\/2023\/10\/15\/flamengo-trava-guerra-nos-bastidores-para-nao-ser-prejudicado-pela-conmebol\/#primaryimage\",\"url\":\"https:\/\/www.gaveanews.com\/wp-content\/uploads\/2019\/03\/Rodolfo-Landim-durante-entrevista-coletiva-na-Gavea.webp\",\"contentUrl\":\"https:\/\/www.gaveanews.com\/wp-content\/uploads\/2019\/03\/Rodolfo-Landim-durante-entrevista-coletiva-na-Gavea.webp\",\"width\":900,\"height\":599,\"caption\":\"Rodolfo Landim durante entrevista coletiva na G\u00e1vea (Foto: Ag\u00eancia Foto BR)\"},{\"@type\":\"BreadcrumbList\",\"@id\":\"https:\/\/www.gaveanews.com\/index.php\/2023\/10\/15\/flamengo-trava-guerra-nos-bastidores-para-nao-ser-prejudicado-pela-conmebol\/#breadcrumb\",\"itemListElement\":[{\"@type\":\"ListItem\",\"position\":1,\"name\":\"Home\",\"item\":\"https:\/\/www.gaveanews.com\/\"},{\"@type\":\"ListItem\",\"position\":2,\"name\":\"Flamengo trava &#8216;guerra&#8217; nos bastidores para n\u00e3o ser prejudicado pela Conmebol\"}]},{\"@type\":\"WebSite\",\"@id\":\"https:\/\/www.gaveanews.com\/#website\",\"url\":\"https:\/\/www.gaveanews.com\/\",\"name\":\"G\u00e1vea News\",\"description\":\"Veja todas as not\u00edcias sobre o Flamengo: Contrata\u00e7\u00f5es, categorias de base, resultados das partidas, tabela de classifica\u00e7\u00e3o, pr\u00f3ximos jogos!\",\"potentialAction\":[{\"@type\":\"SearchAction\",\"target\":{\"@type\":\"EntryPoint\",\"urlTemplate\":\"https:\/\/www.gaveanews.com\/?s={search_term_string}\"},\"query-input\":{\"@type\":\"PropertyValueSpecification\",\"valueRequired\":true,\"valueName\":\"search_term_string\"}}],\"inLanguage\":\"pt-BR\"},{\"@type\":\"Person\",\"@id\":\"https:\/\/www.gaveanews.com\/#\/schema\/person\/3a0372021fabaeec4e7e4242cfa27841\",\"name\":\"Hugo Nogueira\",\"image\":{\"@type\":\"ImageObject\",\"inLanguage\":\"pt-BR\",\"@id\":\"https:\/\/www.gaveanews.com\/#\/schema\/person\/image\/\",\"url\":\"https:\/\/secure.gravatar.com\/avatar\/0cdd89f3b47bb55926c08eee2db992845cfdd53f84c9fdd47a49d89b3cd40c0a?s=96&d=mm&r=g\",\"contentUrl\":\"https:\/\/secure.gravatar.com\/avatar\/0cdd89f3b47bb55926c08eee2db992845cfdd53f84c9fdd47a49d89b3cd40c0a?s=96&d=mm&r=g\",\"caption\":\"Hugo Nogueira\"}}]}<\/script>\n<!-- \/ Yoast SEO Premium plugin. -->","yoast_head_json":{"title":"Flamengo trava 'guerra' nos bastidores para n\u00e3o ser prejudicado pela Conmebol","robots":{"index":"index","follow":"follow","max-snippet":"max-snippet:-1","max-image-preview":"max-image-preview:large","max-video-preview":"max-video-preview:-1"},"canonical":"https:\/\/www.gaveanews.com\/index.php\/2023\/10\/15\/flamengo-trava-guerra-nos-bastidores-para-nao-ser-prejudicado-pela-conmebol\/","og_locale":"pt_BR","og_type":"article","og_title":"Flamengo trava 'guerra' nos bastidores para n\u00e3o ser prejudicado pela Conmebol","og_description":"O Maracan\u00e3 se tornou o centro de um impasse envolvendo o Flamengo, a CBF e a Conmebol. O Mais Querido expressou seu desejo de realizar um jogo contra o Red Bull Bragantino no Maracan\u00e3, programado para os dias 28 ou 29 de outubro, apenas uma semana antes da final da Libertadores, que est\u00e1 agendada para [&hellip;]","og_url":"https:\/\/www.gaveanews.com\/index.php\/2023\/10\/15\/flamengo-trava-guerra-nos-bastidores-para-nao-ser-prejudicado-pela-conmebol\/","og_site_name":"G\u00e1vea News","article_publisher":"https:\/\/facebook.com\/gaveaNews\/","article_published_time":"2023-10-15T13:13:18+00:00","article_modified_time":"2023-10-16T02:32:12+00:00","og_image":[{"url":"https:\/\/www.gaveanews.com\/wp-content\/uploads\/2019\/03\/Rodolfo-Landim-durante-entrevista-coletiva-na-Gavea.webp","width":1,"height":1,"type":"image\/jpeg"}],"author":"Hugo Nogueira","twitter_card":"summary_large_image","twitter_misc":{"Escrito por":"Hugo Nogueira","Est. tempo de leitura":"2 minutos"},"schema":{"@context":"https:\/\/schema.org","@graph":[{"@type":"NewsArticle","@id":"https:\/\/www.gaveanews.com\/index.php\/2023\/10\/15\/flamengo-trava-guerra-nos-bastidores-para-nao-ser-prejudicado-pela-conmebol\/#article","isPartOf":{"@id":"https:\/\/www.gaveanews.com\/index.php\/2023\/10\/15\/flamengo-trava-guerra-nos-bastidores-para-nao-ser-prejudicado-pela-conmebol\/"},"author":{"name":"Hugo Nogueira","@id":"https:\/\/www.gaveanews.com\/#\/schema\/person\/3a0372021fabaeec4e7e4242cfa27841"},"headline":"Flamengo trava &#8216;guerra&#8217; nos bastidores para n\u00e3o ser prejudicado pela Conmebol","datePublished":"2023-10-15T13:13:18+00:00","dateModified":"2023-10-16T02:32:12+00:00","mainEntityOfPage":{"@id":"https:\/\/www.gaveanews.com\/index.php\/2023\/10\/15\/flamengo-trava-guerra-nos-bastidores-para-nao-ser-prejudicado-pela-conmebol\/"},"wordCount":282,"commentCount":0,"image":{"@id":"https:\/\/www.gaveanews.com\/index.php\/2023\/10\/15\/flamengo-trava-guerra-nos-bastidores-para-nao-ser-prejudicado-pela-conmebol\/#primaryimage"},"thumbnailUrl":"https:\/\/www.gaveanews.com\/wp-content\/uploads\/2019\/03\/Rodolfo-Landim-durante-entrevista-coletiva-na-Gavea.webp","articleSection":["Flamengo"],"inLanguage":"pt-BR","potentialAction":[{"@type":"CommentAction","name":"Comment","target":["https:\/\/www.gaveanews.com\/index.php\/2023\/10\/15\/flamengo-trava-guerra-nos-bastidores-para-nao-ser-prejudicado-pela-conmebol\/#respond"]}],"copyrightYear":"2023","copyrightHolder":{"@id":"https:\/\/www.gaveanews.com\/#organization"}},{"@type":"WebPage","@id":"https:\/\/www.gaveanews.com\/index.php\/2023\/10\/15\/flamengo-trava-guerra-nos-bastidores-para-nao-ser-prejudicado-pela-conmebol\/","url":"https:\/\/www.gaveanews.com\/index.php\/2023\/10\/15\/flamengo-trava-guerra-nos-bastidores-para-nao-ser-prejudicado-pela-conmebol\/","name":"Flamengo trava 'guerra' nos bastidores para n\u00e3o ser prejudicado pela Conmebol","isPartOf":{"@id":"https:\/\/www.gaveanews.com\/#website"},"primaryImageOfPage":{"@id":"https:\/\/www.gaveanews.com\/index.php\/2023\/10\/15\/flamengo-trava-guerra-nos-bastidores-para-nao-ser-prejudicado-pela-conmebol\/#primaryimage"},"image":{"@id":"https:\/\/www.gaveanews.com\/index.php\/2023\/10\/15\/flamengo-trava-guerra-nos-bastidores-para-nao-ser-prejudicado-pela-conmebol\/#primaryimage"},"thumbnailUrl":"https:\/\/www.gaveanews.com\/wp-content\/uploads\/2019\/03\/Rodolfo-Landim-durante-entrevista-coletiva-na-Gavea.webp","datePublished":"2023-10-15T13:13:18+00:00","dateModified":"2023-10-16T02:32:12+00:00","author":{"@id":"https:\/\/www.gaveanews.com\/#\/schema\/person\/3a0372021fabaeec4e7e4242cfa27841"},"breadcrumb":{"@id":"https:\/\/www.gaveanews.com\/index.php\/2023\/10\/15\/flamengo-trava-guerra-nos-bastidores-para-nao-ser-prejudicado-pela-conmebol\/#breadcrumb"},"inLanguage":"pt-BR","potentialAction":[{"@type":"ReadAction","target":["https:\/\/www.gaveanews.com\/index.php\/2023\/10\/15\/flamengo-trava-guerra-nos-bastidores-para-nao-ser-prejudicado-pela-conmebol\/"]}]},{"@type":"ImageObject","inLanguage":"pt-BR","@id":"https:\/\/www.gaveanews.com\/index.php\/2023\/10\/15\/flamengo-trava-guerra-nos-bastidores-para-nao-ser-prejudicado-pela-conmebol\/#primaryimage","url":"https:\/\/www.gaveanews.com\/wp-content\/uploads\/2019\/03\/Rodolfo-Landim-durante-entrevista-coletiva-na-Gavea.webp","contentUrl":"https:\/\/www.gaveanews.com\/wp-content\/uploads\/2019\/03\/Rodolfo-Landim-durante-entrevista-coletiva-na-Gavea.webp","width":900,"height":599,"caption":"Rodolfo Landim durante entrevista coletiva na G\u00e1vea (Foto: Ag\u00eancia Foto BR)"},{"@type":"BreadcrumbList","@id":"https:\/\/www.gaveanews.com\/index.php\/2023\/10\/15\/flamengo-trava-guerra-nos-bastidores-para-nao-ser-prejudicado-pela-conmebol\/#breadcrumb","itemListElement":[{"@type":"ListItem","position":1,"name":"Home","item":"https:\/\/www.gaveanews.com\/"},{"@type":"ListItem","position":2,"name":"Flamengo trava &#8216;guerra&#8217; nos bastidores para n\u00e3o ser prejudicado pela Conmebol"}]},{"@type":"WebSite","@id":"https:\/\/www.gaveanews.com\/#website","url":"https:\/\/www.gaveanews.com\/","name":"G\u00e1vea News","description":"Veja todas as not\u00edcias sobre o Flamengo: Contrata\u00e7\u00f5es, categorias de base, resultados das partidas, tabela de classifica\u00e7\u00e3o, pr\u00f3ximos jogos!","potentialAction":[{"@type":"SearchAction","target":{"@type":"EntryPoint","urlTemplate":"https:\/\/www.gaveanews.com\/?s={search_term_string}"},"query-input":{"@type":"PropertyValueSpecification","valueRequired":true,"valueName":"search_term_string"}}],"inLanguage":"pt-BR"},{"@type":"Person","@id":"https:\/\/www.gaveanews.com\/#\/schema\/person\/3a0372021fabaeec4e7e4242cfa27841","name":"Hugo Nogueira","image":{"@type":"ImageObject","inLanguage":"pt-BR","@id":"https:\/\/www.gaveanews.com\/#\/schema\/person\/image\/","url":"https:\/\/secure.gravatar.com\/avatar\/0cdd89f3b47bb55926c08eee2db992845cfdd53f84c9fdd47a49d89b3cd40c0a?s=96&d=mm&r=g","contentUrl":"https:\/\/secure.gravatar.com\/avatar\/0cdd89f3b47bb55926c08eee2db992845cfdd53f84c9fdd47a49d89b3cd40c0a?s=96&d=mm&r=g","caption":"Hugo Nogueira"}}]}},"_links":{"self":[{"href":"https:\/\/www.gaveanews.com\/index.php\/wp-json\/wp\/v2\/posts\/108318","targetHints":{"allow":["GET"]}}],"collection":[{"href":"https:\/\/www.gaveanews.com\/index.php\/wp-json\/wp\/v2\/posts"}],"about":[{"href":"https:\/\/www.gaveanews.com\/index.php\/wp-json\/wp\/v2\/types\/post"}],"author":[{"embeddable":true,"href":"https:\/\/www.gaveanews.com\/index.php\/wp-json\/wp\/v2\/users\/2"}],"replies":[{"embeddable":true,"href":"https:\/\/www.gaveanews.com\/index.php\/wp-json\/wp\/v2\/comments?post=108318"}],"version-history":[{"count":0,"href":"https:\/\/www.gaveanews.com\/index.php\/wp-json\/wp\/v2\/posts\/108318\/revisions"}],"wp:featuredmedia":[{"embeddable":true,"href":"https:\/\/www.gaveanews.com\/index.php\/wp-json\/wp\/v2\/media\/15077"}],"wp:attachment":[{"href":"https:\/\/www.gaveanews.com\/index.php\/wp-json\/wp\/v2\/media?parent=108318"}],"wp:term":[{"taxonomy":"category","embeddable":true,"href":"https:\/\/www.gaveanews.com\/index.php\/wp-json\/wp\/v2\/categories?post=108318"},{"taxonomy":"post_tag","embeddable":true,"href":"https:\/\/www.gaveanews.com\/index.php\/wp-json\/wp\/v2\/tags?post=108318"}],"curies":[{"name":"wp","href":"https:\/\/api.w.org\/{rel}","templated":true}]}}