{"id":108548,"date":"2023-10-18T08:46:02","date_gmt":"2023-10-18T11:46:02","guid":{"rendered":"https:\/\/www.gaveanews.com\/?p=108548"},"modified":"2024-04-06T23:21:18","modified_gmt":"2024-04-07T02:21:18","slug":"vidente-aponta-como-sera-a-passagem-de-tite-pelo-flamengo","status":"publish","type":"post","link":"https:\/\/www.gaveanews.com\/index.php\/2023\/10\/18\/vidente-aponta-como-sera-a-passagem-de-tite-pelo-flamengo\/","title":{"rendered":"Vidente aponta como ser\u00e1 a passagem de Tite pelo Flamengo"},"content":{"rendered":"\n<p>Ap\u00f3s um ano extremamente conturbado dentro e fora de campo, o Flamengo contratou Tite como o novo treinador para o restante da temporada. O treinador j\u00e1 est\u00e1 conduzindo seus primeiros treinos com o elenco do Meng\u00e3o. Neste contexto, a torcida do Flamengo tem grandes expectativas de conquistar t\u00edtulos em 2024, seja no Brasileir\u00e3o, na Libertadores ou na Copa do Brasil. Alguns torcedores mais ambiciosos at\u00e9 almejam conquistar todas as competi\u00e7\u00f5es dispon\u00edveis.<\/p>\n\n\n\n<p>Tite chega com uma bagagem pesada, incluindo uma passagem de seis anos pela Sele\u00e7\u00e3o Brasileira, onde conquistou t\u00edtulos do Mundial de Clubes e da Libertadores da Am\u00e9rica. Sua contrata\u00e7\u00e3o tem como objetivo n\u00e3o apenas impulsionar o desempenho da equipe, mas tamb\u00e9m acalmar o ambiente tumultuado.<\/p>\n\n\n\n<p>Al\u00e9m disso, a vidente Maria Siqueira fez uma previs\u00e3o muito otimista sobre a passagem de Tite no Flamengo em seu canal do YouTube. Segundo ela, o Flamengo tem potencial para conquistar muitos t\u00edtulos sob o comando de Tite, comparando sua chegada ao &#8220;renascimento&#8221; do time: \u201c\u00c9 como se ele fosse ressuscitar o time. Olha que not\u00edcias maravilhosas. Novidades r\u00e1pidas e, isso aqui t\u00e1 me chamando a renascimento\u201d; <\/p>\n\n\n\n<p>Sua estreia est\u00e1 marcada para o pr\u00f3ximo dia 19 de outubro, contra o Cruzeiro, em um jogo pelo Campeonato Brasileiro, fora de casa.<\/p>\n","protected":false},"excerpt":{"rendered":"<p>Ap\u00f3s um ano extremamente conturbado dentro e fora de campo, o Flamengo contratou Tite como o novo treinador para o restante da temporada. O treinador j\u00e1 est\u00e1 conduzindo seus primeiros treinos com o elenco do Meng\u00e3o. Neste contexto, a torcida do Flamengo tem grandes expectativas de conquistar t\u00edtulos em 2024, seja no Brasileir\u00e3o, na Libertadores [&hellip;]<\/p>\n","protected":false},"author":1,"featured_media":108066,"comment_status":"open","ping_status":"closed","sticky":false,"template":"","format":"standard","meta":{"footnotes":""},"categories":[1],"tags":[171],"class_list":["post-108548","post","type-post","status-publish","format-standard","has-post-thumbnail","hentry","category-flamengo","tag-adenor-leonardo-bachi-tite"],"yoast_head":"<!-- This site is optimized with the Yoast SEO Premium plugin v24.2 (Yoast SEO v26.9) - https:\/\/yoast.com\/product\/yoast-seo-premium-wordpress\/ -->\n<title>Vidente aponta como ser\u00e1 a passagem de Tite pelo Flamengo<\/title>\n<meta name=\"robots\" content=\"index, follow, max-snippet:-1, max-image-preview:large, max-video-preview:-1\" \/>\n<link rel=\"canonical\" href=\"https:\/\/www.gaveanews.com\/index.php\/2023\/10\/18\/vidente-aponta-como-sera-a-passagem-de-tite-pelo-flamengo\/\" \/>\n<meta property=\"og:locale\" content=\"pt_BR\" \/>\n<meta property=\"og:type\" content=\"article\" \/>\n<meta property=\"og:title\" content=\"Vidente aponta como ser\u00e1 a passagem de Tite pelo Flamengo\" \/>\n<meta property=\"og:description\" content=\"Ap\u00f3s um ano extremamente conturbado dentro e fora de campo, o Flamengo contratou Tite como o novo treinador para o restante da temporada. O treinador j\u00e1 est\u00e1 conduzindo seus primeiros treinos com o elenco do Meng\u00e3o. Neste contexto, a torcida do Flamengo tem grandes expectativas de conquistar t\u00edtulos em 2024, seja no Brasileir\u00e3o, na Libertadores [&hellip;]\" \/>\n<meta property=\"og:url\" content=\"https:\/\/www.gaveanews.com\/index.php\/2023\/10\/18\/vidente-aponta-como-sera-a-passagem-de-tite-pelo-flamengo\/\" \/>\n<meta property=\"og:site_name\" content=\"G\u00e1vea News\" \/>\n<meta property=\"article:publisher\" content=\"https:\/\/facebook.com\/gaveaNews\/\" \/>\n<meta property=\"article:published_time\" content=\"2023-10-18T11:46:02+00:00\" \/>\n<meta property=\"article:modified_time\" content=\"2024-04-07T02:21:18+00:00\" \/>\n<meta property=\"og:image\" content=\"https:\/\/www.gaveanews.com\/wp-content\/uploads\/tite-camisa-flamengo.webp\" \/>\n\t<meta property=\"og:image:width\" content=\"984\" \/>\n\t<meta property=\"og:image:height\" content=\"1013\" \/>\n\t<meta property=\"og:image:type\" content=\"image\/webp\" \/>\n<meta name=\"author\" content=\"Equipe G\u00e1vea News\" \/>\n<meta name=\"twitter:card\" content=\"summary_large_image\" \/>\n<meta name=\"twitter:label1\" content=\"Escrito por\" \/>\n\t<meta name=\"twitter:data1\" content=\"Equipe G\u00e1vea News\" \/>\n\t<meta name=\"twitter:label2\" content=\"Est. tempo de leitura\" \/>\n\t<meta name=\"twitter:data2\" content=\"2 minutos\" \/>\n<script type=\"application\/ld+json\" class=\"yoast-schema-graph\">{\"@context\":\"https:\/\/schema.org\",\"@graph\":[{\"@type\":\"NewsArticle\",\"@id\":\"https:\/\/www.gaveanews.com\/index.php\/2023\/10\/18\/vidente-aponta-como-sera-a-passagem-de-tite-pelo-flamengo\/#article\",\"isPartOf\":{\"@id\":\"https:\/\/www.gaveanews.com\/index.php\/2023\/10\/18\/vidente-aponta-como-sera-a-passagem-de-tite-pelo-flamengo\/\"},\"author\":{\"name\":\"Equipe G\u00e1vea News\",\"@id\":\"https:\/\/www.gaveanews.com\/#\/schema\/person\/2ec14f73fb96be2caf28f91afb14749d\"},\"headline\":\"Vidente aponta como ser\u00e1 a passagem de Tite pelo Flamengo\",\"datePublished\":\"2023-10-18T11:46:02+00:00\",\"dateModified\":\"2024-04-07T02:21:18+00:00\",\"mainEntityOfPage\":{\"@id\":\"https:\/\/www.gaveanews.com\/index.php\/2023\/10\/18\/vidente-aponta-como-sera-a-passagem-de-tite-pelo-flamengo\/\"},\"wordCount\":231,\"commentCount\":0,\"image\":{\"@id\":\"https:\/\/www.gaveanews.com\/index.php\/2023\/10\/18\/vidente-aponta-como-sera-a-passagem-de-tite-pelo-flamengo\/#primaryimage\"},\"thumbnailUrl\":\"https:\/\/www.gaveanews.com\/wp-content\/uploads\/tite-camisa-flamengo.webp\",\"keywords\":[\"Adenor Leonardo Bachi\"],\"articleSection\":[\"Flamengo\"],\"inLanguage\":\"pt-BR\",\"potentialAction\":[{\"@type\":\"CommentAction\",\"name\":\"Comment\",\"target\":[\"https:\/\/www.gaveanews.com\/index.php\/2023\/10\/18\/vidente-aponta-como-sera-a-passagem-de-tite-pelo-flamengo\/#respond\"]}],\"copyrightYear\":\"2023\",\"copyrightHolder\":{\"@id\":\"https:\/\/www.gaveanews.com\/#organization\"}},{\"@type\":\"WebPage\",\"@id\":\"https:\/\/www.gaveanews.com\/index.php\/2023\/10\/18\/vidente-aponta-como-sera-a-passagem-de-tite-pelo-flamengo\/\",\"url\":\"https:\/\/www.gaveanews.com\/index.php\/2023\/10\/18\/vidente-aponta-como-sera-a-passagem-de-tite-pelo-flamengo\/\",\"name\":\"Vidente aponta como ser\u00e1 a passagem de Tite pelo Flamengo\",\"isPartOf\":{\"@id\":\"https:\/\/www.gaveanews.com\/#website\"},\"primaryImageOfPage\":{\"@id\":\"https:\/\/www.gaveanews.com\/index.php\/2023\/10\/18\/vidente-aponta-como-sera-a-passagem-de-tite-pelo-flamengo\/#primaryimage\"},\"image\":{\"@id\":\"https:\/\/www.gaveanews.com\/index.php\/2023\/10\/18\/vidente-aponta-como-sera-a-passagem-de-tite-pelo-flamengo\/#primaryimage\"},\"thumbnailUrl\":\"https:\/\/www.gaveanews.com\/wp-content\/uploads\/tite-camisa-flamengo.webp\",\"datePublished\":\"2023-10-18T11:46:02+00:00\",\"dateModified\":\"2024-04-07T02:21:18+00:00\",\"author\":{\"@id\":\"https:\/\/www.gaveanews.com\/#\/schema\/person\/2ec14f73fb96be2caf28f91afb14749d\"},\"breadcrumb\":{\"@id\":\"https:\/\/www.gaveanews.com\/index.php\/2023\/10\/18\/vidente-aponta-como-sera-a-passagem-de-tite-pelo-flamengo\/#breadcrumb\"},\"inLanguage\":\"pt-BR\",\"potentialAction\":[{\"@type\":\"ReadAction\",\"target\":[\"https:\/\/www.gaveanews.com\/index.php\/2023\/10\/18\/vidente-aponta-como-sera-a-passagem-de-tite-pelo-flamengo\/\"]}]},{\"@type\":\"ImageObject\",\"inLanguage\":\"pt-BR\",\"@id\":\"https:\/\/www.gaveanews.com\/index.php\/2023\/10\/18\/vidente-aponta-como-sera-a-passagem-de-tite-pelo-flamengo\/#primaryimage\",\"url\":\"https:\/\/www.gaveanews.com\/wp-content\/uploads\/tite-camisa-flamengo.webp\",\"contentUrl\":\"https:\/\/www.gaveanews.com\/wp-content\/uploads\/tite-camisa-flamengo.webp\",\"width\":984,\"height\":1013,\"caption\":\"Tite posa para foto com camisa do Flamengo (Foto: Nath\u00e3 Soares\/Flamengo)\"},{\"@type\":\"BreadcrumbList\",\"@id\":\"https:\/\/www.gaveanews.com\/index.php\/2023\/10\/18\/vidente-aponta-como-sera-a-passagem-de-tite-pelo-flamengo\/#breadcrumb\",\"itemListElement\":[{\"@type\":\"ListItem\",\"position\":1,\"name\":\"Home\",\"item\":\"https:\/\/www.gaveanews.com\/\"},{\"@type\":\"ListItem\",\"position\":2,\"name\":\"Vidente aponta como ser\u00e1 a passagem de Tite pelo Flamengo\"}]},{\"@type\":\"WebSite\",\"@id\":\"https:\/\/www.gaveanews.com\/#website\",\"url\":\"https:\/\/www.gaveanews.com\/\",\"name\":\"G\u00e1vea News\",\"description\":\"Veja todas as not\u00edcias sobre o Flamengo: Contrata\u00e7\u00f5es, categorias de base, resultados das partidas, tabela de classifica\u00e7\u00e3o, pr\u00f3ximos jogos!\",\"potentialAction\":[{\"@type\":\"SearchAction\",\"target\":{\"@type\":\"EntryPoint\",\"urlTemplate\":\"https:\/\/www.gaveanews.com\/?s={search_term_string}\"},\"query-input\":{\"@type\":\"PropertyValueSpecification\",\"valueRequired\":true,\"valueName\":\"search_term_string\"}}],\"inLanguage\":\"pt-BR\"},{\"@type\":\"Person\",\"@id\":\"https:\/\/www.gaveanews.com\/#\/schema\/person\/2ec14f73fb96be2caf28f91afb14749d\",\"name\":\"Equipe G\u00e1vea News\",\"image\":{\"@type\":\"ImageObject\",\"inLanguage\":\"pt-BR\",\"@id\":\"https:\/\/www.gaveanews.com\/#\/schema\/person\/image\/\",\"url\":\"https:\/\/secure.gravatar.com\/avatar\/1e1956f1facbffd3f8fa53a326721950116b3b9dc9bd44939c01180fd4a745a9?s=96&d=mm&r=g\",\"contentUrl\":\"https:\/\/secure.gravatar.com\/avatar\/1e1956f1facbffd3f8fa53a326721950116b3b9dc9bd44939c01180fd4a745a9?s=96&d=mm&r=g\",\"caption\":\"Equipe G\u00e1vea News\"}}]}<\/script>\n<!-- \/ Yoast SEO Premium plugin. -->","yoast_head_json":{"title":"Vidente aponta como ser\u00e1 a passagem de Tite pelo Flamengo","robots":{"index":"index","follow":"follow","max-snippet":"max-snippet:-1","max-image-preview":"max-image-preview:large","max-video-preview":"max-video-preview:-1"},"canonical":"https:\/\/www.gaveanews.com\/index.php\/2023\/10\/18\/vidente-aponta-como-sera-a-passagem-de-tite-pelo-flamengo\/","og_locale":"pt_BR","og_type":"article","og_title":"Vidente aponta como ser\u00e1 a passagem de Tite pelo Flamengo","og_description":"Ap\u00f3s um ano extremamente conturbado dentro e fora de campo, o Flamengo contratou Tite como o novo treinador para o restante da temporada. O treinador j\u00e1 est\u00e1 conduzindo seus primeiros treinos com o elenco do Meng\u00e3o. Neste contexto, a torcida do Flamengo tem grandes expectativas de conquistar t\u00edtulos em 2024, seja no Brasileir\u00e3o, na Libertadores [&hellip;]","og_url":"https:\/\/www.gaveanews.com\/index.php\/2023\/10\/18\/vidente-aponta-como-sera-a-passagem-de-tite-pelo-flamengo\/","og_site_name":"G\u00e1vea News","article_publisher":"https:\/\/facebook.com\/gaveaNews\/","article_published_time":"2023-10-18T11:46:02+00:00","article_modified_time":"2024-04-07T02:21:18+00:00","og_image":[{"width":984,"height":1013,"url":"https:\/\/www.gaveanews.com\/wp-content\/uploads\/tite-camisa-flamengo.webp","type":"image\/webp"}],"author":"Equipe G\u00e1vea News","twitter_card":"summary_large_image","twitter_misc":{"Escrito por":"Equipe G\u00e1vea News","Est. tempo de leitura":"2 minutos"},"schema":{"@context":"https:\/\/schema.org","@graph":[{"@type":"NewsArticle","@id":"https:\/\/www.gaveanews.com\/index.php\/2023\/10\/18\/vidente-aponta-como-sera-a-passagem-de-tite-pelo-flamengo\/#article","isPartOf":{"@id":"https:\/\/www.gaveanews.com\/index.php\/2023\/10\/18\/vidente-aponta-como-sera-a-passagem-de-tite-pelo-flamengo\/"},"author":{"name":"Equipe G\u00e1vea News","@id":"https:\/\/www.gaveanews.com\/#\/schema\/person\/2ec14f73fb96be2caf28f91afb14749d"},"headline":"Vidente aponta como ser\u00e1 a passagem de Tite pelo Flamengo","datePublished":"2023-10-18T11:46:02+00:00","dateModified":"2024-04-07T02:21:18+00:00","mainEntityOfPage":{"@id":"https:\/\/www.gaveanews.com\/index.php\/2023\/10\/18\/vidente-aponta-como-sera-a-passagem-de-tite-pelo-flamengo\/"},"wordCount":231,"commentCount":0,"image":{"@id":"https:\/\/www.gaveanews.com\/index.php\/2023\/10\/18\/vidente-aponta-como-sera-a-passagem-de-tite-pelo-flamengo\/#primaryimage"},"thumbnailUrl":"https:\/\/www.gaveanews.com\/wp-content\/uploads\/tite-camisa-flamengo.webp","keywords":["Adenor Leonardo Bachi"],"articleSection":["Flamengo"],"inLanguage":"pt-BR","potentialAction":[{"@type":"CommentAction","name":"Comment","target":["https:\/\/www.gaveanews.com\/index.php\/2023\/10\/18\/vidente-aponta-como-sera-a-passagem-de-tite-pelo-flamengo\/#respond"]}],"copyrightYear":"2023","copyrightHolder":{"@id":"https:\/\/www.gaveanews.com\/#organization"}},{"@type":"WebPage","@id":"https:\/\/www.gaveanews.com\/index.php\/2023\/10\/18\/vidente-aponta-como-sera-a-passagem-de-tite-pelo-flamengo\/","url":"https:\/\/www.gaveanews.com\/index.php\/2023\/10\/18\/vidente-aponta-como-sera-a-passagem-de-tite-pelo-flamengo\/","name":"Vidente aponta como ser\u00e1 a passagem de Tite pelo Flamengo","isPartOf":{"@id":"https:\/\/www.gaveanews.com\/#website"},"primaryImageOfPage":{"@id":"https:\/\/www.gaveanews.com\/index.php\/2023\/10\/18\/vidente-aponta-como-sera-a-passagem-de-tite-pelo-flamengo\/#primaryimage"},"image":{"@id":"https:\/\/www.gaveanews.com\/index.php\/2023\/10\/18\/vidente-aponta-como-sera-a-passagem-de-tite-pelo-flamengo\/#primaryimage"},"thumbnailUrl":"https:\/\/www.gaveanews.com\/wp-content\/uploads\/tite-camisa-flamengo.webp","datePublished":"2023-10-18T11:46:02+00:00","dateModified":"2024-04-07T02:21:18+00:00","author":{"@id":"https:\/\/www.gaveanews.com\/#\/schema\/person\/2ec14f73fb96be2caf28f91afb14749d"},"breadcrumb":{"@id":"https:\/\/www.gaveanews.com\/index.php\/2023\/10\/18\/vidente-aponta-como-sera-a-passagem-de-tite-pelo-flamengo\/#breadcrumb"},"inLanguage":"pt-BR","potentialAction":[{"@type":"ReadAction","target":["https:\/\/www.gaveanews.com\/index.php\/2023\/10\/18\/vidente-aponta-como-sera-a-passagem-de-tite-pelo-flamengo\/"]}]},{"@type":"ImageObject","inLanguage":"pt-BR","@id":"https:\/\/www.gaveanews.com\/index.php\/2023\/10\/18\/vidente-aponta-como-sera-a-passagem-de-tite-pelo-flamengo\/#primaryimage","url":"https:\/\/www.gaveanews.com\/wp-content\/uploads\/tite-camisa-flamengo.webp","contentUrl":"https:\/\/www.gaveanews.com\/wp-content\/uploads\/tite-camisa-flamengo.webp","width":984,"height":1013,"caption":"Tite posa para foto com camisa do Flamengo (Foto: Nath\u00e3 Soares\/Flamengo)"},{"@type":"BreadcrumbList","@id":"https:\/\/www.gaveanews.com\/index.php\/2023\/10\/18\/vidente-aponta-como-sera-a-passagem-de-tite-pelo-flamengo\/#breadcrumb","itemListElement":[{"@type":"ListItem","position":1,"name":"Home","item":"https:\/\/www.gaveanews.com\/"},{"@type":"ListItem","position":2,"name":"Vidente aponta como ser\u00e1 a passagem de Tite pelo Flamengo"}]},{"@type":"WebSite","@id":"https:\/\/www.gaveanews.com\/#website","url":"https:\/\/www.gaveanews.com\/","name":"G\u00e1vea News","description":"Veja todas as not\u00edcias sobre o Flamengo: Contrata\u00e7\u00f5es, categorias de base, resultados das partidas, tabela de classifica\u00e7\u00e3o, pr\u00f3ximos jogos!","potentialAction":[{"@type":"SearchAction","target":{"@type":"EntryPoint","urlTemplate":"https:\/\/www.gaveanews.com\/?s={search_term_string}"},"query-input":{"@type":"PropertyValueSpecification","valueRequired":true,"valueName":"search_term_string"}}],"inLanguage":"pt-BR"},{"@type":"Person","@id":"https:\/\/www.gaveanews.com\/#\/schema\/person\/2ec14f73fb96be2caf28f91afb14749d","name":"Equipe G\u00e1vea News","image":{"@type":"ImageObject","inLanguage":"pt-BR","@id":"https:\/\/www.gaveanews.com\/#\/schema\/person\/image\/","url":"https:\/\/secure.gravatar.com\/avatar\/1e1956f1facbffd3f8fa53a326721950116b3b9dc9bd44939c01180fd4a745a9?s=96&d=mm&r=g","contentUrl":"https:\/\/secure.gravatar.com\/avatar\/1e1956f1facbffd3f8fa53a326721950116b3b9dc9bd44939c01180fd4a745a9?s=96&d=mm&r=g","caption":"Equipe G\u00e1vea News"}}]}},"_links":{"self":[{"href":"https:\/\/www.gaveanews.com\/index.php\/wp-json\/wp\/v2\/posts\/108548","targetHints":{"allow":["GET"]}}],"collection":[{"href":"https:\/\/www.gaveanews.com\/index.php\/wp-json\/wp\/v2\/posts"}],"about":[{"href":"https:\/\/www.gaveanews.com\/index.php\/wp-json\/wp\/v2\/types\/post"}],"author":[{"embeddable":true,"href":"https:\/\/www.gaveanews.com\/index.php\/wp-json\/wp\/v2\/users\/1"}],"replies":[{"embeddable":true,"href":"https:\/\/www.gaveanews.com\/index.php\/wp-json\/wp\/v2\/comments?post=108548"}],"version-history":[{"count":1,"href":"https:\/\/www.gaveanews.com\/index.php\/wp-json\/wp\/v2\/posts\/108548\/revisions"}],"predecessor-version":[{"id":134846,"href":"https:\/\/www.gaveanews.com\/index.php\/wp-json\/wp\/v2\/posts\/108548\/revisions\/134846"}],"wp:featuredmedia":[{"embeddable":true,"href":"https:\/\/www.gaveanews.com\/index.php\/wp-json\/wp\/v2\/media\/108066"}],"wp:attachment":[{"href":"https:\/\/www.gaveanews.com\/index.php\/wp-json\/wp\/v2\/media?parent=108548"}],"wp:term":[{"taxonomy":"category","embeddable":true,"href":"https:\/\/www.gaveanews.com\/index.php\/wp-json\/wp\/v2\/categories?post=108548"},{"taxonomy":"post_tag","embeddable":true,"href":"https:\/\/www.gaveanews.com\/index.php\/wp-json\/wp\/v2\/tags?post=108548"}],"curies":[{"name":"wp","href":"https:\/\/api.w.org\/{rel}","templated":true}]}}