{"id":108784,"date":"2023-10-20T10:23:39","date_gmt":"2023-10-20T13:23:39","guid":{"rendered":"https:\/\/www.gaveanews.com\/?p=108784"},"modified":"2024-04-06T23:21:11","modified_gmt":"2024-04-07T02:21:11","slug":"em-estreia-de-tite-flamengo-emplaca-4-representantes-na-selecao-da-rodada-do-brasileirao","status":"publish","type":"post","link":"https:\/\/www.gaveanews.com\/index.php\/2023\/10\/20\/em-estreia-de-tite-flamengo-emplaca-4-representantes-na-selecao-da-rodada-do-brasileirao\/","title":{"rendered":"Em estreia de Tite, Flamengo emplaca 4 representantes na Sele\u00e7\u00e3o da Rodada do Brasileir\u00e3o"},"content":{"rendered":"\n<p>Por: Let\u00edcia Gerheim<br><br>O torcedor rubro-negro voltou a ter esperan\u00e7as nesta semana. Acostumados com <a href=\"https:\/\/www.gaveanews.com\/index.php\/2023\/10\/18\/flamengo-busca-melhora-de-desempenho-apos-pausas-para-data-fifa\/\">decep\u00e7\u00f5es ap\u00f3s pausas para Datas Fifa,<\/a> os flamenguistas tiveram uma grata surpresa com a atua\u00e7\u00e3o do Flamengo contra o Cruzeiro.<\/p>\n\n\n\n<p>O Mais Querido iniciou a partida com muitas dificuldades nas tentativas de neutralizar o jogo advers\u00e1rio. No entanto, ainda no decorrer do primeiro tempo Tite observou o posicionamento dos atletas e logo encontrou formas de fazer a equipe se sobressair ao Cruzeiro.<\/p>\n\n\n\n<p>O resultado das orienta\u00e7\u00f5es do t\u00e9cnico foi a defini\u00e7\u00e3o do placar ainda no primeiro tempo. Ayrton Lucas abriu a conta aos 39 minutos e dois minutos depois Pedro ampliou marcando de p\u00eanalti.<\/p>\n\n\n\n<p>A atua\u00e7\u00e3o positiva do Flamengo em Minas Gerais rendeu quatro representantes rubro-negros na Sele\u00e7\u00e3o da Rodada. Rossi ganhou sua posi\u00e7\u00e3o ap\u00f3s fazer grandes defesas, os autores dos gols tamb\u00e9m conquistaram vaga, e por fim Tite teve seu trabalho reconhecido logo na estreia.<\/p>\n\n\n\n<p>Vale destacar ainda que o goleiro argentino tamb\u00e9m foi o mais votado na elei\u00e7\u00e3o do Craque da Rodada.<\/p>\n\n\n\n<p>A Sele\u00e7\u00e3o da Rodada 27 do Brasileir\u00e3o ficou assim: <strong>Rossi (FLA)<\/strong>, Di Placido (BOT), Sidimar (GOI), Maicon (VAS) e <strong>Ayrton Lucas (FLA)<\/strong>; Lima (FLU), Marlon Freitas (BOT), Payet (VAS) e Paulinho (CAM); <strong>Pedro (FLA)<\/strong> e J\u00fanior Santos (BOT). T\u00e9cnico: <strong>Tite (FLA)<\/strong>.<\/p>\n\n\n\n<h2 class=\"wp-block-heading\" id=\"h-confira\">Confira:<\/h2>\n\n\n\n<figure class=\"wp-block-embed is-type-rich is-provider-twitter wp-block-embed-twitter\"><div class=\"wp-block-embed__wrapper\">\n<blockquote class=\"twitter-tweet\" data-width=\"550\" data-dnt=\"true\"><p lang=\"pt\" dir=\"ltr\">Pra come\u00e7ar o sextou\u2026 voc\u00ea votou e ela chegou! A <a href=\"https:\/\/twitter.com\/hashtag\/SelecaoDoTorcedorBR23?src=hash&amp;ref_src=twsrc%5Etfw\">#SelecaoDoTorcedorBR23<\/a> da minha rodada 27! E a\u00ed, s\u00f3 craque, n\u00e9?! \u26bd\ufe0f\ud83d\udd30 <a href=\"https:\/\/t.co\/12tHMdWPmr\">pic.twitter.com\/12tHMdWPmr<\/a><\/p>&mdash; Brasileir\u00e3o (@Brasileirao) <a href=\"https:\/\/twitter.com\/Brasileirao\/status\/1715333174836826574?ref_src=twsrc%5Etfw\">October 20, 2023<\/a><\/blockquote><script async src=\"https:\/\/platform.twitter.com\/widgets.js\" charset=\"utf-8\"><\/script>\n<\/div><\/figure>\n","protected":false},"excerpt":{"rendered":"<p>Por: Let\u00edcia Gerheim O torcedor rubro-negro voltou a ter esperan\u00e7as nesta semana. Acostumados com decep\u00e7\u00f5es ap\u00f3s pausas para Datas Fifa, os flamenguistas tiveram uma grata surpresa com a atua\u00e7\u00e3o do Flamengo contra o Cruzeiro. O Mais Querido iniciou a partida com muitas dificuldades nas tentativas de neutralizar o jogo advers\u00e1rio. No entanto, ainda no decorrer [&hellip;]<\/p>\n","protected":false},"author":4,"featured_media":108760,"comment_status":"open","ping_status":"closed","sticky":false,"template":"","format":"standard","meta":{"footnotes":""},"categories":[1],"tags":[171],"class_list":["post-108784","post","type-post","status-publish","format-standard","has-post-thumbnail","hentry","category-flamengo","tag-adenor-leonardo-bachi-tite"],"yoast_head":"<!-- This site is optimized with the Yoast SEO Premium plugin v24.2 (Yoast SEO v26.9) - https:\/\/yoast.com\/product\/yoast-seo-premium-wordpress\/ -->\n<title>Em estreia de Tite, Flamengo emplaca 4 representantes na Sele\u00e7\u00e3o da Rodada do Brasileir\u00e3o<\/title>\n<meta name=\"robots\" content=\"index, follow, max-snippet:-1, max-image-preview:large, max-video-preview:-1\" \/>\n<link rel=\"canonical\" href=\"https:\/\/www.gaveanews.com\/index.php\/2023\/10\/20\/em-estreia-de-tite-flamengo-emplaca-4-representantes-na-selecao-da-rodada-do-brasileirao\/\" \/>\n<meta property=\"og:locale\" content=\"pt_BR\" \/>\n<meta property=\"og:type\" content=\"article\" \/>\n<meta property=\"og:title\" content=\"Em estreia de Tite, Flamengo emplaca 4 representantes na Sele\u00e7\u00e3o da Rodada do Brasileir\u00e3o\" \/>\n<meta property=\"og:description\" content=\"Por: Let\u00edcia Gerheim O torcedor rubro-negro voltou a ter esperan\u00e7as nesta semana. Acostumados com decep\u00e7\u00f5es ap\u00f3s pausas para Datas Fifa, os flamenguistas tiveram uma grata surpresa com a atua\u00e7\u00e3o do Flamengo contra o Cruzeiro. O Mais Querido iniciou a partida com muitas dificuldades nas tentativas de neutralizar o jogo advers\u00e1rio. No entanto, ainda no decorrer [&hellip;]\" \/>\n<meta property=\"og:url\" content=\"https:\/\/www.gaveanews.com\/index.php\/2023\/10\/20\/em-estreia-de-tite-flamengo-emplaca-4-representantes-na-selecao-da-rodada-do-brasileirao\/\" \/>\n<meta property=\"og:site_name\" content=\"G\u00e1vea News\" \/>\n<meta property=\"article:publisher\" content=\"https:\/\/facebook.com\/gaveaNews\/\" \/>\n<meta property=\"article:published_time\" content=\"2023-10-20T13:23:39+00:00\" \/>\n<meta property=\"article:modified_time\" content=\"2024-04-07T02:21:11+00:00\" \/>\n<meta property=\"og:image\" content=\"https:\/\/www.gaveanews.com\/wp-content\/uploads\/tite-pedro-flamengo-cruzeiro.webp\" \/>\n\t<meta property=\"og:image:width\" content=\"900\" \/>\n\t<meta property=\"og:image:height\" content=\"600\" \/>\n\t<meta property=\"og:image:type\" content=\"image\/jpeg\" \/>\n<meta name=\"author\" content=\"Let\u00edcia Gerheim\" \/>\n<meta name=\"twitter:card\" content=\"summary_large_image\" \/>\n<meta name=\"twitter:label1\" content=\"Escrito por\" \/>\n\t<meta name=\"twitter:data1\" content=\"Let\u00edcia Gerheim\" \/>\n\t<meta name=\"twitter:label2\" content=\"Est. tempo de leitura\" \/>\n\t<meta name=\"twitter:data2\" content=\"2 minutos\" \/>\n<script type=\"application\/ld+json\" class=\"yoast-schema-graph\">{\"@context\":\"https:\/\/schema.org\",\"@graph\":[{\"@type\":\"NewsArticle\",\"@id\":\"https:\/\/www.gaveanews.com\/index.php\/2023\/10\/20\/em-estreia-de-tite-flamengo-emplaca-4-representantes-na-selecao-da-rodada-do-brasileirao\/#article\",\"isPartOf\":{\"@id\":\"https:\/\/www.gaveanews.com\/index.php\/2023\/10\/20\/em-estreia-de-tite-flamengo-emplaca-4-representantes-na-selecao-da-rodada-do-brasileirao\/\"},\"author\":{\"name\":\"Let\u00edcia Gerheim\",\"@id\":\"https:\/\/www.gaveanews.com\/#\/schema\/person\/714c67050b836198af2450ba1c142a67\"},\"headline\":\"Em estreia de Tite, Flamengo emplaca 4 representantes na Sele\u00e7\u00e3o da Rodada do Brasileir\u00e3o\",\"datePublished\":\"2023-10-20T13:23:39+00:00\",\"dateModified\":\"2024-04-07T02:21:11+00:00\",\"mainEntityOfPage\":{\"@id\":\"https:\/\/www.gaveanews.com\/index.php\/2023\/10\/20\/em-estreia-de-tite-flamengo-emplaca-4-representantes-na-selecao-da-rodada-do-brasileirao\/\"},\"wordCount\":249,\"commentCount\":0,\"image\":{\"@id\":\"https:\/\/www.gaveanews.com\/index.php\/2023\/10\/20\/em-estreia-de-tite-flamengo-emplaca-4-representantes-na-selecao-da-rodada-do-brasileirao\/#primaryimage\"},\"thumbnailUrl\":\"https:\/\/www.gaveanews.com\/wp-content\/uploads\/tite-pedro-flamengo-cruzeiro.webp\",\"keywords\":[\"Adenor Leonardo Bachi\"],\"articleSection\":[\"Flamengo\"],\"inLanguage\":\"pt-BR\",\"potentialAction\":[{\"@type\":\"CommentAction\",\"name\":\"Comment\",\"target\":[\"https:\/\/www.gaveanews.com\/index.php\/2023\/10\/20\/em-estreia-de-tite-flamengo-emplaca-4-representantes-na-selecao-da-rodada-do-brasileirao\/#respond\"]}],\"copyrightYear\":\"2023\",\"copyrightHolder\":{\"@id\":\"https:\/\/www.gaveanews.com\/#organization\"}},{\"@type\":\"WebPage\",\"@id\":\"https:\/\/www.gaveanews.com\/index.php\/2023\/10\/20\/em-estreia-de-tite-flamengo-emplaca-4-representantes-na-selecao-da-rodada-do-brasileirao\/\",\"url\":\"https:\/\/www.gaveanews.com\/index.php\/2023\/10\/20\/em-estreia-de-tite-flamengo-emplaca-4-representantes-na-selecao-da-rodada-do-brasileirao\/\",\"name\":\"Em estreia de Tite, Flamengo emplaca 4 representantes na Sele\u00e7\u00e3o da Rodada do Brasileir\u00e3o\",\"isPartOf\":{\"@id\":\"https:\/\/www.gaveanews.com\/#website\"},\"primaryImageOfPage\":{\"@id\":\"https:\/\/www.gaveanews.com\/index.php\/2023\/10\/20\/em-estreia-de-tite-flamengo-emplaca-4-representantes-na-selecao-da-rodada-do-brasileirao\/#primaryimage\"},\"image\":{\"@id\":\"https:\/\/www.gaveanews.com\/index.php\/2023\/10\/20\/em-estreia-de-tite-flamengo-emplaca-4-representantes-na-selecao-da-rodada-do-brasileirao\/#primaryimage\"},\"thumbnailUrl\":\"https:\/\/www.gaveanews.com\/wp-content\/uploads\/tite-pedro-flamengo-cruzeiro.webp\",\"datePublished\":\"2023-10-20T13:23:39+00:00\",\"dateModified\":\"2024-04-07T02:21:11+00:00\",\"author\":{\"@id\":\"https:\/\/www.gaveanews.com\/#\/schema\/person\/714c67050b836198af2450ba1c142a67\"},\"breadcrumb\":{\"@id\":\"https:\/\/www.gaveanews.com\/index.php\/2023\/10\/20\/em-estreia-de-tite-flamengo-emplaca-4-representantes-na-selecao-da-rodada-do-brasileirao\/#breadcrumb\"},\"inLanguage\":\"pt-BR\",\"potentialAction\":[{\"@type\":\"ReadAction\",\"target\":[\"https:\/\/www.gaveanews.com\/index.php\/2023\/10\/20\/em-estreia-de-tite-flamengo-emplaca-4-representantes-na-selecao-da-rodada-do-brasileirao\/\"]}]},{\"@type\":\"ImageObject\",\"inLanguage\":\"pt-BR\",\"@id\":\"https:\/\/www.gaveanews.com\/index.php\/2023\/10\/20\/em-estreia-de-tite-flamengo-emplaca-4-representantes-na-selecao-da-rodada-do-brasileirao\/#primaryimage\",\"url\":\"https:\/\/www.gaveanews.com\/wp-content\/uploads\/tite-pedro-flamengo-cruzeiro.webp\",\"contentUrl\":\"https:\/\/www.gaveanews.com\/wp-content\/uploads\/tite-pedro-flamengo-cruzeiro.webp\",\"width\":900,\"height\":600,\"caption\":\"Pedro comemora com Tite gol marcado pelo Flamengo (Foto: Gilson Lobo\/AGIF)\"},{\"@type\":\"BreadcrumbList\",\"@id\":\"https:\/\/www.gaveanews.com\/index.php\/2023\/10\/20\/em-estreia-de-tite-flamengo-emplaca-4-representantes-na-selecao-da-rodada-do-brasileirao\/#breadcrumb\",\"itemListElement\":[{\"@type\":\"ListItem\",\"position\":1,\"name\":\"Home\",\"item\":\"https:\/\/www.gaveanews.com\/\"},{\"@type\":\"ListItem\",\"position\":2,\"name\":\"Em estreia de Tite, Flamengo emplaca 4 representantes na Sele\u00e7\u00e3o da Rodada do Brasileir\u00e3o\"}]},{\"@type\":\"WebSite\",\"@id\":\"https:\/\/www.gaveanews.com\/#website\",\"url\":\"https:\/\/www.gaveanews.com\/\",\"name\":\"G\u00e1vea News\",\"description\":\"Veja todas as not\u00edcias sobre o Flamengo: Contrata\u00e7\u00f5es, categorias de base, resultados das partidas, tabela de classifica\u00e7\u00e3o, pr\u00f3ximos jogos!\",\"potentialAction\":[{\"@type\":\"SearchAction\",\"target\":{\"@type\":\"EntryPoint\",\"urlTemplate\":\"https:\/\/www.gaveanews.com\/?s={search_term_string}\"},\"query-input\":{\"@type\":\"PropertyValueSpecification\",\"valueRequired\":true,\"valueName\":\"search_term_string\"}}],\"inLanguage\":\"pt-BR\"},{\"@type\":\"Person\",\"@id\":\"https:\/\/www.gaveanews.com\/#\/schema\/person\/714c67050b836198af2450ba1c142a67\",\"name\":\"Let\u00edcia Gerheim\",\"image\":{\"@type\":\"ImageObject\",\"inLanguage\":\"pt-BR\",\"@id\":\"https:\/\/www.gaveanews.com\/#\/schema\/person\/image\/\",\"url\":\"https:\/\/secure.gravatar.com\/avatar\/60734739c50fcebfbac509e2a826ccd0ff405c019bc73aab9354f19ecad1dcb4?s=96&d=mm&r=g\",\"contentUrl\":\"https:\/\/secure.gravatar.com\/avatar\/60734739c50fcebfbac509e2a826ccd0ff405c019bc73aab9354f19ecad1dcb4?s=96&d=mm&r=g\",\"caption\":\"Let\u00edcia Gerheim\"}}]}<\/script>\n<!-- \/ Yoast SEO Premium plugin. -->","yoast_head_json":{"title":"Em estreia de Tite, Flamengo emplaca 4 representantes na Sele\u00e7\u00e3o da Rodada do Brasileir\u00e3o","robots":{"index":"index","follow":"follow","max-snippet":"max-snippet:-1","max-image-preview":"max-image-preview:large","max-video-preview":"max-video-preview:-1"},"canonical":"https:\/\/www.gaveanews.com\/index.php\/2023\/10\/20\/em-estreia-de-tite-flamengo-emplaca-4-representantes-na-selecao-da-rodada-do-brasileirao\/","og_locale":"pt_BR","og_type":"article","og_title":"Em estreia de Tite, Flamengo emplaca 4 representantes na Sele\u00e7\u00e3o da Rodada do Brasileir\u00e3o","og_description":"Por: Let\u00edcia Gerheim O torcedor rubro-negro voltou a ter esperan\u00e7as nesta semana. Acostumados com decep\u00e7\u00f5es ap\u00f3s pausas para Datas Fifa, os flamenguistas tiveram uma grata surpresa com a atua\u00e7\u00e3o do Flamengo contra o Cruzeiro. O Mais Querido iniciou a partida com muitas dificuldades nas tentativas de neutralizar o jogo advers\u00e1rio. No entanto, ainda no decorrer [&hellip;]","og_url":"https:\/\/www.gaveanews.com\/index.php\/2023\/10\/20\/em-estreia-de-tite-flamengo-emplaca-4-representantes-na-selecao-da-rodada-do-brasileirao\/","og_site_name":"G\u00e1vea News","article_publisher":"https:\/\/facebook.com\/gaveaNews\/","article_published_time":"2023-10-20T13:23:39+00:00","article_modified_time":"2024-04-07T02:21:11+00:00","og_image":[{"width":900,"height":600,"url":"https:\/\/www.gaveanews.com\/wp-content\/uploads\/tite-pedro-flamengo-cruzeiro.webp","type":"image\/jpeg"}],"author":"Let\u00edcia Gerheim","twitter_card":"summary_large_image","twitter_misc":{"Escrito por":"Let\u00edcia Gerheim","Est. tempo de leitura":"2 minutos"},"schema":{"@context":"https:\/\/schema.org","@graph":[{"@type":"NewsArticle","@id":"https:\/\/www.gaveanews.com\/index.php\/2023\/10\/20\/em-estreia-de-tite-flamengo-emplaca-4-representantes-na-selecao-da-rodada-do-brasileirao\/#article","isPartOf":{"@id":"https:\/\/www.gaveanews.com\/index.php\/2023\/10\/20\/em-estreia-de-tite-flamengo-emplaca-4-representantes-na-selecao-da-rodada-do-brasileirao\/"},"author":{"name":"Let\u00edcia Gerheim","@id":"https:\/\/www.gaveanews.com\/#\/schema\/person\/714c67050b836198af2450ba1c142a67"},"headline":"Em estreia de Tite, Flamengo emplaca 4 representantes na Sele\u00e7\u00e3o da Rodada do Brasileir\u00e3o","datePublished":"2023-10-20T13:23:39+00:00","dateModified":"2024-04-07T02:21:11+00:00","mainEntityOfPage":{"@id":"https:\/\/www.gaveanews.com\/index.php\/2023\/10\/20\/em-estreia-de-tite-flamengo-emplaca-4-representantes-na-selecao-da-rodada-do-brasileirao\/"},"wordCount":249,"commentCount":0,"image":{"@id":"https:\/\/www.gaveanews.com\/index.php\/2023\/10\/20\/em-estreia-de-tite-flamengo-emplaca-4-representantes-na-selecao-da-rodada-do-brasileirao\/#primaryimage"},"thumbnailUrl":"https:\/\/www.gaveanews.com\/wp-content\/uploads\/tite-pedro-flamengo-cruzeiro.webp","keywords":["Adenor Leonardo Bachi"],"articleSection":["Flamengo"],"inLanguage":"pt-BR","potentialAction":[{"@type":"CommentAction","name":"Comment","target":["https:\/\/www.gaveanews.com\/index.php\/2023\/10\/20\/em-estreia-de-tite-flamengo-emplaca-4-representantes-na-selecao-da-rodada-do-brasileirao\/#respond"]}],"copyrightYear":"2023","copyrightHolder":{"@id":"https:\/\/www.gaveanews.com\/#organization"}},{"@type":"WebPage","@id":"https:\/\/www.gaveanews.com\/index.php\/2023\/10\/20\/em-estreia-de-tite-flamengo-emplaca-4-representantes-na-selecao-da-rodada-do-brasileirao\/","url":"https:\/\/www.gaveanews.com\/index.php\/2023\/10\/20\/em-estreia-de-tite-flamengo-emplaca-4-representantes-na-selecao-da-rodada-do-brasileirao\/","name":"Em estreia de Tite, Flamengo emplaca 4 representantes na Sele\u00e7\u00e3o da Rodada do Brasileir\u00e3o","isPartOf":{"@id":"https:\/\/www.gaveanews.com\/#website"},"primaryImageOfPage":{"@id":"https:\/\/www.gaveanews.com\/index.php\/2023\/10\/20\/em-estreia-de-tite-flamengo-emplaca-4-representantes-na-selecao-da-rodada-do-brasileirao\/#primaryimage"},"image":{"@id":"https:\/\/www.gaveanews.com\/index.php\/2023\/10\/20\/em-estreia-de-tite-flamengo-emplaca-4-representantes-na-selecao-da-rodada-do-brasileirao\/#primaryimage"},"thumbnailUrl":"https:\/\/www.gaveanews.com\/wp-content\/uploads\/tite-pedro-flamengo-cruzeiro.webp","datePublished":"2023-10-20T13:23:39+00:00","dateModified":"2024-04-07T02:21:11+00:00","author":{"@id":"https:\/\/www.gaveanews.com\/#\/schema\/person\/714c67050b836198af2450ba1c142a67"},"breadcrumb":{"@id":"https:\/\/www.gaveanews.com\/index.php\/2023\/10\/20\/em-estreia-de-tite-flamengo-emplaca-4-representantes-na-selecao-da-rodada-do-brasileirao\/#breadcrumb"},"inLanguage":"pt-BR","potentialAction":[{"@type":"ReadAction","target":["https:\/\/www.gaveanews.com\/index.php\/2023\/10\/20\/em-estreia-de-tite-flamengo-emplaca-4-representantes-na-selecao-da-rodada-do-brasileirao\/"]}]},{"@type":"ImageObject","inLanguage":"pt-BR","@id":"https:\/\/www.gaveanews.com\/index.php\/2023\/10\/20\/em-estreia-de-tite-flamengo-emplaca-4-representantes-na-selecao-da-rodada-do-brasileirao\/#primaryimage","url":"https:\/\/www.gaveanews.com\/wp-content\/uploads\/tite-pedro-flamengo-cruzeiro.webp","contentUrl":"https:\/\/www.gaveanews.com\/wp-content\/uploads\/tite-pedro-flamengo-cruzeiro.webp","width":900,"height":600,"caption":"Pedro comemora com Tite gol marcado pelo Flamengo (Foto: Gilson Lobo\/AGIF)"},{"@type":"BreadcrumbList","@id":"https:\/\/www.gaveanews.com\/index.php\/2023\/10\/20\/em-estreia-de-tite-flamengo-emplaca-4-representantes-na-selecao-da-rodada-do-brasileirao\/#breadcrumb","itemListElement":[{"@type":"ListItem","position":1,"name":"Home","item":"https:\/\/www.gaveanews.com\/"},{"@type":"ListItem","position":2,"name":"Em estreia de Tite, Flamengo emplaca 4 representantes na Sele\u00e7\u00e3o da Rodada do Brasileir\u00e3o"}]},{"@type":"WebSite","@id":"https:\/\/www.gaveanews.com\/#website","url":"https:\/\/www.gaveanews.com\/","name":"G\u00e1vea News","description":"Veja todas as not\u00edcias sobre o Flamengo: Contrata\u00e7\u00f5es, categorias de base, resultados das partidas, tabela de classifica\u00e7\u00e3o, pr\u00f3ximos jogos!","potentialAction":[{"@type":"SearchAction","target":{"@type":"EntryPoint","urlTemplate":"https:\/\/www.gaveanews.com\/?s={search_term_string}"},"query-input":{"@type":"PropertyValueSpecification","valueRequired":true,"valueName":"search_term_string"}}],"inLanguage":"pt-BR"},{"@type":"Person","@id":"https:\/\/www.gaveanews.com\/#\/schema\/person\/714c67050b836198af2450ba1c142a67","name":"Let\u00edcia Gerheim","image":{"@type":"ImageObject","inLanguage":"pt-BR","@id":"https:\/\/www.gaveanews.com\/#\/schema\/person\/image\/","url":"https:\/\/secure.gravatar.com\/avatar\/60734739c50fcebfbac509e2a826ccd0ff405c019bc73aab9354f19ecad1dcb4?s=96&d=mm&r=g","contentUrl":"https:\/\/secure.gravatar.com\/avatar\/60734739c50fcebfbac509e2a826ccd0ff405c019bc73aab9354f19ecad1dcb4?s=96&d=mm&r=g","caption":"Let\u00edcia Gerheim"}}]}},"_links":{"self":[{"href":"https:\/\/www.gaveanews.com\/index.php\/wp-json\/wp\/v2\/posts\/108784","targetHints":{"allow":["GET"]}}],"collection":[{"href":"https:\/\/www.gaveanews.com\/index.php\/wp-json\/wp\/v2\/posts"}],"about":[{"href":"https:\/\/www.gaveanews.com\/index.php\/wp-json\/wp\/v2\/types\/post"}],"author":[{"embeddable":true,"href":"https:\/\/www.gaveanews.com\/index.php\/wp-json\/wp\/v2\/users\/4"}],"replies":[{"embeddable":true,"href":"https:\/\/www.gaveanews.com\/index.php\/wp-json\/wp\/v2\/comments?post=108784"}],"version-history":[{"count":1,"href":"https:\/\/www.gaveanews.com\/index.php\/wp-json\/wp\/v2\/posts\/108784\/revisions"}],"predecessor-version":[{"id":134825,"href":"https:\/\/www.gaveanews.com\/index.php\/wp-json\/wp\/v2\/posts\/108784\/revisions\/134825"}],"wp:featuredmedia":[{"embeddable":true,"href":"https:\/\/www.gaveanews.com\/index.php\/wp-json\/wp\/v2\/media\/108760"}],"wp:attachment":[{"href":"https:\/\/www.gaveanews.com\/index.php\/wp-json\/wp\/v2\/media?parent=108784"}],"wp:term":[{"taxonomy":"category","embeddable":true,"href":"https:\/\/www.gaveanews.com\/index.php\/wp-json\/wp\/v2\/categories?post=108784"},{"taxonomy":"post_tag","embeddable":true,"href":"https:\/\/www.gaveanews.com\/index.php\/wp-json\/wp\/v2\/tags?post=108784"}],"curies":[{"name":"wp","href":"https:\/\/api.w.org\/{rel}","templated":true}]}}