{"id":108795,"date":"2023-10-20T21:06:33","date_gmt":"2023-10-21T00:06:33","guid":{"rendered":"https:\/\/www.gaveanews.com\/?p=108795"},"modified":"2023-10-20T21:06:34","modified_gmt":"2023-10-21T00:06:34","slug":"sai-da-frente-atacante-do-flamengo-marca-5-gols-em-goleada","status":"publish","type":"post","link":"https:\/\/www.gaveanews.com\/index.php\/2023\/10\/20\/sai-da-frente-atacante-do-flamengo-marca-5-gols-em-goleada\/","title":{"rendered":"Sai da frente! Atacante do Flamengo marca 5 gols em goleada\u00a0"},"content":{"rendered":"\n<p>Por: Kayo Silva<br><br>Na \u00faltima quinta-feira (19), o Flamengo entrou em campo pelo torneio Guilherme Embry sub-16. A equipe comandada pelo t\u00e9cnico, Raphael Bahia, n\u00e3o tomou conhecimento do modesto, Tigres-RJ, em partida realizada no CT das Vargens.\u00a0<\/p>\n\n\n\n<p>Um dos principais nomes da partida foi o centroavante, Jo\u00e3o Paulo Camargo, de apenas 16 anos, o jovem marcou cinco gols na goleada por 11 a 0, jogo v\u00e1lido pela 5\u00aa rodada do torneio Guilherme Embry.&nbsp;<\/p>\n\n\n\n<p>Vale lembrar, que o centroavante \u00e9 mais uma capta\u00e7\u00e3o feita na base, o jovem foi contratado em 2022 quando tinha apenas 14 anos, Jo\u00e3o Paulo vinha se destacando na base do SKA Brasil, equipe de S\u00e3o Paulo. O jovem brilhou os olhos de scouts do rubro-negro ap\u00f3s o atacante fazer bela campanha no campeonato paulista sub-15. No antigo clube, o garoto marcou 7 gols em 5 jogos pelo paulista da categoria, assim chamando aten\u00e7\u00e3o do Mais querido do Brasil.&nbsp;<\/p>\n\n\n\n<p>Al\u00e9m dos cinco gols marcados pelo camisa 9, os demais marcadores na partida foram, Giovanni, Fred, \u00cdtalo, Joshua, Yago e Hidaka.&nbsp;<\/p>\n\n\n\n<p>A escala\u00e7\u00e3o inicial da partida: L\u00e9o Nanneti; Guilherme, Yago, Gabriel Santini e \u00cdtalo; Pablo, Lucas Vieira, Fred e Joshua, JP. Camargo e Giovanni. T\u00e9cnico: Raphael Bahia.&nbsp;<\/p>\n\n\n\n<p>Agora os garotos do ninho de preparam para os pr\u00f3ximos desafios, que ser\u00e1 na pr\u00f3xima semana, ter\u00e7a-feira (24), o Meng\u00e3o volta a campo pelo torneio Guilherme Embry, o advers\u00e1rio ser\u00e1&nbsp;o Gon\u00e7alense-RJ, \u00e0s 10h (hor\u00e1rio de Bras\u00edlia), na G\u00e1vea.<br><br><a href=\"https:\/\/www.gaveanews.com\/index.php\/2023\/09\/13\/video-filho-de-diego-ribas-esbanja-habilidade-na-base-do-flamengo\/\">V\u00eddeo: Filho de Diego Ribas esbanja habilidade na base do Flamengo<\/a><\/p>\n","protected":false},"excerpt":{"rendered":"<p>Por: Kayo Silva Na \u00faltima quinta-feira (19), o Flamengo entrou em campo pelo torneio Guilherme Embry sub-16. A equipe comandada pelo t\u00e9cnico, Raphael Bahia, n\u00e3o tomou conhecimento do modesto, Tigres-RJ, em partida realizada no CT das Vargens.\u00a0 Um dos principais nomes da partida foi o centroavante, Jo\u00e3o Paulo Camargo, de apenas 16 anos, o jovem [&hellip;]<\/p>\n","protected":false},"author":10,"featured_media":108896,"comment_status":"open","ping_status":"closed","sticky":false,"template":"","format":"standard","meta":{"footnotes":""},"categories":[1],"tags":[],"class_list":["post-108795","post","type-post","status-publish","format-standard","has-post-thumbnail","hentry","category-flamengo"],"yoast_head":"<!-- This site is optimized with the Yoast SEO Premium plugin v24.2 (Yoast SEO v26.9) - https:\/\/yoast.com\/product\/yoast-seo-premium-wordpress\/ -->\n<title>Sai da frente! Atacante do Flamengo marca 5 gols em goleada\u00a0<\/title>\n<meta name=\"robots\" content=\"index, follow, max-snippet:-1, max-image-preview:large, max-video-preview:-1\" \/>\n<link rel=\"canonical\" href=\"https:\/\/www.gaveanews.com\/index.php\/2023\/10\/20\/sai-da-frente-atacante-do-flamengo-marca-5-gols-em-goleada\/\" \/>\n<meta property=\"og:locale\" content=\"pt_BR\" \/>\n<meta property=\"og:type\" content=\"article\" \/>\n<meta property=\"og:title\" content=\"Sai da frente! Atacante do Flamengo marca 5 gols em goleada\u00a0\" \/>\n<meta property=\"og:description\" content=\"Por: Kayo Silva Na \u00faltima quinta-feira (19), o Flamengo entrou em campo pelo torneio Guilherme Embry sub-16. A equipe comandada pelo t\u00e9cnico, Raphael Bahia, n\u00e3o tomou conhecimento do modesto, Tigres-RJ, em partida realizada no CT das Vargens.\u00a0 Um dos principais nomes da partida foi o centroavante, Jo\u00e3o Paulo Camargo, de apenas 16 anos, o jovem [&hellip;]\" \/>\n<meta property=\"og:url\" content=\"https:\/\/www.gaveanews.com\/index.php\/2023\/10\/20\/sai-da-frente-atacante-do-flamengo-marca-5-gols-em-goleada\/\" \/>\n<meta property=\"og:site_name\" content=\"G\u00e1vea News\" \/>\n<meta property=\"article:publisher\" content=\"https:\/\/facebook.com\/gaveaNews\/\" \/>\n<meta property=\"article:published_time\" content=\"2023-10-21T00:06:33+00:00\" \/>\n<meta property=\"article:modified_time\" content=\"2023-10-21T00:06:34+00:00\" \/>\n<meta property=\"og:image\" content=\"https:\/\/www.gaveanews.com\/wp-content\/uploads\/Joao-Paulo-Camargo-vibra-marcar-um-gol-pelo-Flamengo.webp\" \/>\n\t<meta property=\"og:image:width\" content=\"1298\" \/>\n\t<meta property=\"og:image:height\" content=\"1600\" \/>\n\t<meta property=\"og:image:type\" content=\"image\/jpeg\" \/>\n<meta name=\"author\" content=\"Kayo Silva\" \/>\n<meta name=\"twitter:card\" content=\"summary_large_image\" \/>\n<meta name=\"twitter:label1\" content=\"Escrito por\" \/>\n\t<meta name=\"twitter:data1\" content=\"Kayo Silva\" \/>\n\t<meta name=\"twitter:label2\" content=\"Est. tempo de leitura\" \/>\n\t<meta name=\"twitter:data2\" content=\"2 minutos\" \/>\n<script type=\"application\/ld+json\" class=\"yoast-schema-graph\">{\"@context\":\"https:\/\/schema.org\",\"@graph\":[{\"@type\":\"NewsArticle\",\"@id\":\"https:\/\/www.gaveanews.com\/index.php\/2023\/10\/20\/sai-da-frente-atacante-do-flamengo-marca-5-gols-em-goleada\/#article\",\"isPartOf\":{\"@id\":\"https:\/\/www.gaveanews.com\/index.php\/2023\/10\/20\/sai-da-frente-atacante-do-flamengo-marca-5-gols-em-goleada\/\"},\"author\":{\"name\":\"Kayo Silva\",\"@id\":\"https:\/\/www.gaveanews.com\/#\/schema\/person\/51b3ba6a493cf9e7af9ce2c6d0d4ff1c\"},\"headline\":\"Sai da frente! Atacante do Flamengo marca 5 gols em goleada\u00a0\",\"datePublished\":\"2023-10-21T00:06:33+00:00\",\"dateModified\":\"2023-10-21T00:06:34+00:00\",\"mainEntityOfPage\":{\"@id\":\"https:\/\/www.gaveanews.com\/index.php\/2023\/10\/20\/sai-da-frente-atacante-do-flamengo-marca-5-gols-em-goleada\/\"},\"wordCount\":275,\"commentCount\":0,\"image\":{\"@id\":\"https:\/\/www.gaveanews.com\/index.php\/2023\/10\/20\/sai-da-frente-atacante-do-flamengo-marca-5-gols-em-goleada\/#primaryimage\"},\"thumbnailUrl\":\"https:\/\/www.gaveanews.com\/wp-content\/uploads\/Joao-Paulo-Camargo-vibra-marcar-um-gol-pelo-Flamengo.webp\",\"articleSection\":[\"Flamengo\"],\"inLanguage\":\"pt-BR\",\"potentialAction\":[{\"@type\":\"CommentAction\",\"name\":\"Comment\",\"target\":[\"https:\/\/www.gaveanews.com\/index.php\/2023\/10\/20\/sai-da-frente-atacante-do-flamengo-marca-5-gols-em-goleada\/#respond\"]}],\"copyrightYear\":\"2023\",\"copyrightHolder\":{\"@id\":\"https:\/\/www.gaveanews.com\/#organization\"}},{\"@type\":\"WebPage\",\"@id\":\"https:\/\/www.gaveanews.com\/index.php\/2023\/10\/20\/sai-da-frente-atacante-do-flamengo-marca-5-gols-em-goleada\/\",\"url\":\"https:\/\/www.gaveanews.com\/index.php\/2023\/10\/20\/sai-da-frente-atacante-do-flamengo-marca-5-gols-em-goleada\/\",\"name\":\"Sai da frente! Atacante do Flamengo marca 5 gols em goleada\u00a0\",\"isPartOf\":{\"@id\":\"https:\/\/www.gaveanews.com\/#website\"},\"primaryImageOfPage\":{\"@id\":\"https:\/\/www.gaveanews.com\/index.php\/2023\/10\/20\/sai-da-frente-atacante-do-flamengo-marca-5-gols-em-goleada\/#primaryimage\"},\"image\":{\"@id\":\"https:\/\/www.gaveanews.com\/index.php\/2023\/10\/20\/sai-da-frente-atacante-do-flamengo-marca-5-gols-em-goleada\/#primaryimage\"},\"thumbnailUrl\":\"https:\/\/www.gaveanews.com\/wp-content\/uploads\/Joao-Paulo-Camargo-vibra-marcar-um-gol-pelo-Flamengo.webp\",\"datePublished\":\"2023-10-21T00:06:33+00:00\",\"dateModified\":\"2023-10-21T00:06:34+00:00\",\"author\":{\"@id\":\"https:\/\/www.gaveanews.com\/#\/schema\/person\/51b3ba6a493cf9e7af9ce2c6d0d4ff1c\"},\"breadcrumb\":{\"@id\":\"https:\/\/www.gaveanews.com\/index.php\/2023\/10\/20\/sai-da-frente-atacante-do-flamengo-marca-5-gols-em-goleada\/#breadcrumb\"},\"inLanguage\":\"pt-BR\",\"potentialAction\":[{\"@type\":\"ReadAction\",\"target\":[\"https:\/\/www.gaveanews.com\/index.php\/2023\/10\/20\/sai-da-frente-atacante-do-flamengo-marca-5-gols-em-goleada\/\"]}]},{\"@type\":\"ImageObject\",\"inLanguage\":\"pt-BR\",\"@id\":\"https:\/\/www.gaveanews.com\/index.php\/2023\/10\/20\/sai-da-frente-atacante-do-flamengo-marca-5-gols-em-goleada\/#primaryimage\",\"url\":\"https:\/\/www.gaveanews.com\/wp-content\/uploads\/Joao-Paulo-Camargo-vibra-marcar-um-gol-pelo-Flamengo.webp\",\"contentUrl\":\"https:\/\/www.gaveanews.com\/wp-content\/uploads\/Joao-Paulo-Camargo-vibra-marcar-um-gol-pelo-Flamengo.webp\",\"width\":1298,\"height\":1600,\"caption\":\"Jo\u00e3o Paulo Camargo vibra marcar um gol pelo Flamengo (Foto: Divulga\u00e7\u00e3o)\"},{\"@type\":\"BreadcrumbList\",\"@id\":\"https:\/\/www.gaveanews.com\/index.php\/2023\/10\/20\/sai-da-frente-atacante-do-flamengo-marca-5-gols-em-goleada\/#breadcrumb\",\"itemListElement\":[{\"@type\":\"ListItem\",\"position\":1,\"name\":\"Home\",\"item\":\"https:\/\/www.gaveanews.com\/\"},{\"@type\":\"ListItem\",\"position\":2,\"name\":\"Sai da frente! Atacante do Flamengo marca 5 gols em goleada\u00a0\"}]},{\"@type\":\"WebSite\",\"@id\":\"https:\/\/www.gaveanews.com\/#website\",\"url\":\"https:\/\/www.gaveanews.com\/\",\"name\":\"G\u00e1vea News\",\"description\":\"Veja todas as not\u00edcias sobre o Flamengo: Contrata\u00e7\u00f5es, categorias de base, resultados das partidas, tabela de classifica\u00e7\u00e3o, pr\u00f3ximos jogos!\",\"potentialAction\":[{\"@type\":\"SearchAction\",\"target\":{\"@type\":\"EntryPoint\",\"urlTemplate\":\"https:\/\/www.gaveanews.com\/?s={search_term_string}\"},\"query-input\":{\"@type\":\"PropertyValueSpecification\",\"valueRequired\":true,\"valueName\":\"search_term_string\"}}],\"inLanguage\":\"pt-BR\"},{\"@type\":\"Person\",\"@id\":\"https:\/\/www.gaveanews.com\/#\/schema\/person\/51b3ba6a493cf9e7af9ce2c6d0d4ff1c\",\"name\":\"Kayo Silva\",\"image\":{\"@type\":\"ImageObject\",\"inLanguage\":\"pt-BR\",\"@id\":\"https:\/\/www.gaveanews.com\/#\/schema\/person\/image\/\",\"url\":\"https:\/\/secure.gravatar.com\/avatar\/af6d65cafc646a65c39c5fcb2a1ef51b863a81461770cfff553ec2fdd931c68c?s=96&d=mm&r=g\",\"contentUrl\":\"https:\/\/secure.gravatar.com\/avatar\/af6d65cafc646a65c39c5fcb2a1ef51b863a81461770cfff553ec2fdd931c68c?s=96&d=mm&r=g\",\"caption\":\"Kayo Silva\"}}]}<\/script>\n<!-- \/ Yoast SEO Premium plugin. -->","yoast_head_json":{"title":"Sai da frente! Atacante do Flamengo marca 5 gols em goleada\u00a0","robots":{"index":"index","follow":"follow","max-snippet":"max-snippet:-1","max-image-preview":"max-image-preview:large","max-video-preview":"max-video-preview:-1"},"canonical":"https:\/\/www.gaveanews.com\/index.php\/2023\/10\/20\/sai-da-frente-atacante-do-flamengo-marca-5-gols-em-goleada\/","og_locale":"pt_BR","og_type":"article","og_title":"Sai da frente! Atacante do Flamengo marca 5 gols em goleada\u00a0","og_description":"Por: Kayo Silva Na \u00faltima quinta-feira (19), o Flamengo entrou em campo pelo torneio Guilherme Embry sub-16. A equipe comandada pelo t\u00e9cnico, Raphael Bahia, n\u00e3o tomou conhecimento do modesto, Tigres-RJ, em partida realizada no CT das Vargens.\u00a0 Um dos principais nomes da partida foi o centroavante, Jo\u00e3o Paulo Camargo, de apenas 16 anos, o jovem [&hellip;]","og_url":"https:\/\/www.gaveanews.com\/index.php\/2023\/10\/20\/sai-da-frente-atacante-do-flamengo-marca-5-gols-em-goleada\/","og_site_name":"G\u00e1vea News","article_publisher":"https:\/\/facebook.com\/gaveaNews\/","article_published_time":"2023-10-21T00:06:33+00:00","article_modified_time":"2023-10-21T00:06:34+00:00","og_image":[{"width":1298,"height":1600,"url":"https:\/\/www.gaveanews.com\/wp-content\/uploads\/Joao-Paulo-Camargo-vibra-marcar-um-gol-pelo-Flamengo.webp","type":"image\/jpeg"}],"author":"Kayo Silva","twitter_card":"summary_large_image","twitter_misc":{"Escrito por":"Kayo Silva","Est. tempo de leitura":"2 minutos"},"schema":{"@context":"https:\/\/schema.org","@graph":[{"@type":"NewsArticle","@id":"https:\/\/www.gaveanews.com\/index.php\/2023\/10\/20\/sai-da-frente-atacante-do-flamengo-marca-5-gols-em-goleada\/#article","isPartOf":{"@id":"https:\/\/www.gaveanews.com\/index.php\/2023\/10\/20\/sai-da-frente-atacante-do-flamengo-marca-5-gols-em-goleada\/"},"author":{"name":"Kayo Silva","@id":"https:\/\/www.gaveanews.com\/#\/schema\/person\/51b3ba6a493cf9e7af9ce2c6d0d4ff1c"},"headline":"Sai da frente! Atacante do Flamengo marca 5 gols em goleada\u00a0","datePublished":"2023-10-21T00:06:33+00:00","dateModified":"2023-10-21T00:06:34+00:00","mainEntityOfPage":{"@id":"https:\/\/www.gaveanews.com\/index.php\/2023\/10\/20\/sai-da-frente-atacante-do-flamengo-marca-5-gols-em-goleada\/"},"wordCount":275,"commentCount":0,"image":{"@id":"https:\/\/www.gaveanews.com\/index.php\/2023\/10\/20\/sai-da-frente-atacante-do-flamengo-marca-5-gols-em-goleada\/#primaryimage"},"thumbnailUrl":"https:\/\/www.gaveanews.com\/wp-content\/uploads\/Joao-Paulo-Camargo-vibra-marcar-um-gol-pelo-Flamengo.webp","articleSection":["Flamengo"],"inLanguage":"pt-BR","potentialAction":[{"@type":"CommentAction","name":"Comment","target":["https:\/\/www.gaveanews.com\/index.php\/2023\/10\/20\/sai-da-frente-atacante-do-flamengo-marca-5-gols-em-goleada\/#respond"]}],"copyrightYear":"2023","copyrightHolder":{"@id":"https:\/\/www.gaveanews.com\/#organization"}},{"@type":"WebPage","@id":"https:\/\/www.gaveanews.com\/index.php\/2023\/10\/20\/sai-da-frente-atacante-do-flamengo-marca-5-gols-em-goleada\/","url":"https:\/\/www.gaveanews.com\/index.php\/2023\/10\/20\/sai-da-frente-atacante-do-flamengo-marca-5-gols-em-goleada\/","name":"Sai da frente! Atacante do Flamengo marca 5 gols em goleada\u00a0","isPartOf":{"@id":"https:\/\/www.gaveanews.com\/#website"},"primaryImageOfPage":{"@id":"https:\/\/www.gaveanews.com\/index.php\/2023\/10\/20\/sai-da-frente-atacante-do-flamengo-marca-5-gols-em-goleada\/#primaryimage"},"image":{"@id":"https:\/\/www.gaveanews.com\/index.php\/2023\/10\/20\/sai-da-frente-atacante-do-flamengo-marca-5-gols-em-goleada\/#primaryimage"},"thumbnailUrl":"https:\/\/www.gaveanews.com\/wp-content\/uploads\/Joao-Paulo-Camargo-vibra-marcar-um-gol-pelo-Flamengo.webp","datePublished":"2023-10-21T00:06:33+00:00","dateModified":"2023-10-21T00:06:34+00:00","author":{"@id":"https:\/\/www.gaveanews.com\/#\/schema\/person\/51b3ba6a493cf9e7af9ce2c6d0d4ff1c"},"breadcrumb":{"@id":"https:\/\/www.gaveanews.com\/index.php\/2023\/10\/20\/sai-da-frente-atacante-do-flamengo-marca-5-gols-em-goleada\/#breadcrumb"},"inLanguage":"pt-BR","potentialAction":[{"@type":"ReadAction","target":["https:\/\/www.gaveanews.com\/index.php\/2023\/10\/20\/sai-da-frente-atacante-do-flamengo-marca-5-gols-em-goleada\/"]}]},{"@type":"ImageObject","inLanguage":"pt-BR","@id":"https:\/\/www.gaveanews.com\/index.php\/2023\/10\/20\/sai-da-frente-atacante-do-flamengo-marca-5-gols-em-goleada\/#primaryimage","url":"https:\/\/www.gaveanews.com\/wp-content\/uploads\/Joao-Paulo-Camargo-vibra-marcar-um-gol-pelo-Flamengo.webp","contentUrl":"https:\/\/www.gaveanews.com\/wp-content\/uploads\/Joao-Paulo-Camargo-vibra-marcar-um-gol-pelo-Flamengo.webp","width":1298,"height":1600,"caption":"Jo\u00e3o Paulo Camargo vibra marcar um gol pelo Flamengo (Foto: Divulga\u00e7\u00e3o)"},{"@type":"BreadcrumbList","@id":"https:\/\/www.gaveanews.com\/index.php\/2023\/10\/20\/sai-da-frente-atacante-do-flamengo-marca-5-gols-em-goleada\/#breadcrumb","itemListElement":[{"@type":"ListItem","position":1,"name":"Home","item":"https:\/\/www.gaveanews.com\/"},{"@type":"ListItem","position":2,"name":"Sai da frente! Atacante do Flamengo marca 5 gols em goleada\u00a0"}]},{"@type":"WebSite","@id":"https:\/\/www.gaveanews.com\/#website","url":"https:\/\/www.gaveanews.com\/","name":"G\u00e1vea News","description":"Veja todas as not\u00edcias sobre o Flamengo: Contrata\u00e7\u00f5es, categorias de base, resultados das partidas, tabela de classifica\u00e7\u00e3o, pr\u00f3ximos jogos!","potentialAction":[{"@type":"SearchAction","target":{"@type":"EntryPoint","urlTemplate":"https:\/\/www.gaveanews.com\/?s={search_term_string}"},"query-input":{"@type":"PropertyValueSpecification","valueRequired":true,"valueName":"search_term_string"}}],"inLanguage":"pt-BR"},{"@type":"Person","@id":"https:\/\/www.gaveanews.com\/#\/schema\/person\/51b3ba6a493cf9e7af9ce2c6d0d4ff1c","name":"Kayo Silva","image":{"@type":"ImageObject","inLanguage":"pt-BR","@id":"https:\/\/www.gaveanews.com\/#\/schema\/person\/image\/","url":"https:\/\/secure.gravatar.com\/avatar\/af6d65cafc646a65c39c5fcb2a1ef51b863a81461770cfff553ec2fdd931c68c?s=96&d=mm&r=g","contentUrl":"https:\/\/secure.gravatar.com\/avatar\/af6d65cafc646a65c39c5fcb2a1ef51b863a81461770cfff553ec2fdd931c68c?s=96&d=mm&r=g","caption":"Kayo Silva"}}]}},"_links":{"self":[{"href":"https:\/\/www.gaveanews.com\/index.php\/wp-json\/wp\/v2\/posts\/108795","targetHints":{"allow":["GET"]}}],"collection":[{"href":"https:\/\/www.gaveanews.com\/index.php\/wp-json\/wp\/v2\/posts"}],"about":[{"href":"https:\/\/www.gaveanews.com\/index.php\/wp-json\/wp\/v2\/types\/post"}],"author":[{"embeddable":true,"href":"https:\/\/www.gaveanews.com\/index.php\/wp-json\/wp\/v2\/users\/10"}],"replies":[{"embeddable":true,"href":"https:\/\/www.gaveanews.com\/index.php\/wp-json\/wp\/v2\/comments?post=108795"}],"version-history":[{"count":0,"href":"https:\/\/www.gaveanews.com\/index.php\/wp-json\/wp\/v2\/posts\/108795\/revisions"}],"wp:featuredmedia":[{"embeddable":true,"href":"https:\/\/www.gaveanews.com\/index.php\/wp-json\/wp\/v2\/media\/108896"}],"wp:attachment":[{"href":"https:\/\/www.gaveanews.com\/index.php\/wp-json\/wp\/v2\/media?parent=108795"}],"wp:term":[{"taxonomy":"category","embeddable":true,"href":"https:\/\/www.gaveanews.com\/index.php\/wp-json\/wp\/v2\/categories?post=108795"},{"taxonomy":"post_tag","embeddable":true,"href":"https:\/\/www.gaveanews.com\/index.php\/wp-json\/wp\/v2\/tags?post=108795"}],"curies":[{"name":"wp","href":"https:\/\/api.w.org\/{rel}","templated":true}]}}