{"id":108803,"date":"2023-10-20T13:11:21","date_gmt":"2023-10-20T16:11:21","guid":{"rendered":"https:\/\/www.gaveanews.com\/?p=108803"},"modified":"2023-10-20T13:11:22","modified_gmt":"2023-10-20T16:11:22","slug":"atacante-captado-no-sul-do-brasil-e-destaque-na-base-do-flamengo","status":"publish","type":"post","link":"https:\/\/www.gaveanews.com\/index.php\/2023\/10\/20\/atacante-captado-no-sul-do-brasil-e-destaque-na-base-do-flamengo\/","title":{"rendered":"Atacante captado no Sul do Brasil, \u00e9 destaque na base do\u00a0Flamengo\u00a0"},"content":{"rendered":"\n<p>Por: Kayo Silva<br><br>O Flamengo \u00e9 uma m\u00e1quina de captar jovens promessas por todo o Brasil, dessa forma o clube com o intuito de expandir seus scouts por todas as regi\u00f5es no pa\u00eds, foi buscar o jovem Heitor Rodrigues, de apenas 6 anos de idade.\u00a0<\/p>\n\n\n\n<p>Heitor era observado por pessoas do departamento de scout do Flamengo desde a Iber League, quando tinha apenas 5 anos, na avalia\u00e7\u00e3o do rubro-negro, o jovem se destacou pela for\u00e7a f\u00edsica e agilidade. A joia atua de piv\u00f4 (nas quadras) e meio-campista (campo).&nbsp;<\/p>\n\n\n\n<p>No clube desde julho desse ano, a nova joia do Mais Querido j\u00e1 se destaca em torneios realizados no futsal, o garoto vem marcando em todos os cl\u00e1ssicos na base, desde que come\u00e7ou a atuar com a camisa do Flamengo, Heitor, j\u00e1 marcou contra Vasco, Botafogo e Fluminense.&nbsp;<\/p>\n\n\n\n<p>At\u00e9 o momento, ele marcou um gol contra o Vasco, dois gols contra o Botafogo e dois gols contra o Fluminense, sendo o maior carrasco dos rivais na Copa Zero Rio Futsal sub-6.\u00a0<\/p>\n\n\n\n<p>A equipe comandada pelo t\u00e9cnico, Bruno Leonardo, vem de grandes jogos com a categoria, saindo vencedor de cl\u00e1ssicos realizados em sequ\u00eancia. Flamengo 4 a 0 Fluminense e Flamengo 3 a 1 Botafogo. A equipe foi elogiada pela c\u00fapula do clube por manter o DNA rubro-negro, o time comandou a partida, tomando as iniciativas com marca\u00e7\u00e3o, posse de bola e o jogo ofensivo.&nbsp;<br><br><a href=\"https:\/\/www.gaveanews.com\/index.php\/2023\/10\/20\/em-estreia-de-tite-flamengo-emplaca-4-representantes-na-selecao-da-rodada-do-brasileirao\/\">Em estreia de Tite, Flamengo emplaca 4 representantes na Sele\u00e7\u00e3o da Rodada do Brasileir\u00e3o<\/a><\/p>\n","protected":false},"excerpt":{"rendered":"<p>Por: Kayo Silva O Flamengo \u00e9 uma m\u00e1quina de captar jovens promessas por todo o Brasil, dessa forma o clube com o intuito de expandir seus scouts por todas as regi\u00f5es no pa\u00eds, foi buscar o jovem Heitor Rodrigues, de apenas 6 anos de idade.\u00a0 Heitor era observado por pessoas do departamento de scout do [&hellip;]<\/p>\n","protected":false},"author":10,"featured_media":108825,"comment_status":"open","ping_status":"closed","sticky":false,"template":"","format":"standard","meta":{"footnotes":""},"categories":[1],"tags":[],"class_list":["post-108803","post","type-post","status-publish","format-standard","has-post-thumbnail","hentry","category-flamengo"],"yoast_head":"<!-- This site is optimized with the Yoast SEO Premium plugin v24.2 (Yoast SEO v26.9) - https:\/\/yoast.com\/product\/yoast-seo-premium-wordpress\/ -->\n<title>Atacante captado no Sul do Brasil, \u00e9 destaque na base do\u00a0Flamengo\u00a0<\/title>\n<meta name=\"robots\" content=\"index, follow, max-snippet:-1, max-image-preview:large, max-video-preview:-1\" \/>\n<link rel=\"canonical\" href=\"https:\/\/www.gaveanews.com\/index.php\/2023\/10\/20\/atacante-captado-no-sul-do-brasil-e-destaque-na-base-do-flamengo\/\" \/>\n<meta property=\"og:locale\" content=\"pt_BR\" \/>\n<meta property=\"og:type\" content=\"article\" \/>\n<meta property=\"og:title\" content=\"Atacante captado no Sul do Brasil, \u00e9 destaque na base do\u00a0Flamengo\u00a0\" \/>\n<meta property=\"og:description\" content=\"Por: Kayo Silva O Flamengo \u00e9 uma m\u00e1quina de captar jovens promessas por todo o Brasil, dessa forma o clube com o intuito de expandir seus scouts por todas as regi\u00f5es no pa\u00eds, foi buscar o jovem Heitor Rodrigues, de apenas 6 anos de idade.\u00a0 Heitor era observado por pessoas do departamento de scout do [&hellip;]\" \/>\n<meta property=\"og:url\" content=\"https:\/\/www.gaveanews.com\/index.php\/2023\/10\/20\/atacante-captado-no-sul-do-brasil-e-destaque-na-base-do-flamengo\/\" \/>\n<meta property=\"og:site_name\" content=\"G\u00e1vea News\" \/>\n<meta property=\"article:publisher\" content=\"https:\/\/facebook.com\/gaveaNews\/\" \/>\n<meta property=\"article:published_time\" content=\"2023-10-20T16:11:21+00:00\" \/>\n<meta property=\"article:modified_time\" content=\"2023-10-20T16:11:22+00:00\" \/>\n<meta property=\"og:image\" content=\"https:\/\/www.gaveanews.com\/wp-content\/uploads\/Heitor-em-acao-pelo-Flamengo.webp\" \/>\n\t<meta property=\"og:image:width\" content=\"843\" \/>\n\t<meta property=\"og:image:height\" content=\"633\" \/>\n\t<meta property=\"og:image:type\" content=\"image\/jpeg\" \/>\n<meta name=\"author\" content=\"Kayo Silva\" \/>\n<meta name=\"twitter:card\" content=\"summary_large_image\" \/>\n<meta name=\"twitter:label1\" content=\"Escrito por\" \/>\n\t<meta name=\"twitter:data1\" content=\"Kayo Silva\" \/>\n\t<meta name=\"twitter:label2\" content=\"Est. tempo de leitura\" \/>\n\t<meta name=\"twitter:data2\" content=\"2 minutos\" \/>\n<script type=\"application\/ld+json\" class=\"yoast-schema-graph\">{\"@context\":\"https:\/\/schema.org\",\"@graph\":[{\"@type\":\"NewsArticle\",\"@id\":\"https:\/\/www.gaveanews.com\/index.php\/2023\/10\/20\/atacante-captado-no-sul-do-brasil-e-destaque-na-base-do-flamengo\/#article\",\"isPartOf\":{\"@id\":\"https:\/\/www.gaveanews.com\/index.php\/2023\/10\/20\/atacante-captado-no-sul-do-brasil-e-destaque-na-base-do-flamengo\/\"},\"author\":{\"name\":\"Kayo Silva\",\"@id\":\"https:\/\/www.gaveanews.com\/#\/schema\/person\/51b3ba6a493cf9e7af9ce2c6d0d4ff1c\"},\"headline\":\"Atacante captado no Sul do Brasil, \u00e9 destaque na base do\u00a0Flamengo\u00a0\",\"datePublished\":\"2023-10-20T16:11:21+00:00\",\"dateModified\":\"2023-10-20T16:11:22+00:00\",\"mainEntityOfPage\":{\"@id\":\"https:\/\/www.gaveanews.com\/index.php\/2023\/10\/20\/atacante-captado-no-sul-do-brasil-e-destaque-na-base-do-flamengo\/\"},\"wordCount\":266,\"commentCount\":0,\"image\":{\"@id\":\"https:\/\/www.gaveanews.com\/index.php\/2023\/10\/20\/atacante-captado-no-sul-do-brasil-e-destaque-na-base-do-flamengo\/#primaryimage\"},\"thumbnailUrl\":\"https:\/\/www.gaveanews.com\/wp-content\/uploads\/Heitor-em-acao-pelo-Flamengo.webp\",\"articleSection\":[\"Flamengo\"],\"inLanguage\":\"pt-BR\",\"potentialAction\":[{\"@type\":\"CommentAction\",\"name\":\"Comment\",\"target\":[\"https:\/\/www.gaveanews.com\/index.php\/2023\/10\/20\/atacante-captado-no-sul-do-brasil-e-destaque-na-base-do-flamengo\/#respond\"]}],\"copyrightYear\":\"2023\",\"copyrightHolder\":{\"@id\":\"https:\/\/www.gaveanews.com\/#organization\"}},{\"@type\":\"WebPage\",\"@id\":\"https:\/\/www.gaveanews.com\/index.php\/2023\/10\/20\/atacante-captado-no-sul-do-brasil-e-destaque-na-base-do-flamengo\/\",\"url\":\"https:\/\/www.gaveanews.com\/index.php\/2023\/10\/20\/atacante-captado-no-sul-do-brasil-e-destaque-na-base-do-flamengo\/\",\"name\":\"Atacante captado no Sul do Brasil, \u00e9 destaque na base do\u00a0Flamengo\u00a0\",\"isPartOf\":{\"@id\":\"https:\/\/www.gaveanews.com\/#website\"},\"primaryImageOfPage\":{\"@id\":\"https:\/\/www.gaveanews.com\/index.php\/2023\/10\/20\/atacante-captado-no-sul-do-brasil-e-destaque-na-base-do-flamengo\/#primaryimage\"},\"image\":{\"@id\":\"https:\/\/www.gaveanews.com\/index.php\/2023\/10\/20\/atacante-captado-no-sul-do-brasil-e-destaque-na-base-do-flamengo\/#primaryimage\"},\"thumbnailUrl\":\"https:\/\/www.gaveanews.com\/wp-content\/uploads\/Heitor-em-acao-pelo-Flamengo.webp\",\"datePublished\":\"2023-10-20T16:11:21+00:00\",\"dateModified\":\"2023-10-20T16:11:22+00:00\",\"author\":{\"@id\":\"https:\/\/www.gaveanews.com\/#\/schema\/person\/51b3ba6a493cf9e7af9ce2c6d0d4ff1c\"},\"breadcrumb\":{\"@id\":\"https:\/\/www.gaveanews.com\/index.php\/2023\/10\/20\/atacante-captado-no-sul-do-brasil-e-destaque-na-base-do-flamengo\/#breadcrumb\"},\"inLanguage\":\"pt-BR\",\"potentialAction\":[{\"@type\":\"ReadAction\",\"target\":[\"https:\/\/www.gaveanews.com\/index.php\/2023\/10\/20\/atacante-captado-no-sul-do-brasil-e-destaque-na-base-do-flamengo\/\"]}]},{\"@type\":\"ImageObject\",\"inLanguage\":\"pt-BR\",\"@id\":\"https:\/\/www.gaveanews.com\/index.php\/2023\/10\/20\/atacante-captado-no-sul-do-brasil-e-destaque-na-base-do-flamengo\/#primaryimage\",\"url\":\"https:\/\/www.gaveanews.com\/wp-content\/uploads\/Heitor-em-acao-pelo-Flamengo.webp\",\"contentUrl\":\"https:\/\/www.gaveanews.com\/wp-content\/uploads\/Heitor-em-acao-pelo-Flamengo.webp\",\"width\":843,\"height\":633,\"caption\":\"Heitor em a\u00e7\u00e3o pelo Flamengo (Foto: Divulga\u00e7\u00e3o)\"},{\"@type\":\"BreadcrumbList\",\"@id\":\"https:\/\/www.gaveanews.com\/index.php\/2023\/10\/20\/atacante-captado-no-sul-do-brasil-e-destaque-na-base-do-flamengo\/#breadcrumb\",\"itemListElement\":[{\"@type\":\"ListItem\",\"position\":1,\"name\":\"Home\",\"item\":\"https:\/\/www.gaveanews.com\/\"},{\"@type\":\"ListItem\",\"position\":2,\"name\":\"Atacante captado no Sul do Brasil, \u00e9 destaque na base do\u00a0Flamengo\u00a0\"}]},{\"@type\":\"WebSite\",\"@id\":\"https:\/\/www.gaveanews.com\/#website\",\"url\":\"https:\/\/www.gaveanews.com\/\",\"name\":\"G\u00e1vea News\",\"description\":\"Veja todas as not\u00edcias sobre o Flamengo: Contrata\u00e7\u00f5es, categorias de base, resultados das partidas, tabela de classifica\u00e7\u00e3o, pr\u00f3ximos jogos!\",\"potentialAction\":[{\"@type\":\"SearchAction\",\"target\":{\"@type\":\"EntryPoint\",\"urlTemplate\":\"https:\/\/www.gaveanews.com\/?s={search_term_string}\"},\"query-input\":{\"@type\":\"PropertyValueSpecification\",\"valueRequired\":true,\"valueName\":\"search_term_string\"}}],\"inLanguage\":\"pt-BR\"},{\"@type\":\"Person\",\"@id\":\"https:\/\/www.gaveanews.com\/#\/schema\/person\/51b3ba6a493cf9e7af9ce2c6d0d4ff1c\",\"name\":\"Kayo Silva\",\"image\":{\"@type\":\"ImageObject\",\"inLanguage\":\"pt-BR\",\"@id\":\"https:\/\/www.gaveanews.com\/#\/schema\/person\/image\/\",\"url\":\"https:\/\/secure.gravatar.com\/avatar\/af6d65cafc646a65c39c5fcb2a1ef51b863a81461770cfff553ec2fdd931c68c?s=96&d=mm&r=g\",\"contentUrl\":\"https:\/\/secure.gravatar.com\/avatar\/af6d65cafc646a65c39c5fcb2a1ef51b863a81461770cfff553ec2fdd931c68c?s=96&d=mm&r=g\",\"caption\":\"Kayo Silva\"}}]}<\/script>\n<!-- \/ Yoast SEO Premium plugin. -->","yoast_head_json":{"title":"Atacante captado no Sul do Brasil, \u00e9 destaque na base do\u00a0Flamengo\u00a0","robots":{"index":"index","follow":"follow","max-snippet":"max-snippet:-1","max-image-preview":"max-image-preview:large","max-video-preview":"max-video-preview:-1"},"canonical":"https:\/\/www.gaveanews.com\/index.php\/2023\/10\/20\/atacante-captado-no-sul-do-brasil-e-destaque-na-base-do-flamengo\/","og_locale":"pt_BR","og_type":"article","og_title":"Atacante captado no Sul do Brasil, \u00e9 destaque na base do\u00a0Flamengo\u00a0","og_description":"Por: Kayo Silva O Flamengo \u00e9 uma m\u00e1quina de captar jovens promessas por todo o Brasil, dessa forma o clube com o intuito de expandir seus scouts por todas as regi\u00f5es no pa\u00eds, foi buscar o jovem Heitor Rodrigues, de apenas 6 anos de idade.\u00a0 Heitor era observado por pessoas do departamento de scout do [&hellip;]","og_url":"https:\/\/www.gaveanews.com\/index.php\/2023\/10\/20\/atacante-captado-no-sul-do-brasil-e-destaque-na-base-do-flamengo\/","og_site_name":"G\u00e1vea News","article_publisher":"https:\/\/facebook.com\/gaveaNews\/","article_published_time":"2023-10-20T16:11:21+00:00","article_modified_time":"2023-10-20T16:11:22+00:00","og_image":[{"width":843,"height":633,"url":"https:\/\/www.gaveanews.com\/wp-content\/uploads\/Heitor-em-acao-pelo-Flamengo.webp","type":"image\/jpeg"}],"author":"Kayo Silva","twitter_card":"summary_large_image","twitter_misc":{"Escrito por":"Kayo Silva","Est. tempo de leitura":"2 minutos"},"schema":{"@context":"https:\/\/schema.org","@graph":[{"@type":"NewsArticle","@id":"https:\/\/www.gaveanews.com\/index.php\/2023\/10\/20\/atacante-captado-no-sul-do-brasil-e-destaque-na-base-do-flamengo\/#article","isPartOf":{"@id":"https:\/\/www.gaveanews.com\/index.php\/2023\/10\/20\/atacante-captado-no-sul-do-brasil-e-destaque-na-base-do-flamengo\/"},"author":{"name":"Kayo Silva","@id":"https:\/\/www.gaveanews.com\/#\/schema\/person\/51b3ba6a493cf9e7af9ce2c6d0d4ff1c"},"headline":"Atacante captado no Sul do Brasil, \u00e9 destaque na base do\u00a0Flamengo\u00a0","datePublished":"2023-10-20T16:11:21+00:00","dateModified":"2023-10-20T16:11:22+00:00","mainEntityOfPage":{"@id":"https:\/\/www.gaveanews.com\/index.php\/2023\/10\/20\/atacante-captado-no-sul-do-brasil-e-destaque-na-base-do-flamengo\/"},"wordCount":266,"commentCount":0,"image":{"@id":"https:\/\/www.gaveanews.com\/index.php\/2023\/10\/20\/atacante-captado-no-sul-do-brasil-e-destaque-na-base-do-flamengo\/#primaryimage"},"thumbnailUrl":"https:\/\/www.gaveanews.com\/wp-content\/uploads\/Heitor-em-acao-pelo-Flamengo.webp","articleSection":["Flamengo"],"inLanguage":"pt-BR","potentialAction":[{"@type":"CommentAction","name":"Comment","target":["https:\/\/www.gaveanews.com\/index.php\/2023\/10\/20\/atacante-captado-no-sul-do-brasil-e-destaque-na-base-do-flamengo\/#respond"]}],"copyrightYear":"2023","copyrightHolder":{"@id":"https:\/\/www.gaveanews.com\/#organization"}},{"@type":"WebPage","@id":"https:\/\/www.gaveanews.com\/index.php\/2023\/10\/20\/atacante-captado-no-sul-do-brasil-e-destaque-na-base-do-flamengo\/","url":"https:\/\/www.gaveanews.com\/index.php\/2023\/10\/20\/atacante-captado-no-sul-do-brasil-e-destaque-na-base-do-flamengo\/","name":"Atacante captado no Sul do Brasil, \u00e9 destaque na base do\u00a0Flamengo\u00a0","isPartOf":{"@id":"https:\/\/www.gaveanews.com\/#website"},"primaryImageOfPage":{"@id":"https:\/\/www.gaveanews.com\/index.php\/2023\/10\/20\/atacante-captado-no-sul-do-brasil-e-destaque-na-base-do-flamengo\/#primaryimage"},"image":{"@id":"https:\/\/www.gaveanews.com\/index.php\/2023\/10\/20\/atacante-captado-no-sul-do-brasil-e-destaque-na-base-do-flamengo\/#primaryimage"},"thumbnailUrl":"https:\/\/www.gaveanews.com\/wp-content\/uploads\/Heitor-em-acao-pelo-Flamengo.webp","datePublished":"2023-10-20T16:11:21+00:00","dateModified":"2023-10-20T16:11:22+00:00","author":{"@id":"https:\/\/www.gaveanews.com\/#\/schema\/person\/51b3ba6a493cf9e7af9ce2c6d0d4ff1c"},"breadcrumb":{"@id":"https:\/\/www.gaveanews.com\/index.php\/2023\/10\/20\/atacante-captado-no-sul-do-brasil-e-destaque-na-base-do-flamengo\/#breadcrumb"},"inLanguage":"pt-BR","potentialAction":[{"@type":"ReadAction","target":["https:\/\/www.gaveanews.com\/index.php\/2023\/10\/20\/atacante-captado-no-sul-do-brasil-e-destaque-na-base-do-flamengo\/"]}]},{"@type":"ImageObject","inLanguage":"pt-BR","@id":"https:\/\/www.gaveanews.com\/index.php\/2023\/10\/20\/atacante-captado-no-sul-do-brasil-e-destaque-na-base-do-flamengo\/#primaryimage","url":"https:\/\/www.gaveanews.com\/wp-content\/uploads\/Heitor-em-acao-pelo-Flamengo.webp","contentUrl":"https:\/\/www.gaveanews.com\/wp-content\/uploads\/Heitor-em-acao-pelo-Flamengo.webp","width":843,"height":633,"caption":"Heitor em a\u00e7\u00e3o pelo Flamengo (Foto: Divulga\u00e7\u00e3o)"},{"@type":"BreadcrumbList","@id":"https:\/\/www.gaveanews.com\/index.php\/2023\/10\/20\/atacante-captado-no-sul-do-brasil-e-destaque-na-base-do-flamengo\/#breadcrumb","itemListElement":[{"@type":"ListItem","position":1,"name":"Home","item":"https:\/\/www.gaveanews.com\/"},{"@type":"ListItem","position":2,"name":"Atacante captado no Sul do Brasil, \u00e9 destaque na base do\u00a0Flamengo\u00a0"}]},{"@type":"WebSite","@id":"https:\/\/www.gaveanews.com\/#website","url":"https:\/\/www.gaveanews.com\/","name":"G\u00e1vea News","description":"Veja todas as not\u00edcias sobre o Flamengo: Contrata\u00e7\u00f5es, categorias de base, resultados das partidas, tabela de classifica\u00e7\u00e3o, pr\u00f3ximos jogos!","potentialAction":[{"@type":"SearchAction","target":{"@type":"EntryPoint","urlTemplate":"https:\/\/www.gaveanews.com\/?s={search_term_string}"},"query-input":{"@type":"PropertyValueSpecification","valueRequired":true,"valueName":"search_term_string"}}],"inLanguage":"pt-BR"},{"@type":"Person","@id":"https:\/\/www.gaveanews.com\/#\/schema\/person\/51b3ba6a493cf9e7af9ce2c6d0d4ff1c","name":"Kayo Silva","image":{"@type":"ImageObject","inLanguage":"pt-BR","@id":"https:\/\/www.gaveanews.com\/#\/schema\/person\/image\/","url":"https:\/\/secure.gravatar.com\/avatar\/af6d65cafc646a65c39c5fcb2a1ef51b863a81461770cfff553ec2fdd931c68c?s=96&d=mm&r=g","contentUrl":"https:\/\/secure.gravatar.com\/avatar\/af6d65cafc646a65c39c5fcb2a1ef51b863a81461770cfff553ec2fdd931c68c?s=96&d=mm&r=g","caption":"Kayo Silva"}}]}},"_links":{"self":[{"href":"https:\/\/www.gaveanews.com\/index.php\/wp-json\/wp\/v2\/posts\/108803","targetHints":{"allow":["GET"]}}],"collection":[{"href":"https:\/\/www.gaveanews.com\/index.php\/wp-json\/wp\/v2\/posts"}],"about":[{"href":"https:\/\/www.gaveanews.com\/index.php\/wp-json\/wp\/v2\/types\/post"}],"author":[{"embeddable":true,"href":"https:\/\/www.gaveanews.com\/index.php\/wp-json\/wp\/v2\/users\/10"}],"replies":[{"embeddable":true,"href":"https:\/\/www.gaveanews.com\/index.php\/wp-json\/wp\/v2\/comments?post=108803"}],"version-history":[{"count":0,"href":"https:\/\/www.gaveanews.com\/index.php\/wp-json\/wp\/v2\/posts\/108803\/revisions"}],"wp:featuredmedia":[{"embeddable":true,"href":"https:\/\/www.gaveanews.com\/index.php\/wp-json\/wp\/v2\/media\/108825"}],"wp:attachment":[{"href":"https:\/\/www.gaveanews.com\/index.php\/wp-json\/wp\/v2\/media?parent=108803"}],"wp:term":[{"taxonomy":"category","embeddable":true,"href":"https:\/\/www.gaveanews.com\/index.php\/wp-json\/wp\/v2\/categories?post=108803"},{"taxonomy":"post_tag","embeddable":true,"href":"https:\/\/www.gaveanews.com\/index.php\/wp-json\/wp\/v2\/tags?post=108803"}],"curies":[{"name":"wp","href":"https:\/\/api.w.org\/{rel}","templated":true}]}}