{"id":108833,"date":"2023-10-20T14:49:49","date_gmt":"2023-10-20T17:49:49","guid":{"rendered":"https:\/\/www.gaveanews.com\/?p=108833"},"modified":"2023-10-20T14:49:51","modified_gmt":"2023-10-20T17:49:51","slug":"jogo-do-flamengo-sera-disputado-em-estadio-alternativo","status":"publish","type":"post","link":"https:\/\/www.gaveanews.com\/index.php\/2023\/10\/20\/jogo-do-flamengo-sera-disputado-em-estadio-alternativo\/","title":{"rendered":"Jogo do Flamengo ser\u00e1 disputado em est\u00e1dio &#8216;alternativo&#8217;"},"content":{"rendered":"\n<p>No atual Campeonato Brasileiro, o Am\u00e9rica-MG enfrenta uma situa\u00e7\u00e3o muito complicada, estando na \u00faltima posi\u00e7\u00e3o e com poucas chances de evitar o rebaixamento. Para lidar com essa situa\u00e7\u00e3o, o clube tomou a decis\u00e3o de vender dois mandos de campo, transferindo suas partidas para o Parque do Sabi\u00e1, em Uberl\u00e2ndia.<\/p>\n\n\n\n<p>O Am\u00e9rica-MG receber\u00e1 um total de R$ 2 milh\u00f5es para jogar contra o Flamengo e o Atl\u00e9tico-MG no local. \u00c9 uma medida que visa a compensar a dif\u00edcil situa\u00e7\u00e3o financeira do clube, permitindo que ele continue competindo no campeonato.<\/p>\n\n\n\n<p>O duelo contra o Flamengo est\u00e1 programado para a 35\u00aa rodada, embora a data espec\u00edfica ainda n\u00e3o tenha sido confirmada pela CBF. J\u00e1 o cl\u00e1ssico contra o Atl\u00e9tico-MG acontecer\u00e1 na 32\u00aa rodada, ambos no Parque do Sabi\u00e1.<\/p>\n\n\n\n<p>Ap\u00f3s uma derrota em casa para o Botafogo, o clube se prepara para o pr\u00f3ximo confronto contra o Corinthians, marcado para o domingo, \u00e0s 18h30, na Neo Qu\u00edmica Arena.<\/p>\n","protected":false},"excerpt":{"rendered":"<p>No atual Campeonato Brasileiro, o Am\u00e9rica-MG enfrenta uma situa\u00e7\u00e3o muito complicada, estando na \u00faltima posi\u00e7\u00e3o e com poucas chances de evitar o rebaixamento. Para lidar com essa situa\u00e7\u00e3o, o clube tomou a decis\u00e3o de vender dois mandos de campo, transferindo suas partidas para o Parque do Sabi\u00e1, em Uberl\u00e2ndia. O Am\u00e9rica-MG receber\u00e1 um total de [&hellip;]<\/p>\n","protected":false},"author":1,"featured_media":16271,"comment_status":"open","ping_status":"closed","sticky":false,"template":"","format":"standard","meta":{"footnotes":""},"categories":[1],"tags":[],"class_list":["post-108833","post","type-post","status-publish","format-standard","has-post-thumbnail","hentry","category-flamengo"],"yoast_head":"<!-- This site is optimized with the Yoast SEO Premium plugin v24.2 (Yoast SEO v26.9) - https:\/\/yoast.com\/product\/yoast-seo-premium-wordpress\/ -->\n<title>Jogo do Flamengo ser\u00e1 disputado em est\u00e1dio &#039;alternativo&#039;<\/title>\n<meta name=\"description\" content=\"\u00c9 importante destacar que o jogo do Flamengo ainda n\u00e3o est\u00e1 com uma data definida por parte da Confedera\u00e7\u00e3o Brasileira de Futebol (CBF).\" \/>\n<meta name=\"robots\" content=\"index, follow, max-snippet:-1, max-image-preview:large, max-video-preview:-1\" \/>\n<link rel=\"canonical\" href=\"https:\/\/www.gaveanews.com\/index.php\/2023\/10\/20\/jogo-do-flamengo-sera-disputado-em-estadio-alternativo\/\" \/>\n<meta property=\"og:locale\" content=\"pt_BR\" \/>\n<meta property=\"og:type\" content=\"article\" \/>\n<meta property=\"og:title\" content=\"Jogo do Flamengo ser\u00e1 disputado em est\u00e1dio &#039;alternativo&#039;\" \/>\n<meta property=\"og:description\" content=\"\u00c9 importante destacar que o jogo do Flamengo ainda n\u00e3o est\u00e1 com uma data definida por parte da Confedera\u00e7\u00e3o Brasileira de Futebol (CBF).\" \/>\n<meta property=\"og:url\" content=\"https:\/\/www.gaveanews.com\/index.php\/2023\/10\/20\/jogo-do-flamengo-sera-disputado-em-estadio-alternativo\/\" \/>\n<meta property=\"og:site_name\" content=\"G\u00e1vea News\" \/>\n<meta property=\"article:publisher\" content=\"https:\/\/facebook.com\/gaveaNews\/\" \/>\n<meta property=\"article:published_time\" content=\"2023-10-20T17:49:49+00:00\" \/>\n<meta property=\"article:modified_time\" content=\"2023-10-20T17:49:51+00:00\" \/>\n<meta property=\"og:image\" content=\"https:\/\/www.gaveanews.com\/wp-content\/uploads\/2019\/02\/Sede-da-CBF-no-Rio-de-Janeiro.webp\" \/>\n\t<meta property=\"og:image:width\" content=\"690\" \/>\n\t<meta property=\"og:image:height\" content=\"518\" \/>\n\t<meta property=\"og:image:type\" content=\"image\/jpeg\" \/>\n<meta name=\"author\" content=\"Equipe G\u00e1vea News\" \/>\n<meta name=\"twitter:card\" content=\"summary_large_image\" \/>\n<meta name=\"twitter:label1\" content=\"Escrito por\" \/>\n\t<meta name=\"twitter:data1\" content=\"Equipe G\u00e1vea News\" \/>\n\t<meta name=\"twitter:label2\" content=\"Est. tempo de leitura\" \/>\n\t<meta name=\"twitter:data2\" content=\"1 minuto\" \/>\n<script type=\"application\/ld+json\" class=\"yoast-schema-graph\">{\"@context\":\"https:\/\/schema.org\",\"@graph\":[{\"@type\":\"NewsArticle\",\"@id\":\"https:\/\/www.gaveanews.com\/index.php\/2023\/10\/20\/jogo-do-flamengo-sera-disputado-em-estadio-alternativo\/#article\",\"isPartOf\":{\"@id\":\"https:\/\/www.gaveanews.com\/index.php\/2023\/10\/20\/jogo-do-flamengo-sera-disputado-em-estadio-alternativo\/\"},\"author\":{\"name\":\"Equipe G\u00e1vea News\",\"@id\":\"https:\/\/www.gaveanews.com\/#\/schema\/person\/2ec14f73fb96be2caf28f91afb14749d\"},\"headline\":\"Jogo do Flamengo ser\u00e1 disputado em est\u00e1dio &#8216;alternativo&#8217;\",\"datePublished\":\"2023-10-20T17:49:49+00:00\",\"dateModified\":\"2023-10-20T17:49:51+00:00\",\"mainEntityOfPage\":{\"@id\":\"https:\/\/www.gaveanews.com\/index.php\/2023\/10\/20\/jogo-do-flamengo-sera-disputado-em-estadio-alternativo\/\"},\"wordCount\":177,\"commentCount\":0,\"image\":{\"@id\":\"https:\/\/www.gaveanews.com\/index.php\/2023\/10\/20\/jogo-do-flamengo-sera-disputado-em-estadio-alternativo\/#primaryimage\"},\"thumbnailUrl\":\"https:\/\/www.gaveanews.com\/wp-content\/uploads\/2019\/02\/Sede-da-CBF-no-Rio-de-Janeiro.webp\",\"articleSection\":[\"Flamengo\"],\"inLanguage\":\"pt-BR\",\"potentialAction\":[{\"@type\":\"CommentAction\",\"name\":\"Comment\",\"target\":[\"https:\/\/www.gaveanews.com\/index.php\/2023\/10\/20\/jogo-do-flamengo-sera-disputado-em-estadio-alternativo\/#respond\"]}],\"copyrightYear\":\"2023\",\"copyrightHolder\":{\"@id\":\"https:\/\/www.gaveanews.com\/#organization\"}},{\"@type\":\"WebPage\",\"@id\":\"https:\/\/www.gaveanews.com\/index.php\/2023\/10\/20\/jogo-do-flamengo-sera-disputado-em-estadio-alternativo\/\",\"url\":\"https:\/\/www.gaveanews.com\/index.php\/2023\/10\/20\/jogo-do-flamengo-sera-disputado-em-estadio-alternativo\/\",\"name\":\"Jogo do Flamengo ser\u00e1 disputado em est\u00e1dio 'alternativo'\",\"isPartOf\":{\"@id\":\"https:\/\/www.gaveanews.com\/#website\"},\"primaryImageOfPage\":{\"@id\":\"https:\/\/www.gaveanews.com\/index.php\/2023\/10\/20\/jogo-do-flamengo-sera-disputado-em-estadio-alternativo\/#primaryimage\"},\"image\":{\"@id\":\"https:\/\/www.gaveanews.com\/index.php\/2023\/10\/20\/jogo-do-flamengo-sera-disputado-em-estadio-alternativo\/#primaryimage\"},\"thumbnailUrl\":\"https:\/\/www.gaveanews.com\/wp-content\/uploads\/2019\/02\/Sede-da-CBF-no-Rio-de-Janeiro.webp\",\"datePublished\":\"2023-10-20T17:49:49+00:00\",\"dateModified\":\"2023-10-20T17:49:51+00:00\",\"author\":{\"@id\":\"https:\/\/www.gaveanews.com\/#\/schema\/person\/2ec14f73fb96be2caf28f91afb14749d\"},\"description\":\"\u00c9 importante destacar que o jogo do Flamengo ainda n\u00e3o est\u00e1 com uma data definida por parte da Confedera\u00e7\u00e3o Brasileira de Futebol (CBF).\",\"breadcrumb\":{\"@id\":\"https:\/\/www.gaveanews.com\/index.php\/2023\/10\/20\/jogo-do-flamengo-sera-disputado-em-estadio-alternativo\/#breadcrumb\"},\"inLanguage\":\"pt-BR\",\"potentialAction\":[{\"@type\":\"ReadAction\",\"target\":[\"https:\/\/www.gaveanews.com\/index.php\/2023\/10\/20\/jogo-do-flamengo-sera-disputado-em-estadio-alternativo\/\"]}]},{\"@type\":\"ImageObject\",\"inLanguage\":\"pt-BR\",\"@id\":\"https:\/\/www.gaveanews.com\/index.php\/2023\/10\/20\/jogo-do-flamengo-sera-disputado-em-estadio-alternativo\/#primaryimage\",\"url\":\"https:\/\/www.gaveanews.com\/wp-content\/uploads\/2019\/02\/Sede-da-CBF-no-Rio-de-Janeiro.webp\",\"contentUrl\":\"https:\/\/www.gaveanews.com\/wp-content\/uploads\/2019\/02\/Sede-da-CBF-no-Rio-de-Janeiro.webp\",\"width\":690,\"height\":518,\"caption\":\"Sede da CBF no Rio de Janeiro (Foto: Cah\u00ea Mota\/Globo Esporte)\"},{\"@type\":\"BreadcrumbList\",\"@id\":\"https:\/\/www.gaveanews.com\/index.php\/2023\/10\/20\/jogo-do-flamengo-sera-disputado-em-estadio-alternativo\/#breadcrumb\",\"itemListElement\":[{\"@type\":\"ListItem\",\"position\":1,\"name\":\"Home\",\"item\":\"https:\/\/www.gaveanews.com\/\"},{\"@type\":\"ListItem\",\"position\":2,\"name\":\"Jogo do Flamengo ser\u00e1 disputado em est\u00e1dio &#8216;alternativo&#8217;\"}]},{\"@type\":\"WebSite\",\"@id\":\"https:\/\/www.gaveanews.com\/#website\",\"url\":\"https:\/\/www.gaveanews.com\/\",\"name\":\"G\u00e1vea News\",\"description\":\"Veja todas as not\u00edcias sobre o Flamengo: Contrata\u00e7\u00f5es, categorias de base, resultados das partidas, tabela de classifica\u00e7\u00e3o, pr\u00f3ximos jogos!\",\"potentialAction\":[{\"@type\":\"SearchAction\",\"target\":{\"@type\":\"EntryPoint\",\"urlTemplate\":\"https:\/\/www.gaveanews.com\/?s={search_term_string}\"},\"query-input\":{\"@type\":\"PropertyValueSpecification\",\"valueRequired\":true,\"valueName\":\"search_term_string\"}}],\"inLanguage\":\"pt-BR\"},{\"@type\":\"Person\",\"@id\":\"https:\/\/www.gaveanews.com\/#\/schema\/person\/2ec14f73fb96be2caf28f91afb14749d\",\"name\":\"Equipe G\u00e1vea News\",\"image\":{\"@type\":\"ImageObject\",\"inLanguage\":\"pt-BR\",\"@id\":\"https:\/\/www.gaveanews.com\/#\/schema\/person\/image\/\",\"url\":\"https:\/\/secure.gravatar.com\/avatar\/1e1956f1facbffd3f8fa53a326721950116b3b9dc9bd44939c01180fd4a745a9?s=96&d=mm&r=g\",\"contentUrl\":\"https:\/\/secure.gravatar.com\/avatar\/1e1956f1facbffd3f8fa53a326721950116b3b9dc9bd44939c01180fd4a745a9?s=96&d=mm&r=g\",\"caption\":\"Equipe G\u00e1vea News\"}}]}<\/script>\n<!-- \/ Yoast SEO Premium plugin. -->","yoast_head_json":{"title":"Jogo do Flamengo ser\u00e1 disputado em est\u00e1dio 'alternativo'","description":"\u00c9 importante destacar que o jogo do Flamengo ainda n\u00e3o est\u00e1 com uma data definida por parte da Confedera\u00e7\u00e3o Brasileira de Futebol (CBF).","robots":{"index":"index","follow":"follow","max-snippet":"max-snippet:-1","max-image-preview":"max-image-preview:large","max-video-preview":"max-video-preview:-1"},"canonical":"https:\/\/www.gaveanews.com\/index.php\/2023\/10\/20\/jogo-do-flamengo-sera-disputado-em-estadio-alternativo\/","og_locale":"pt_BR","og_type":"article","og_title":"Jogo do Flamengo ser\u00e1 disputado em est\u00e1dio 'alternativo'","og_description":"\u00c9 importante destacar que o jogo do Flamengo ainda n\u00e3o est\u00e1 com uma data definida por parte da Confedera\u00e7\u00e3o Brasileira de Futebol (CBF).","og_url":"https:\/\/www.gaveanews.com\/index.php\/2023\/10\/20\/jogo-do-flamengo-sera-disputado-em-estadio-alternativo\/","og_site_name":"G\u00e1vea News","article_publisher":"https:\/\/facebook.com\/gaveaNews\/","article_published_time":"2023-10-20T17:49:49+00:00","article_modified_time":"2023-10-20T17:49:51+00:00","og_image":[{"width":690,"height":518,"url":"https:\/\/www.gaveanews.com\/wp-content\/uploads\/2019\/02\/Sede-da-CBF-no-Rio-de-Janeiro.webp","type":"image\/jpeg"}],"author":"Equipe G\u00e1vea News","twitter_card":"summary_large_image","twitter_misc":{"Escrito por":"Equipe G\u00e1vea News","Est. tempo de leitura":"1 minuto"},"schema":{"@context":"https:\/\/schema.org","@graph":[{"@type":"NewsArticle","@id":"https:\/\/www.gaveanews.com\/index.php\/2023\/10\/20\/jogo-do-flamengo-sera-disputado-em-estadio-alternativo\/#article","isPartOf":{"@id":"https:\/\/www.gaveanews.com\/index.php\/2023\/10\/20\/jogo-do-flamengo-sera-disputado-em-estadio-alternativo\/"},"author":{"name":"Equipe G\u00e1vea News","@id":"https:\/\/www.gaveanews.com\/#\/schema\/person\/2ec14f73fb96be2caf28f91afb14749d"},"headline":"Jogo do Flamengo ser\u00e1 disputado em est\u00e1dio &#8216;alternativo&#8217;","datePublished":"2023-10-20T17:49:49+00:00","dateModified":"2023-10-20T17:49:51+00:00","mainEntityOfPage":{"@id":"https:\/\/www.gaveanews.com\/index.php\/2023\/10\/20\/jogo-do-flamengo-sera-disputado-em-estadio-alternativo\/"},"wordCount":177,"commentCount":0,"image":{"@id":"https:\/\/www.gaveanews.com\/index.php\/2023\/10\/20\/jogo-do-flamengo-sera-disputado-em-estadio-alternativo\/#primaryimage"},"thumbnailUrl":"https:\/\/www.gaveanews.com\/wp-content\/uploads\/2019\/02\/Sede-da-CBF-no-Rio-de-Janeiro.webp","articleSection":["Flamengo"],"inLanguage":"pt-BR","potentialAction":[{"@type":"CommentAction","name":"Comment","target":["https:\/\/www.gaveanews.com\/index.php\/2023\/10\/20\/jogo-do-flamengo-sera-disputado-em-estadio-alternativo\/#respond"]}],"copyrightYear":"2023","copyrightHolder":{"@id":"https:\/\/www.gaveanews.com\/#organization"}},{"@type":"WebPage","@id":"https:\/\/www.gaveanews.com\/index.php\/2023\/10\/20\/jogo-do-flamengo-sera-disputado-em-estadio-alternativo\/","url":"https:\/\/www.gaveanews.com\/index.php\/2023\/10\/20\/jogo-do-flamengo-sera-disputado-em-estadio-alternativo\/","name":"Jogo do Flamengo ser\u00e1 disputado em est\u00e1dio 'alternativo'","isPartOf":{"@id":"https:\/\/www.gaveanews.com\/#website"},"primaryImageOfPage":{"@id":"https:\/\/www.gaveanews.com\/index.php\/2023\/10\/20\/jogo-do-flamengo-sera-disputado-em-estadio-alternativo\/#primaryimage"},"image":{"@id":"https:\/\/www.gaveanews.com\/index.php\/2023\/10\/20\/jogo-do-flamengo-sera-disputado-em-estadio-alternativo\/#primaryimage"},"thumbnailUrl":"https:\/\/www.gaveanews.com\/wp-content\/uploads\/2019\/02\/Sede-da-CBF-no-Rio-de-Janeiro.webp","datePublished":"2023-10-20T17:49:49+00:00","dateModified":"2023-10-20T17:49:51+00:00","author":{"@id":"https:\/\/www.gaveanews.com\/#\/schema\/person\/2ec14f73fb96be2caf28f91afb14749d"},"description":"\u00c9 importante destacar que o jogo do Flamengo ainda n\u00e3o est\u00e1 com uma data definida por parte da Confedera\u00e7\u00e3o Brasileira de Futebol (CBF).","breadcrumb":{"@id":"https:\/\/www.gaveanews.com\/index.php\/2023\/10\/20\/jogo-do-flamengo-sera-disputado-em-estadio-alternativo\/#breadcrumb"},"inLanguage":"pt-BR","potentialAction":[{"@type":"ReadAction","target":["https:\/\/www.gaveanews.com\/index.php\/2023\/10\/20\/jogo-do-flamengo-sera-disputado-em-estadio-alternativo\/"]}]},{"@type":"ImageObject","inLanguage":"pt-BR","@id":"https:\/\/www.gaveanews.com\/index.php\/2023\/10\/20\/jogo-do-flamengo-sera-disputado-em-estadio-alternativo\/#primaryimage","url":"https:\/\/www.gaveanews.com\/wp-content\/uploads\/2019\/02\/Sede-da-CBF-no-Rio-de-Janeiro.webp","contentUrl":"https:\/\/www.gaveanews.com\/wp-content\/uploads\/2019\/02\/Sede-da-CBF-no-Rio-de-Janeiro.webp","width":690,"height":518,"caption":"Sede da CBF no Rio de Janeiro (Foto: Cah\u00ea Mota\/Globo Esporte)"},{"@type":"BreadcrumbList","@id":"https:\/\/www.gaveanews.com\/index.php\/2023\/10\/20\/jogo-do-flamengo-sera-disputado-em-estadio-alternativo\/#breadcrumb","itemListElement":[{"@type":"ListItem","position":1,"name":"Home","item":"https:\/\/www.gaveanews.com\/"},{"@type":"ListItem","position":2,"name":"Jogo do Flamengo ser\u00e1 disputado em est\u00e1dio &#8216;alternativo&#8217;"}]},{"@type":"WebSite","@id":"https:\/\/www.gaveanews.com\/#website","url":"https:\/\/www.gaveanews.com\/","name":"G\u00e1vea News","description":"Veja todas as not\u00edcias sobre o Flamengo: Contrata\u00e7\u00f5es, categorias de base, resultados das partidas, tabela de classifica\u00e7\u00e3o, pr\u00f3ximos jogos!","potentialAction":[{"@type":"SearchAction","target":{"@type":"EntryPoint","urlTemplate":"https:\/\/www.gaveanews.com\/?s={search_term_string}"},"query-input":{"@type":"PropertyValueSpecification","valueRequired":true,"valueName":"search_term_string"}}],"inLanguage":"pt-BR"},{"@type":"Person","@id":"https:\/\/www.gaveanews.com\/#\/schema\/person\/2ec14f73fb96be2caf28f91afb14749d","name":"Equipe G\u00e1vea News","image":{"@type":"ImageObject","inLanguage":"pt-BR","@id":"https:\/\/www.gaveanews.com\/#\/schema\/person\/image\/","url":"https:\/\/secure.gravatar.com\/avatar\/1e1956f1facbffd3f8fa53a326721950116b3b9dc9bd44939c01180fd4a745a9?s=96&d=mm&r=g","contentUrl":"https:\/\/secure.gravatar.com\/avatar\/1e1956f1facbffd3f8fa53a326721950116b3b9dc9bd44939c01180fd4a745a9?s=96&d=mm&r=g","caption":"Equipe G\u00e1vea News"}}]}},"_links":{"self":[{"href":"https:\/\/www.gaveanews.com\/index.php\/wp-json\/wp\/v2\/posts\/108833","targetHints":{"allow":["GET"]}}],"collection":[{"href":"https:\/\/www.gaveanews.com\/index.php\/wp-json\/wp\/v2\/posts"}],"about":[{"href":"https:\/\/www.gaveanews.com\/index.php\/wp-json\/wp\/v2\/types\/post"}],"author":[{"embeddable":true,"href":"https:\/\/www.gaveanews.com\/index.php\/wp-json\/wp\/v2\/users\/1"}],"replies":[{"embeddable":true,"href":"https:\/\/www.gaveanews.com\/index.php\/wp-json\/wp\/v2\/comments?post=108833"}],"version-history":[{"count":0,"href":"https:\/\/www.gaveanews.com\/index.php\/wp-json\/wp\/v2\/posts\/108833\/revisions"}],"wp:featuredmedia":[{"embeddable":true,"href":"https:\/\/www.gaveanews.com\/index.php\/wp-json\/wp\/v2\/media\/16271"}],"wp:attachment":[{"href":"https:\/\/www.gaveanews.com\/index.php\/wp-json\/wp\/v2\/media?parent=108833"}],"wp:term":[{"taxonomy":"category","embeddable":true,"href":"https:\/\/www.gaveanews.com\/index.php\/wp-json\/wp\/v2\/categories?post=108833"},{"taxonomy":"post_tag","embeddable":true,"href":"https:\/\/www.gaveanews.com\/index.php\/wp-json\/wp\/v2\/tags?post=108833"}],"curies":[{"name":"wp","href":"https:\/\/api.w.org\/{rel}","templated":true}]}}