{"id":108885,"date":"2023-10-20T19:37:21","date_gmt":"2023-10-20T22:37:21","guid":{"rendered":"https:\/\/www.gaveanews.com\/?p=108885"},"modified":"2024-04-06T23:20:59","modified_gmt":"2024-04-07T02:20:59","slug":"tite-pode-ajudar-o-flamengo-a-contratar-o-seu-primeiro-reforco","status":"publish","type":"post","link":"https:\/\/www.gaveanews.com\/index.php\/2023\/10\/20\/tite-pode-ajudar-o-flamengo-a-contratar-o-seu-primeiro-reforco\/","title":{"rendered":"Tite pode ajudar o Flamengo a contratar o seu primeiro refor\u00e7o"},"content":{"rendered":"\n<p>O t\u00e9cnico Tite assumiu o comando do Flamengo em 2023, com o objetivo de planejar a temporada de 2024 e garantir uma vaga na Libertadores. Uma das movimenta\u00e7\u00f5es de mercado do clube carioca envolve a poss\u00edvel contrata\u00e7\u00e3o do goleiro Carlos Miguel, que atualmente \u00e9 o reserva imediato de C\u00e1ssio no Corinthians.<\/p>\n\n\n\n<p>Pedro Ramiro, jornalista da R\u00e1dio Bandeirantes, reportou que o Flamengo demonstrou interesse em Carlos Miguel. Uma curiosidade \u00e9 que o empres\u00e1rio do goleiro tamb\u00e9m representa Tite, o que pode facilitar as negocia\u00e7\u00f5es. Carlos Miguel, um jovem de 25 anos com impressionantes 2,04 metros de altura, \u00e9 considerado uma grande promessa. No entanto, devido \u00e0 titularidade incontest\u00e1vel de C\u00e1ssio, ele teve poucas oportunidades de jogo, acumulando apenas sete partidas na temporada atual.<\/p>\n\n\n\n<p>Um ponto favor\u00e1vel para o Flamengo \u00e9 que Carlos Miguel \u00e9 agenciado por Gilmar Veloz, o mesmo agente que representa o t\u00e9cnico Tite. Essa conex\u00e3o pode ser um trunfo na busca pelo goleiro. A especula\u00e7\u00e3o da contrata\u00e7\u00e3o de Carlos Miguel pelo Flamengo n\u00e3o \u00e9 nova, sendo prevista anteriormente por Neto, ex-jogador e apresentador, que elogiou o talento do goleiro como &#8220;um goleira\u00e7o.&#8221;<\/p>\n\n\n\n<p>Atualmente, o elenco principal do Flamengo conta com goleiros como Agust\u00edn Rossi, Santos e Matheus Cunha, al\u00e9m de jovens da base, como Dyogo Alves, Caio Barone e Lucas Furtado. O Flamengo est\u00e1 ansioso para refor\u00e7ar sua equipe visando a temporada de 2024 e alcan\u00e7ar seus objetivos, inclusive na Libertadores.<\/p>\n","protected":false},"excerpt":{"rendered":"<p>O t\u00e9cnico Tite assumiu o comando do Flamengo em 2023, com o objetivo de planejar a temporada de 2024 e garantir uma vaga na Libertadores. Uma das movimenta\u00e7\u00f5es de mercado do clube carioca envolve a poss\u00edvel contrata\u00e7\u00e3o do goleiro Carlos Miguel, que atualmente \u00e9 o reserva imediato de C\u00e1ssio no Corinthians. Pedro Ramiro, jornalista da [&hellip;]<\/p>\n","protected":false},"author":1,"featured_media":108573,"comment_status":"open","ping_status":"closed","sticky":false,"template":"","format":"standard","meta":{"footnotes":""},"categories":[1],"tags":[171],"class_list":["post-108885","post","type-post","status-publish","format-standard","has-post-thumbnail","hentry","category-flamengo","tag-adenor-leonardo-bachi-tite"],"yoast_head":"<!-- This site is optimized with the Yoast SEO Premium plugin v24.2 (Yoast SEO v26.9) - https:\/\/yoast.com\/product\/yoast-seo-premium-wordpress\/ -->\n<title>Tite pode ajudar o Flamengo a contratar o seu primeiro refor\u00e7o<\/title>\n<meta name=\"robots\" content=\"index, follow, max-snippet:-1, max-image-preview:large, max-video-preview:-1\" \/>\n<link rel=\"canonical\" href=\"https:\/\/www.gaveanews.com\/index.php\/2023\/10\/20\/tite-pode-ajudar-o-flamengo-a-contratar-o-seu-primeiro-reforco\/\" \/>\n<meta property=\"og:locale\" content=\"pt_BR\" \/>\n<meta property=\"og:type\" content=\"article\" \/>\n<meta property=\"og:title\" content=\"Tite pode ajudar o Flamengo a contratar o seu primeiro refor\u00e7o\" \/>\n<meta property=\"og:description\" content=\"O t\u00e9cnico Tite assumiu o comando do Flamengo em 2023, com o objetivo de planejar a temporada de 2024 e garantir uma vaga na Libertadores. Uma das movimenta\u00e7\u00f5es de mercado do clube carioca envolve a poss\u00edvel contrata\u00e7\u00e3o do goleiro Carlos Miguel, que atualmente \u00e9 o reserva imediato de C\u00e1ssio no Corinthians. Pedro Ramiro, jornalista da [&hellip;]\" \/>\n<meta property=\"og:url\" content=\"https:\/\/www.gaveanews.com\/index.php\/2023\/10\/20\/tite-pode-ajudar-o-flamengo-a-contratar-o-seu-primeiro-reforco\/\" \/>\n<meta property=\"og:site_name\" content=\"G\u00e1vea News\" \/>\n<meta property=\"article:publisher\" content=\"https:\/\/facebook.com\/gaveaNews\/\" \/>\n<meta property=\"article:published_time\" content=\"2023-10-20T22:37:21+00:00\" \/>\n<meta property=\"article:modified_time\" content=\"2024-04-07T02:20:59+00:00\" \/>\n<meta property=\"og:image\" content=\"https:\/\/www.gaveanews.com\/wp-content\/uploads\/tite-treino-flamengo-1.webp\" \/>\n\t<meta property=\"og:image:width\" content=\"900\" \/>\n\t<meta property=\"og:image:height\" content=\"600\" \/>\n\t<meta property=\"og:image:type\" content=\"image\/jpeg\" \/>\n<meta name=\"author\" content=\"Equipe G\u00e1vea News\" \/>\n<meta name=\"twitter:card\" content=\"summary_large_image\" \/>\n<meta name=\"twitter:label1\" content=\"Escrito por\" \/>\n\t<meta name=\"twitter:data1\" content=\"Equipe G\u00e1vea News\" \/>\n\t<meta name=\"twitter:label2\" content=\"Est. tempo de leitura\" \/>\n\t<meta name=\"twitter:data2\" content=\"2 minutos\" \/>\n<script type=\"application\/ld+json\" class=\"yoast-schema-graph\">{\"@context\":\"https:\/\/schema.org\",\"@graph\":[{\"@type\":\"NewsArticle\",\"@id\":\"https:\/\/www.gaveanews.com\/index.php\/2023\/10\/20\/tite-pode-ajudar-o-flamengo-a-contratar-o-seu-primeiro-reforco\/#article\",\"isPartOf\":{\"@id\":\"https:\/\/www.gaveanews.com\/index.php\/2023\/10\/20\/tite-pode-ajudar-o-flamengo-a-contratar-o-seu-primeiro-reforco\/\"},\"author\":{\"name\":\"Equipe G\u00e1vea News\",\"@id\":\"https:\/\/www.gaveanews.com\/#\/schema\/person\/2ec14f73fb96be2caf28f91afb14749d\"},\"headline\":\"Tite pode ajudar o Flamengo a contratar o seu primeiro refor\u00e7o\",\"datePublished\":\"2023-10-20T22:37:21+00:00\",\"dateModified\":\"2024-04-07T02:20:59+00:00\",\"mainEntityOfPage\":{\"@id\":\"https:\/\/www.gaveanews.com\/index.php\/2023\/10\/20\/tite-pode-ajudar-o-flamengo-a-contratar-o-seu-primeiro-reforco\/\"},\"wordCount\":255,\"commentCount\":0,\"image\":{\"@id\":\"https:\/\/www.gaveanews.com\/index.php\/2023\/10\/20\/tite-pode-ajudar-o-flamengo-a-contratar-o-seu-primeiro-reforco\/#primaryimage\"},\"thumbnailUrl\":\"https:\/\/www.gaveanews.com\/wp-content\/uploads\/tite-treino-flamengo-1.webp\",\"keywords\":[\"Adenor Leonardo Bachi\"],\"articleSection\":[\"Flamengo\"],\"inLanguage\":\"pt-BR\",\"potentialAction\":[{\"@type\":\"CommentAction\",\"name\":\"Comment\",\"target\":[\"https:\/\/www.gaveanews.com\/index.php\/2023\/10\/20\/tite-pode-ajudar-o-flamengo-a-contratar-o-seu-primeiro-reforco\/#respond\"]}],\"copyrightYear\":\"2023\",\"copyrightHolder\":{\"@id\":\"https:\/\/www.gaveanews.com\/#organization\"}},{\"@type\":\"WebPage\",\"@id\":\"https:\/\/www.gaveanews.com\/index.php\/2023\/10\/20\/tite-pode-ajudar-o-flamengo-a-contratar-o-seu-primeiro-reforco\/\",\"url\":\"https:\/\/www.gaveanews.com\/index.php\/2023\/10\/20\/tite-pode-ajudar-o-flamengo-a-contratar-o-seu-primeiro-reforco\/\",\"name\":\"Tite pode ajudar o Flamengo a contratar o seu primeiro refor\u00e7o\",\"isPartOf\":{\"@id\":\"https:\/\/www.gaveanews.com\/#website\"},\"primaryImageOfPage\":{\"@id\":\"https:\/\/www.gaveanews.com\/index.php\/2023\/10\/20\/tite-pode-ajudar-o-flamengo-a-contratar-o-seu-primeiro-reforco\/#primaryimage\"},\"image\":{\"@id\":\"https:\/\/www.gaveanews.com\/index.php\/2023\/10\/20\/tite-pode-ajudar-o-flamengo-a-contratar-o-seu-primeiro-reforco\/#primaryimage\"},\"thumbnailUrl\":\"https:\/\/www.gaveanews.com\/wp-content\/uploads\/tite-treino-flamengo-1.webp\",\"datePublished\":\"2023-10-20T22:37:21+00:00\",\"dateModified\":\"2024-04-07T02:20:59+00:00\",\"author\":{\"@id\":\"https:\/\/www.gaveanews.com\/#\/schema\/person\/2ec14f73fb96be2caf28f91afb14749d\"},\"breadcrumb\":{\"@id\":\"https:\/\/www.gaveanews.com\/index.php\/2023\/10\/20\/tite-pode-ajudar-o-flamengo-a-contratar-o-seu-primeiro-reforco\/#breadcrumb\"},\"inLanguage\":\"pt-BR\",\"potentialAction\":[{\"@type\":\"ReadAction\",\"target\":[\"https:\/\/www.gaveanews.com\/index.php\/2023\/10\/20\/tite-pode-ajudar-o-flamengo-a-contratar-o-seu-primeiro-reforco\/\"]}]},{\"@type\":\"ImageObject\",\"inLanguage\":\"pt-BR\",\"@id\":\"https:\/\/www.gaveanews.com\/index.php\/2023\/10\/20\/tite-pode-ajudar-o-flamengo-a-contratar-o-seu-primeiro-reforco\/#primaryimage\",\"url\":\"https:\/\/www.gaveanews.com\/wp-content\/uploads\/tite-treino-flamengo-1.webp\",\"contentUrl\":\"https:\/\/www.gaveanews.com\/wp-content\/uploads\/tite-treino-flamengo-1.webp\",\"width\":900,\"height\":600,\"caption\":\"Tite comanda treino do Flamengo (Foto: Gilvan de Souza\/Flamengo)\"},{\"@type\":\"BreadcrumbList\",\"@id\":\"https:\/\/www.gaveanews.com\/index.php\/2023\/10\/20\/tite-pode-ajudar-o-flamengo-a-contratar-o-seu-primeiro-reforco\/#breadcrumb\",\"itemListElement\":[{\"@type\":\"ListItem\",\"position\":1,\"name\":\"Home\",\"item\":\"https:\/\/www.gaveanews.com\/\"},{\"@type\":\"ListItem\",\"position\":2,\"name\":\"Tite pode ajudar o Flamengo a contratar o seu primeiro refor\u00e7o\"}]},{\"@type\":\"WebSite\",\"@id\":\"https:\/\/www.gaveanews.com\/#website\",\"url\":\"https:\/\/www.gaveanews.com\/\",\"name\":\"G\u00e1vea News\",\"description\":\"Veja todas as not\u00edcias sobre o Flamengo: Contrata\u00e7\u00f5es, categorias de base, resultados das partidas, tabela de classifica\u00e7\u00e3o, pr\u00f3ximos jogos!\",\"potentialAction\":[{\"@type\":\"SearchAction\",\"target\":{\"@type\":\"EntryPoint\",\"urlTemplate\":\"https:\/\/www.gaveanews.com\/?s={search_term_string}\"},\"query-input\":{\"@type\":\"PropertyValueSpecification\",\"valueRequired\":true,\"valueName\":\"search_term_string\"}}],\"inLanguage\":\"pt-BR\"},{\"@type\":\"Person\",\"@id\":\"https:\/\/www.gaveanews.com\/#\/schema\/person\/2ec14f73fb96be2caf28f91afb14749d\",\"name\":\"Equipe G\u00e1vea News\",\"image\":{\"@type\":\"ImageObject\",\"inLanguage\":\"pt-BR\",\"@id\":\"https:\/\/www.gaveanews.com\/#\/schema\/person\/image\/\",\"url\":\"https:\/\/secure.gravatar.com\/avatar\/1e1956f1facbffd3f8fa53a326721950116b3b9dc9bd44939c01180fd4a745a9?s=96&d=mm&r=g\",\"contentUrl\":\"https:\/\/secure.gravatar.com\/avatar\/1e1956f1facbffd3f8fa53a326721950116b3b9dc9bd44939c01180fd4a745a9?s=96&d=mm&r=g\",\"caption\":\"Equipe G\u00e1vea News\"}}]}<\/script>\n<!-- \/ Yoast SEO Premium plugin. -->","yoast_head_json":{"title":"Tite pode ajudar o Flamengo a contratar o seu primeiro refor\u00e7o","robots":{"index":"index","follow":"follow","max-snippet":"max-snippet:-1","max-image-preview":"max-image-preview:large","max-video-preview":"max-video-preview:-1"},"canonical":"https:\/\/www.gaveanews.com\/index.php\/2023\/10\/20\/tite-pode-ajudar-o-flamengo-a-contratar-o-seu-primeiro-reforco\/","og_locale":"pt_BR","og_type":"article","og_title":"Tite pode ajudar o Flamengo a contratar o seu primeiro refor\u00e7o","og_description":"O t\u00e9cnico Tite assumiu o comando do Flamengo em 2023, com o objetivo de planejar a temporada de 2024 e garantir uma vaga na Libertadores. Uma das movimenta\u00e7\u00f5es de mercado do clube carioca envolve a poss\u00edvel contrata\u00e7\u00e3o do goleiro Carlos Miguel, que atualmente \u00e9 o reserva imediato de C\u00e1ssio no Corinthians. Pedro Ramiro, jornalista da [&hellip;]","og_url":"https:\/\/www.gaveanews.com\/index.php\/2023\/10\/20\/tite-pode-ajudar-o-flamengo-a-contratar-o-seu-primeiro-reforco\/","og_site_name":"G\u00e1vea News","article_publisher":"https:\/\/facebook.com\/gaveaNews\/","article_published_time":"2023-10-20T22:37:21+00:00","article_modified_time":"2024-04-07T02:20:59+00:00","og_image":[{"width":900,"height":600,"url":"https:\/\/www.gaveanews.com\/wp-content\/uploads\/tite-treino-flamengo-1.webp","type":"image\/jpeg"}],"author":"Equipe G\u00e1vea News","twitter_card":"summary_large_image","twitter_misc":{"Escrito por":"Equipe G\u00e1vea News","Est. tempo de leitura":"2 minutos"},"schema":{"@context":"https:\/\/schema.org","@graph":[{"@type":"NewsArticle","@id":"https:\/\/www.gaveanews.com\/index.php\/2023\/10\/20\/tite-pode-ajudar-o-flamengo-a-contratar-o-seu-primeiro-reforco\/#article","isPartOf":{"@id":"https:\/\/www.gaveanews.com\/index.php\/2023\/10\/20\/tite-pode-ajudar-o-flamengo-a-contratar-o-seu-primeiro-reforco\/"},"author":{"name":"Equipe G\u00e1vea News","@id":"https:\/\/www.gaveanews.com\/#\/schema\/person\/2ec14f73fb96be2caf28f91afb14749d"},"headline":"Tite pode ajudar o Flamengo a contratar o seu primeiro refor\u00e7o","datePublished":"2023-10-20T22:37:21+00:00","dateModified":"2024-04-07T02:20:59+00:00","mainEntityOfPage":{"@id":"https:\/\/www.gaveanews.com\/index.php\/2023\/10\/20\/tite-pode-ajudar-o-flamengo-a-contratar-o-seu-primeiro-reforco\/"},"wordCount":255,"commentCount":0,"image":{"@id":"https:\/\/www.gaveanews.com\/index.php\/2023\/10\/20\/tite-pode-ajudar-o-flamengo-a-contratar-o-seu-primeiro-reforco\/#primaryimage"},"thumbnailUrl":"https:\/\/www.gaveanews.com\/wp-content\/uploads\/tite-treino-flamengo-1.webp","keywords":["Adenor Leonardo Bachi"],"articleSection":["Flamengo"],"inLanguage":"pt-BR","potentialAction":[{"@type":"CommentAction","name":"Comment","target":["https:\/\/www.gaveanews.com\/index.php\/2023\/10\/20\/tite-pode-ajudar-o-flamengo-a-contratar-o-seu-primeiro-reforco\/#respond"]}],"copyrightYear":"2023","copyrightHolder":{"@id":"https:\/\/www.gaveanews.com\/#organization"}},{"@type":"WebPage","@id":"https:\/\/www.gaveanews.com\/index.php\/2023\/10\/20\/tite-pode-ajudar-o-flamengo-a-contratar-o-seu-primeiro-reforco\/","url":"https:\/\/www.gaveanews.com\/index.php\/2023\/10\/20\/tite-pode-ajudar-o-flamengo-a-contratar-o-seu-primeiro-reforco\/","name":"Tite pode ajudar o Flamengo a contratar o seu primeiro refor\u00e7o","isPartOf":{"@id":"https:\/\/www.gaveanews.com\/#website"},"primaryImageOfPage":{"@id":"https:\/\/www.gaveanews.com\/index.php\/2023\/10\/20\/tite-pode-ajudar-o-flamengo-a-contratar-o-seu-primeiro-reforco\/#primaryimage"},"image":{"@id":"https:\/\/www.gaveanews.com\/index.php\/2023\/10\/20\/tite-pode-ajudar-o-flamengo-a-contratar-o-seu-primeiro-reforco\/#primaryimage"},"thumbnailUrl":"https:\/\/www.gaveanews.com\/wp-content\/uploads\/tite-treino-flamengo-1.webp","datePublished":"2023-10-20T22:37:21+00:00","dateModified":"2024-04-07T02:20:59+00:00","author":{"@id":"https:\/\/www.gaveanews.com\/#\/schema\/person\/2ec14f73fb96be2caf28f91afb14749d"},"breadcrumb":{"@id":"https:\/\/www.gaveanews.com\/index.php\/2023\/10\/20\/tite-pode-ajudar-o-flamengo-a-contratar-o-seu-primeiro-reforco\/#breadcrumb"},"inLanguage":"pt-BR","potentialAction":[{"@type":"ReadAction","target":["https:\/\/www.gaveanews.com\/index.php\/2023\/10\/20\/tite-pode-ajudar-o-flamengo-a-contratar-o-seu-primeiro-reforco\/"]}]},{"@type":"ImageObject","inLanguage":"pt-BR","@id":"https:\/\/www.gaveanews.com\/index.php\/2023\/10\/20\/tite-pode-ajudar-o-flamengo-a-contratar-o-seu-primeiro-reforco\/#primaryimage","url":"https:\/\/www.gaveanews.com\/wp-content\/uploads\/tite-treino-flamengo-1.webp","contentUrl":"https:\/\/www.gaveanews.com\/wp-content\/uploads\/tite-treino-flamengo-1.webp","width":900,"height":600,"caption":"Tite comanda treino do Flamengo (Foto: Gilvan de Souza\/Flamengo)"},{"@type":"BreadcrumbList","@id":"https:\/\/www.gaveanews.com\/index.php\/2023\/10\/20\/tite-pode-ajudar-o-flamengo-a-contratar-o-seu-primeiro-reforco\/#breadcrumb","itemListElement":[{"@type":"ListItem","position":1,"name":"Home","item":"https:\/\/www.gaveanews.com\/"},{"@type":"ListItem","position":2,"name":"Tite pode ajudar o Flamengo a contratar o seu primeiro refor\u00e7o"}]},{"@type":"WebSite","@id":"https:\/\/www.gaveanews.com\/#website","url":"https:\/\/www.gaveanews.com\/","name":"G\u00e1vea News","description":"Veja todas as not\u00edcias sobre o Flamengo: Contrata\u00e7\u00f5es, categorias de base, resultados das partidas, tabela de classifica\u00e7\u00e3o, pr\u00f3ximos jogos!","potentialAction":[{"@type":"SearchAction","target":{"@type":"EntryPoint","urlTemplate":"https:\/\/www.gaveanews.com\/?s={search_term_string}"},"query-input":{"@type":"PropertyValueSpecification","valueRequired":true,"valueName":"search_term_string"}}],"inLanguage":"pt-BR"},{"@type":"Person","@id":"https:\/\/www.gaveanews.com\/#\/schema\/person\/2ec14f73fb96be2caf28f91afb14749d","name":"Equipe G\u00e1vea News","image":{"@type":"ImageObject","inLanguage":"pt-BR","@id":"https:\/\/www.gaveanews.com\/#\/schema\/person\/image\/","url":"https:\/\/secure.gravatar.com\/avatar\/1e1956f1facbffd3f8fa53a326721950116b3b9dc9bd44939c01180fd4a745a9?s=96&d=mm&r=g","contentUrl":"https:\/\/secure.gravatar.com\/avatar\/1e1956f1facbffd3f8fa53a326721950116b3b9dc9bd44939c01180fd4a745a9?s=96&d=mm&r=g","caption":"Equipe G\u00e1vea News"}}]}},"_links":{"self":[{"href":"https:\/\/www.gaveanews.com\/index.php\/wp-json\/wp\/v2\/posts\/108885","targetHints":{"allow":["GET"]}}],"collection":[{"href":"https:\/\/www.gaveanews.com\/index.php\/wp-json\/wp\/v2\/posts"}],"about":[{"href":"https:\/\/www.gaveanews.com\/index.php\/wp-json\/wp\/v2\/types\/post"}],"author":[{"embeddable":true,"href":"https:\/\/www.gaveanews.com\/index.php\/wp-json\/wp\/v2\/users\/1"}],"replies":[{"embeddable":true,"href":"https:\/\/www.gaveanews.com\/index.php\/wp-json\/wp\/v2\/comments?post=108885"}],"version-history":[{"count":1,"href":"https:\/\/www.gaveanews.com\/index.php\/wp-json\/wp\/v2\/posts\/108885\/revisions"}],"predecessor-version":[{"id":134800,"href":"https:\/\/www.gaveanews.com\/index.php\/wp-json\/wp\/v2\/posts\/108885\/revisions\/134800"}],"wp:featuredmedia":[{"embeddable":true,"href":"https:\/\/www.gaveanews.com\/index.php\/wp-json\/wp\/v2\/media\/108573"}],"wp:attachment":[{"href":"https:\/\/www.gaveanews.com\/index.php\/wp-json\/wp\/v2\/media?parent=108885"}],"wp:term":[{"taxonomy":"category","embeddable":true,"href":"https:\/\/www.gaveanews.com\/index.php\/wp-json\/wp\/v2\/categories?post=108885"},{"taxonomy":"post_tag","embeddable":true,"href":"https:\/\/www.gaveanews.com\/index.php\/wp-json\/wp\/v2\/tags?post=108885"}],"curies":[{"name":"wp","href":"https:\/\/api.w.org\/{rel}","templated":true}]}}