{"id":108905,"date":"2023-10-20T23:53:47","date_gmt":"2023-10-21T02:53:47","guid":{"rendered":"https:\/\/www.gaveanews.com\/?p=108905"},"modified":"2023-10-20T23:53:50","modified_gmt":"2023-10-21T02:53:50","slug":"alo-flamengo-maracana-podera-passar-por-alteracao-importante","status":"publish","type":"post","link":"https:\/\/www.gaveanews.com\/index.php\/2023\/10\/20\/alo-flamengo-maracana-podera-passar-por-alteracao-importante\/","title":{"rendered":"Al\u00f4 Flamengo! Maracan\u00e3 poder\u00e1 passar por altera\u00e7\u00e3o importante"},"content":{"rendered":"\n<p>No edital de concess\u00e3o do Maracan\u00e3, lan\u00e7ado pelo Governo do Estado do Rio de Janeiro, algumas quest\u00f5es relevantes foram abordadas. Entre os pontos destacados, a possibilidade de utiliza\u00e7\u00e3o de grama artificial no est\u00e1dio chamou a aten\u00e7\u00e3o. O governo esclareceu que essa decis\u00e3o faz parte das a\u00e7\u00f5es de gest\u00e3o que ficar\u00e3o a cargo do futuro concession\u00e1rio do Complexo. Al\u00e9m disso, o custo de manuten\u00e7\u00e3o pode ser repassado aos inquilinos, conforme previsto no edital.<\/p>\n\n\n\n<p>Outro aspecto pol\u00eamico no edital \u00e9 a exig\u00eancia do governo de camarotes, 40 vagas de estacionamento e 200 ingressos no setor oeste inferior em todos os jogos de futebol no est\u00e1dio. Essa condi\u00e7\u00e3o tem gerado controv\u00e9rsias entre os interessados na concess\u00e3o, que incluem o Flamengo, Fluminense, Vasco (em parceria com a W. Torre e a Legends) e o Grupo Metr\u00f3pole, respons\u00e1vel pela Arena BRB em Bras\u00edlia. Os proponentes t\u00eam at\u00e9 o dia 7 de dezembro para apresentar suas propostas, e o vencedor ter\u00e1 a concess\u00e3o do Maracan\u00e3 por 20 anos.<\/p>\n\n\n\n<p>Portanto, o futuro do Maracan\u00e3 \u00e9 objeto de interesse para diversos grupos, enquanto o uso de grama sint\u00e9tica e as condi\u00e7\u00f5es impostas pelo governo continuam gerando debates e discuss\u00f5es no cen\u00e1rio esportivo do Rio de Janeiro.<\/p>\n\n\n\n<p>Leia tamb\u00e9m: <a href=\"https:\/\/www.gaveanews.com\/index.php\/2023\/10\/20\/tite-pode-ajudar-o-flamengo-a-contratar-o-seu-primeiro-reforco\/\">Tite pode ajudar o Flamengo a contratar o seu primeiro refor\u00e7o<\/a><\/p>\n","protected":false},"excerpt":{"rendered":"<p>No edital de concess\u00e3o do Maracan\u00e3, lan\u00e7ado pelo Governo do Estado do Rio de Janeiro, algumas quest\u00f5es relevantes foram abordadas. Entre os pontos destacados, a possibilidade de utiliza\u00e7\u00e3o de grama artificial no est\u00e1dio chamou a aten\u00e7\u00e3o. O governo esclareceu que essa decis\u00e3o faz parte das a\u00e7\u00f5es de gest\u00e3o que ficar\u00e3o a cargo do futuro concession\u00e1rio [&hellip;]<\/p>\n","protected":false},"author":1,"featured_media":99910,"comment_status":"open","ping_status":"closed","sticky":false,"template":"","format":"standard","meta":{"footnotes":""},"categories":[1],"tags":[],"class_list":["post-108905","post","type-post","status-publish","format-standard","has-post-thumbnail","hentry","category-flamengo"],"yoast_head":"<!-- This site is optimized with the Yoast SEO Premium plugin v24.2 (Yoast SEO v26.9) - https:\/\/yoast.com\/product\/yoast-seo-premium-wordpress\/ -->\n<title>Al\u00f4 Flamengo! Maracan\u00e3 poder\u00e1 passar por altera\u00e7\u00e3o importante<\/title>\n<meta name=\"robots\" content=\"index, follow, max-snippet:-1, max-image-preview:large, max-video-preview:-1\" \/>\n<link rel=\"canonical\" href=\"https:\/\/www.gaveanews.com\/index.php\/2023\/10\/20\/alo-flamengo-maracana-podera-passar-por-alteracao-importante\/\" \/>\n<meta property=\"og:locale\" content=\"pt_BR\" \/>\n<meta property=\"og:type\" content=\"article\" \/>\n<meta property=\"og:title\" content=\"Al\u00f4 Flamengo! Maracan\u00e3 poder\u00e1 passar por altera\u00e7\u00e3o importante\" \/>\n<meta property=\"og:description\" content=\"No edital de concess\u00e3o do Maracan\u00e3, lan\u00e7ado pelo Governo do Estado do Rio de Janeiro, algumas quest\u00f5es relevantes foram abordadas. Entre os pontos destacados, a possibilidade de utiliza\u00e7\u00e3o de grama artificial no est\u00e1dio chamou a aten\u00e7\u00e3o. O governo esclareceu que essa decis\u00e3o faz parte das a\u00e7\u00f5es de gest\u00e3o que ficar\u00e3o a cargo do futuro concession\u00e1rio [&hellip;]\" \/>\n<meta property=\"og:url\" content=\"https:\/\/www.gaveanews.com\/index.php\/2023\/10\/20\/alo-flamengo-maracana-podera-passar-por-alteracao-importante\/\" \/>\n<meta property=\"og:site_name\" content=\"G\u00e1vea News\" \/>\n<meta property=\"article:publisher\" content=\"https:\/\/facebook.com\/gaveaNews\/\" \/>\n<meta property=\"article:published_time\" content=\"2023-10-21T02:53:47+00:00\" \/>\n<meta property=\"article:modified_time\" content=\"2023-10-21T02:53:50+00:00\" \/>\n<meta property=\"og:image\" content=\"https:\/\/www.gaveanews.com\/wp-content\/uploads\/maracana-flamengo-fluminense-copa-do-brasil.webp\" \/>\n\t<meta property=\"og:image:width\" content=\"900\" \/>\n\t<meta property=\"og:image:height\" content=\"676\" \/>\n\t<meta property=\"og:image:type\" content=\"image\/jpeg\" \/>\n<meta name=\"author\" content=\"Equipe G\u00e1vea News\" \/>\n<meta name=\"twitter:card\" content=\"summary_large_image\" \/>\n<meta name=\"twitter:label1\" content=\"Escrito por\" \/>\n\t<meta name=\"twitter:data1\" content=\"Equipe G\u00e1vea News\" \/>\n\t<meta name=\"twitter:label2\" content=\"Est. tempo de leitura\" \/>\n\t<meta name=\"twitter:data2\" content=\"2 minutos\" \/>\n<script type=\"application\/ld+json\" class=\"yoast-schema-graph\">{\"@context\":\"https:\/\/schema.org\",\"@graph\":[{\"@type\":\"NewsArticle\",\"@id\":\"https:\/\/www.gaveanews.com\/index.php\/2023\/10\/20\/alo-flamengo-maracana-podera-passar-por-alteracao-importante\/#article\",\"isPartOf\":{\"@id\":\"https:\/\/www.gaveanews.com\/index.php\/2023\/10\/20\/alo-flamengo-maracana-podera-passar-por-alteracao-importante\/\"},\"author\":{\"name\":\"Equipe G\u00e1vea News\",\"@id\":\"https:\/\/www.gaveanews.com\/#\/schema\/person\/2ec14f73fb96be2caf28f91afb14749d\"},\"headline\":\"Al\u00f4 Flamengo! Maracan\u00e3 poder\u00e1 passar por altera\u00e7\u00e3o importante\",\"datePublished\":\"2023-10-21T02:53:47+00:00\",\"dateModified\":\"2023-10-21T02:53:50+00:00\",\"mainEntityOfPage\":{\"@id\":\"https:\/\/www.gaveanews.com\/index.php\/2023\/10\/20\/alo-flamengo-maracana-podera-passar-por-alteracao-importante\/\"},\"wordCount\":244,\"commentCount\":0,\"image\":{\"@id\":\"https:\/\/www.gaveanews.com\/index.php\/2023\/10\/20\/alo-flamengo-maracana-podera-passar-por-alteracao-importante\/#primaryimage\"},\"thumbnailUrl\":\"https:\/\/www.gaveanews.com\/wp-content\/uploads\/maracana-flamengo-fluminense-copa-do-brasil.webp\",\"articleSection\":[\"Flamengo\"],\"inLanguage\":\"pt-BR\",\"potentialAction\":[{\"@type\":\"CommentAction\",\"name\":\"Comment\",\"target\":[\"https:\/\/www.gaveanews.com\/index.php\/2023\/10\/20\/alo-flamengo-maracana-podera-passar-por-alteracao-importante\/#respond\"]}],\"copyrightYear\":\"2023\",\"copyrightHolder\":{\"@id\":\"https:\/\/www.gaveanews.com\/#organization\"}},{\"@type\":\"WebPage\",\"@id\":\"https:\/\/www.gaveanews.com\/index.php\/2023\/10\/20\/alo-flamengo-maracana-podera-passar-por-alteracao-importante\/\",\"url\":\"https:\/\/www.gaveanews.com\/index.php\/2023\/10\/20\/alo-flamengo-maracana-podera-passar-por-alteracao-importante\/\",\"name\":\"Al\u00f4 Flamengo! Maracan\u00e3 poder\u00e1 passar por altera\u00e7\u00e3o importante\",\"isPartOf\":{\"@id\":\"https:\/\/www.gaveanews.com\/#website\"},\"primaryImageOfPage\":{\"@id\":\"https:\/\/www.gaveanews.com\/index.php\/2023\/10\/20\/alo-flamengo-maracana-podera-passar-por-alteracao-importante\/#primaryimage\"},\"image\":{\"@id\":\"https:\/\/www.gaveanews.com\/index.php\/2023\/10\/20\/alo-flamengo-maracana-podera-passar-por-alteracao-importante\/#primaryimage\"},\"thumbnailUrl\":\"https:\/\/www.gaveanews.com\/wp-content\/uploads\/maracana-flamengo-fluminense-copa-do-brasil.webp\",\"datePublished\":\"2023-10-21T02:53:47+00:00\",\"dateModified\":\"2023-10-21T02:53:50+00:00\",\"author\":{\"@id\":\"https:\/\/www.gaveanews.com\/#\/schema\/person\/2ec14f73fb96be2caf28f91afb14749d\"},\"breadcrumb\":{\"@id\":\"https:\/\/www.gaveanews.com\/index.php\/2023\/10\/20\/alo-flamengo-maracana-podera-passar-por-alteracao-importante\/#breadcrumb\"},\"inLanguage\":\"pt-BR\",\"potentialAction\":[{\"@type\":\"ReadAction\",\"target\":[\"https:\/\/www.gaveanews.com\/index.php\/2023\/10\/20\/alo-flamengo-maracana-podera-passar-por-alteracao-importante\/\"]}]},{\"@type\":\"ImageObject\",\"inLanguage\":\"pt-BR\",\"@id\":\"https:\/\/www.gaveanews.com\/index.php\/2023\/10\/20\/alo-flamengo-maracana-podera-passar-por-alteracao-importante\/#primaryimage\",\"url\":\"https:\/\/www.gaveanews.com\/wp-content\/uploads\/maracana-flamengo-fluminense-copa-do-brasil.webp\",\"contentUrl\":\"https:\/\/www.gaveanews.com\/wp-content\/uploads\/maracana-flamengo-fluminense-copa-do-brasil.webp\",\"width\":900,\"height\":676,\"caption\":\"Maracan\u00e3 em festa da torcida do Flamengo antes de cl\u00e1ssico contra o Fluminense pela Copa do Brasil (Foto: Reprodu\u00e7\u00e3o\/Flamengo)\"},{\"@type\":\"BreadcrumbList\",\"@id\":\"https:\/\/www.gaveanews.com\/index.php\/2023\/10\/20\/alo-flamengo-maracana-podera-passar-por-alteracao-importante\/#breadcrumb\",\"itemListElement\":[{\"@type\":\"ListItem\",\"position\":1,\"name\":\"Home\",\"item\":\"https:\/\/www.gaveanews.com\/\"},{\"@type\":\"ListItem\",\"position\":2,\"name\":\"Al\u00f4 Flamengo! Maracan\u00e3 poder\u00e1 passar por altera\u00e7\u00e3o importante\"}]},{\"@type\":\"WebSite\",\"@id\":\"https:\/\/www.gaveanews.com\/#website\",\"url\":\"https:\/\/www.gaveanews.com\/\",\"name\":\"G\u00e1vea News\",\"description\":\"Veja todas as not\u00edcias sobre o Flamengo: Contrata\u00e7\u00f5es, categorias de base, resultados das partidas, tabela de classifica\u00e7\u00e3o, pr\u00f3ximos jogos!\",\"potentialAction\":[{\"@type\":\"SearchAction\",\"target\":{\"@type\":\"EntryPoint\",\"urlTemplate\":\"https:\/\/www.gaveanews.com\/?s={search_term_string}\"},\"query-input\":{\"@type\":\"PropertyValueSpecification\",\"valueRequired\":true,\"valueName\":\"search_term_string\"}}],\"inLanguage\":\"pt-BR\"},{\"@type\":\"Person\",\"@id\":\"https:\/\/www.gaveanews.com\/#\/schema\/person\/2ec14f73fb96be2caf28f91afb14749d\",\"name\":\"Equipe G\u00e1vea News\",\"image\":{\"@type\":\"ImageObject\",\"inLanguage\":\"pt-BR\",\"@id\":\"https:\/\/www.gaveanews.com\/#\/schema\/person\/image\/\",\"url\":\"https:\/\/secure.gravatar.com\/avatar\/1e1956f1facbffd3f8fa53a326721950116b3b9dc9bd44939c01180fd4a745a9?s=96&d=mm&r=g\",\"contentUrl\":\"https:\/\/secure.gravatar.com\/avatar\/1e1956f1facbffd3f8fa53a326721950116b3b9dc9bd44939c01180fd4a745a9?s=96&d=mm&r=g\",\"caption\":\"Equipe G\u00e1vea News\"}}]}<\/script>\n<!-- \/ Yoast SEO Premium plugin. -->","yoast_head_json":{"title":"Al\u00f4 Flamengo! Maracan\u00e3 poder\u00e1 passar por altera\u00e7\u00e3o importante","robots":{"index":"index","follow":"follow","max-snippet":"max-snippet:-1","max-image-preview":"max-image-preview:large","max-video-preview":"max-video-preview:-1"},"canonical":"https:\/\/www.gaveanews.com\/index.php\/2023\/10\/20\/alo-flamengo-maracana-podera-passar-por-alteracao-importante\/","og_locale":"pt_BR","og_type":"article","og_title":"Al\u00f4 Flamengo! Maracan\u00e3 poder\u00e1 passar por altera\u00e7\u00e3o importante","og_description":"No edital de concess\u00e3o do Maracan\u00e3, lan\u00e7ado pelo Governo do Estado do Rio de Janeiro, algumas quest\u00f5es relevantes foram abordadas. Entre os pontos destacados, a possibilidade de utiliza\u00e7\u00e3o de grama artificial no est\u00e1dio chamou a aten\u00e7\u00e3o. O governo esclareceu que essa decis\u00e3o faz parte das a\u00e7\u00f5es de gest\u00e3o que ficar\u00e3o a cargo do futuro concession\u00e1rio [&hellip;]","og_url":"https:\/\/www.gaveanews.com\/index.php\/2023\/10\/20\/alo-flamengo-maracana-podera-passar-por-alteracao-importante\/","og_site_name":"G\u00e1vea News","article_publisher":"https:\/\/facebook.com\/gaveaNews\/","article_published_time":"2023-10-21T02:53:47+00:00","article_modified_time":"2023-10-21T02:53:50+00:00","og_image":[{"width":900,"height":676,"url":"https:\/\/www.gaveanews.com\/wp-content\/uploads\/maracana-flamengo-fluminense-copa-do-brasil.webp","type":"image\/jpeg"}],"author":"Equipe G\u00e1vea News","twitter_card":"summary_large_image","twitter_misc":{"Escrito por":"Equipe G\u00e1vea News","Est. tempo de leitura":"2 minutos"},"schema":{"@context":"https:\/\/schema.org","@graph":[{"@type":"NewsArticle","@id":"https:\/\/www.gaveanews.com\/index.php\/2023\/10\/20\/alo-flamengo-maracana-podera-passar-por-alteracao-importante\/#article","isPartOf":{"@id":"https:\/\/www.gaveanews.com\/index.php\/2023\/10\/20\/alo-flamengo-maracana-podera-passar-por-alteracao-importante\/"},"author":{"name":"Equipe G\u00e1vea News","@id":"https:\/\/www.gaveanews.com\/#\/schema\/person\/2ec14f73fb96be2caf28f91afb14749d"},"headline":"Al\u00f4 Flamengo! Maracan\u00e3 poder\u00e1 passar por altera\u00e7\u00e3o importante","datePublished":"2023-10-21T02:53:47+00:00","dateModified":"2023-10-21T02:53:50+00:00","mainEntityOfPage":{"@id":"https:\/\/www.gaveanews.com\/index.php\/2023\/10\/20\/alo-flamengo-maracana-podera-passar-por-alteracao-importante\/"},"wordCount":244,"commentCount":0,"image":{"@id":"https:\/\/www.gaveanews.com\/index.php\/2023\/10\/20\/alo-flamengo-maracana-podera-passar-por-alteracao-importante\/#primaryimage"},"thumbnailUrl":"https:\/\/www.gaveanews.com\/wp-content\/uploads\/maracana-flamengo-fluminense-copa-do-brasil.webp","articleSection":["Flamengo"],"inLanguage":"pt-BR","potentialAction":[{"@type":"CommentAction","name":"Comment","target":["https:\/\/www.gaveanews.com\/index.php\/2023\/10\/20\/alo-flamengo-maracana-podera-passar-por-alteracao-importante\/#respond"]}],"copyrightYear":"2023","copyrightHolder":{"@id":"https:\/\/www.gaveanews.com\/#organization"}},{"@type":"WebPage","@id":"https:\/\/www.gaveanews.com\/index.php\/2023\/10\/20\/alo-flamengo-maracana-podera-passar-por-alteracao-importante\/","url":"https:\/\/www.gaveanews.com\/index.php\/2023\/10\/20\/alo-flamengo-maracana-podera-passar-por-alteracao-importante\/","name":"Al\u00f4 Flamengo! Maracan\u00e3 poder\u00e1 passar por altera\u00e7\u00e3o importante","isPartOf":{"@id":"https:\/\/www.gaveanews.com\/#website"},"primaryImageOfPage":{"@id":"https:\/\/www.gaveanews.com\/index.php\/2023\/10\/20\/alo-flamengo-maracana-podera-passar-por-alteracao-importante\/#primaryimage"},"image":{"@id":"https:\/\/www.gaveanews.com\/index.php\/2023\/10\/20\/alo-flamengo-maracana-podera-passar-por-alteracao-importante\/#primaryimage"},"thumbnailUrl":"https:\/\/www.gaveanews.com\/wp-content\/uploads\/maracana-flamengo-fluminense-copa-do-brasil.webp","datePublished":"2023-10-21T02:53:47+00:00","dateModified":"2023-10-21T02:53:50+00:00","author":{"@id":"https:\/\/www.gaveanews.com\/#\/schema\/person\/2ec14f73fb96be2caf28f91afb14749d"},"breadcrumb":{"@id":"https:\/\/www.gaveanews.com\/index.php\/2023\/10\/20\/alo-flamengo-maracana-podera-passar-por-alteracao-importante\/#breadcrumb"},"inLanguage":"pt-BR","potentialAction":[{"@type":"ReadAction","target":["https:\/\/www.gaveanews.com\/index.php\/2023\/10\/20\/alo-flamengo-maracana-podera-passar-por-alteracao-importante\/"]}]},{"@type":"ImageObject","inLanguage":"pt-BR","@id":"https:\/\/www.gaveanews.com\/index.php\/2023\/10\/20\/alo-flamengo-maracana-podera-passar-por-alteracao-importante\/#primaryimage","url":"https:\/\/www.gaveanews.com\/wp-content\/uploads\/maracana-flamengo-fluminense-copa-do-brasil.webp","contentUrl":"https:\/\/www.gaveanews.com\/wp-content\/uploads\/maracana-flamengo-fluminense-copa-do-brasil.webp","width":900,"height":676,"caption":"Maracan\u00e3 em festa da torcida do Flamengo antes de cl\u00e1ssico contra o Fluminense pela Copa do Brasil (Foto: Reprodu\u00e7\u00e3o\/Flamengo)"},{"@type":"BreadcrumbList","@id":"https:\/\/www.gaveanews.com\/index.php\/2023\/10\/20\/alo-flamengo-maracana-podera-passar-por-alteracao-importante\/#breadcrumb","itemListElement":[{"@type":"ListItem","position":1,"name":"Home","item":"https:\/\/www.gaveanews.com\/"},{"@type":"ListItem","position":2,"name":"Al\u00f4 Flamengo! Maracan\u00e3 poder\u00e1 passar por altera\u00e7\u00e3o importante"}]},{"@type":"WebSite","@id":"https:\/\/www.gaveanews.com\/#website","url":"https:\/\/www.gaveanews.com\/","name":"G\u00e1vea News","description":"Veja todas as not\u00edcias sobre o Flamengo: Contrata\u00e7\u00f5es, categorias de base, resultados das partidas, tabela de classifica\u00e7\u00e3o, pr\u00f3ximos jogos!","potentialAction":[{"@type":"SearchAction","target":{"@type":"EntryPoint","urlTemplate":"https:\/\/www.gaveanews.com\/?s={search_term_string}"},"query-input":{"@type":"PropertyValueSpecification","valueRequired":true,"valueName":"search_term_string"}}],"inLanguage":"pt-BR"},{"@type":"Person","@id":"https:\/\/www.gaveanews.com\/#\/schema\/person\/2ec14f73fb96be2caf28f91afb14749d","name":"Equipe G\u00e1vea News","image":{"@type":"ImageObject","inLanguage":"pt-BR","@id":"https:\/\/www.gaveanews.com\/#\/schema\/person\/image\/","url":"https:\/\/secure.gravatar.com\/avatar\/1e1956f1facbffd3f8fa53a326721950116b3b9dc9bd44939c01180fd4a745a9?s=96&d=mm&r=g","contentUrl":"https:\/\/secure.gravatar.com\/avatar\/1e1956f1facbffd3f8fa53a326721950116b3b9dc9bd44939c01180fd4a745a9?s=96&d=mm&r=g","caption":"Equipe G\u00e1vea News"}}]}},"_links":{"self":[{"href":"https:\/\/www.gaveanews.com\/index.php\/wp-json\/wp\/v2\/posts\/108905","targetHints":{"allow":["GET"]}}],"collection":[{"href":"https:\/\/www.gaveanews.com\/index.php\/wp-json\/wp\/v2\/posts"}],"about":[{"href":"https:\/\/www.gaveanews.com\/index.php\/wp-json\/wp\/v2\/types\/post"}],"author":[{"embeddable":true,"href":"https:\/\/www.gaveanews.com\/index.php\/wp-json\/wp\/v2\/users\/1"}],"replies":[{"embeddable":true,"href":"https:\/\/www.gaveanews.com\/index.php\/wp-json\/wp\/v2\/comments?post=108905"}],"version-history":[{"count":0,"href":"https:\/\/www.gaveanews.com\/index.php\/wp-json\/wp\/v2\/posts\/108905\/revisions"}],"wp:featuredmedia":[{"embeddable":true,"href":"https:\/\/www.gaveanews.com\/index.php\/wp-json\/wp\/v2\/media\/99910"}],"wp:attachment":[{"href":"https:\/\/www.gaveanews.com\/index.php\/wp-json\/wp\/v2\/media?parent=108905"}],"wp:term":[{"taxonomy":"category","embeddable":true,"href":"https:\/\/www.gaveanews.com\/index.php\/wp-json\/wp\/v2\/categories?post=108905"},{"taxonomy":"post_tag","embeddable":true,"href":"https:\/\/www.gaveanews.com\/index.php\/wp-json\/wp\/v2\/tags?post=108905"}],"curies":[{"name":"wp","href":"https:\/\/api.w.org\/{rel}","templated":true}]}}