{"id":108935,"date":"2023-10-21T10:08:25","date_gmt":"2023-10-21T13:08:25","guid":{"rendered":"https:\/\/www.gaveanews.com\/?p=108935"},"modified":"2023-10-21T10:10:21","modified_gmt":"2023-10-21T13:10:21","slug":"veja-a-provavel-escalacao-do-flamengo-para-o-jogo-contra-o-vasco-4","status":"publish","type":"post","link":"https:\/\/www.gaveanews.com\/index.php\/2023\/10\/21\/veja-a-provavel-escalacao-do-flamengo-para-o-jogo-contra-o-vasco-4\/","title":{"rendered":"Veja a prov\u00e1vel escala\u00e7\u00e3o do Flamengo para o jogo contra o Vasco"},"content":{"rendered":"<p>O Flamengo e o Vasco da Gama est\u00e3o prontos para protagonizar mais um Cl\u00e1ssico dos Milh\u00f5es. No lado do Flamengo, o t\u00e9cnico Tite, em seu segundo jogo no comando da equipe, est\u00e1 se preparando para enfrentar o Vasco. Na sua estreia, o Flamengo venceu o Cruzeiro por 2 a 0, e a equipe parece estar ganhando for\u00e7a sob seu comando.<\/p>\n<p>O Vasco da Gama, por sua vez, conquistou uma importante vit\u00f3ria contra o Fortaleza, com o estreante Payet marcando seu primeiro gol com a camisa cruzmaltina. Essa vit\u00f3ria permitiu ao Vasco sair da zona de rebaixamento e ocupar a 16\u00aa posi\u00e7\u00e3o na tabela de classifica\u00e7\u00e3o.<\/p>\n<h2>Prov\u00e1vel escala\u00e7\u00e3o do Flamengo<\/h2>\n<p>Rossi; Wesley Fran\u00e7a, Fabr\u00edcio Bruno, L\u00e9o Pereira e Ayrton Lucas; Pulgar, Gerson, Arrascaeta e Everton Ribeiro; Bruno Henrique e Pedro.<\/p>\n<p>A arbitragem do jogo ser\u00e1 liderada por Raphael Claus, com o uso do VAR por Daiane Caroline Muniz dos Santos, garantindo um alto n\u00edvel de controle do jogo.<\/p>\n","protected":false},"excerpt":{"rendered":"<p>O Flamengo e o Vasco da Gama est\u00e3o prontos para protagonizar mais um Cl\u00e1ssico dos Milh\u00f5es. No lado do Flamengo, o t\u00e9cnico Tite, em seu segundo jogo no comando da equipe, est\u00e1 se preparando para enfrentar o Vasco. Na sua estreia, o Flamengo venceu o Cruzeiro por 2 a 0, e a equipe parece estar [&hellip;]<\/p>\n","protected":false},"author":1,"featured_media":100041,"comment_status":"open","ping_status":"closed","sticky":false,"template":"","format":"standard","meta":{"footnotes":""},"categories":[1],"tags":[],"class_list":["post-108935","post","type-post","status-publish","format-standard","has-post-thumbnail","hentry","category-flamengo"],"yoast_head":"<!-- This site is optimized with the Yoast SEO Premium plugin v24.2 (Yoast SEO v26.9) - https:\/\/yoast.com\/product\/yoast-seo-premium-wordpress\/ -->\n<title>Veja a prov\u00e1vel escala\u00e7\u00e3o do Flamengo para o jogo contra o Vasco<\/title>\n<meta name=\"robots\" content=\"index, follow, max-snippet:-1, max-image-preview:large, max-video-preview:-1\" \/>\n<link rel=\"canonical\" href=\"https:\/\/www.gaveanews.com\/index.php\/2023\/10\/21\/veja-a-provavel-escalacao-do-flamengo-para-o-jogo-contra-o-vasco-4\/\" \/>\n<meta property=\"og:locale\" content=\"pt_BR\" \/>\n<meta property=\"og:type\" content=\"article\" \/>\n<meta property=\"og:title\" content=\"Veja a prov\u00e1vel escala\u00e7\u00e3o do Flamengo para o jogo contra o Vasco\" \/>\n<meta property=\"og:description\" content=\"O Flamengo e o Vasco da Gama est\u00e3o prontos para protagonizar mais um Cl\u00e1ssico dos Milh\u00f5es. No lado do Flamengo, o t\u00e9cnico Tite, em seu segundo jogo no comando da equipe, est\u00e1 se preparando para enfrentar o Vasco. Na sua estreia, o Flamengo venceu o Cruzeiro por 2 a 0, e a equipe parece estar [&hellip;]\" \/>\n<meta property=\"og:url\" content=\"https:\/\/www.gaveanews.com\/index.php\/2023\/10\/21\/veja-a-provavel-escalacao-do-flamengo-para-o-jogo-contra-o-vasco-4\/\" \/>\n<meta property=\"og:site_name\" content=\"G\u00e1vea News\" \/>\n<meta property=\"article:publisher\" content=\"https:\/\/facebook.com\/gaveaNews\/\" \/>\n<meta property=\"article:published_time\" content=\"2023-10-21T13:08:25+00:00\" \/>\n<meta property=\"article:modified_time\" content=\"2023-10-21T13:10:21+00:00\" \/>\n<meta property=\"og:image\" content=\"https:\/\/www.gaveanews.com\/wp-content\/uploads\/erick-pulgar-arrascaeta-flamengo-vasco-brasileirao-1.webp\" \/>\n\t<meta property=\"og:image:width\" content=\"900\" \/>\n\t<meta property=\"og:image:height\" content=\"599\" \/>\n\t<meta property=\"og:image:type\" content=\"image\/jpeg\" \/>\n<meta name=\"author\" content=\"Equipe G\u00e1vea News\" \/>\n<meta name=\"twitter:card\" content=\"summary_large_image\" \/>\n<meta name=\"twitter:label1\" content=\"Escrito por\" \/>\n\t<meta name=\"twitter:data1\" content=\"Equipe G\u00e1vea News\" \/>\n\t<meta name=\"twitter:label2\" content=\"Est. tempo de leitura\" \/>\n\t<meta name=\"twitter:data2\" content=\"1 minuto\" \/>\n<script type=\"application\/ld+json\" class=\"yoast-schema-graph\">{\"@context\":\"https:\/\/schema.org\",\"@graph\":[{\"@type\":\"NewsArticle\",\"@id\":\"https:\/\/www.gaveanews.com\/index.php\/2023\/10\/21\/veja-a-provavel-escalacao-do-flamengo-para-o-jogo-contra-o-vasco-4\/#article\",\"isPartOf\":{\"@id\":\"https:\/\/www.gaveanews.com\/index.php\/2023\/10\/21\/veja-a-provavel-escalacao-do-flamengo-para-o-jogo-contra-o-vasco-4\/\"},\"author\":{\"name\":\"Equipe G\u00e1vea News\",\"@id\":\"https:\/\/www.gaveanews.com\/#\/schema\/person\/2ec14f73fb96be2caf28f91afb14749d\"},\"headline\":\"Veja a prov\u00e1vel escala\u00e7\u00e3o do Flamengo para o jogo contra o Vasco\",\"datePublished\":\"2023-10-21T13:08:25+00:00\",\"dateModified\":\"2023-10-21T13:10:21+00:00\",\"mainEntityOfPage\":{\"@id\":\"https:\/\/www.gaveanews.com\/index.php\/2023\/10\/21\/veja-a-provavel-escalacao-do-flamengo-para-o-jogo-contra-o-vasco-4\/\"},\"wordCount\":183,\"commentCount\":0,\"image\":{\"@id\":\"https:\/\/www.gaveanews.com\/index.php\/2023\/10\/21\/veja-a-provavel-escalacao-do-flamengo-para-o-jogo-contra-o-vasco-4\/#primaryimage\"},\"thumbnailUrl\":\"https:\/\/www.gaveanews.com\/wp-content\/uploads\/erick-pulgar-arrascaeta-flamengo-vasco-brasileirao-1.webp\",\"articleSection\":[\"Flamengo\"],\"inLanguage\":\"pt-BR\",\"potentialAction\":[{\"@type\":\"CommentAction\",\"name\":\"Comment\",\"target\":[\"https:\/\/www.gaveanews.com\/index.php\/2023\/10\/21\/veja-a-provavel-escalacao-do-flamengo-para-o-jogo-contra-o-vasco-4\/#respond\"]}],\"copyrightYear\":\"2023\",\"copyrightHolder\":{\"@id\":\"https:\/\/www.gaveanews.com\/#organization\"}},{\"@type\":\"WebPage\",\"@id\":\"https:\/\/www.gaveanews.com\/index.php\/2023\/10\/21\/veja-a-provavel-escalacao-do-flamengo-para-o-jogo-contra-o-vasco-4\/\",\"url\":\"https:\/\/www.gaveanews.com\/index.php\/2023\/10\/21\/veja-a-provavel-escalacao-do-flamengo-para-o-jogo-contra-o-vasco-4\/\",\"name\":\"Veja a prov\u00e1vel escala\u00e7\u00e3o do Flamengo para o jogo contra o Vasco\",\"isPartOf\":{\"@id\":\"https:\/\/www.gaveanews.com\/#website\"},\"primaryImageOfPage\":{\"@id\":\"https:\/\/www.gaveanews.com\/index.php\/2023\/10\/21\/veja-a-provavel-escalacao-do-flamengo-para-o-jogo-contra-o-vasco-4\/#primaryimage\"},\"image\":{\"@id\":\"https:\/\/www.gaveanews.com\/index.php\/2023\/10\/21\/veja-a-provavel-escalacao-do-flamengo-para-o-jogo-contra-o-vasco-4\/#primaryimage\"},\"thumbnailUrl\":\"https:\/\/www.gaveanews.com\/wp-content\/uploads\/erick-pulgar-arrascaeta-flamengo-vasco-brasileirao-1.webp\",\"datePublished\":\"2023-10-21T13:08:25+00:00\",\"dateModified\":\"2023-10-21T13:10:21+00:00\",\"author\":{\"@id\":\"https:\/\/www.gaveanews.com\/#\/schema\/person\/2ec14f73fb96be2caf28f91afb14749d\"},\"breadcrumb\":{\"@id\":\"https:\/\/www.gaveanews.com\/index.php\/2023\/10\/21\/veja-a-provavel-escalacao-do-flamengo-para-o-jogo-contra-o-vasco-4\/#breadcrumb\"},\"inLanguage\":\"pt-BR\",\"potentialAction\":[{\"@type\":\"ReadAction\",\"target\":[\"https:\/\/www.gaveanews.com\/index.php\/2023\/10\/21\/veja-a-provavel-escalacao-do-flamengo-para-o-jogo-contra-o-vasco-4\/\"]}]},{\"@type\":\"ImageObject\",\"inLanguage\":\"pt-BR\",\"@id\":\"https:\/\/www.gaveanews.com\/index.php\/2023\/10\/21\/veja-a-provavel-escalacao-do-flamengo-para-o-jogo-contra-o-vasco-4\/#primaryimage\",\"url\":\"https:\/\/www.gaveanews.com\/wp-content\/uploads\/erick-pulgar-arrascaeta-flamengo-vasco-brasileirao-1.webp\",\"contentUrl\":\"https:\/\/www.gaveanews.com\/wp-content\/uploads\/erick-pulgar-arrascaeta-flamengo-vasco-brasileirao-1.webp\",\"width\":900,\"height\":599,\"caption\":\"Erick Pulgar em a\u00e7\u00e3o pelo Flamengo no cl\u00e1ssico contra o Vasco (Foto: Marcelo Cortes\/Flamengo)\"},{\"@type\":\"BreadcrumbList\",\"@id\":\"https:\/\/www.gaveanews.com\/index.php\/2023\/10\/21\/veja-a-provavel-escalacao-do-flamengo-para-o-jogo-contra-o-vasco-4\/#breadcrumb\",\"itemListElement\":[{\"@type\":\"ListItem\",\"position\":1,\"name\":\"Home\",\"item\":\"https:\/\/www.gaveanews.com\/\"},{\"@type\":\"ListItem\",\"position\":2,\"name\":\"Veja a prov\u00e1vel escala\u00e7\u00e3o do Flamengo para o jogo contra o Vasco\"}]},{\"@type\":\"WebSite\",\"@id\":\"https:\/\/www.gaveanews.com\/#website\",\"url\":\"https:\/\/www.gaveanews.com\/\",\"name\":\"G\u00e1vea News\",\"description\":\"Veja todas as not\u00edcias sobre o Flamengo: Contrata\u00e7\u00f5es, categorias de base, resultados das partidas, tabela de classifica\u00e7\u00e3o, pr\u00f3ximos jogos!\",\"potentialAction\":[{\"@type\":\"SearchAction\",\"target\":{\"@type\":\"EntryPoint\",\"urlTemplate\":\"https:\/\/www.gaveanews.com\/?s={search_term_string}\"},\"query-input\":{\"@type\":\"PropertyValueSpecification\",\"valueRequired\":true,\"valueName\":\"search_term_string\"}}],\"inLanguage\":\"pt-BR\"},{\"@type\":\"Person\",\"@id\":\"https:\/\/www.gaveanews.com\/#\/schema\/person\/2ec14f73fb96be2caf28f91afb14749d\",\"name\":\"Equipe G\u00e1vea News\",\"image\":{\"@type\":\"ImageObject\",\"inLanguage\":\"pt-BR\",\"@id\":\"https:\/\/www.gaveanews.com\/#\/schema\/person\/image\/\",\"url\":\"https:\/\/secure.gravatar.com\/avatar\/1e1956f1facbffd3f8fa53a326721950116b3b9dc9bd44939c01180fd4a745a9?s=96&d=mm&r=g\",\"contentUrl\":\"https:\/\/secure.gravatar.com\/avatar\/1e1956f1facbffd3f8fa53a326721950116b3b9dc9bd44939c01180fd4a745a9?s=96&d=mm&r=g\",\"caption\":\"Equipe G\u00e1vea News\"}}]}<\/script>\n<!-- \/ Yoast SEO Premium plugin. -->","yoast_head_json":{"title":"Veja a prov\u00e1vel escala\u00e7\u00e3o do Flamengo para o jogo contra o Vasco","robots":{"index":"index","follow":"follow","max-snippet":"max-snippet:-1","max-image-preview":"max-image-preview:large","max-video-preview":"max-video-preview:-1"},"canonical":"https:\/\/www.gaveanews.com\/index.php\/2023\/10\/21\/veja-a-provavel-escalacao-do-flamengo-para-o-jogo-contra-o-vasco-4\/","og_locale":"pt_BR","og_type":"article","og_title":"Veja a prov\u00e1vel escala\u00e7\u00e3o do Flamengo para o jogo contra o Vasco","og_description":"O Flamengo e o Vasco da Gama est\u00e3o prontos para protagonizar mais um Cl\u00e1ssico dos Milh\u00f5es. No lado do Flamengo, o t\u00e9cnico Tite, em seu segundo jogo no comando da equipe, est\u00e1 se preparando para enfrentar o Vasco. Na sua estreia, o Flamengo venceu o Cruzeiro por 2 a 0, e a equipe parece estar [&hellip;]","og_url":"https:\/\/www.gaveanews.com\/index.php\/2023\/10\/21\/veja-a-provavel-escalacao-do-flamengo-para-o-jogo-contra-o-vasco-4\/","og_site_name":"G\u00e1vea News","article_publisher":"https:\/\/facebook.com\/gaveaNews\/","article_published_time":"2023-10-21T13:08:25+00:00","article_modified_time":"2023-10-21T13:10:21+00:00","og_image":[{"width":900,"height":599,"url":"https:\/\/www.gaveanews.com\/wp-content\/uploads\/erick-pulgar-arrascaeta-flamengo-vasco-brasileirao-1.webp","type":"image\/jpeg"}],"author":"Equipe G\u00e1vea News","twitter_card":"summary_large_image","twitter_misc":{"Escrito por":"Equipe G\u00e1vea News","Est. tempo de leitura":"1 minuto"},"schema":{"@context":"https:\/\/schema.org","@graph":[{"@type":"NewsArticle","@id":"https:\/\/www.gaveanews.com\/index.php\/2023\/10\/21\/veja-a-provavel-escalacao-do-flamengo-para-o-jogo-contra-o-vasco-4\/#article","isPartOf":{"@id":"https:\/\/www.gaveanews.com\/index.php\/2023\/10\/21\/veja-a-provavel-escalacao-do-flamengo-para-o-jogo-contra-o-vasco-4\/"},"author":{"name":"Equipe G\u00e1vea News","@id":"https:\/\/www.gaveanews.com\/#\/schema\/person\/2ec14f73fb96be2caf28f91afb14749d"},"headline":"Veja a prov\u00e1vel escala\u00e7\u00e3o do Flamengo para o jogo contra o Vasco","datePublished":"2023-10-21T13:08:25+00:00","dateModified":"2023-10-21T13:10:21+00:00","mainEntityOfPage":{"@id":"https:\/\/www.gaveanews.com\/index.php\/2023\/10\/21\/veja-a-provavel-escalacao-do-flamengo-para-o-jogo-contra-o-vasco-4\/"},"wordCount":183,"commentCount":0,"image":{"@id":"https:\/\/www.gaveanews.com\/index.php\/2023\/10\/21\/veja-a-provavel-escalacao-do-flamengo-para-o-jogo-contra-o-vasco-4\/#primaryimage"},"thumbnailUrl":"https:\/\/www.gaveanews.com\/wp-content\/uploads\/erick-pulgar-arrascaeta-flamengo-vasco-brasileirao-1.webp","articleSection":["Flamengo"],"inLanguage":"pt-BR","potentialAction":[{"@type":"CommentAction","name":"Comment","target":["https:\/\/www.gaveanews.com\/index.php\/2023\/10\/21\/veja-a-provavel-escalacao-do-flamengo-para-o-jogo-contra-o-vasco-4\/#respond"]}],"copyrightYear":"2023","copyrightHolder":{"@id":"https:\/\/www.gaveanews.com\/#organization"}},{"@type":"WebPage","@id":"https:\/\/www.gaveanews.com\/index.php\/2023\/10\/21\/veja-a-provavel-escalacao-do-flamengo-para-o-jogo-contra-o-vasco-4\/","url":"https:\/\/www.gaveanews.com\/index.php\/2023\/10\/21\/veja-a-provavel-escalacao-do-flamengo-para-o-jogo-contra-o-vasco-4\/","name":"Veja a prov\u00e1vel escala\u00e7\u00e3o do Flamengo para o jogo contra o Vasco","isPartOf":{"@id":"https:\/\/www.gaveanews.com\/#website"},"primaryImageOfPage":{"@id":"https:\/\/www.gaveanews.com\/index.php\/2023\/10\/21\/veja-a-provavel-escalacao-do-flamengo-para-o-jogo-contra-o-vasco-4\/#primaryimage"},"image":{"@id":"https:\/\/www.gaveanews.com\/index.php\/2023\/10\/21\/veja-a-provavel-escalacao-do-flamengo-para-o-jogo-contra-o-vasco-4\/#primaryimage"},"thumbnailUrl":"https:\/\/www.gaveanews.com\/wp-content\/uploads\/erick-pulgar-arrascaeta-flamengo-vasco-brasileirao-1.webp","datePublished":"2023-10-21T13:08:25+00:00","dateModified":"2023-10-21T13:10:21+00:00","author":{"@id":"https:\/\/www.gaveanews.com\/#\/schema\/person\/2ec14f73fb96be2caf28f91afb14749d"},"breadcrumb":{"@id":"https:\/\/www.gaveanews.com\/index.php\/2023\/10\/21\/veja-a-provavel-escalacao-do-flamengo-para-o-jogo-contra-o-vasco-4\/#breadcrumb"},"inLanguage":"pt-BR","potentialAction":[{"@type":"ReadAction","target":["https:\/\/www.gaveanews.com\/index.php\/2023\/10\/21\/veja-a-provavel-escalacao-do-flamengo-para-o-jogo-contra-o-vasco-4\/"]}]},{"@type":"ImageObject","inLanguage":"pt-BR","@id":"https:\/\/www.gaveanews.com\/index.php\/2023\/10\/21\/veja-a-provavel-escalacao-do-flamengo-para-o-jogo-contra-o-vasco-4\/#primaryimage","url":"https:\/\/www.gaveanews.com\/wp-content\/uploads\/erick-pulgar-arrascaeta-flamengo-vasco-brasileirao-1.webp","contentUrl":"https:\/\/www.gaveanews.com\/wp-content\/uploads\/erick-pulgar-arrascaeta-flamengo-vasco-brasileirao-1.webp","width":900,"height":599,"caption":"Erick Pulgar em a\u00e7\u00e3o pelo Flamengo no cl\u00e1ssico contra o Vasco (Foto: Marcelo Cortes\/Flamengo)"},{"@type":"BreadcrumbList","@id":"https:\/\/www.gaveanews.com\/index.php\/2023\/10\/21\/veja-a-provavel-escalacao-do-flamengo-para-o-jogo-contra-o-vasco-4\/#breadcrumb","itemListElement":[{"@type":"ListItem","position":1,"name":"Home","item":"https:\/\/www.gaveanews.com\/"},{"@type":"ListItem","position":2,"name":"Veja a prov\u00e1vel escala\u00e7\u00e3o do Flamengo para o jogo contra o Vasco"}]},{"@type":"WebSite","@id":"https:\/\/www.gaveanews.com\/#website","url":"https:\/\/www.gaveanews.com\/","name":"G\u00e1vea News","description":"Veja todas as not\u00edcias sobre o Flamengo: Contrata\u00e7\u00f5es, categorias de base, resultados das partidas, tabela de classifica\u00e7\u00e3o, pr\u00f3ximos jogos!","potentialAction":[{"@type":"SearchAction","target":{"@type":"EntryPoint","urlTemplate":"https:\/\/www.gaveanews.com\/?s={search_term_string}"},"query-input":{"@type":"PropertyValueSpecification","valueRequired":true,"valueName":"search_term_string"}}],"inLanguage":"pt-BR"},{"@type":"Person","@id":"https:\/\/www.gaveanews.com\/#\/schema\/person\/2ec14f73fb96be2caf28f91afb14749d","name":"Equipe G\u00e1vea News","image":{"@type":"ImageObject","inLanguage":"pt-BR","@id":"https:\/\/www.gaveanews.com\/#\/schema\/person\/image\/","url":"https:\/\/secure.gravatar.com\/avatar\/1e1956f1facbffd3f8fa53a326721950116b3b9dc9bd44939c01180fd4a745a9?s=96&d=mm&r=g","contentUrl":"https:\/\/secure.gravatar.com\/avatar\/1e1956f1facbffd3f8fa53a326721950116b3b9dc9bd44939c01180fd4a745a9?s=96&d=mm&r=g","caption":"Equipe G\u00e1vea News"}}]}},"_links":{"self":[{"href":"https:\/\/www.gaveanews.com\/index.php\/wp-json\/wp\/v2\/posts\/108935","targetHints":{"allow":["GET"]}}],"collection":[{"href":"https:\/\/www.gaveanews.com\/index.php\/wp-json\/wp\/v2\/posts"}],"about":[{"href":"https:\/\/www.gaveanews.com\/index.php\/wp-json\/wp\/v2\/types\/post"}],"author":[{"embeddable":true,"href":"https:\/\/www.gaveanews.com\/index.php\/wp-json\/wp\/v2\/users\/1"}],"replies":[{"embeddable":true,"href":"https:\/\/www.gaveanews.com\/index.php\/wp-json\/wp\/v2\/comments?post=108935"}],"version-history":[{"count":0,"href":"https:\/\/www.gaveanews.com\/index.php\/wp-json\/wp\/v2\/posts\/108935\/revisions"}],"wp:featuredmedia":[{"embeddable":true,"href":"https:\/\/www.gaveanews.com\/index.php\/wp-json\/wp\/v2\/media\/100041"}],"wp:attachment":[{"href":"https:\/\/www.gaveanews.com\/index.php\/wp-json\/wp\/v2\/media?parent=108935"}],"wp:term":[{"taxonomy":"category","embeddable":true,"href":"https:\/\/www.gaveanews.com\/index.php\/wp-json\/wp\/v2\/categories?post=108935"},{"taxonomy":"post_tag","embeddable":true,"href":"https:\/\/www.gaveanews.com\/index.php\/wp-json\/wp\/v2\/tags?post=108935"}],"curies":[{"name":"wp","href":"https:\/\/api.w.org\/{rel}","templated":true}]}}