{"id":108969,"date":"2023-10-22T08:36:28","date_gmt":"2023-10-22T11:36:28","guid":{"rendered":"https:\/\/www.gaveanews.com\/?p=108969"},"modified":"2023-10-22T08:57:44","modified_gmt":"2023-10-22T11:57:44","slug":"lamentavel-vinicius-junior-do-real-madrid-desabafa-nas-redes-sociais","status":"publish","type":"post","link":"https:\/\/www.gaveanews.com\/index.php\/2023\/10\/22\/lamentavel-vinicius-junior-do-real-madrid-desabafa-nas-redes-sociais\/","title":{"rendered":"Lament\u00e1vel! Vinicius J\u00fanior, do Real Madrid, desabafa nas redes sociais"},"content":{"rendered":"<p>No mais recente epis\u00f3dio de racismo no futebol, Vinicius J\u00fanior, que joga pelo Real Madrid, foi alvo de abuso racial durante uma partida contra o Sevilla pelo Campeonato Espanhol. O incidente envolveu um torcedor que imitou um gesto racista, simulando um macaco em dire\u00e7\u00e3o ao jogador.<\/p>\n<p>Vinicius J\u00fanior respondeu a esse triste epis\u00f3dio por meio das redes sociais (veja abaixo), onde ele primeiro parabenizou o Sevilla por sua r\u00e1pida identifica\u00e7\u00e3o e puni\u00e7\u00e3o do torcedor racista. No entanto, ele fez quest\u00e3o de destacar que esse n\u00e3o \u00e9 um caso isolado na Espanha, expressando sua preocupa\u00e7\u00e3o com a frequ\u00eancia desses incidentes.<\/p>\n<p>O jogador tamb\u00e9m mencionou um v\u00eddeo que mostrava outro ato racista durante a mesma partida, dessa vez envolvendo uma crian\u00e7a. Ele lamentou a falta de educa\u00e7\u00e3o em rela\u00e7\u00e3o ao racismo e revelou que investe consideravelmente na educa\u00e7\u00e3o no Brasil, com o objetivo de formar cidad\u00e3os com atitudes mais respeitosas e inclusivas.<\/p>\n<p>Vinicius J\u00fanior instou as autoridades espanholas a mudarem a legisla\u00e7\u00e3o para punir criminalmente os respons\u00e1veis por tais atos racistas, considerando que essa seria uma etapa crucial na prepara\u00e7\u00e3o para a Copa do Mundo de 2030. Ele at\u00e9 se ofereceu para ajudar nesse processo.<\/p>\n<blockquote class=\"instagram-media\" style=\"background: #FFF; border: 0; border-radius: 3px; box-shadow: 0 0 1px 0 rgba(0,0,0,0.5),0 1px 10px 0 rgba(0,0,0,0.15); margin: 1px; max-width: 540px; min-width: 326px; padding: 0; width: calc(100% - 2px);\" data-instgrm-captioned=\"\" data-instgrm-permalink=\"https:\/\/www.instagram.com\/p\/CyrUIHIIfB9\/?utm_source=ig_embed&amp;utm_campaign=loading\" data-instgrm-version=\"14\">\n<div style=\"padding: 16px;\">\n<p>&nbsp;<\/p>\n<div style=\"display: flex; flex-direction: row; align-items: center;\">\n<div style=\"background-color: #f4f4f4; border-radius: 50%; flex-grow: 0; height: 40px; margin-right: 14px; width: 40px;\"><\/div>\n<div style=\"display: flex; flex-direction: column; flex-grow: 1; justify-content: center;\">\n<div style=\"background-color: #f4f4f4; border-radius: 4px; flex-grow: 0; height: 14px; margin-bottom: 6px; width: 100px;\"><\/div>\n<div style=\"background-color: #f4f4f4; border-radius: 4px; flex-grow: 0; height: 14px; width: 60px;\"><\/div>\n<\/div>\n<\/div>\n<div style=\"padding: 19% 0;\"><\/div>\n<div style=\"display: block; height: 50px; margin: 0 auto 12px; width: 50px;\"><\/div>\n<div style=\"padding-top: 8px;\">\n<div style=\"color: #3897f0; font-family: Arial,sans-serif; font-size: 14px; font-style: normal; font-weight: 550; line-height: 18px;\">Ver essa foto no Instagram<\/div>\n<\/div>\n<div style=\"padding: 12.5% 0;\"><\/div>\n<div style=\"display: flex; flex-direction: row; margin-bottom: 14px; align-items: center;\">\n<div>\n<div style=\"background-color: #f4f4f4; border-radius: 50%; height: 12.5px; width: 12.5px; transform: translateX(0px) translateY(7px);\"><\/div>\n<div style=\"background-color: #f4f4f4; height: 12.5px; transform: rotate(-45deg) translateX(3px) translateY(1px); width: 12.5px; flex-grow: 0; margin-right: 14px; margin-left: 2px;\"><\/div>\n<div style=\"background-color: #f4f4f4; border-radius: 50%; height: 12.5px; width: 12.5px; transform: translateX(9px) translateY(-18px);\"><\/div>\n<\/div>\n<div style=\"margin-left: 8px;\">\n<div style=\"background-color: #f4f4f4; border-radius: 50%; flex-grow: 0; height: 20px; width: 20px;\"><\/div>\n<div style=\"width: 0; height: 0; border-top: 2px solid transparent; border-left: 6px solid #f4f4f4; border-bottom: 2px solid transparent; transform: translateX(16px) translateY(-4px) rotate(30deg);\"><\/div>\n<\/div>\n<div style=\"margin-left: auto;\">\n<div style=\"width: 0px; border-top: 8px solid #F4F4F4; border-right: 8px solid transparent; transform: translateY(16px);\"><\/div>\n<div style=\"background-color: #f4f4f4; flex-grow: 0; height: 12px; width: 16px; transform: translateY(-4px);\"><\/div>\n<div style=\"width: 0; height: 0; border-top: 8px solid #F4F4F4; border-left: 8px solid transparent; transform: translateY(-4px) translateX(8px);\"><\/div>\n<\/div>\n<\/div>\n<div style=\"display: flex; flex-direction: column; flex-grow: 1; justify-content: center; margin-bottom: 24px;\">\n<div style=\"background-color: #f4f4f4; border-radius: 4px; flex-grow: 0; height: 14px; margin-bottom: 6px; width: 224px;\"><\/div>\n<div style=\"background-color: #f4f4f4; border-radius: 4px; flex-grow: 0; height: 14px; width: 144px;\"><\/div>\n<\/div>\n<p>&nbsp;<\/p>\n<p style=\"color: #c9c8cd; font-family: Arial,sans-serif; font-size: 14px; line-height: 17px; margin-bottom: 0; margin-top: 8px; overflow: hidden; padding: 8px 0 7px; text-align: center; text-overflow: ellipsis; white-space: nowrap;\"><a style=\"color: #c9c8cd; font-family: Arial,sans-serif; font-size: 14px; font-style: normal; font-weight: normal; line-height: 17px; text-decoration: none;\" href=\"https:\/\/www.instagram.com\/p\/CyrUIHIIfB9\/?utm_source=ig_embed&amp;utm_campaign=loading\" target=\"_blank\" rel=\"noopener\">Uma publica\u00e7\u00e3o compartilhada por Vinicius Jr. \u26a1\ufe0f\ud83c\udde7\ud83c\uddf7 (@vinijr)<\/a><\/p>\n<\/div>\n<\/blockquote>\n<p><script async src=\"\/\/www.instagram.com\/embed.js\"><\/script><\/p>\n<p>O Sevilla FC tamb\u00e9m se manifestou, condenando veementemente o comportamento xen\u00f3fobo e racista do torcedor e informando que ele foi identificado, expulso do est\u00e1dio e denunciado \u00e0s autoridades. O clube enfatizou seu compromisso em erradicar tais atitudes, mesmo que isoladas, e expressou sua coopera\u00e7\u00e3o com as autoridades nesse sentido.<\/p>\n<p>No contexto esportivo, o Real Madrid, time de Vinicius J\u00fanior, lidera o Campeonato Espanhol, enquanto o Sevilla est\u00e1 na 13\u00aa posi\u00e7\u00e3o. Ambas as equipes est\u00e3o prestes a voltar \u00e0 a\u00e7\u00e3o na pr\u00f3xima ter\u00e7a-feira, disputando partidas na Champions League.<\/p>\n<p>&nbsp;<\/p>\n","protected":false},"excerpt":{"rendered":"<p>No mais recente epis\u00f3dio de racismo no futebol, Vinicius J\u00fanior, que joga pelo Real Madrid, foi alvo de abuso racial durante uma partida contra o Sevilla pelo Campeonato Espanhol. O incidente envolveu um torcedor que imitou um gesto racista, simulando um macaco em dire\u00e7\u00e3o ao jogador. Vinicius J\u00fanior respondeu a esse triste epis\u00f3dio por meio [&hellip;]<\/p>\n","protected":false},"author":1,"featured_media":93584,"comment_status":"open","ping_status":"closed","sticky":false,"template":"","format":"standard","meta":{"footnotes":""},"categories":[1],"tags":[],"class_list":["post-108969","post","type-post","status-publish","format-standard","has-post-thumbnail","hentry","category-flamengo"],"yoast_head":"<!-- This site is optimized with the Yoast SEO Premium plugin v24.2 (Yoast SEO v26.9) - https:\/\/yoast.com\/product\/yoast-seo-premium-wordpress\/ -->\n<title>Lament\u00e1vel! Vinicius J\u00fanior, do Real Madrid, desabafa nas redes sociais<\/title>\n<meta name=\"robots\" content=\"index, follow, max-snippet:-1, max-image-preview:large, max-video-preview:-1\" \/>\n<link rel=\"canonical\" href=\"https:\/\/www.gaveanews.com\/index.php\/2023\/10\/22\/lamentavel-vinicius-junior-do-real-madrid-desabafa-nas-redes-sociais\/\" \/>\n<meta property=\"og:locale\" content=\"pt_BR\" \/>\n<meta property=\"og:type\" content=\"article\" \/>\n<meta property=\"og:title\" content=\"Lament\u00e1vel! Vinicius J\u00fanior, do Real Madrid, desabafa nas redes sociais\" \/>\n<meta property=\"og:description\" content=\"No mais recente epis\u00f3dio de racismo no futebol, Vinicius J\u00fanior, que joga pelo Real Madrid, foi alvo de abuso racial durante uma partida contra o Sevilla pelo Campeonato Espanhol. O incidente envolveu um torcedor que imitou um gesto racista, simulando um macaco em dire\u00e7\u00e3o ao jogador. Vinicius J\u00fanior respondeu a esse triste epis\u00f3dio por meio [&hellip;]\" \/>\n<meta property=\"og:url\" content=\"https:\/\/www.gaveanews.com\/index.php\/2023\/10\/22\/lamentavel-vinicius-junior-do-real-madrid-desabafa-nas-redes-sociais\/\" \/>\n<meta property=\"og:site_name\" content=\"G\u00e1vea News\" \/>\n<meta property=\"article:publisher\" content=\"https:\/\/facebook.com\/gaveaNews\/\" \/>\n<meta property=\"article:published_time\" content=\"2023-10-22T11:36:28+00:00\" \/>\n<meta property=\"article:modified_time\" content=\"2023-10-22T11:57:44+00:00\" \/>\n<meta property=\"og:image\" content=\"https:\/\/www.gaveanews.com\/wp-content\/uploads\/real-madrid-vinicius-junior.webp\" \/>\n\t<meta property=\"og:image:width\" content=\"846\" \/>\n\t<meta property=\"og:image:height\" content=\"564\" \/>\n\t<meta property=\"og:image:type\" content=\"image\/webp\" \/>\n<meta name=\"author\" content=\"Equipe G\u00e1vea News\" \/>\n<meta name=\"twitter:card\" content=\"summary_large_image\" \/>\n<meta name=\"twitter:label1\" content=\"Escrito por\" \/>\n\t<meta name=\"twitter:data1\" content=\"Equipe G\u00e1vea News\" \/>\n\t<meta name=\"twitter:label2\" content=\"Est. tempo de leitura\" \/>\n\t<meta name=\"twitter:data2\" content=\"2 minutos\" \/>\n<script type=\"application\/ld+json\" class=\"yoast-schema-graph\">{\"@context\":\"https:\/\/schema.org\",\"@graph\":[{\"@type\":\"NewsArticle\",\"@id\":\"https:\/\/www.gaveanews.com\/index.php\/2023\/10\/22\/lamentavel-vinicius-junior-do-real-madrid-desabafa-nas-redes-sociais\/#article\",\"isPartOf\":{\"@id\":\"https:\/\/www.gaveanews.com\/index.php\/2023\/10\/22\/lamentavel-vinicius-junior-do-real-madrid-desabafa-nas-redes-sociais\/\"},\"author\":{\"name\":\"Equipe G\u00e1vea News\",\"@id\":\"https:\/\/www.gaveanews.com\/#\/schema\/person\/2ec14f73fb96be2caf28f91afb14749d\"},\"headline\":\"Lament\u00e1vel! Vinicius J\u00fanior, do Real Madrid, desabafa nas redes sociais\",\"datePublished\":\"2023-10-22T11:36:28+00:00\",\"dateModified\":\"2023-10-22T11:57:44+00:00\",\"mainEntityOfPage\":{\"@id\":\"https:\/\/www.gaveanews.com\/index.php\/2023\/10\/22\/lamentavel-vinicius-junior-do-real-madrid-desabafa-nas-redes-sociais\/\"},\"wordCount\":337,\"commentCount\":0,\"image\":{\"@id\":\"https:\/\/www.gaveanews.com\/index.php\/2023\/10\/22\/lamentavel-vinicius-junior-do-real-madrid-desabafa-nas-redes-sociais\/#primaryimage\"},\"thumbnailUrl\":\"https:\/\/www.gaveanews.com\/wp-content\/uploads\/real-madrid-vinicius-junior.webp\",\"articleSection\":[\"Flamengo\"],\"inLanguage\":\"pt-BR\",\"potentialAction\":[{\"@type\":\"CommentAction\",\"name\":\"Comment\",\"target\":[\"https:\/\/www.gaveanews.com\/index.php\/2023\/10\/22\/lamentavel-vinicius-junior-do-real-madrid-desabafa-nas-redes-sociais\/#respond\"]}],\"copyrightYear\":\"2023\",\"copyrightHolder\":{\"@id\":\"https:\/\/www.gaveanews.com\/#organization\"}},{\"@type\":\"WebPage\",\"@id\":\"https:\/\/www.gaveanews.com\/index.php\/2023\/10\/22\/lamentavel-vinicius-junior-do-real-madrid-desabafa-nas-redes-sociais\/\",\"url\":\"https:\/\/www.gaveanews.com\/index.php\/2023\/10\/22\/lamentavel-vinicius-junior-do-real-madrid-desabafa-nas-redes-sociais\/\",\"name\":\"Lament\u00e1vel! Vinicius J\u00fanior, do Real Madrid, desabafa nas redes sociais\",\"isPartOf\":{\"@id\":\"https:\/\/www.gaveanews.com\/#website\"},\"primaryImageOfPage\":{\"@id\":\"https:\/\/www.gaveanews.com\/index.php\/2023\/10\/22\/lamentavel-vinicius-junior-do-real-madrid-desabafa-nas-redes-sociais\/#primaryimage\"},\"image\":{\"@id\":\"https:\/\/www.gaveanews.com\/index.php\/2023\/10\/22\/lamentavel-vinicius-junior-do-real-madrid-desabafa-nas-redes-sociais\/#primaryimage\"},\"thumbnailUrl\":\"https:\/\/www.gaveanews.com\/wp-content\/uploads\/real-madrid-vinicius-junior.webp\",\"datePublished\":\"2023-10-22T11:36:28+00:00\",\"dateModified\":\"2023-10-22T11:57:44+00:00\",\"author\":{\"@id\":\"https:\/\/www.gaveanews.com\/#\/schema\/person\/2ec14f73fb96be2caf28f91afb14749d\"},\"breadcrumb\":{\"@id\":\"https:\/\/www.gaveanews.com\/index.php\/2023\/10\/22\/lamentavel-vinicius-junior-do-real-madrid-desabafa-nas-redes-sociais\/#breadcrumb\"},\"inLanguage\":\"pt-BR\",\"potentialAction\":[{\"@type\":\"ReadAction\",\"target\":[\"https:\/\/www.gaveanews.com\/index.php\/2023\/10\/22\/lamentavel-vinicius-junior-do-real-madrid-desabafa-nas-redes-sociais\/\"]}]},{\"@type\":\"ImageObject\",\"inLanguage\":\"pt-BR\",\"@id\":\"https:\/\/www.gaveanews.com\/index.php\/2023\/10\/22\/lamentavel-vinicius-junior-do-real-madrid-desabafa-nas-redes-sociais\/#primaryimage\",\"url\":\"https:\/\/www.gaveanews.com\/wp-content\/uploads\/real-madrid-vinicius-junior.webp\",\"contentUrl\":\"https:\/\/www.gaveanews.com\/wp-content\/uploads\/real-madrid-vinicius-junior.webp\",\"width\":846,\"height\":564,\"caption\":\"Vin\u00edcius J\u00fanior em a\u00e7\u00e3o pelo Real Madrid contra o Atl\u00e9tico de Madrid (Foto: JAVIER SORIANO\/AFP)\"},{\"@type\":\"BreadcrumbList\",\"@id\":\"https:\/\/www.gaveanews.com\/index.php\/2023\/10\/22\/lamentavel-vinicius-junior-do-real-madrid-desabafa-nas-redes-sociais\/#breadcrumb\",\"itemListElement\":[{\"@type\":\"ListItem\",\"position\":1,\"name\":\"Home\",\"item\":\"https:\/\/www.gaveanews.com\/\"},{\"@type\":\"ListItem\",\"position\":2,\"name\":\"Lament\u00e1vel! Vinicius J\u00fanior, do Real Madrid, desabafa nas redes sociais\"}]},{\"@type\":\"WebSite\",\"@id\":\"https:\/\/www.gaveanews.com\/#website\",\"url\":\"https:\/\/www.gaveanews.com\/\",\"name\":\"G\u00e1vea News\",\"description\":\"Veja todas as not\u00edcias sobre o Flamengo: Contrata\u00e7\u00f5es, categorias de base, resultados das partidas, tabela de classifica\u00e7\u00e3o, pr\u00f3ximos jogos!\",\"potentialAction\":[{\"@type\":\"SearchAction\",\"target\":{\"@type\":\"EntryPoint\",\"urlTemplate\":\"https:\/\/www.gaveanews.com\/?s={search_term_string}\"},\"query-input\":{\"@type\":\"PropertyValueSpecification\",\"valueRequired\":true,\"valueName\":\"search_term_string\"}}],\"inLanguage\":\"pt-BR\"},{\"@type\":\"Person\",\"@id\":\"https:\/\/www.gaveanews.com\/#\/schema\/person\/2ec14f73fb96be2caf28f91afb14749d\",\"name\":\"Equipe G\u00e1vea News\",\"image\":{\"@type\":\"ImageObject\",\"inLanguage\":\"pt-BR\",\"@id\":\"https:\/\/www.gaveanews.com\/#\/schema\/person\/image\/\",\"url\":\"https:\/\/secure.gravatar.com\/avatar\/1e1956f1facbffd3f8fa53a326721950116b3b9dc9bd44939c01180fd4a745a9?s=96&d=mm&r=g\",\"contentUrl\":\"https:\/\/secure.gravatar.com\/avatar\/1e1956f1facbffd3f8fa53a326721950116b3b9dc9bd44939c01180fd4a745a9?s=96&d=mm&r=g\",\"caption\":\"Equipe G\u00e1vea News\"}}]}<\/script>\n<!-- \/ Yoast SEO Premium plugin. -->","yoast_head_json":{"title":"Lament\u00e1vel! Vinicius J\u00fanior, do Real Madrid, desabafa nas redes sociais","robots":{"index":"index","follow":"follow","max-snippet":"max-snippet:-1","max-image-preview":"max-image-preview:large","max-video-preview":"max-video-preview:-1"},"canonical":"https:\/\/www.gaveanews.com\/index.php\/2023\/10\/22\/lamentavel-vinicius-junior-do-real-madrid-desabafa-nas-redes-sociais\/","og_locale":"pt_BR","og_type":"article","og_title":"Lament\u00e1vel! Vinicius J\u00fanior, do Real Madrid, desabafa nas redes sociais","og_description":"No mais recente epis\u00f3dio de racismo no futebol, Vinicius J\u00fanior, que joga pelo Real Madrid, foi alvo de abuso racial durante uma partida contra o Sevilla pelo Campeonato Espanhol. O incidente envolveu um torcedor que imitou um gesto racista, simulando um macaco em dire\u00e7\u00e3o ao jogador. Vinicius J\u00fanior respondeu a esse triste epis\u00f3dio por meio [&hellip;]","og_url":"https:\/\/www.gaveanews.com\/index.php\/2023\/10\/22\/lamentavel-vinicius-junior-do-real-madrid-desabafa-nas-redes-sociais\/","og_site_name":"G\u00e1vea News","article_publisher":"https:\/\/facebook.com\/gaveaNews\/","article_published_time":"2023-10-22T11:36:28+00:00","article_modified_time":"2023-10-22T11:57:44+00:00","og_image":[{"width":846,"height":564,"url":"https:\/\/www.gaveanews.com\/wp-content\/uploads\/real-madrid-vinicius-junior.webp","type":"image\/webp"}],"author":"Equipe G\u00e1vea News","twitter_card":"summary_large_image","twitter_misc":{"Escrito por":"Equipe G\u00e1vea News","Est. tempo de leitura":"2 minutos"},"schema":{"@context":"https:\/\/schema.org","@graph":[{"@type":"NewsArticle","@id":"https:\/\/www.gaveanews.com\/index.php\/2023\/10\/22\/lamentavel-vinicius-junior-do-real-madrid-desabafa-nas-redes-sociais\/#article","isPartOf":{"@id":"https:\/\/www.gaveanews.com\/index.php\/2023\/10\/22\/lamentavel-vinicius-junior-do-real-madrid-desabafa-nas-redes-sociais\/"},"author":{"name":"Equipe G\u00e1vea News","@id":"https:\/\/www.gaveanews.com\/#\/schema\/person\/2ec14f73fb96be2caf28f91afb14749d"},"headline":"Lament\u00e1vel! Vinicius J\u00fanior, do Real Madrid, desabafa nas redes sociais","datePublished":"2023-10-22T11:36:28+00:00","dateModified":"2023-10-22T11:57:44+00:00","mainEntityOfPage":{"@id":"https:\/\/www.gaveanews.com\/index.php\/2023\/10\/22\/lamentavel-vinicius-junior-do-real-madrid-desabafa-nas-redes-sociais\/"},"wordCount":337,"commentCount":0,"image":{"@id":"https:\/\/www.gaveanews.com\/index.php\/2023\/10\/22\/lamentavel-vinicius-junior-do-real-madrid-desabafa-nas-redes-sociais\/#primaryimage"},"thumbnailUrl":"https:\/\/www.gaveanews.com\/wp-content\/uploads\/real-madrid-vinicius-junior.webp","articleSection":["Flamengo"],"inLanguage":"pt-BR","potentialAction":[{"@type":"CommentAction","name":"Comment","target":["https:\/\/www.gaveanews.com\/index.php\/2023\/10\/22\/lamentavel-vinicius-junior-do-real-madrid-desabafa-nas-redes-sociais\/#respond"]}],"copyrightYear":"2023","copyrightHolder":{"@id":"https:\/\/www.gaveanews.com\/#organization"}},{"@type":"WebPage","@id":"https:\/\/www.gaveanews.com\/index.php\/2023\/10\/22\/lamentavel-vinicius-junior-do-real-madrid-desabafa-nas-redes-sociais\/","url":"https:\/\/www.gaveanews.com\/index.php\/2023\/10\/22\/lamentavel-vinicius-junior-do-real-madrid-desabafa-nas-redes-sociais\/","name":"Lament\u00e1vel! Vinicius J\u00fanior, do Real Madrid, desabafa nas redes sociais","isPartOf":{"@id":"https:\/\/www.gaveanews.com\/#website"},"primaryImageOfPage":{"@id":"https:\/\/www.gaveanews.com\/index.php\/2023\/10\/22\/lamentavel-vinicius-junior-do-real-madrid-desabafa-nas-redes-sociais\/#primaryimage"},"image":{"@id":"https:\/\/www.gaveanews.com\/index.php\/2023\/10\/22\/lamentavel-vinicius-junior-do-real-madrid-desabafa-nas-redes-sociais\/#primaryimage"},"thumbnailUrl":"https:\/\/www.gaveanews.com\/wp-content\/uploads\/real-madrid-vinicius-junior.webp","datePublished":"2023-10-22T11:36:28+00:00","dateModified":"2023-10-22T11:57:44+00:00","author":{"@id":"https:\/\/www.gaveanews.com\/#\/schema\/person\/2ec14f73fb96be2caf28f91afb14749d"},"breadcrumb":{"@id":"https:\/\/www.gaveanews.com\/index.php\/2023\/10\/22\/lamentavel-vinicius-junior-do-real-madrid-desabafa-nas-redes-sociais\/#breadcrumb"},"inLanguage":"pt-BR","potentialAction":[{"@type":"ReadAction","target":["https:\/\/www.gaveanews.com\/index.php\/2023\/10\/22\/lamentavel-vinicius-junior-do-real-madrid-desabafa-nas-redes-sociais\/"]}]},{"@type":"ImageObject","inLanguage":"pt-BR","@id":"https:\/\/www.gaveanews.com\/index.php\/2023\/10\/22\/lamentavel-vinicius-junior-do-real-madrid-desabafa-nas-redes-sociais\/#primaryimage","url":"https:\/\/www.gaveanews.com\/wp-content\/uploads\/real-madrid-vinicius-junior.webp","contentUrl":"https:\/\/www.gaveanews.com\/wp-content\/uploads\/real-madrid-vinicius-junior.webp","width":846,"height":564,"caption":"Vin\u00edcius J\u00fanior em a\u00e7\u00e3o pelo Real Madrid contra o Atl\u00e9tico de Madrid (Foto: JAVIER SORIANO\/AFP)"},{"@type":"BreadcrumbList","@id":"https:\/\/www.gaveanews.com\/index.php\/2023\/10\/22\/lamentavel-vinicius-junior-do-real-madrid-desabafa-nas-redes-sociais\/#breadcrumb","itemListElement":[{"@type":"ListItem","position":1,"name":"Home","item":"https:\/\/www.gaveanews.com\/"},{"@type":"ListItem","position":2,"name":"Lament\u00e1vel! Vinicius J\u00fanior, do Real Madrid, desabafa nas redes sociais"}]},{"@type":"WebSite","@id":"https:\/\/www.gaveanews.com\/#website","url":"https:\/\/www.gaveanews.com\/","name":"G\u00e1vea News","description":"Veja todas as not\u00edcias sobre o Flamengo: Contrata\u00e7\u00f5es, categorias de base, resultados das partidas, tabela de classifica\u00e7\u00e3o, pr\u00f3ximos jogos!","potentialAction":[{"@type":"SearchAction","target":{"@type":"EntryPoint","urlTemplate":"https:\/\/www.gaveanews.com\/?s={search_term_string}"},"query-input":{"@type":"PropertyValueSpecification","valueRequired":true,"valueName":"search_term_string"}}],"inLanguage":"pt-BR"},{"@type":"Person","@id":"https:\/\/www.gaveanews.com\/#\/schema\/person\/2ec14f73fb96be2caf28f91afb14749d","name":"Equipe G\u00e1vea News","image":{"@type":"ImageObject","inLanguage":"pt-BR","@id":"https:\/\/www.gaveanews.com\/#\/schema\/person\/image\/","url":"https:\/\/secure.gravatar.com\/avatar\/1e1956f1facbffd3f8fa53a326721950116b3b9dc9bd44939c01180fd4a745a9?s=96&d=mm&r=g","contentUrl":"https:\/\/secure.gravatar.com\/avatar\/1e1956f1facbffd3f8fa53a326721950116b3b9dc9bd44939c01180fd4a745a9?s=96&d=mm&r=g","caption":"Equipe G\u00e1vea News"}}]}},"_links":{"self":[{"href":"https:\/\/www.gaveanews.com\/index.php\/wp-json\/wp\/v2\/posts\/108969","targetHints":{"allow":["GET"]}}],"collection":[{"href":"https:\/\/www.gaveanews.com\/index.php\/wp-json\/wp\/v2\/posts"}],"about":[{"href":"https:\/\/www.gaveanews.com\/index.php\/wp-json\/wp\/v2\/types\/post"}],"author":[{"embeddable":true,"href":"https:\/\/www.gaveanews.com\/index.php\/wp-json\/wp\/v2\/users\/1"}],"replies":[{"embeddable":true,"href":"https:\/\/www.gaveanews.com\/index.php\/wp-json\/wp\/v2\/comments?post=108969"}],"version-history":[{"count":0,"href":"https:\/\/www.gaveanews.com\/index.php\/wp-json\/wp\/v2\/posts\/108969\/revisions"}],"wp:featuredmedia":[{"embeddable":true,"href":"https:\/\/www.gaveanews.com\/index.php\/wp-json\/wp\/v2\/media\/93584"}],"wp:attachment":[{"href":"https:\/\/www.gaveanews.com\/index.php\/wp-json\/wp\/v2\/media?parent=108969"}],"wp:term":[{"taxonomy":"category","embeddable":true,"href":"https:\/\/www.gaveanews.com\/index.php\/wp-json\/wp\/v2\/categories?post=108969"},{"taxonomy":"post_tag","embeddable":true,"href":"https:\/\/www.gaveanews.com\/index.php\/wp-json\/wp\/v2\/tags?post=108969"}],"curies":[{"name":"wp","href":"https:\/\/api.w.org\/{rel}","templated":true}]}}