{"id":109086,"date":"2023-10-23T21:36:07","date_gmt":"2023-10-24T00:36:07","guid":{"rendered":"https:\/\/www.gaveanews.com\/?p=109086"},"modified":"2024-04-07T09:53:55","modified_gmt":"2024-04-07T12:53:55","slug":"volantes-do-flamengo-thiago-maia-exalta-erick-pulgar","status":"publish","type":"post","link":"https:\/\/www.gaveanews.com\/index.php\/2023\/10\/23\/volantes-do-flamengo-thiago-maia-exalta-erick-pulgar\/","title":{"rendered":"Volantes do Flamengo, Thiago Maia exalta Erick Pulgar"},"content":{"rendered":"\n<p>No \u00faltimo domingo, o Flamengo enfrentou o Vasco pela 28\u00aa rodada do Campeonato Brasileiro e saiu vitorioso. Um dos destaques desse jogo foi a parceria entre os volantes Thiago Maia e Erick Pulgar, que t\u00eam mostrado um entrosamento impressionante, mesmo com a barreira lingu\u00edstica, j\u00e1 que Erick Pulgar \u00e9 chileno e fala outro idioma.<\/p>\n\n\n\n<p>Thiago Maia, o camisa 8 do Flamengo, expressou sua satisfa\u00e7\u00e3o em jogar ao lado de Erick Pulgar, ressaltando o crescimento m\u00fatuo que t\u00eam experimentado. Pulgar, por sua vez, \u00e9 um jogador de sele\u00e7\u00e3o chilena, e sua experi\u00eancia e qualidade no meio-campo t\u00eam elevado o n\u00edvel de atua\u00e7\u00f5es da equipe. Essa parceria \u00e9 t\u00e3o eficaz que eles se cobrem mutuamente durante as partidas, sem sequer precisar olhar um para o outro.<\/p>\n\n\n\n<p><em>\u2014 Fico feliz estar jogando com ele. \u00c9 um cara que tenho crescido bastante junto com ele, se trata de um jogador de sele\u00e7\u00e3o (chilena). Quando eu subo, ele est\u00e1 me cobrindo. Quando ele sobe, eu estou cobrindo. Voc\u00ea pode ver que a gente nem olha um para o outro e faz a cobertura. A gente faz isso muito no treino tamb\u00e9m, conversa bastante apesar da l\u00edngua. \u00c0s vezes a gente entende, \u00e0s vezes n\u00e3o. \u00c0s vezes eu falo \u2018o que o que, e vai que vai\u2019, e d\u00e1 tudo certo (risos) -,\u00a0<\/em>revelou.<\/p>\n\n\n\n<p>Erick Pulgar tem vivido um momento individual brilhante no Flamengo, contribuindo para elevar a qualidade do meio de campo da equipe. Em 2023, ele j\u00e1 participou de 34 jogos, sendo titular em 26 deles, acumulando 2431 minutos em campo.<\/p>\n","protected":false},"excerpt":{"rendered":"<p>No \u00faltimo domingo, o Flamengo enfrentou o Vasco pela 28\u00aa rodada do Campeonato Brasileiro e saiu vitorioso. Um dos destaques desse jogo foi a parceria entre os volantes Thiago Maia e Erick Pulgar, que t\u00eam mostrado um entrosamento impressionante, mesmo com a barreira lingu\u00edstica, j\u00e1 que Erick Pulgar \u00e9 chileno e fala outro idioma. Thiago [&hellip;]<\/p>\n","protected":false},"author":1,"featured_media":109055,"comment_status":"open","ping_status":"closed","sticky":false,"template":"","format":"standard","meta":{"footnotes":""},"categories":[1],"tags":[210],"class_list":["post-109086","post","type-post","status-publish","format-standard","has-post-thumbnail","hentry","category-flamengo","tag-erick-antonio-pulgar-farfan"],"yoast_head":"<!-- This site is optimized with the Yoast SEO Premium plugin v24.2 (Yoast SEO v26.9) - https:\/\/yoast.com\/product\/yoast-seo-premium-wordpress\/ -->\n<title>Volantes do Flamengo, Thiago Maia exalta Erick Pulgar<\/title>\n<meta name=\"robots\" content=\"index, follow, max-snippet:-1, max-image-preview:large, max-video-preview:-1\" \/>\n<link rel=\"canonical\" href=\"https:\/\/www.gaveanews.com\/index.php\/2023\/10\/23\/volantes-do-flamengo-thiago-maia-exalta-erick-pulgar\/\" \/>\n<meta property=\"og:locale\" content=\"pt_BR\" \/>\n<meta property=\"og:type\" content=\"article\" \/>\n<meta property=\"og:title\" content=\"Volantes do Flamengo, Thiago Maia exalta Erick Pulgar\" \/>\n<meta property=\"og:description\" content=\"No \u00faltimo domingo, o Flamengo enfrentou o Vasco pela 28\u00aa rodada do Campeonato Brasileiro e saiu vitorioso. Um dos destaques desse jogo foi a parceria entre os volantes Thiago Maia e Erick Pulgar, que t\u00eam mostrado um entrosamento impressionante, mesmo com a barreira lingu\u00edstica, j\u00e1 que Erick Pulgar \u00e9 chileno e fala outro idioma. Thiago [&hellip;]\" \/>\n<meta property=\"og:url\" content=\"https:\/\/www.gaveanews.com\/index.php\/2023\/10\/23\/volantes-do-flamengo-thiago-maia-exalta-erick-pulgar\/\" \/>\n<meta property=\"og:site_name\" content=\"G\u00e1vea News\" \/>\n<meta property=\"article:publisher\" content=\"https:\/\/facebook.com\/gaveaNews\/\" \/>\n<meta property=\"article:published_time\" content=\"2023-10-24T00:36:07+00:00\" \/>\n<meta property=\"article:modified_time\" content=\"2024-04-07T12:53:55+00:00\" \/>\n<meta property=\"og:image\" content=\"https:\/\/www.gaveanews.com\/wp-content\/uploads\/thiago-maia-flamengo-vasco-1.webp\" \/>\n\t<meta property=\"og:image:width\" content=\"2048\" \/>\n\t<meta property=\"og:image:height\" content=\"1368\" \/>\n\t<meta property=\"og:image:type\" content=\"image\/jpeg\" \/>\n<meta name=\"author\" content=\"Equipe G\u00e1vea News\" \/>\n<meta name=\"twitter:card\" content=\"summary_large_image\" \/>\n<meta name=\"twitter:label1\" content=\"Escrito por\" \/>\n\t<meta name=\"twitter:data1\" content=\"Equipe G\u00e1vea News\" \/>\n\t<meta name=\"twitter:label2\" content=\"Est. tempo de leitura\" \/>\n\t<meta name=\"twitter:data2\" content=\"2 minutos\" \/>\n<script type=\"application\/ld+json\" class=\"yoast-schema-graph\">{\"@context\":\"https:\/\/schema.org\",\"@graph\":[{\"@type\":\"NewsArticle\",\"@id\":\"https:\/\/www.gaveanews.com\/index.php\/2023\/10\/23\/volantes-do-flamengo-thiago-maia-exalta-erick-pulgar\/#article\",\"isPartOf\":{\"@id\":\"https:\/\/www.gaveanews.com\/index.php\/2023\/10\/23\/volantes-do-flamengo-thiago-maia-exalta-erick-pulgar\/\"},\"author\":{\"name\":\"Equipe G\u00e1vea News\",\"@id\":\"https:\/\/www.gaveanews.com\/#\/schema\/person\/2ec14f73fb96be2caf28f91afb14749d\"},\"headline\":\"Volantes do Flamengo, Thiago Maia exalta Erick Pulgar\",\"datePublished\":\"2023-10-24T00:36:07+00:00\",\"dateModified\":\"2024-04-07T12:53:55+00:00\",\"mainEntityOfPage\":{\"@id\":\"https:\/\/www.gaveanews.com\/index.php\/2023\/10\/23\/volantes-do-flamengo-thiago-maia-exalta-erick-pulgar\/\"},\"wordCount\":269,\"commentCount\":0,\"image\":{\"@id\":\"https:\/\/www.gaveanews.com\/index.php\/2023\/10\/23\/volantes-do-flamengo-thiago-maia-exalta-erick-pulgar\/#primaryimage\"},\"thumbnailUrl\":\"https:\/\/www.gaveanews.com\/wp-content\/uploads\/thiago-maia-flamengo-vasco-1.webp\",\"keywords\":[\"Erick Antonio Pulgar Farf\u00e1n\"],\"articleSection\":[\"Flamengo\"],\"inLanguage\":\"pt-BR\",\"potentialAction\":[{\"@type\":\"CommentAction\",\"name\":\"Comment\",\"target\":[\"https:\/\/www.gaveanews.com\/index.php\/2023\/10\/23\/volantes-do-flamengo-thiago-maia-exalta-erick-pulgar\/#respond\"]}],\"copyrightYear\":\"2023\",\"copyrightHolder\":{\"@id\":\"https:\/\/www.gaveanews.com\/#organization\"}},{\"@type\":\"WebPage\",\"@id\":\"https:\/\/www.gaveanews.com\/index.php\/2023\/10\/23\/volantes-do-flamengo-thiago-maia-exalta-erick-pulgar\/\",\"url\":\"https:\/\/www.gaveanews.com\/index.php\/2023\/10\/23\/volantes-do-flamengo-thiago-maia-exalta-erick-pulgar\/\",\"name\":\"Volantes do Flamengo, Thiago Maia exalta Erick Pulgar\",\"isPartOf\":{\"@id\":\"https:\/\/www.gaveanews.com\/#website\"},\"primaryImageOfPage\":{\"@id\":\"https:\/\/www.gaveanews.com\/index.php\/2023\/10\/23\/volantes-do-flamengo-thiago-maia-exalta-erick-pulgar\/#primaryimage\"},\"image\":{\"@id\":\"https:\/\/www.gaveanews.com\/index.php\/2023\/10\/23\/volantes-do-flamengo-thiago-maia-exalta-erick-pulgar\/#primaryimage\"},\"thumbnailUrl\":\"https:\/\/www.gaveanews.com\/wp-content\/uploads\/thiago-maia-flamengo-vasco-1.webp\",\"datePublished\":\"2023-10-24T00:36:07+00:00\",\"dateModified\":\"2024-04-07T12:53:55+00:00\",\"author\":{\"@id\":\"https:\/\/www.gaveanews.com\/#\/schema\/person\/2ec14f73fb96be2caf28f91afb14749d\"},\"breadcrumb\":{\"@id\":\"https:\/\/www.gaveanews.com\/index.php\/2023\/10\/23\/volantes-do-flamengo-thiago-maia-exalta-erick-pulgar\/#breadcrumb\"},\"inLanguage\":\"pt-BR\",\"potentialAction\":[{\"@type\":\"ReadAction\",\"target\":[\"https:\/\/www.gaveanews.com\/index.php\/2023\/10\/23\/volantes-do-flamengo-thiago-maia-exalta-erick-pulgar\/\"]}]},{\"@type\":\"ImageObject\",\"inLanguage\":\"pt-BR\",\"@id\":\"https:\/\/www.gaveanews.com\/index.php\/2023\/10\/23\/volantes-do-flamengo-thiago-maia-exalta-erick-pulgar\/#primaryimage\",\"url\":\"https:\/\/www.gaveanews.com\/wp-content\/uploads\/thiago-maia-flamengo-vasco-1.webp\",\"contentUrl\":\"https:\/\/www.gaveanews.com\/wp-content\/uploads\/thiago-maia-flamengo-vasco-1.webp\",\"width\":2048,\"height\":1368,\"caption\":\"Thiago Maia em a\u00e7\u00e3o pelo Flamengo contra o Vasco (Foto: Paula Reis\/Flamengo)\"},{\"@type\":\"BreadcrumbList\",\"@id\":\"https:\/\/www.gaveanews.com\/index.php\/2023\/10\/23\/volantes-do-flamengo-thiago-maia-exalta-erick-pulgar\/#breadcrumb\",\"itemListElement\":[{\"@type\":\"ListItem\",\"position\":1,\"name\":\"Home\",\"item\":\"https:\/\/www.gaveanews.com\/\"},{\"@type\":\"ListItem\",\"position\":2,\"name\":\"Volantes do Flamengo, Thiago Maia exalta Erick Pulgar\"}]},{\"@type\":\"WebSite\",\"@id\":\"https:\/\/www.gaveanews.com\/#website\",\"url\":\"https:\/\/www.gaveanews.com\/\",\"name\":\"G\u00e1vea News\",\"description\":\"Veja todas as not\u00edcias sobre o Flamengo: Contrata\u00e7\u00f5es, categorias de base, resultados das partidas, tabela de classifica\u00e7\u00e3o, pr\u00f3ximos jogos!\",\"potentialAction\":[{\"@type\":\"SearchAction\",\"target\":{\"@type\":\"EntryPoint\",\"urlTemplate\":\"https:\/\/www.gaveanews.com\/?s={search_term_string}\"},\"query-input\":{\"@type\":\"PropertyValueSpecification\",\"valueRequired\":true,\"valueName\":\"search_term_string\"}}],\"inLanguage\":\"pt-BR\"},{\"@type\":\"Person\",\"@id\":\"https:\/\/www.gaveanews.com\/#\/schema\/person\/2ec14f73fb96be2caf28f91afb14749d\",\"name\":\"Equipe G\u00e1vea News\",\"image\":{\"@type\":\"ImageObject\",\"inLanguage\":\"pt-BR\",\"@id\":\"https:\/\/www.gaveanews.com\/#\/schema\/person\/image\/\",\"url\":\"https:\/\/secure.gravatar.com\/avatar\/1e1956f1facbffd3f8fa53a326721950116b3b9dc9bd44939c01180fd4a745a9?s=96&d=mm&r=g\",\"contentUrl\":\"https:\/\/secure.gravatar.com\/avatar\/1e1956f1facbffd3f8fa53a326721950116b3b9dc9bd44939c01180fd4a745a9?s=96&d=mm&r=g\",\"caption\":\"Equipe G\u00e1vea News\"}}]}<\/script>\n<!-- \/ Yoast SEO Premium plugin. -->","yoast_head_json":{"title":"Volantes do Flamengo, Thiago Maia exalta Erick Pulgar","robots":{"index":"index","follow":"follow","max-snippet":"max-snippet:-1","max-image-preview":"max-image-preview:large","max-video-preview":"max-video-preview:-1"},"canonical":"https:\/\/www.gaveanews.com\/index.php\/2023\/10\/23\/volantes-do-flamengo-thiago-maia-exalta-erick-pulgar\/","og_locale":"pt_BR","og_type":"article","og_title":"Volantes do Flamengo, Thiago Maia exalta Erick Pulgar","og_description":"No \u00faltimo domingo, o Flamengo enfrentou o Vasco pela 28\u00aa rodada do Campeonato Brasileiro e saiu vitorioso. Um dos destaques desse jogo foi a parceria entre os volantes Thiago Maia e Erick Pulgar, que t\u00eam mostrado um entrosamento impressionante, mesmo com a barreira lingu\u00edstica, j\u00e1 que Erick Pulgar \u00e9 chileno e fala outro idioma. Thiago [&hellip;]","og_url":"https:\/\/www.gaveanews.com\/index.php\/2023\/10\/23\/volantes-do-flamengo-thiago-maia-exalta-erick-pulgar\/","og_site_name":"G\u00e1vea News","article_publisher":"https:\/\/facebook.com\/gaveaNews\/","article_published_time":"2023-10-24T00:36:07+00:00","article_modified_time":"2024-04-07T12:53:55+00:00","og_image":[{"width":2048,"height":1368,"url":"https:\/\/www.gaveanews.com\/wp-content\/uploads\/thiago-maia-flamengo-vasco-1.webp","type":"image\/jpeg"}],"author":"Equipe G\u00e1vea News","twitter_card":"summary_large_image","twitter_misc":{"Escrito por":"Equipe G\u00e1vea News","Est. tempo de leitura":"2 minutos"},"schema":{"@context":"https:\/\/schema.org","@graph":[{"@type":"NewsArticle","@id":"https:\/\/www.gaveanews.com\/index.php\/2023\/10\/23\/volantes-do-flamengo-thiago-maia-exalta-erick-pulgar\/#article","isPartOf":{"@id":"https:\/\/www.gaveanews.com\/index.php\/2023\/10\/23\/volantes-do-flamengo-thiago-maia-exalta-erick-pulgar\/"},"author":{"name":"Equipe G\u00e1vea News","@id":"https:\/\/www.gaveanews.com\/#\/schema\/person\/2ec14f73fb96be2caf28f91afb14749d"},"headline":"Volantes do Flamengo, Thiago Maia exalta Erick Pulgar","datePublished":"2023-10-24T00:36:07+00:00","dateModified":"2024-04-07T12:53:55+00:00","mainEntityOfPage":{"@id":"https:\/\/www.gaveanews.com\/index.php\/2023\/10\/23\/volantes-do-flamengo-thiago-maia-exalta-erick-pulgar\/"},"wordCount":269,"commentCount":0,"image":{"@id":"https:\/\/www.gaveanews.com\/index.php\/2023\/10\/23\/volantes-do-flamengo-thiago-maia-exalta-erick-pulgar\/#primaryimage"},"thumbnailUrl":"https:\/\/www.gaveanews.com\/wp-content\/uploads\/thiago-maia-flamengo-vasco-1.webp","keywords":["Erick Antonio Pulgar Farf\u00e1n"],"articleSection":["Flamengo"],"inLanguage":"pt-BR","potentialAction":[{"@type":"CommentAction","name":"Comment","target":["https:\/\/www.gaveanews.com\/index.php\/2023\/10\/23\/volantes-do-flamengo-thiago-maia-exalta-erick-pulgar\/#respond"]}],"copyrightYear":"2023","copyrightHolder":{"@id":"https:\/\/www.gaveanews.com\/#organization"}},{"@type":"WebPage","@id":"https:\/\/www.gaveanews.com\/index.php\/2023\/10\/23\/volantes-do-flamengo-thiago-maia-exalta-erick-pulgar\/","url":"https:\/\/www.gaveanews.com\/index.php\/2023\/10\/23\/volantes-do-flamengo-thiago-maia-exalta-erick-pulgar\/","name":"Volantes do Flamengo, Thiago Maia exalta Erick Pulgar","isPartOf":{"@id":"https:\/\/www.gaveanews.com\/#website"},"primaryImageOfPage":{"@id":"https:\/\/www.gaveanews.com\/index.php\/2023\/10\/23\/volantes-do-flamengo-thiago-maia-exalta-erick-pulgar\/#primaryimage"},"image":{"@id":"https:\/\/www.gaveanews.com\/index.php\/2023\/10\/23\/volantes-do-flamengo-thiago-maia-exalta-erick-pulgar\/#primaryimage"},"thumbnailUrl":"https:\/\/www.gaveanews.com\/wp-content\/uploads\/thiago-maia-flamengo-vasco-1.webp","datePublished":"2023-10-24T00:36:07+00:00","dateModified":"2024-04-07T12:53:55+00:00","author":{"@id":"https:\/\/www.gaveanews.com\/#\/schema\/person\/2ec14f73fb96be2caf28f91afb14749d"},"breadcrumb":{"@id":"https:\/\/www.gaveanews.com\/index.php\/2023\/10\/23\/volantes-do-flamengo-thiago-maia-exalta-erick-pulgar\/#breadcrumb"},"inLanguage":"pt-BR","potentialAction":[{"@type":"ReadAction","target":["https:\/\/www.gaveanews.com\/index.php\/2023\/10\/23\/volantes-do-flamengo-thiago-maia-exalta-erick-pulgar\/"]}]},{"@type":"ImageObject","inLanguage":"pt-BR","@id":"https:\/\/www.gaveanews.com\/index.php\/2023\/10\/23\/volantes-do-flamengo-thiago-maia-exalta-erick-pulgar\/#primaryimage","url":"https:\/\/www.gaveanews.com\/wp-content\/uploads\/thiago-maia-flamengo-vasco-1.webp","contentUrl":"https:\/\/www.gaveanews.com\/wp-content\/uploads\/thiago-maia-flamengo-vasco-1.webp","width":2048,"height":1368,"caption":"Thiago Maia em a\u00e7\u00e3o pelo Flamengo contra o Vasco (Foto: Paula Reis\/Flamengo)"},{"@type":"BreadcrumbList","@id":"https:\/\/www.gaveanews.com\/index.php\/2023\/10\/23\/volantes-do-flamengo-thiago-maia-exalta-erick-pulgar\/#breadcrumb","itemListElement":[{"@type":"ListItem","position":1,"name":"Home","item":"https:\/\/www.gaveanews.com\/"},{"@type":"ListItem","position":2,"name":"Volantes do Flamengo, Thiago Maia exalta Erick Pulgar"}]},{"@type":"WebSite","@id":"https:\/\/www.gaveanews.com\/#website","url":"https:\/\/www.gaveanews.com\/","name":"G\u00e1vea News","description":"Veja todas as not\u00edcias sobre o Flamengo: Contrata\u00e7\u00f5es, categorias de base, resultados das partidas, tabela de classifica\u00e7\u00e3o, pr\u00f3ximos jogos!","potentialAction":[{"@type":"SearchAction","target":{"@type":"EntryPoint","urlTemplate":"https:\/\/www.gaveanews.com\/?s={search_term_string}"},"query-input":{"@type":"PropertyValueSpecification","valueRequired":true,"valueName":"search_term_string"}}],"inLanguage":"pt-BR"},{"@type":"Person","@id":"https:\/\/www.gaveanews.com\/#\/schema\/person\/2ec14f73fb96be2caf28f91afb14749d","name":"Equipe G\u00e1vea News","image":{"@type":"ImageObject","inLanguage":"pt-BR","@id":"https:\/\/www.gaveanews.com\/#\/schema\/person\/image\/","url":"https:\/\/secure.gravatar.com\/avatar\/1e1956f1facbffd3f8fa53a326721950116b3b9dc9bd44939c01180fd4a745a9?s=96&d=mm&r=g","contentUrl":"https:\/\/secure.gravatar.com\/avatar\/1e1956f1facbffd3f8fa53a326721950116b3b9dc9bd44939c01180fd4a745a9?s=96&d=mm&r=g","caption":"Equipe G\u00e1vea News"}}]}},"_links":{"self":[{"href":"https:\/\/www.gaveanews.com\/index.php\/wp-json\/wp\/v2\/posts\/109086","targetHints":{"allow":["GET"]}}],"collection":[{"href":"https:\/\/www.gaveanews.com\/index.php\/wp-json\/wp\/v2\/posts"}],"about":[{"href":"https:\/\/www.gaveanews.com\/index.php\/wp-json\/wp\/v2\/types\/post"}],"author":[{"embeddable":true,"href":"https:\/\/www.gaveanews.com\/index.php\/wp-json\/wp\/v2\/users\/1"}],"replies":[{"embeddable":true,"href":"https:\/\/www.gaveanews.com\/index.php\/wp-json\/wp\/v2\/comments?post=109086"}],"version-history":[{"count":1,"href":"https:\/\/www.gaveanews.com\/index.php\/wp-json\/wp\/v2\/posts\/109086\/revisions"}],"predecessor-version":[{"id":137216,"href":"https:\/\/www.gaveanews.com\/index.php\/wp-json\/wp\/v2\/posts\/109086\/revisions\/137216"}],"wp:featuredmedia":[{"embeddable":true,"href":"https:\/\/www.gaveanews.com\/index.php\/wp-json\/wp\/v2\/media\/109055"}],"wp:attachment":[{"href":"https:\/\/www.gaveanews.com\/index.php\/wp-json\/wp\/v2\/media?parent=109086"}],"wp:term":[{"taxonomy":"category","embeddable":true,"href":"https:\/\/www.gaveanews.com\/index.php\/wp-json\/wp\/v2\/categories?post=109086"},{"taxonomy":"post_tag","embeddable":true,"href":"https:\/\/www.gaveanews.com\/index.php\/wp-json\/wp\/v2\/tags?post=109086"}],"curies":[{"name":"wp","href":"https:\/\/api.w.org\/{rel}","templated":true}]}}