{"id":109104,"date":"2023-10-24T10:51:58","date_gmt":"2023-10-24T13:51:58","guid":{"rendered":"https:\/\/www.gaveanews.com\/?p=109104"},"modified":"2024-04-07T09:53:54","modified_gmt":"2024-04-07T12:53:54","slug":"fabricio-bruno-everton-ribeiro-david-luiz-thiago-maia-filipe-luis-allan-erick-pulgar-e-bruno-henrique-os-desfalques-e-pendurados-do-flamengo-contra-o-gremio","status":"publish","type":"post","link":"https:\/\/www.gaveanews.com\/index.php\/2023\/10\/24\/fabricio-bruno-everton-ribeiro-david-luiz-thiago-maia-filipe-luis-allan-erick-pulgar-e-bruno-henrique-os-desfalques-e-pendurados-do-flamengo-contra-o-gremio\/","title":{"rendered":"Fabr\u00edcio Bruno, Everton Ribeiro, David Luiz, Thiago Maia, Filipe Lu\u00eds, Allan, Erick Pulgar e Bruno Henrique: os desfalques e pendurados do Flamengo contra o Gr\u00eamio"},"content":{"rendered":"\n<p>Por: Let\u00edcia Gerheim<br><br>Ap\u00f3s vencer o cl\u00e1ssico contra o Vasco no Maracan\u00e3, o Flamengo se prepara para viajar rumo a Porto Alegre para seu pr\u00f3ximo compromisso. Desta vez o advers\u00e1rio ser\u00e1 o Gr\u00eamio, que tamb\u00e9m briga na primeira metade da tabela do Brasileir\u00e3o.<\/p>\n\n\n\n<p>Precisando pensar em uma nova escala\u00e7\u00e3o, Tite tentar\u00e1 manter os 100% de aproveitamento neste come\u00e7o de trabalho. Assim como na partida anterior, a mudan\u00e7a garantida entre os titulares ser\u00e1 no setor defensivo.<\/p>\n\n\n\n<p>Fabr\u00edcio Bruno era um dos pendurados contra o Vasco e foi o \u00fanico jogador do Flamengo a receber cart\u00e3o amarelo. O zagueiro, portanto, ter\u00e1 que cumprir suspens\u00e3o na partida contra o Gr\u00eamio.<\/p>\n\n\n\n<p>Assim como ele, David Luiz e Allan tamb\u00e9m permanecer\u00e3o no Rio de Janeiro. No caso da dupla, ambos est\u00e3o entregues ao departamento m\u00e9dico por conta de les\u00f5es.<\/p>\n\n\n\n<p>Por fim, cinco atletas relacionados ter\u00e3o que atuar com um pouco mais de cautela para n\u00e3o desfalcar o time no pr\u00f3ximo compromisso, contra o Santos. S\u00e3o eles: Everton Ribeiro, Thiago Maia, Filipe Lu\u00eds, Erick Pulgar e Bruno Henrique.<\/p>\n\n\n\n<p>Vale lembrar que a partida contra o Bragantino, v\u00e1lida pela rodada seguinte, <a href=\"https:\/\/www.gaveanews.com\/index.php\/2023\/10\/20\/flamengo-x-bragantino-cbf-informa-onde-jogo-do-brasileirao-sera-disputado\/\">foi adiada por conta da final da Libertadores.<\/a><\/p>\n\n\n\n<p>A bola rola para Flamengo e Gr\u00eamio nesta quarta-feira (25), \u00e0s 21h30 (hor\u00e1rio de Bras\u00edlia), na Arena do Gr\u00eamio. O Mais Querido inicia a rodada na terceira coloca\u00e7\u00e3o da tabela com 50 pontos. Os donos da casa, por sua vez, est\u00e3o em sexto com saldo de 44 pontos.<\/p>\n","protected":false},"excerpt":{"rendered":"<p>Por: Let\u00edcia Gerheim Ap\u00f3s vencer o cl\u00e1ssico contra o Vasco no Maracan\u00e3, o Flamengo se prepara para viajar rumo a Porto Alegre para seu pr\u00f3ximo compromisso. Desta vez o advers\u00e1rio ser\u00e1 o Gr\u00eamio, que tamb\u00e9m briga na primeira metade da tabela do Brasileir\u00e3o. Precisando pensar em uma nova escala\u00e7\u00e3o, Tite tentar\u00e1 manter os 100% de [&hellip;]<\/p>\n","protected":false},"author":4,"featured_media":109055,"comment_status":"open","ping_status":"closed","sticky":false,"template":"","format":"standard","meta":{"footnotes":""},"categories":[1],"tags":[210],"class_list":["post-109104","post","type-post","status-publish","format-standard","has-post-thumbnail","hentry","category-flamengo","tag-erick-antonio-pulgar-farfan"],"yoast_head":"<!-- This site is optimized with the Yoast SEO Premium plugin v24.2 (Yoast SEO v26.9) - https:\/\/yoast.com\/product\/yoast-seo-premium-wordpress\/ -->\n<title>Fabr\u00edcio Bruno, Everton Ribeiro, David Luiz, Thiago Maia, Filipe Lu\u00eds, Allan, Erick Pulgar e Bruno Henrique: os desfalques e pendurados do Flamengo contra o Gr\u00eamio<\/title>\n<meta name=\"robots\" content=\"index, follow, max-snippet:-1, max-image-preview:large, max-video-preview:-1\" \/>\n<link rel=\"canonical\" href=\"https:\/\/www.gaveanews.com\/index.php\/2023\/10\/24\/fabricio-bruno-everton-ribeiro-david-luiz-thiago-maia-filipe-luis-allan-erick-pulgar-e-bruno-henrique-os-desfalques-e-pendurados-do-flamengo-contra-o-gremio\/\" \/>\n<meta property=\"og:locale\" content=\"pt_BR\" \/>\n<meta property=\"og:type\" content=\"article\" \/>\n<meta property=\"og:title\" content=\"Fabr\u00edcio Bruno, Everton Ribeiro, David Luiz, Thiago Maia, Filipe Lu\u00eds, Allan, Erick Pulgar e Bruno Henrique: os desfalques e pendurados do Flamengo contra o Gr\u00eamio\" \/>\n<meta property=\"og:description\" content=\"Por: Let\u00edcia Gerheim Ap\u00f3s vencer o cl\u00e1ssico contra o Vasco no Maracan\u00e3, o Flamengo se prepara para viajar rumo a Porto Alegre para seu pr\u00f3ximo compromisso. Desta vez o advers\u00e1rio ser\u00e1 o Gr\u00eamio, que tamb\u00e9m briga na primeira metade da tabela do Brasileir\u00e3o. Precisando pensar em uma nova escala\u00e7\u00e3o, Tite tentar\u00e1 manter os 100% de [&hellip;]\" \/>\n<meta property=\"og:url\" content=\"https:\/\/www.gaveanews.com\/index.php\/2023\/10\/24\/fabricio-bruno-everton-ribeiro-david-luiz-thiago-maia-filipe-luis-allan-erick-pulgar-e-bruno-henrique-os-desfalques-e-pendurados-do-flamengo-contra-o-gremio\/\" \/>\n<meta property=\"og:site_name\" content=\"G\u00e1vea News\" \/>\n<meta property=\"article:publisher\" content=\"https:\/\/facebook.com\/gaveaNews\/\" \/>\n<meta property=\"article:published_time\" content=\"2023-10-24T13:51:58+00:00\" \/>\n<meta property=\"article:modified_time\" content=\"2024-04-07T12:53:54+00:00\" \/>\n<meta property=\"og:image\" content=\"https:\/\/www.gaveanews.com\/wp-content\/uploads\/thiago-maia-flamengo-vasco-1.webp\" \/>\n\t<meta property=\"og:image:width\" content=\"2048\" \/>\n\t<meta property=\"og:image:height\" content=\"1368\" \/>\n\t<meta property=\"og:image:type\" content=\"image\/jpeg\" \/>\n<meta name=\"author\" content=\"Let\u00edcia Gerheim\" \/>\n<meta name=\"twitter:card\" content=\"summary_large_image\" \/>\n<meta name=\"twitter:label1\" content=\"Escrito por\" \/>\n\t<meta name=\"twitter:data1\" content=\"Let\u00edcia Gerheim\" \/>\n\t<meta name=\"twitter:label2\" content=\"Est. tempo de leitura\" \/>\n\t<meta name=\"twitter:data2\" content=\"2 minutos\" \/>\n<script type=\"application\/ld+json\" class=\"yoast-schema-graph\">{\"@context\":\"https:\/\/schema.org\",\"@graph\":[{\"@type\":\"NewsArticle\",\"@id\":\"https:\/\/www.gaveanews.com\/index.php\/2023\/10\/24\/fabricio-bruno-everton-ribeiro-david-luiz-thiago-maia-filipe-luis-allan-erick-pulgar-e-bruno-henrique-os-desfalques-e-pendurados-do-flamengo-contra-o-gremio\/#article\",\"isPartOf\":{\"@id\":\"https:\/\/www.gaveanews.com\/index.php\/2023\/10\/24\/fabricio-bruno-everton-ribeiro-david-luiz-thiago-maia-filipe-luis-allan-erick-pulgar-e-bruno-henrique-os-desfalques-e-pendurados-do-flamengo-contra-o-gremio\/\"},\"author\":{\"name\":\"Let\u00edcia Gerheim\",\"@id\":\"https:\/\/www.gaveanews.com\/#\/schema\/person\/714c67050b836198af2450ba1c142a67\"},\"headline\":\"Fabr\u00edcio Bruno, Everton Ribeiro, David Luiz, Thiago Maia, Filipe Lu\u00eds, Allan, Erick Pulgar e Bruno Henrique: os desfalques e pendurados do Flamengo contra o Gr\u00eamio\",\"datePublished\":\"2023-10-24T13:51:58+00:00\",\"dateModified\":\"2024-04-07T12:53:54+00:00\",\"mainEntityOfPage\":{\"@id\":\"https:\/\/www.gaveanews.com\/index.php\/2023\/10\/24\/fabricio-bruno-everton-ribeiro-david-luiz-thiago-maia-filipe-luis-allan-erick-pulgar-e-bruno-henrique-os-desfalques-e-pendurados-do-flamengo-contra-o-gremio\/\"},\"wordCount\":296,\"commentCount\":0,\"image\":{\"@id\":\"https:\/\/www.gaveanews.com\/index.php\/2023\/10\/24\/fabricio-bruno-everton-ribeiro-david-luiz-thiago-maia-filipe-luis-allan-erick-pulgar-e-bruno-henrique-os-desfalques-e-pendurados-do-flamengo-contra-o-gremio\/#primaryimage\"},\"thumbnailUrl\":\"https:\/\/www.gaveanews.com\/wp-content\/uploads\/thiago-maia-flamengo-vasco-1.webp\",\"keywords\":[\"Erick Antonio Pulgar Farf\u00e1n\"],\"articleSection\":[\"Flamengo\"],\"inLanguage\":\"pt-BR\",\"potentialAction\":[{\"@type\":\"CommentAction\",\"name\":\"Comment\",\"target\":[\"https:\/\/www.gaveanews.com\/index.php\/2023\/10\/24\/fabricio-bruno-everton-ribeiro-david-luiz-thiago-maia-filipe-luis-allan-erick-pulgar-e-bruno-henrique-os-desfalques-e-pendurados-do-flamengo-contra-o-gremio\/#respond\"]}],\"copyrightYear\":\"2023\",\"copyrightHolder\":{\"@id\":\"https:\/\/www.gaveanews.com\/#organization\"}},{\"@type\":\"WebPage\",\"@id\":\"https:\/\/www.gaveanews.com\/index.php\/2023\/10\/24\/fabricio-bruno-everton-ribeiro-david-luiz-thiago-maia-filipe-luis-allan-erick-pulgar-e-bruno-henrique-os-desfalques-e-pendurados-do-flamengo-contra-o-gremio\/\",\"url\":\"https:\/\/www.gaveanews.com\/index.php\/2023\/10\/24\/fabricio-bruno-everton-ribeiro-david-luiz-thiago-maia-filipe-luis-allan-erick-pulgar-e-bruno-henrique-os-desfalques-e-pendurados-do-flamengo-contra-o-gremio\/\",\"name\":\"Fabr\u00edcio Bruno, Everton Ribeiro, David Luiz, Thiago Maia, Filipe Lu\u00eds, Allan, Erick Pulgar e Bruno Henrique: os desfalques e pendurados do Flamengo contra o Gr\u00eamio\",\"isPartOf\":{\"@id\":\"https:\/\/www.gaveanews.com\/#website\"},\"primaryImageOfPage\":{\"@id\":\"https:\/\/www.gaveanews.com\/index.php\/2023\/10\/24\/fabricio-bruno-everton-ribeiro-david-luiz-thiago-maia-filipe-luis-allan-erick-pulgar-e-bruno-henrique-os-desfalques-e-pendurados-do-flamengo-contra-o-gremio\/#primaryimage\"},\"image\":{\"@id\":\"https:\/\/www.gaveanews.com\/index.php\/2023\/10\/24\/fabricio-bruno-everton-ribeiro-david-luiz-thiago-maia-filipe-luis-allan-erick-pulgar-e-bruno-henrique-os-desfalques-e-pendurados-do-flamengo-contra-o-gremio\/#primaryimage\"},\"thumbnailUrl\":\"https:\/\/www.gaveanews.com\/wp-content\/uploads\/thiago-maia-flamengo-vasco-1.webp\",\"datePublished\":\"2023-10-24T13:51:58+00:00\",\"dateModified\":\"2024-04-07T12:53:54+00:00\",\"author\":{\"@id\":\"https:\/\/www.gaveanews.com\/#\/schema\/person\/714c67050b836198af2450ba1c142a67\"},\"breadcrumb\":{\"@id\":\"https:\/\/www.gaveanews.com\/index.php\/2023\/10\/24\/fabricio-bruno-everton-ribeiro-david-luiz-thiago-maia-filipe-luis-allan-erick-pulgar-e-bruno-henrique-os-desfalques-e-pendurados-do-flamengo-contra-o-gremio\/#breadcrumb\"},\"inLanguage\":\"pt-BR\",\"potentialAction\":[{\"@type\":\"ReadAction\",\"target\":[\"https:\/\/www.gaveanews.com\/index.php\/2023\/10\/24\/fabricio-bruno-everton-ribeiro-david-luiz-thiago-maia-filipe-luis-allan-erick-pulgar-e-bruno-henrique-os-desfalques-e-pendurados-do-flamengo-contra-o-gremio\/\"]}]},{\"@type\":\"ImageObject\",\"inLanguage\":\"pt-BR\",\"@id\":\"https:\/\/www.gaveanews.com\/index.php\/2023\/10\/24\/fabricio-bruno-everton-ribeiro-david-luiz-thiago-maia-filipe-luis-allan-erick-pulgar-e-bruno-henrique-os-desfalques-e-pendurados-do-flamengo-contra-o-gremio\/#primaryimage\",\"url\":\"https:\/\/www.gaveanews.com\/wp-content\/uploads\/thiago-maia-flamengo-vasco-1.webp\",\"contentUrl\":\"https:\/\/www.gaveanews.com\/wp-content\/uploads\/thiago-maia-flamengo-vasco-1.webp\",\"width\":2048,\"height\":1368,\"caption\":\"Thiago Maia em a\u00e7\u00e3o pelo Flamengo contra o Vasco (Foto: Paula Reis\/Flamengo)\"},{\"@type\":\"BreadcrumbList\",\"@id\":\"https:\/\/www.gaveanews.com\/index.php\/2023\/10\/24\/fabricio-bruno-everton-ribeiro-david-luiz-thiago-maia-filipe-luis-allan-erick-pulgar-e-bruno-henrique-os-desfalques-e-pendurados-do-flamengo-contra-o-gremio\/#breadcrumb\",\"itemListElement\":[{\"@type\":\"ListItem\",\"position\":1,\"name\":\"Home\",\"item\":\"https:\/\/www.gaveanews.com\/\"},{\"@type\":\"ListItem\",\"position\":2,\"name\":\"Fabr\u00edcio Bruno, Everton Ribeiro, David Luiz, Thiago Maia, Filipe Lu\u00eds, Allan, Erick Pulgar e Bruno Henrique: os desfalques e pendurados do Flamengo contra o Gr\u00eamio\"}]},{\"@type\":\"WebSite\",\"@id\":\"https:\/\/www.gaveanews.com\/#website\",\"url\":\"https:\/\/www.gaveanews.com\/\",\"name\":\"G\u00e1vea News\",\"description\":\"Veja todas as not\u00edcias sobre o Flamengo: Contrata\u00e7\u00f5es, categorias de base, resultados das partidas, tabela de classifica\u00e7\u00e3o, pr\u00f3ximos jogos!\",\"potentialAction\":[{\"@type\":\"SearchAction\",\"target\":{\"@type\":\"EntryPoint\",\"urlTemplate\":\"https:\/\/www.gaveanews.com\/?s={search_term_string}\"},\"query-input\":{\"@type\":\"PropertyValueSpecification\",\"valueRequired\":true,\"valueName\":\"search_term_string\"}}],\"inLanguage\":\"pt-BR\"},{\"@type\":\"Person\",\"@id\":\"https:\/\/www.gaveanews.com\/#\/schema\/person\/714c67050b836198af2450ba1c142a67\",\"name\":\"Let\u00edcia Gerheim\",\"image\":{\"@type\":\"ImageObject\",\"inLanguage\":\"pt-BR\",\"@id\":\"https:\/\/www.gaveanews.com\/#\/schema\/person\/image\/\",\"url\":\"https:\/\/secure.gravatar.com\/avatar\/60734739c50fcebfbac509e2a826ccd0ff405c019bc73aab9354f19ecad1dcb4?s=96&d=mm&r=g\",\"contentUrl\":\"https:\/\/secure.gravatar.com\/avatar\/60734739c50fcebfbac509e2a826ccd0ff405c019bc73aab9354f19ecad1dcb4?s=96&d=mm&r=g\",\"caption\":\"Let\u00edcia Gerheim\"}}]}<\/script>\n<!-- \/ Yoast SEO Premium plugin. -->","yoast_head_json":{"title":"Fabr\u00edcio Bruno, Everton Ribeiro, David Luiz, Thiago Maia, Filipe Lu\u00eds, Allan, Erick Pulgar e Bruno Henrique: os desfalques e pendurados do Flamengo contra o Gr\u00eamio","robots":{"index":"index","follow":"follow","max-snippet":"max-snippet:-1","max-image-preview":"max-image-preview:large","max-video-preview":"max-video-preview:-1"},"canonical":"https:\/\/www.gaveanews.com\/index.php\/2023\/10\/24\/fabricio-bruno-everton-ribeiro-david-luiz-thiago-maia-filipe-luis-allan-erick-pulgar-e-bruno-henrique-os-desfalques-e-pendurados-do-flamengo-contra-o-gremio\/","og_locale":"pt_BR","og_type":"article","og_title":"Fabr\u00edcio Bruno, Everton Ribeiro, David Luiz, Thiago Maia, Filipe Lu\u00eds, Allan, Erick Pulgar e Bruno Henrique: os desfalques e pendurados do Flamengo contra o Gr\u00eamio","og_description":"Por: Let\u00edcia Gerheim Ap\u00f3s vencer o cl\u00e1ssico contra o Vasco no Maracan\u00e3, o Flamengo se prepara para viajar rumo a Porto Alegre para seu pr\u00f3ximo compromisso. Desta vez o advers\u00e1rio ser\u00e1 o Gr\u00eamio, que tamb\u00e9m briga na primeira metade da tabela do Brasileir\u00e3o. Precisando pensar em uma nova escala\u00e7\u00e3o, Tite tentar\u00e1 manter os 100% de [&hellip;]","og_url":"https:\/\/www.gaveanews.com\/index.php\/2023\/10\/24\/fabricio-bruno-everton-ribeiro-david-luiz-thiago-maia-filipe-luis-allan-erick-pulgar-e-bruno-henrique-os-desfalques-e-pendurados-do-flamengo-contra-o-gremio\/","og_site_name":"G\u00e1vea News","article_publisher":"https:\/\/facebook.com\/gaveaNews\/","article_published_time":"2023-10-24T13:51:58+00:00","article_modified_time":"2024-04-07T12:53:54+00:00","og_image":[{"width":2048,"height":1368,"url":"https:\/\/www.gaveanews.com\/wp-content\/uploads\/thiago-maia-flamengo-vasco-1.webp","type":"image\/jpeg"}],"author":"Let\u00edcia Gerheim","twitter_card":"summary_large_image","twitter_misc":{"Escrito por":"Let\u00edcia Gerheim","Est. tempo de leitura":"2 minutos"},"schema":{"@context":"https:\/\/schema.org","@graph":[{"@type":"NewsArticle","@id":"https:\/\/www.gaveanews.com\/index.php\/2023\/10\/24\/fabricio-bruno-everton-ribeiro-david-luiz-thiago-maia-filipe-luis-allan-erick-pulgar-e-bruno-henrique-os-desfalques-e-pendurados-do-flamengo-contra-o-gremio\/#article","isPartOf":{"@id":"https:\/\/www.gaveanews.com\/index.php\/2023\/10\/24\/fabricio-bruno-everton-ribeiro-david-luiz-thiago-maia-filipe-luis-allan-erick-pulgar-e-bruno-henrique-os-desfalques-e-pendurados-do-flamengo-contra-o-gremio\/"},"author":{"name":"Let\u00edcia Gerheim","@id":"https:\/\/www.gaveanews.com\/#\/schema\/person\/714c67050b836198af2450ba1c142a67"},"headline":"Fabr\u00edcio Bruno, Everton Ribeiro, David Luiz, Thiago Maia, Filipe Lu\u00eds, Allan, Erick Pulgar e Bruno Henrique: os desfalques e pendurados do Flamengo contra o Gr\u00eamio","datePublished":"2023-10-24T13:51:58+00:00","dateModified":"2024-04-07T12:53:54+00:00","mainEntityOfPage":{"@id":"https:\/\/www.gaveanews.com\/index.php\/2023\/10\/24\/fabricio-bruno-everton-ribeiro-david-luiz-thiago-maia-filipe-luis-allan-erick-pulgar-e-bruno-henrique-os-desfalques-e-pendurados-do-flamengo-contra-o-gremio\/"},"wordCount":296,"commentCount":0,"image":{"@id":"https:\/\/www.gaveanews.com\/index.php\/2023\/10\/24\/fabricio-bruno-everton-ribeiro-david-luiz-thiago-maia-filipe-luis-allan-erick-pulgar-e-bruno-henrique-os-desfalques-e-pendurados-do-flamengo-contra-o-gremio\/#primaryimage"},"thumbnailUrl":"https:\/\/www.gaveanews.com\/wp-content\/uploads\/thiago-maia-flamengo-vasco-1.webp","keywords":["Erick Antonio Pulgar Farf\u00e1n"],"articleSection":["Flamengo"],"inLanguage":"pt-BR","potentialAction":[{"@type":"CommentAction","name":"Comment","target":["https:\/\/www.gaveanews.com\/index.php\/2023\/10\/24\/fabricio-bruno-everton-ribeiro-david-luiz-thiago-maia-filipe-luis-allan-erick-pulgar-e-bruno-henrique-os-desfalques-e-pendurados-do-flamengo-contra-o-gremio\/#respond"]}],"copyrightYear":"2023","copyrightHolder":{"@id":"https:\/\/www.gaveanews.com\/#organization"}},{"@type":"WebPage","@id":"https:\/\/www.gaveanews.com\/index.php\/2023\/10\/24\/fabricio-bruno-everton-ribeiro-david-luiz-thiago-maia-filipe-luis-allan-erick-pulgar-e-bruno-henrique-os-desfalques-e-pendurados-do-flamengo-contra-o-gremio\/","url":"https:\/\/www.gaveanews.com\/index.php\/2023\/10\/24\/fabricio-bruno-everton-ribeiro-david-luiz-thiago-maia-filipe-luis-allan-erick-pulgar-e-bruno-henrique-os-desfalques-e-pendurados-do-flamengo-contra-o-gremio\/","name":"Fabr\u00edcio Bruno, Everton Ribeiro, David Luiz, Thiago Maia, Filipe Lu\u00eds, Allan, Erick Pulgar e Bruno Henrique: os desfalques e pendurados do Flamengo contra o Gr\u00eamio","isPartOf":{"@id":"https:\/\/www.gaveanews.com\/#website"},"primaryImageOfPage":{"@id":"https:\/\/www.gaveanews.com\/index.php\/2023\/10\/24\/fabricio-bruno-everton-ribeiro-david-luiz-thiago-maia-filipe-luis-allan-erick-pulgar-e-bruno-henrique-os-desfalques-e-pendurados-do-flamengo-contra-o-gremio\/#primaryimage"},"image":{"@id":"https:\/\/www.gaveanews.com\/index.php\/2023\/10\/24\/fabricio-bruno-everton-ribeiro-david-luiz-thiago-maia-filipe-luis-allan-erick-pulgar-e-bruno-henrique-os-desfalques-e-pendurados-do-flamengo-contra-o-gremio\/#primaryimage"},"thumbnailUrl":"https:\/\/www.gaveanews.com\/wp-content\/uploads\/thiago-maia-flamengo-vasco-1.webp","datePublished":"2023-10-24T13:51:58+00:00","dateModified":"2024-04-07T12:53:54+00:00","author":{"@id":"https:\/\/www.gaveanews.com\/#\/schema\/person\/714c67050b836198af2450ba1c142a67"},"breadcrumb":{"@id":"https:\/\/www.gaveanews.com\/index.php\/2023\/10\/24\/fabricio-bruno-everton-ribeiro-david-luiz-thiago-maia-filipe-luis-allan-erick-pulgar-e-bruno-henrique-os-desfalques-e-pendurados-do-flamengo-contra-o-gremio\/#breadcrumb"},"inLanguage":"pt-BR","potentialAction":[{"@type":"ReadAction","target":["https:\/\/www.gaveanews.com\/index.php\/2023\/10\/24\/fabricio-bruno-everton-ribeiro-david-luiz-thiago-maia-filipe-luis-allan-erick-pulgar-e-bruno-henrique-os-desfalques-e-pendurados-do-flamengo-contra-o-gremio\/"]}]},{"@type":"ImageObject","inLanguage":"pt-BR","@id":"https:\/\/www.gaveanews.com\/index.php\/2023\/10\/24\/fabricio-bruno-everton-ribeiro-david-luiz-thiago-maia-filipe-luis-allan-erick-pulgar-e-bruno-henrique-os-desfalques-e-pendurados-do-flamengo-contra-o-gremio\/#primaryimage","url":"https:\/\/www.gaveanews.com\/wp-content\/uploads\/thiago-maia-flamengo-vasco-1.webp","contentUrl":"https:\/\/www.gaveanews.com\/wp-content\/uploads\/thiago-maia-flamengo-vasco-1.webp","width":2048,"height":1368,"caption":"Thiago Maia em a\u00e7\u00e3o pelo Flamengo contra o Vasco (Foto: Paula Reis\/Flamengo)"},{"@type":"BreadcrumbList","@id":"https:\/\/www.gaveanews.com\/index.php\/2023\/10\/24\/fabricio-bruno-everton-ribeiro-david-luiz-thiago-maia-filipe-luis-allan-erick-pulgar-e-bruno-henrique-os-desfalques-e-pendurados-do-flamengo-contra-o-gremio\/#breadcrumb","itemListElement":[{"@type":"ListItem","position":1,"name":"Home","item":"https:\/\/www.gaveanews.com\/"},{"@type":"ListItem","position":2,"name":"Fabr\u00edcio Bruno, Everton Ribeiro, David Luiz, Thiago Maia, Filipe Lu\u00eds, Allan, Erick Pulgar e Bruno Henrique: os desfalques e pendurados do Flamengo contra o Gr\u00eamio"}]},{"@type":"WebSite","@id":"https:\/\/www.gaveanews.com\/#website","url":"https:\/\/www.gaveanews.com\/","name":"G\u00e1vea News","description":"Veja todas as not\u00edcias sobre o Flamengo: Contrata\u00e7\u00f5es, categorias de base, resultados das partidas, tabela de classifica\u00e7\u00e3o, pr\u00f3ximos jogos!","potentialAction":[{"@type":"SearchAction","target":{"@type":"EntryPoint","urlTemplate":"https:\/\/www.gaveanews.com\/?s={search_term_string}"},"query-input":{"@type":"PropertyValueSpecification","valueRequired":true,"valueName":"search_term_string"}}],"inLanguage":"pt-BR"},{"@type":"Person","@id":"https:\/\/www.gaveanews.com\/#\/schema\/person\/714c67050b836198af2450ba1c142a67","name":"Let\u00edcia Gerheim","image":{"@type":"ImageObject","inLanguage":"pt-BR","@id":"https:\/\/www.gaveanews.com\/#\/schema\/person\/image\/","url":"https:\/\/secure.gravatar.com\/avatar\/60734739c50fcebfbac509e2a826ccd0ff405c019bc73aab9354f19ecad1dcb4?s=96&d=mm&r=g","contentUrl":"https:\/\/secure.gravatar.com\/avatar\/60734739c50fcebfbac509e2a826ccd0ff405c019bc73aab9354f19ecad1dcb4?s=96&d=mm&r=g","caption":"Let\u00edcia Gerheim"}}]}},"_links":{"self":[{"href":"https:\/\/www.gaveanews.com\/index.php\/wp-json\/wp\/v2\/posts\/109104","targetHints":{"allow":["GET"]}}],"collection":[{"href":"https:\/\/www.gaveanews.com\/index.php\/wp-json\/wp\/v2\/posts"}],"about":[{"href":"https:\/\/www.gaveanews.com\/index.php\/wp-json\/wp\/v2\/types\/post"}],"author":[{"embeddable":true,"href":"https:\/\/www.gaveanews.com\/index.php\/wp-json\/wp\/v2\/users\/4"}],"replies":[{"embeddable":true,"href":"https:\/\/www.gaveanews.com\/index.php\/wp-json\/wp\/v2\/comments?post=109104"}],"version-history":[{"count":1,"href":"https:\/\/www.gaveanews.com\/index.php\/wp-json\/wp\/v2\/posts\/109104\/revisions"}],"predecessor-version":[{"id":137215,"href":"https:\/\/www.gaveanews.com\/index.php\/wp-json\/wp\/v2\/posts\/109104\/revisions\/137215"}],"wp:featuredmedia":[{"embeddable":true,"href":"https:\/\/www.gaveanews.com\/index.php\/wp-json\/wp\/v2\/media\/109055"}],"wp:attachment":[{"href":"https:\/\/www.gaveanews.com\/index.php\/wp-json\/wp\/v2\/media?parent=109104"}],"wp:term":[{"taxonomy":"category","embeddable":true,"href":"https:\/\/www.gaveanews.com\/index.php\/wp-json\/wp\/v2\/categories?post=109104"},{"taxonomy":"post_tag","embeddable":true,"href":"https:\/\/www.gaveanews.com\/index.php\/wp-json\/wp\/v2\/tags?post=109104"}],"curies":[{"name":"wp","href":"https:\/\/api.w.org\/{rel}","templated":true}]}}