{"id":109106,"date":"2023-10-24T15:00:56","date_gmt":"2023-10-24T18:00:56","guid":{"rendered":"https:\/\/www.gaveanews.com\/?p=109106"},"modified":"2023-10-24T15:00:58","modified_gmt":"2023-10-24T18:00:58","slug":"bruno-henrique-chama-a-responsabilidade-no-classico-entre-flamengo-e-vasco","status":"publish","type":"post","link":"https:\/\/www.gaveanews.com\/index.php\/2023\/10\/24\/bruno-henrique-chama-a-responsabilidade-no-classico-entre-flamengo-e-vasco\/","title":{"rendered":"Bruno Henrique chama a responsabilidade no cl\u00e1ssico entre Flamengo e Vasco"},"content":{"rendered":"\n<p>Por: Kayo Silva<br><br>No duelo entre Flamengo e Vasco pelo campeonato brasileiro, Bruno Henrique pede a palavra no vesti\u00e1rio, antes da bola rolar no cl\u00e1ssico. O momento foi registrado pela equipe da FlaTV, perfil oficial do Mais querido.\u00a0<\/p>\n\n\n\n<p>\u201cTodo mundo expressou aqui o que sente, rapaziada. Cl\u00e1ssico a gente sabe como \u00e9. Se decide nos detalhes, e nos detalhes vamos estar mais fortes. A gente est\u00e1 preparado para esse jogo. Vimos contra o Cruzeiro como foi, como \u00e9 bom ganhar. \u00c9 entrar l\u00e1 e vencer, como o professor (Tite) disse, s\u00e3o 100 minutos. Todo mundo \u00e9 importante\u201d, disse Bruno na antes do cl\u00e1ssico.\u00a0<\/p>\n\n\n\n<p>A equipe se manteve confiante, com os jogadores entrando em campo motivados, mesmo com in\u00edcio equilibrado, o Flamengo se manteve focado conseguindo tomar de conta do jogo, assim conseguindo abrir o placar com gol marcado por Gerson, dando n\u00fameros finais no cl\u00e1ssico. O Meng\u00e3o agora foca no pr\u00f3ximo duelo, nessa quarta-feira (25), contra o Gr\u00eamio em Porto Alegre.&nbsp;<\/p>\n\n\n\n<h2 class=\"wp-block-heading\" id=\"h-antes-do-classico-flamengo-acerta-a-renovacao-de-contrato-de-bruno-henrique\"><strong>Antes do cl\u00e1ssico, Flamengo acerta a renova\u00e7\u00e3o de contrato de Bruno Henrique\u00a0<\/strong><\/h2>\n\n\n\n<p>Momentos antes do duelo entre Flamengo e Vasco, a equipe de apura\u00e7\u00e3o do Ge, publicou que o clube tinha acertado a renova\u00e7\u00e3o de Bruno Henrique. O novo v\u00ednculo do atacante ser\u00e1 de 3 anos. &nbsp;<\/p>\n\n\n\n<p>Flamengo e Bruno Henrique cederam alguns pontos, para que a negocia\u00e7\u00e3o caminhasse para um desfecho positivo, entretanto o desejo do camisa 27 era de continuar no Mais querido do Brasil, assim fazendo que ambas as partes chegassem a um acordo.&nbsp;<\/p>\n\n\n\n<p>O atacante ir\u00e1 assinar nos pr\u00f3ximos dias o novo contrato, e o rubro-negro carioca conseguiu superar a proposta feita do Palmeiras, a equipe paulista, fez uma proposta por Bruno Henrique, por\u00e9m o camisa 27 priorizou a perman\u00eancia no Flamengo.&nbsp;<br><br><a href=\"https:\/\/www.gaveanews.com\/index.php\/2023\/10\/23\/veja-quando-o-flamengo-vai-confirmar-a-renovacao-de-bruno-henrique\/\">Veja quando o Flamengo vai confirmar a renova\u00e7\u00e3o de Bruno Henrique<\/a><\/p>\n","protected":false},"excerpt":{"rendered":"<p>Por: Kayo Silva No duelo entre Flamengo e Vasco pelo campeonato brasileiro, Bruno Henrique pede a palavra no vesti\u00e1rio, antes da bola rolar no cl\u00e1ssico. O momento foi registrado pela equipe da FlaTV, perfil oficial do Mais querido.\u00a0 \u201cTodo mundo expressou aqui o que sente, rapaziada. Cl\u00e1ssico a gente sabe como \u00e9. Se decide nos [&hellip;]<\/p>\n","protected":false},"author":10,"featured_media":100816,"comment_status":"open","ping_status":"closed","sticky":false,"template":"","format":"standard","meta":{"footnotes":""},"categories":[1],"tags":[],"class_list":["post-109106","post","type-post","status-publish","format-standard","has-post-thumbnail","hentry","category-flamengo"],"yoast_head":"<!-- This site is optimized with the Yoast SEO Premium plugin v24.2 (Yoast SEO v26.9) - https:\/\/yoast.com\/product\/yoast-seo-premium-wordpress\/ -->\n<title>Bruno Henrique chama a responsabilidade no cl\u00e1ssico entre Flamengo e Vasco<\/title>\n<meta name=\"robots\" content=\"index, follow, max-snippet:-1, max-image-preview:large, max-video-preview:-1\" \/>\n<link rel=\"canonical\" href=\"https:\/\/www.gaveanews.com\/index.php\/2023\/10\/24\/bruno-henrique-chama-a-responsabilidade-no-classico-entre-flamengo-e-vasco\/\" \/>\n<meta property=\"og:locale\" content=\"pt_BR\" \/>\n<meta property=\"og:type\" content=\"article\" \/>\n<meta property=\"og:title\" content=\"Bruno Henrique chama a responsabilidade no cl\u00e1ssico entre Flamengo e Vasco\" \/>\n<meta property=\"og:description\" content=\"Por: Kayo Silva No duelo entre Flamengo e Vasco pelo campeonato brasileiro, Bruno Henrique pede a palavra no vesti\u00e1rio, antes da bola rolar no cl\u00e1ssico. O momento foi registrado pela equipe da FlaTV, perfil oficial do Mais querido.\u00a0 \u201cTodo mundo expressou aqui o que sente, rapaziada. Cl\u00e1ssico a gente sabe como \u00e9. Se decide nos [&hellip;]\" \/>\n<meta property=\"og:url\" content=\"https:\/\/www.gaveanews.com\/index.php\/2023\/10\/24\/bruno-henrique-chama-a-responsabilidade-no-classico-entre-flamengo-e-vasco\/\" \/>\n<meta property=\"og:site_name\" content=\"G\u00e1vea News\" \/>\n<meta property=\"article:publisher\" content=\"https:\/\/facebook.com\/gaveaNews\/\" \/>\n<meta property=\"article:published_time\" content=\"2023-10-24T18:00:56+00:00\" \/>\n<meta property=\"article:modified_time\" content=\"2023-10-24T18:00:58+00:00\" \/>\n<meta property=\"og:image\" content=\"https:\/\/www.gaveanews.com\/wp-content\/uploads\/bruno-henrique.webp\" \/>\n\t<meta property=\"og:image:width\" content=\"984\" \/>\n\t<meta property=\"og:image:height\" content=\"656\" \/>\n\t<meta property=\"og:image:type\" content=\"image\/webp\" \/>\n<meta name=\"author\" content=\"Kayo Silva\" \/>\n<meta name=\"twitter:card\" content=\"summary_large_image\" \/>\n<meta name=\"twitter:label1\" content=\"Escrito por\" \/>\n\t<meta name=\"twitter:data1\" content=\"Kayo Silva\" \/>\n\t<meta name=\"twitter:label2\" content=\"Est. tempo de leitura\" \/>\n\t<meta name=\"twitter:data2\" content=\"2 minutos\" \/>\n<script type=\"application\/ld+json\" class=\"yoast-schema-graph\">{\"@context\":\"https:\/\/schema.org\",\"@graph\":[{\"@type\":\"NewsArticle\",\"@id\":\"https:\/\/www.gaveanews.com\/index.php\/2023\/10\/24\/bruno-henrique-chama-a-responsabilidade-no-classico-entre-flamengo-e-vasco\/#article\",\"isPartOf\":{\"@id\":\"https:\/\/www.gaveanews.com\/index.php\/2023\/10\/24\/bruno-henrique-chama-a-responsabilidade-no-classico-entre-flamengo-e-vasco\/\"},\"author\":{\"name\":\"Kayo Silva\",\"@id\":\"https:\/\/www.gaveanews.com\/#\/schema\/person\/51b3ba6a493cf9e7af9ce2c6d0d4ff1c\"},\"headline\":\"Bruno Henrique chama a responsabilidade no cl\u00e1ssico entre Flamengo e Vasco\",\"datePublished\":\"2023-10-24T18:00:56+00:00\",\"dateModified\":\"2023-10-24T18:00:58+00:00\",\"mainEntityOfPage\":{\"@id\":\"https:\/\/www.gaveanews.com\/index.php\/2023\/10\/24\/bruno-henrique-chama-a-responsabilidade-no-classico-entre-flamengo-e-vasco\/\"},\"wordCount\":325,\"commentCount\":0,\"image\":{\"@id\":\"https:\/\/www.gaveanews.com\/index.php\/2023\/10\/24\/bruno-henrique-chama-a-responsabilidade-no-classico-entre-flamengo-e-vasco\/#primaryimage\"},\"thumbnailUrl\":\"https:\/\/www.gaveanews.com\/wp-content\/uploads\/bruno-henrique.webp\",\"articleSection\":[\"Flamengo\"],\"inLanguage\":\"pt-BR\",\"potentialAction\":[{\"@type\":\"CommentAction\",\"name\":\"Comment\",\"target\":[\"https:\/\/www.gaveanews.com\/index.php\/2023\/10\/24\/bruno-henrique-chama-a-responsabilidade-no-classico-entre-flamengo-e-vasco\/#respond\"]}],\"copyrightYear\":\"2023\",\"copyrightHolder\":{\"@id\":\"https:\/\/www.gaveanews.com\/#organization\"}},{\"@type\":\"WebPage\",\"@id\":\"https:\/\/www.gaveanews.com\/index.php\/2023\/10\/24\/bruno-henrique-chama-a-responsabilidade-no-classico-entre-flamengo-e-vasco\/\",\"url\":\"https:\/\/www.gaveanews.com\/index.php\/2023\/10\/24\/bruno-henrique-chama-a-responsabilidade-no-classico-entre-flamengo-e-vasco\/\",\"name\":\"Bruno Henrique chama a responsabilidade no cl\u00e1ssico entre Flamengo e Vasco\",\"isPartOf\":{\"@id\":\"https:\/\/www.gaveanews.com\/#website\"},\"primaryImageOfPage\":{\"@id\":\"https:\/\/www.gaveanews.com\/index.php\/2023\/10\/24\/bruno-henrique-chama-a-responsabilidade-no-classico-entre-flamengo-e-vasco\/#primaryimage\"},\"image\":{\"@id\":\"https:\/\/www.gaveanews.com\/index.php\/2023\/10\/24\/bruno-henrique-chama-a-responsabilidade-no-classico-entre-flamengo-e-vasco\/#primaryimage\"},\"thumbnailUrl\":\"https:\/\/www.gaveanews.com\/wp-content\/uploads\/bruno-henrique.webp\",\"datePublished\":\"2023-10-24T18:00:56+00:00\",\"dateModified\":\"2023-10-24T18:00:58+00:00\",\"author\":{\"@id\":\"https:\/\/www.gaveanews.com\/#\/schema\/person\/51b3ba6a493cf9e7af9ce2c6d0d4ff1c\"},\"breadcrumb\":{\"@id\":\"https:\/\/www.gaveanews.com\/index.php\/2023\/10\/24\/bruno-henrique-chama-a-responsabilidade-no-classico-entre-flamengo-e-vasco\/#breadcrumb\"},\"inLanguage\":\"pt-BR\",\"potentialAction\":[{\"@type\":\"ReadAction\",\"target\":[\"https:\/\/www.gaveanews.com\/index.php\/2023\/10\/24\/bruno-henrique-chama-a-responsabilidade-no-classico-entre-flamengo-e-vasco\/\"]}]},{\"@type\":\"ImageObject\",\"inLanguage\":\"pt-BR\",\"@id\":\"https:\/\/www.gaveanews.com\/index.php\/2023\/10\/24\/bruno-henrique-chama-a-responsabilidade-no-classico-entre-flamengo-e-vasco\/#primaryimage\",\"url\":\"https:\/\/www.gaveanews.com\/wp-content\/uploads\/bruno-henrique.webp\",\"contentUrl\":\"https:\/\/www.gaveanews.com\/wp-content\/uploads\/bruno-henrique.webp\",\"width\":984,\"height\":656},{\"@type\":\"BreadcrumbList\",\"@id\":\"https:\/\/www.gaveanews.com\/index.php\/2023\/10\/24\/bruno-henrique-chama-a-responsabilidade-no-classico-entre-flamengo-e-vasco\/#breadcrumb\",\"itemListElement\":[{\"@type\":\"ListItem\",\"position\":1,\"name\":\"Home\",\"item\":\"https:\/\/www.gaveanews.com\/\"},{\"@type\":\"ListItem\",\"position\":2,\"name\":\"Bruno Henrique chama a responsabilidade no cl\u00e1ssico entre Flamengo e Vasco\"}]},{\"@type\":\"WebSite\",\"@id\":\"https:\/\/www.gaveanews.com\/#website\",\"url\":\"https:\/\/www.gaveanews.com\/\",\"name\":\"G\u00e1vea News\",\"description\":\"Veja todas as not\u00edcias sobre o Flamengo: Contrata\u00e7\u00f5es, categorias de base, resultados das partidas, tabela de classifica\u00e7\u00e3o, pr\u00f3ximos jogos!\",\"potentialAction\":[{\"@type\":\"SearchAction\",\"target\":{\"@type\":\"EntryPoint\",\"urlTemplate\":\"https:\/\/www.gaveanews.com\/?s={search_term_string}\"},\"query-input\":{\"@type\":\"PropertyValueSpecification\",\"valueRequired\":true,\"valueName\":\"search_term_string\"}}],\"inLanguage\":\"pt-BR\"},{\"@type\":\"Person\",\"@id\":\"https:\/\/www.gaveanews.com\/#\/schema\/person\/51b3ba6a493cf9e7af9ce2c6d0d4ff1c\",\"name\":\"Kayo Silva\",\"image\":{\"@type\":\"ImageObject\",\"inLanguage\":\"pt-BR\",\"@id\":\"https:\/\/www.gaveanews.com\/#\/schema\/person\/image\/\",\"url\":\"https:\/\/secure.gravatar.com\/avatar\/af6d65cafc646a65c39c5fcb2a1ef51b863a81461770cfff553ec2fdd931c68c?s=96&d=mm&r=g\",\"contentUrl\":\"https:\/\/secure.gravatar.com\/avatar\/af6d65cafc646a65c39c5fcb2a1ef51b863a81461770cfff553ec2fdd931c68c?s=96&d=mm&r=g\",\"caption\":\"Kayo Silva\"}}]}<\/script>\n<!-- \/ Yoast SEO Premium plugin. -->","yoast_head_json":{"title":"Bruno Henrique chama a responsabilidade no cl\u00e1ssico entre Flamengo e Vasco","robots":{"index":"index","follow":"follow","max-snippet":"max-snippet:-1","max-image-preview":"max-image-preview:large","max-video-preview":"max-video-preview:-1"},"canonical":"https:\/\/www.gaveanews.com\/index.php\/2023\/10\/24\/bruno-henrique-chama-a-responsabilidade-no-classico-entre-flamengo-e-vasco\/","og_locale":"pt_BR","og_type":"article","og_title":"Bruno Henrique chama a responsabilidade no cl\u00e1ssico entre Flamengo e Vasco","og_description":"Por: Kayo Silva No duelo entre Flamengo e Vasco pelo campeonato brasileiro, Bruno Henrique pede a palavra no vesti\u00e1rio, antes da bola rolar no cl\u00e1ssico. O momento foi registrado pela equipe da FlaTV, perfil oficial do Mais querido.\u00a0 \u201cTodo mundo expressou aqui o que sente, rapaziada. Cl\u00e1ssico a gente sabe como \u00e9. Se decide nos [&hellip;]","og_url":"https:\/\/www.gaveanews.com\/index.php\/2023\/10\/24\/bruno-henrique-chama-a-responsabilidade-no-classico-entre-flamengo-e-vasco\/","og_site_name":"G\u00e1vea News","article_publisher":"https:\/\/facebook.com\/gaveaNews\/","article_published_time":"2023-10-24T18:00:56+00:00","article_modified_time":"2023-10-24T18:00:58+00:00","og_image":[{"width":984,"height":656,"url":"https:\/\/www.gaveanews.com\/wp-content\/uploads\/bruno-henrique.webp","type":"image\/webp"}],"author":"Kayo Silva","twitter_card":"summary_large_image","twitter_misc":{"Escrito por":"Kayo Silva","Est. tempo de leitura":"2 minutos"},"schema":{"@context":"https:\/\/schema.org","@graph":[{"@type":"NewsArticle","@id":"https:\/\/www.gaveanews.com\/index.php\/2023\/10\/24\/bruno-henrique-chama-a-responsabilidade-no-classico-entre-flamengo-e-vasco\/#article","isPartOf":{"@id":"https:\/\/www.gaveanews.com\/index.php\/2023\/10\/24\/bruno-henrique-chama-a-responsabilidade-no-classico-entre-flamengo-e-vasco\/"},"author":{"name":"Kayo Silva","@id":"https:\/\/www.gaveanews.com\/#\/schema\/person\/51b3ba6a493cf9e7af9ce2c6d0d4ff1c"},"headline":"Bruno Henrique chama a responsabilidade no cl\u00e1ssico entre Flamengo e Vasco","datePublished":"2023-10-24T18:00:56+00:00","dateModified":"2023-10-24T18:00:58+00:00","mainEntityOfPage":{"@id":"https:\/\/www.gaveanews.com\/index.php\/2023\/10\/24\/bruno-henrique-chama-a-responsabilidade-no-classico-entre-flamengo-e-vasco\/"},"wordCount":325,"commentCount":0,"image":{"@id":"https:\/\/www.gaveanews.com\/index.php\/2023\/10\/24\/bruno-henrique-chama-a-responsabilidade-no-classico-entre-flamengo-e-vasco\/#primaryimage"},"thumbnailUrl":"https:\/\/www.gaveanews.com\/wp-content\/uploads\/bruno-henrique.webp","articleSection":["Flamengo"],"inLanguage":"pt-BR","potentialAction":[{"@type":"CommentAction","name":"Comment","target":["https:\/\/www.gaveanews.com\/index.php\/2023\/10\/24\/bruno-henrique-chama-a-responsabilidade-no-classico-entre-flamengo-e-vasco\/#respond"]}],"copyrightYear":"2023","copyrightHolder":{"@id":"https:\/\/www.gaveanews.com\/#organization"}},{"@type":"WebPage","@id":"https:\/\/www.gaveanews.com\/index.php\/2023\/10\/24\/bruno-henrique-chama-a-responsabilidade-no-classico-entre-flamengo-e-vasco\/","url":"https:\/\/www.gaveanews.com\/index.php\/2023\/10\/24\/bruno-henrique-chama-a-responsabilidade-no-classico-entre-flamengo-e-vasco\/","name":"Bruno Henrique chama a responsabilidade no cl\u00e1ssico entre Flamengo e Vasco","isPartOf":{"@id":"https:\/\/www.gaveanews.com\/#website"},"primaryImageOfPage":{"@id":"https:\/\/www.gaveanews.com\/index.php\/2023\/10\/24\/bruno-henrique-chama-a-responsabilidade-no-classico-entre-flamengo-e-vasco\/#primaryimage"},"image":{"@id":"https:\/\/www.gaveanews.com\/index.php\/2023\/10\/24\/bruno-henrique-chama-a-responsabilidade-no-classico-entre-flamengo-e-vasco\/#primaryimage"},"thumbnailUrl":"https:\/\/www.gaveanews.com\/wp-content\/uploads\/bruno-henrique.webp","datePublished":"2023-10-24T18:00:56+00:00","dateModified":"2023-10-24T18:00:58+00:00","author":{"@id":"https:\/\/www.gaveanews.com\/#\/schema\/person\/51b3ba6a493cf9e7af9ce2c6d0d4ff1c"},"breadcrumb":{"@id":"https:\/\/www.gaveanews.com\/index.php\/2023\/10\/24\/bruno-henrique-chama-a-responsabilidade-no-classico-entre-flamengo-e-vasco\/#breadcrumb"},"inLanguage":"pt-BR","potentialAction":[{"@type":"ReadAction","target":["https:\/\/www.gaveanews.com\/index.php\/2023\/10\/24\/bruno-henrique-chama-a-responsabilidade-no-classico-entre-flamengo-e-vasco\/"]}]},{"@type":"ImageObject","inLanguage":"pt-BR","@id":"https:\/\/www.gaveanews.com\/index.php\/2023\/10\/24\/bruno-henrique-chama-a-responsabilidade-no-classico-entre-flamengo-e-vasco\/#primaryimage","url":"https:\/\/www.gaveanews.com\/wp-content\/uploads\/bruno-henrique.webp","contentUrl":"https:\/\/www.gaveanews.com\/wp-content\/uploads\/bruno-henrique.webp","width":984,"height":656},{"@type":"BreadcrumbList","@id":"https:\/\/www.gaveanews.com\/index.php\/2023\/10\/24\/bruno-henrique-chama-a-responsabilidade-no-classico-entre-flamengo-e-vasco\/#breadcrumb","itemListElement":[{"@type":"ListItem","position":1,"name":"Home","item":"https:\/\/www.gaveanews.com\/"},{"@type":"ListItem","position":2,"name":"Bruno Henrique chama a responsabilidade no cl\u00e1ssico entre Flamengo e Vasco"}]},{"@type":"WebSite","@id":"https:\/\/www.gaveanews.com\/#website","url":"https:\/\/www.gaveanews.com\/","name":"G\u00e1vea News","description":"Veja todas as not\u00edcias sobre o Flamengo: Contrata\u00e7\u00f5es, categorias de base, resultados das partidas, tabela de classifica\u00e7\u00e3o, pr\u00f3ximos jogos!","potentialAction":[{"@type":"SearchAction","target":{"@type":"EntryPoint","urlTemplate":"https:\/\/www.gaveanews.com\/?s={search_term_string}"},"query-input":{"@type":"PropertyValueSpecification","valueRequired":true,"valueName":"search_term_string"}}],"inLanguage":"pt-BR"},{"@type":"Person","@id":"https:\/\/www.gaveanews.com\/#\/schema\/person\/51b3ba6a493cf9e7af9ce2c6d0d4ff1c","name":"Kayo Silva","image":{"@type":"ImageObject","inLanguage":"pt-BR","@id":"https:\/\/www.gaveanews.com\/#\/schema\/person\/image\/","url":"https:\/\/secure.gravatar.com\/avatar\/af6d65cafc646a65c39c5fcb2a1ef51b863a81461770cfff553ec2fdd931c68c?s=96&d=mm&r=g","contentUrl":"https:\/\/secure.gravatar.com\/avatar\/af6d65cafc646a65c39c5fcb2a1ef51b863a81461770cfff553ec2fdd931c68c?s=96&d=mm&r=g","caption":"Kayo Silva"}}]}},"_links":{"self":[{"href":"https:\/\/www.gaveanews.com\/index.php\/wp-json\/wp\/v2\/posts\/109106","targetHints":{"allow":["GET"]}}],"collection":[{"href":"https:\/\/www.gaveanews.com\/index.php\/wp-json\/wp\/v2\/posts"}],"about":[{"href":"https:\/\/www.gaveanews.com\/index.php\/wp-json\/wp\/v2\/types\/post"}],"author":[{"embeddable":true,"href":"https:\/\/www.gaveanews.com\/index.php\/wp-json\/wp\/v2\/users\/10"}],"replies":[{"embeddable":true,"href":"https:\/\/www.gaveanews.com\/index.php\/wp-json\/wp\/v2\/comments?post=109106"}],"version-history":[{"count":0,"href":"https:\/\/www.gaveanews.com\/index.php\/wp-json\/wp\/v2\/posts\/109106\/revisions"}],"wp:featuredmedia":[{"embeddable":true,"href":"https:\/\/www.gaveanews.com\/index.php\/wp-json\/wp\/v2\/media\/100816"}],"wp:attachment":[{"href":"https:\/\/www.gaveanews.com\/index.php\/wp-json\/wp\/v2\/media?parent=109106"}],"wp:term":[{"taxonomy":"category","embeddable":true,"href":"https:\/\/www.gaveanews.com\/index.php\/wp-json\/wp\/v2\/categories?post=109106"},{"taxonomy":"post_tag","embeddable":true,"href":"https:\/\/www.gaveanews.com\/index.php\/wp-json\/wp\/v2\/tags?post=109106"}],"curies":[{"name":"wp","href":"https:\/\/api.w.org\/{rel}","templated":true}]}}