{"id":109125,"date":"2023-10-24T17:21:57","date_gmt":"2023-10-24T20:21:57","guid":{"rendered":"https:\/\/www.gaveanews.com\/?p=109125"},"modified":"2023-10-24T17:22:00","modified_gmt":"2023-10-24T20:22:00","slug":"volante-do-flamengo-e-titular-em-vitoria-da-selecao-brasileira-na-estreia-do-pan","status":"publish","type":"post","link":"https:\/\/www.gaveanews.com\/index.php\/2023\/10\/24\/volante-do-flamengo-e-titular-em-vitoria-da-selecao-brasileira-na-estreia-do-pan\/","title":{"rendered":"Volante do Flamengo \u00e9 titular em vit\u00f3ria da sele\u00e7\u00e3o brasileira na estreia do Pan\u00a0"},"content":{"rendered":"\n<p>Por: Kayo Silva<br><br>Ap\u00f3s vit\u00f3ria contra o rival no cl\u00e1ssico do Campeonato Brasileiro, a na\u00e7\u00e3o pode acompanhar\u00a0o volante do Flamengo, Igor Jesus. O jovem foi\u00a0titular na vit\u00f3ria\u00a0da sele\u00e7\u00e3o brasileira que est\u00e1 no Chile, o capit\u00e3o do sub-20, participou da estreia do Brasil contra o Estados Unidos nessa segunda-feira (23).\u00a0<\/p>\n\n\n\n<p>A sele\u00e7\u00e3o batalhou para achar o gol diante da forte sele\u00e7\u00e3o dos Estados Unidos, o gol salvador foi marcado nos minutos finais, fazendo com que a sele\u00e7\u00e3o canarinho levasse os tr\u00eas pontos, Igor chegou a finalizar com perigo, o volante finalizou de fora da \u00e1rea, dando trabalho para o goleiro advers\u00e1rio.\u00a0<\/p>\n\n\n\n<p>O gol salvador foi marcado pelo zagueiro Miranda, de cabe\u00e7a, o Brasil segurou a vit\u00f3ria, assim conquistando a primeira vit\u00f3ria logo na estreia. A sele\u00e7\u00e3o est\u00e1 no grupo B, com Honduras, Col\u00f4mbia e Estados Unidos.&nbsp;<\/p>\n\n\n\n<p>Antes de viajar com a sele\u00e7\u00e3o, Igor Jesus se diz feliz com a convoca\u00e7\u00e3o para o torneio. \u201cUma honra estar vestindo a camisa do Brasil, representando o meu pa\u00eds. Tenho que agradecer a Deus, toda a minha fam\u00edlia, pelo apoio dos meus empres\u00e1rios e de toda a comiss\u00e3o da Sele\u00e7\u00e3o pela oportunidade. Estou muito feliz\u201d, diz o atleta.&nbsp;<br><br><a href=\"https:\/\/www.gaveanews.com\/index.php\/2023\/10\/23\/veja-quando-o-flamengo-vai-confirmar-a-renovacao-de-bruno-henrique\/\">Veja quando o Flamengo vai confirmar a renova\u00e7\u00e3o de Bruno Henrique<\/a><\/p>\n","protected":false},"excerpt":{"rendered":"<p>Por: Kayo Silva Ap\u00f3s vit\u00f3ria contra o rival no cl\u00e1ssico do Campeonato Brasileiro, a na\u00e7\u00e3o pode acompanhar\u00a0o volante do Flamengo, Igor Jesus. O jovem foi\u00a0titular na vit\u00f3ria\u00a0da sele\u00e7\u00e3o brasileira que est\u00e1 no Chile, o capit\u00e3o do sub-20, participou da estreia do Brasil contra o Estados Unidos nessa segunda-feira (23).\u00a0 A sele\u00e7\u00e3o batalhou para achar o [&hellip;]<\/p>\n","protected":false},"author":10,"featured_media":94687,"comment_status":"open","ping_status":"closed","sticky":false,"template":"","format":"standard","meta":{"footnotes":""},"categories":[1],"tags":[],"class_list":["post-109125","post","type-post","status-publish","format-standard","has-post-thumbnail","hentry","category-flamengo"],"yoast_head":"<!-- This site is optimized with the Yoast SEO Premium plugin v24.2 (Yoast SEO v26.9) - https:\/\/yoast.com\/product\/yoast-seo-premium-wordpress\/ -->\n<title>Volante do Flamengo \u00e9 titular em vit\u00f3ria da sele\u00e7\u00e3o brasileira na estreia do Pan\u00a0<\/title>\n<meta name=\"robots\" content=\"index, follow, max-snippet:-1, max-image-preview:large, max-video-preview:-1\" \/>\n<link rel=\"canonical\" href=\"https:\/\/www.gaveanews.com\/index.php\/2023\/10\/24\/volante-do-flamengo-e-titular-em-vitoria-da-selecao-brasileira-na-estreia-do-pan\/\" \/>\n<meta property=\"og:locale\" content=\"pt_BR\" \/>\n<meta property=\"og:type\" content=\"article\" \/>\n<meta property=\"og:title\" content=\"Volante do Flamengo \u00e9 titular em vit\u00f3ria da sele\u00e7\u00e3o brasileira na estreia do Pan\u00a0\" \/>\n<meta property=\"og:description\" content=\"Por: Kayo Silva Ap\u00f3s vit\u00f3ria contra o rival no cl\u00e1ssico do Campeonato Brasileiro, a na\u00e7\u00e3o pode acompanhar\u00a0o volante do Flamengo, Igor Jesus. O jovem foi\u00a0titular na vit\u00f3ria\u00a0da sele\u00e7\u00e3o brasileira que est\u00e1 no Chile, o capit\u00e3o do sub-20, participou da estreia do Brasil contra o Estados Unidos nessa segunda-feira (23).\u00a0 A sele\u00e7\u00e3o batalhou para achar o [&hellip;]\" \/>\n<meta property=\"og:url\" content=\"https:\/\/www.gaveanews.com\/index.php\/2023\/10\/24\/volante-do-flamengo-e-titular-em-vitoria-da-selecao-brasileira-na-estreia-do-pan\/\" \/>\n<meta property=\"og:site_name\" content=\"G\u00e1vea News\" \/>\n<meta property=\"article:publisher\" content=\"https:\/\/facebook.com\/gaveaNews\/\" \/>\n<meta property=\"article:published_time\" content=\"2023-10-24T20:21:57+00:00\" \/>\n<meta property=\"article:modified_time\" content=\"2023-10-24T20:22:00+00:00\" \/>\n<meta property=\"og:image\" content=\"https:\/\/www.gaveanews.com\/wp-content\/uploads\/igor-jesus-flamengo-botafogo.webp\" \/>\n\t<meta property=\"og:image:width\" content=\"1600\" \/>\n\t<meta property=\"og:image:height\" content=\"1066\" \/>\n\t<meta property=\"og:image:type\" content=\"image\/jpeg\" \/>\n<meta name=\"author\" content=\"Kayo Silva\" \/>\n<meta name=\"twitter:card\" content=\"summary_large_image\" \/>\n<meta name=\"twitter:label1\" content=\"Escrito por\" \/>\n\t<meta name=\"twitter:data1\" content=\"Kayo Silva\" \/>\n\t<meta name=\"twitter:label2\" content=\"Est. tempo de leitura\" \/>\n\t<meta name=\"twitter:data2\" content=\"2 minutos\" \/>\n<script type=\"application\/ld+json\" class=\"yoast-schema-graph\">{\"@context\":\"https:\/\/schema.org\",\"@graph\":[{\"@type\":\"NewsArticle\",\"@id\":\"https:\/\/www.gaveanews.com\/index.php\/2023\/10\/24\/volante-do-flamengo-e-titular-em-vitoria-da-selecao-brasileira-na-estreia-do-pan\/#article\",\"isPartOf\":{\"@id\":\"https:\/\/www.gaveanews.com\/index.php\/2023\/10\/24\/volante-do-flamengo-e-titular-em-vitoria-da-selecao-brasileira-na-estreia-do-pan\/\"},\"author\":{\"name\":\"Kayo Silva\",\"@id\":\"https:\/\/www.gaveanews.com\/#\/schema\/person\/51b3ba6a493cf9e7af9ce2c6d0d4ff1c\"},\"headline\":\"Volante do Flamengo \u00e9 titular em vit\u00f3ria da sele\u00e7\u00e3o brasileira na estreia do Pan\u00a0\",\"datePublished\":\"2023-10-24T20:21:57+00:00\",\"dateModified\":\"2023-10-24T20:22:00+00:00\",\"mainEntityOfPage\":{\"@id\":\"https:\/\/www.gaveanews.com\/index.php\/2023\/10\/24\/volante-do-flamengo-e-titular-em-vitoria-da-selecao-brasileira-na-estreia-do-pan\/\"},\"wordCount\":248,\"commentCount\":0,\"image\":{\"@id\":\"https:\/\/www.gaveanews.com\/index.php\/2023\/10\/24\/volante-do-flamengo-e-titular-em-vitoria-da-selecao-brasileira-na-estreia-do-pan\/#primaryimage\"},\"thumbnailUrl\":\"https:\/\/www.gaveanews.com\/wp-content\/uploads\/igor-jesus-flamengo-botafogo.webp\",\"articleSection\":[\"Flamengo\"],\"inLanguage\":\"pt-BR\",\"potentialAction\":[{\"@type\":\"CommentAction\",\"name\":\"Comment\",\"target\":[\"https:\/\/www.gaveanews.com\/index.php\/2023\/10\/24\/volante-do-flamengo-e-titular-em-vitoria-da-selecao-brasileira-na-estreia-do-pan\/#respond\"]}],\"copyrightYear\":\"2023\",\"copyrightHolder\":{\"@id\":\"https:\/\/www.gaveanews.com\/#organization\"}},{\"@type\":\"WebPage\",\"@id\":\"https:\/\/www.gaveanews.com\/index.php\/2023\/10\/24\/volante-do-flamengo-e-titular-em-vitoria-da-selecao-brasileira-na-estreia-do-pan\/\",\"url\":\"https:\/\/www.gaveanews.com\/index.php\/2023\/10\/24\/volante-do-flamengo-e-titular-em-vitoria-da-selecao-brasileira-na-estreia-do-pan\/\",\"name\":\"Volante do Flamengo \u00e9 titular em vit\u00f3ria da sele\u00e7\u00e3o brasileira na estreia do Pan\u00a0\",\"isPartOf\":{\"@id\":\"https:\/\/www.gaveanews.com\/#website\"},\"primaryImageOfPage\":{\"@id\":\"https:\/\/www.gaveanews.com\/index.php\/2023\/10\/24\/volante-do-flamengo-e-titular-em-vitoria-da-selecao-brasileira-na-estreia-do-pan\/#primaryimage\"},\"image\":{\"@id\":\"https:\/\/www.gaveanews.com\/index.php\/2023\/10\/24\/volante-do-flamengo-e-titular-em-vitoria-da-selecao-brasileira-na-estreia-do-pan\/#primaryimage\"},\"thumbnailUrl\":\"https:\/\/www.gaveanews.com\/wp-content\/uploads\/igor-jesus-flamengo-botafogo.webp\",\"datePublished\":\"2023-10-24T20:21:57+00:00\",\"dateModified\":\"2023-10-24T20:22:00+00:00\",\"author\":{\"@id\":\"https:\/\/www.gaveanews.com\/#\/schema\/person\/51b3ba6a493cf9e7af9ce2c6d0d4ff1c\"},\"breadcrumb\":{\"@id\":\"https:\/\/www.gaveanews.com\/index.php\/2023\/10\/24\/volante-do-flamengo-e-titular-em-vitoria-da-selecao-brasileira-na-estreia-do-pan\/#breadcrumb\"},\"inLanguage\":\"pt-BR\",\"potentialAction\":[{\"@type\":\"ReadAction\",\"target\":[\"https:\/\/www.gaveanews.com\/index.php\/2023\/10\/24\/volante-do-flamengo-e-titular-em-vitoria-da-selecao-brasileira-na-estreia-do-pan\/\"]}]},{\"@type\":\"ImageObject\",\"inLanguage\":\"pt-BR\",\"@id\":\"https:\/\/www.gaveanews.com\/index.php\/2023\/10\/24\/volante-do-flamengo-e-titular-em-vitoria-da-selecao-brasileira-na-estreia-do-pan\/#primaryimage\",\"url\":\"https:\/\/www.gaveanews.com\/wp-content\/uploads\/igor-jesus-flamengo-botafogo.webp\",\"contentUrl\":\"https:\/\/www.gaveanews.com\/wp-content\/uploads\/igor-jesus-flamengo-botafogo.webp\",\"width\":1600,\"height\":1066,\"caption\":\"Igor Jesus em a\u00e7\u00e3o pelo Flamengo contra o Botafogo (Foto: Marcelo Cortes\/Flamengo)\"},{\"@type\":\"BreadcrumbList\",\"@id\":\"https:\/\/www.gaveanews.com\/index.php\/2023\/10\/24\/volante-do-flamengo-e-titular-em-vitoria-da-selecao-brasileira-na-estreia-do-pan\/#breadcrumb\",\"itemListElement\":[{\"@type\":\"ListItem\",\"position\":1,\"name\":\"Home\",\"item\":\"https:\/\/www.gaveanews.com\/\"},{\"@type\":\"ListItem\",\"position\":2,\"name\":\"Volante do Flamengo \u00e9 titular em vit\u00f3ria da sele\u00e7\u00e3o brasileira na estreia do Pan\u00a0\"}]},{\"@type\":\"WebSite\",\"@id\":\"https:\/\/www.gaveanews.com\/#website\",\"url\":\"https:\/\/www.gaveanews.com\/\",\"name\":\"G\u00e1vea News\",\"description\":\"Veja todas as not\u00edcias sobre o Flamengo: Contrata\u00e7\u00f5es, categorias de base, resultados das partidas, tabela de classifica\u00e7\u00e3o, pr\u00f3ximos jogos!\",\"potentialAction\":[{\"@type\":\"SearchAction\",\"target\":{\"@type\":\"EntryPoint\",\"urlTemplate\":\"https:\/\/www.gaveanews.com\/?s={search_term_string}\"},\"query-input\":{\"@type\":\"PropertyValueSpecification\",\"valueRequired\":true,\"valueName\":\"search_term_string\"}}],\"inLanguage\":\"pt-BR\"},{\"@type\":\"Person\",\"@id\":\"https:\/\/www.gaveanews.com\/#\/schema\/person\/51b3ba6a493cf9e7af9ce2c6d0d4ff1c\",\"name\":\"Kayo Silva\",\"image\":{\"@type\":\"ImageObject\",\"inLanguage\":\"pt-BR\",\"@id\":\"https:\/\/www.gaveanews.com\/#\/schema\/person\/image\/\",\"url\":\"https:\/\/secure.gravatar.com\/avatar\/af6d65cafc646a65c39c5fcb2a1ef51b863a81461770cfff553ec2fdd931c68c?s=96&d=mm&r=g\",\"contentUrl\":\"https:\/\/secure.gravatar.com\/avatar\/af6d65cafc646a65c39c5fcb2a1ef51b863a81461770cfff553ec2fdd931c68c?s=96&d=mm&r=g\",\"caption\":\"Kayo Silva\"}}]}<\/script>\n<!-- \/ Yoast SEO Premium plugin. -->","yoast_head_json":{"title":"Volante do Flamengo \u00e9 titular em vit\u00f3ria da sele\u00e7\u00e3o brasileira na estreia do Pan\u00a0","robots":{"index":"index","follow":"follow","max-snippet":"max-snippet:-1","max-image-preview":"max-image-preview:large","max-video-preview":"max-video-preview:-1"},"canonical":"https:\/\/www.gaveanews.com\/index.php\/2023\/10\/24\/volante-do-flamengo-e-titular-em-vitoria-da-selecao-brasileira-na-estreia-do-pan\/","og_locale":"pt_BR","og_type":"article","og_title":"Volante do Flamengo \u00e9 titular em vit\u00f3ria da sele\u00e7\u00e3o brasileira na estreia do Pan\u00a0","og_description":"Por: Kayo Silva Ap\u00f3s vit\u00f3ria contra o rival no cl\u00e1ssico do Campeonato Brasileiro, a na\u00e7\u00e3o pode acompanhar\u00a0o volante do Flamengo, Igor Jesus. O jovem foi\u00a0titular na vit\u00f3ria\u00a0da sele\u00e7\u00e3o brasileira que est\u00e1 no Chile, o capit\u00e3o do sub-20, participou da estreia do Brasil contra o Estados Unidos nessa segunda-feira (23).\u00a0 A sele\u00e7\u00e3o batalhou para achar o [&hellip;]","og_url":"https:\/\/www.gaveanews.com\/index.php\/2023\/10\/24\/volante-do-flamengo-e-titular-em-vitoria-da-selecao-brasileira-na-estreia-do-pan\/","og_site_name":"G\u00e1vea News","article_publisher":"https:\/\/facebook.com\/gaveaNews\/","article_published_time":"2023-10-24T20:21:57+00:00","article_modified_time":"2023-10-24T20:22:00+00:00","og_image":[{"width":1600,"height":1066,"url":"https:\/\/www.gaveanews.com\/wp-content\/uploads\/igor-jesus-flamengo-botafogo.webp","type":"image\/jpeg"}],"author":"Kayo Silva","twitter_card":"summary_large_image","twitter_misc":{"Escrito por":"Kayo Silva","Est. tempo de leitura":"2 minutos"},"schema":{"@context":"https:\/\/schema.org","@graph":[{"@type":"NewsArticle","@id":"https:\/\/www.gaveanews.com\/index.php\/2023\/10\/24\/volante-do-flamengo-e-titular-em-vitoria-da-selecao-brasileira-na-estreia-do-pan\/#article","isPartOf":{"@id":"https:\/\/www.gaveanews.com\/index.php\/2023\/10\/24\/volante-do-flamengo-e-titular-em-vitoria-da-selecao-brasileira-na-estreia-do-pan\/"},"author":{"name":"Kayo Silva","@id":"https:\/\/www.gaveanews.com\/#\/schema\/person\/51b3ba6a493cf9e7af9ce2c6d0d4ff1c"},"headline":"Volante do Flamengo \u00e9 titular em vit\u00f3ria da sele\u00e7\u00e3o brasileira na estreia do Pan\u00a0","datePublished":"2023-10-24T20:21:57+00:00","dateModified":"2023-10-24T20:22:00+00:00","mainEntityOfPage":{"@id":"https:\/\/www.gaveanews.com\/index.php\/2023\/10\/24\/volante-do-flamengo-e-titular-em-vitoria-da-selecao-brasileira-na-estreia-do-pan\/"},"wordCount":248,"commentCount":0,"image":{"@id":"https:\/\/www.gaveanews.com\/index.php\/2023\/10\/24\/volante-do-flamengo-e-titular-em-vitoria-da-selecao-brasileira-na-estreia-do-pan\/#primaryimage"},"thumbnailUrl":"https:\/\/www.gaveanews.com\/wp-content\/uploads\/igor-jesus-flamengo-botafogo.webp","articleSection":["Flamengo"],"inLanguage":"pt-BR","potentialAction":[{"@type":"CommentAction","name":"Comment","target":["https:\/\/www.gaveanews.com\/index.php\/2023\/10\/24\/volante-do-flamengo-e-titular-em-vitoria-da-selecao-brasileira-na-estreia-do-pan\/#respond"]}],"copyrightYear":"2023","copyrightHolder":{"@id":"https:\/\/www.gaveanews.com\/#organization"}},{"@type":"WebPage","@id":"https:\/\/www.gaveanews.com\/index.php\/2023\/10\/24\/volante-do-flamengo-e-titular-em-vitoria-da-selecao-brasileira-na-estreia-do-pan\/","url":"https:\/\/www.gaveanews.com\/index.php\/2023\/10\/24\/volante-do-flamengo-e-titular-em-vitoria-da-selecao-brasileira-na-estreia-do-pan\/","name":"Volante do Flamengo \u00e9 titular em vit\u00f3ria da sele\u00e7\u00e3o brasileira na estreia do Pan\u00a0","isPartOf":{"@id":"https:\/\/www.gaveanews.com\/#website"},"primaryImageOfPage":{"@id":"https:\/\/www.gaveanews.com\/index.php\/2023\/10\/24\/volante-do-flamengo-e-titular-em-vitoria-da-selecao-brasileira-na-estreia-do-pan\/#primaryimage"},"image":{"@id":"https:\/\/www.gaveanews.com\/index.php\/2023\/10\/24\/volante-do-flamengo-e-titular-em-vitoria-da-selecao-brasileira-na-estreia-do-pan\/#primaryimage"},"thumbnailUrl":"https:\/\/www.gaveanews.com\/wp-content\/uploads\/igor-jesus-flamengo-botafogo.webp","datePublished":"2023-10-24T20:21:57+00:00","dateModified":"2023-10-24T20:22:00+00:00","author":{"@id":"https:\/\/www.gaveanews.com\/#\/schema\/person\/51b3ba6a493cf9e7af9ce2c6d0d4ff1c"},"breadcrumb":{"@id":"https:\/\/www.gaveanews.com\/index.php\/2023\/10\/24\/volante-do-flamengo-e-titular-em-vitoria-da-selecao-brasileira-na-estreia-do-pan\/#breadcrumb"},"inLanguage":"pt-BR","potentialAction":[{"@type":"ReadAction","target":["https:\/\/www.gaveanews.com\/index.php\/2023\/10\/24\/volante-do-flamengo-e-titular-em-vitoria-da-selecao-brasileira-na-estreia-do-pan\/"]}]},{"@type":"ImageObject","inLanguage":"pt-BR","@id":"https:\/\/www.gaveanews.com\/index.php\/2023\/10\/24\/volante-do-flamengo-e-titular-em-vitoria-da-selecao-brasileira-na-estreia-do-pan\/#primaryimage","url":"https:\/\/www.gaveanews.com\/wp-content\/uploads\/igor-jesus-flamengo-botafogo.webp","contentUrl":"https:\/\/www.gaveanews.com\/wp-content\/uploads\/igor-jesus-flamengo-botafogo.webp","width":1600,"height":1066,"caption":"Igor Jesus em a\u00e7\u00e3o pelo Flamengo contra o Botafogo (Foto: Marcelo Cortes\/Flamengo)"},{"@type":"BreadcrumbList","@id":"https:\/\/www.gaveanews.com\/index.php\/2023\/10\/24\/volante-do-flamengo-e-titular-em-vitoria-da-selecao-brasileira-na-estreia-do-pan\/#breadcrumb","itemListElement":[{"@type":"ListItem","position":1,"name":"Home","item":"https:\/\/www.gaveanews.com\/"},{"@type":"ListItem","position":2,"name":"Volante do Flamengo \u00e9 titular em vit\u00f3ria da sele\u00e7\u00e3o brasileira na estreia do Pan\u00a0"}]},{"@type":"WebSite","@id":"https:\/\/www.gaveanews.com\/#website","url":"https:\/\/www.gaveanews.com\/","name":"G\u00e1vea News","description":"Veja todas as not\u00edcias sobre o Flamengo: Contrata\u00e7\u00f5es, categorias de base, resultados das partidas, tabela de classifica\u00e7\u00e3o, pr\u00f3ximos jogos!","potentialAction":[{"@type":"SearchAction","target":{"@type":"EntryPoint","urlTemplate":"https:\/\/www.gaveanews.com\/?s={search_term_string}"},"query-input":{"@type":"PropertyValueSpecification","valueRequired":true,"valueName":"search_term_string"}}],"inLanguage":"pt-BR"},{"@type":"Person","@id":"https:\/\/www.gaveanews.com\/#\/schema\/person\/51b3ba6a493cf9e7af9ce2c6d0d4ff1c","name":"Kayo Silva","image":{"@type":"ImageObject","inLanguage":"pt-BR","@id":"https:\/\/www.gaveanews.com\/#\/schema\/person\/image\/","url":"https:\/\/secure.gravatar.com\/avatar\/af6d65cafc646a65c39c5fcb2a1ef51b863a81461770cfff553ec2fdd931c68c?s=96&d=mm&r=g","contentUrl":"https:\/\/secure.gravatar.com\/avatar\/af6d65cafc646a65c39c5fcb2a1ef51b863a81461770cfff553ec2fdd931c68c?s=96&d=mm&r=g","caption":"Kayo Silva"}}]}},"_links":{"self":[{"href":"https:\/\/www.gaveanews.com\/index.php\/wp-json\/wp\/v2\/posts\/109125","targetHints":{"allow":["GET"]}}],"collection":[{"href":"https:\/\/www.gaveanews.com\/index.php\/wp-json\/wp\/v2\/posts"}],"about":[{"href":"https:\/\/www.gaveanews.com\/index.php\/wp-json\/wp\/v2\/types\/post"}],"author":[{"embeddable":true,"href":"https:\/\/www.gaveanews.com\/index.php\/wp-json\/wp\/v2\/users\/10"}],"replies":[{"embeddable":true,"href":"https:\/\/www.gaveanews.com\/index.php\/wp-json\/wp\/v2\/comments?post=109125"}],"version-history":[{"count":0,"href":"https:\/\/www.gaveanews.com\/index.php\/wp-json\/wp\/v2\/posts\/109125\/revisions"}],"wp:featuredmedia":[{"embeddable":true,"href":"https:\/\/www.gaveanews.com\/index.php\/wp-json\/wp\/v2\/media\/94687"}],"wp:attachment":[{"href":"https:\/\/www.gaveanews.com\/index.php\/wp-json\/wp\/v2\/media?parent=109125"}],"wp:term":[{"taxonomy":"category","embeddable":true,"href":"https:\/\/www.gaveanews.com\/index.php\/wp-json\/wp\/v2\/categories?post=109125"},{"taxonomy":"post_tag","embeddable":true,"href":"https:\/\/www.gaveanews.com\/index.php\/wp-json\/wp\/v2\/tags?post=109125"}],"curies":[{"name":"wp","href":"https:\/\/api.w.org\/{rel}","templated":true}]}}