{"id":109151,"date":"2023-10-24T15:50:56","date_gmt":"2023-10-24T18:50:56","guid":{"rendered":"https:\/\/www.gaveanews.com\/?p=109151"},"modified":"2023-10-24T15:50:59","modified_gmt":"2023-10-24T18:50:59","slug":"sem-bruno-henrique-veja-a-provavel-escalacao-do-flamengo","status":"publish","type":"post","link":"https:\/\/www.gaveanews.com\/index.php\/2023\/10\/24\/sem-bruno-henrique-veja-a-provavel-escalacao-do-flamengo\/","title":{"rendered":"Sem Bruno Henrique, veja a prov\u00e1vel escala\u00e7\u00e3o do Flamengo"},"content":{"rendered":"\n<p>O Flamengo encerrou sua prepara\u00e7\u00e3o para o jogo contra o Gr\u00eamio na manh\u00e3 de ter\u00e7a-feira no Ninho do Urubu. Neste treinamento, houve algumas mudan\u00e7as importantes na equipe titular. Pablo ocupou o lugar de Fabr\u00edcio Bruno, que est\u00e1 suspenso para o jogo. Uma surpresa foi a presen\u00e7a de Everton Cebolinha no time titular, substituindo Bruno Henrique, que viajou com a delega\u00e7\u00e3o rubro-negra para Porto Alegre e est\u00e1 relacionado para a partida.<\/p>\n\n\n\n<p>No contexto das \u00faltimas partidas, o preparador f\u00edsico F\u00e1bio Mahseredjian revelou que Bruno Henrique e Pedro foram dois dos jogadores que mais se desgastaram. J\u00e1 sobre, Fabr\u00edcio Bruno, que saiu do cl\u00e1ssico com o tornozelo esquerdo bastante inchado, n\u00e3o participou do treinamento de ter\u00e7a-feira.<\/p>\n\n\n\n<p>Desta forma, a prov\u00e1vel escala\u00e7\u00e3o do Flamengo \u00e9: Rossi; Wesley, Pablo, L\u00e9o Pereira e Ayrton Lucas; Thiago Maia, Pulgar, Gerson e De Arrascaeta; Everton Cebolinha e Pedro.<\/p>\n\n\n\n<p>O Flamengo \u00e9 o terceiro colocado na tabela, com 50 pontos, e enfrentar\u00e1 o Gr\u00eamio em Porto Alegre nesta quarta-feira \u00e0s 21h30 (hor\u00e1rio de Bras\u00edlia).<\/p>\n","protected":false},"excerpt":{"rendered":"<p>O Flamengo encerrou sua prepara\u00e7\u00e3o para o jogo contra o Gr\u00eamio na manh\u00e3 de ter\u00e7a-feira no Ninho do Urubu. Neste treinamento, houve algumas mudan\u00e7as importantes na equipe titular. Pablo ocupou o lugar de Fabr\u00edcio Bruno, que est\u00e1 suspenso para o jogo. Uma surpresa foi a presen\u00e7a de Everton Cebolinha no time titular, substituindo Bruno Henrique, [&hellip;]<\/p>\n","protected":false},"author":1,"featured_media":108766,"comment_status":"open","ping_status":"closed","sticky":false,"template":"","format":"standard","meta":{"footnotes":""},"categories":[1],"tags":[],"class_list":["post-109151","post","type-post","status-publish","format-standard","has-post-thumbnail","hentry","category-flamengo"],"yoast_head":"<!-- This site is optimized with the Yoast SEO Premium plugin v24.2 (Yoast SEO v26.9) - https:\/\/yoast.com\/product\/yoast-seo-premium-wordpress\/ -->\n<title>Sem Bruno Henrique, veja a prov\u00e1vel escala\u00e7\u00e3o do Flamengo<\/title>\n<meta name=\"robots\" content=\"index, follow, max-snippet:-1, max-image-preview:large, max-video-preview:-1\" \/>\n<link rel=\"canonical\" href=\"https:\/\/www.gaveanews.com\/index.php\/2023\/10\/24\/sem-bruno-henrique-veja-a-provavel-escalacao-do-flamengo\/\" \/>\n<meta property=\"og:locale\" content=\"pt_BR\" \/>\n<meta property=\"og:type\" content=\"article\" \/>\n<meta property=\"og:title\" content=\"Sem Bruno Henrique, veja a prov\u00e1vel escala\u00e7\u00e3o do Flamengo\" \/>\n<meta property=\"og:description\" content=\"O Flamengo encerrou sua prepara\u00e7\u00e3o para o jogo contra o Gr\u00eamio na manh\u00e3 de ter\u00e7a-feira no Ninho do Urubu. Neste treinamento, houve algumas mudan\u00e7as importantes na equipe titular. Pablo ocupou o lugar de Fabr\u00edcio Bruno, que est\u00e1 suspenso para o jogo. Uma surpresa foi a presen\u00e7a de Everton Cebolinha no time titular, substituindo Bruno Henrique, [&hellip;]\" \/>\n<meta property=\"og:url\" content=\"https:\/\/www.gaveanews.com\/index.php\/2023\/10\/24\/sem-bruno-henrique-veja-a-provavel-escalacao-do-flamengo\/\" \/>\n<meta property=\"og:site_name\" content=\"G\u00e1vea News\" \/>\n<meta property=\"article:publisher\" content=\"https:\/\/facebook.com\/gaveaNews\/\" \/>\n<meta property=\"article:published_time\" content=\"2023-10-24T18:50:56+00:00\" \/>\n<meta property=\"article:modified_time\" content=\"2023-10-24T18:50:59+00:00\" \/>\n<meta property=\"og:image\" content=\"https:\/\/www.gaveanews.com\/wp-content\/uploads\/bruno-henrique-flamengo-cruzeiro.webp\" \/>\n\t<meta property=\"og:image:width\" content=\"900\" \/>\n\t<meta property=\"og:image:height\" content=\"599\" \/>\n\t<meta property=\"og:image:type\" content=\"image\/jpeg\" \/>\n<meta name=\"author\" content=\"Equipe G\u00e1vea News\" \/>\n<meta name=\"twitter:card\" content=\"summary_large_image\" \/>\n<meta name=\"twitter:label1\" content=\"Escrito por\" \/>\n\t<meta name=\"twitter:data1\" content=\"Equipe G\u00e1vea News\" \/>\n\t<meta name=\"twitter:label2\" content=\"Est. tempo de leitura\" \/>\n\t<meta name=\"twitter:data2\" content=\"1 minuto\" \/>\n<script type=\"application\/ld+json\" class=\"yoast-schema-graph\">{\"@context\":\"https:\/\/schema.org\",\"@graph\":[{\"@type\":\"NewsArticle\",\"@id\":\"https:\/\/www.gaveanews.com\/index.php\/2023\/10\/24\/sem-bruno-henrique-veja-a-provavel-escalacao-do-flamengo\/#article\",\"isPartOf\":{\"@id\":\"https:\/\/www.gaveanews.com\/index.php\/2023\/10\/24\/sem-bruno-henrique-veja-a-provavel-escalacao-do-flamengo\/\"},\"author\":{\"name\":\"Equipe G\u00e1vea News\",\"@id\":\"https:\/\/www.gaveanews.com\/#\/schema\/person\/2ec14f73fb96be2caf28f91afb14749d\"},\"headline\":\"Sem Bruno Henrique, veja a prov\u00e1vel escala\u00e7\u00e3o do Flamengo\",\"datePublished\":\"2023-10-24T18:50:56+00:00\",\"dateModified\":\"2023-10-24T18:50:59+00:00\",\"mainEntityOfPage\":{\"@id\":\"https:\/\/www.gaveanews.com\/index.php\/2023\/10\/24\/sem-bruno-henrique-veja-a-provavel-escalacao-do-flamengo\/\"},\"wordCount\":193,\"commentCount\":0,\"image\":{\"@id\":\"https:\/\/www.gaveanews.com\/index.php\/2023\/10\/24\/sem-bruno-henrique-veja-a-provavel-escalacao-do-flamengo\/#primaryimage\"},\"thumbnailUrl\":\"https:\/\/www.gaveanews.com\/wp-content\/uploads\/bruno-henrique-flamengo-cruzeiro.webp\",\"articleSection\":[\"Flamengo\"],\"inLanguage\":\"pt-BR\",\"potentialAction\":[{\"@type\":\"CommentAction\",\"name\":\"Comment\",\"target\":[\"https:\/\/www.gaveanews.com\/index.php\/2023\/10\/24\/sem-bruno-henrique-veja-a-provavel-escalacao-do-flamengo\/#respond\"]}],\"copyrightYear\":\"2023\",\"copyrightHolder\":{\"@id\":\"https:\/\/www.gaveanews.com\/#organization\"}},{\"@type\":\"WebPage\",\"@id\":\"https:\/\/www.gaveanews.com\/index.php\/2023\/10\/24\/sem-bruno-henrique-veja-a-provavel-escalacao-do-flamengo\/\",\"url\":\"https:\/\/www.gaveanews.com\/index.php\/2023\/10\/24\/sem-bruno-henrique-veja-a-provavel-escalacao-do-flamengo\/\",\"name\":\"Sem Bruno Henrique, veja a prov\u00e1vel escala\u00e7\u00e3o do Flamengo\",\"isPartOf\":{\"@id\":\"https:\/\/www.gaveanews.com\/#website\"},\"primaryImageOfPage\":{\"@id\":\"https:\/\/www.gaveanews.com\/index.php\/2023\/10\/24\/sem-bruno-henrique-veja-a-provavel-escalacao-do-flamengo\/#primaryimage\"},\"image\":{\"@id\":\"https:\/\/www.gaveanews.com\/index.php\/2023\/10\/24\/sem-bruno-henrique-veja-a-provavel-escalacao-do-flamengo\/#primaryimage\"},\"thumbnailUrl\":\"https:\/\/www.gaveanews.com\/wp-content\/uploads\/bruno-henrique-flamengo-cruzeiro.webp\",\"datePublished\":\"2023-10-24T18:50:56+00:00\",\"dateModified\":\"2023-10-24T18:50:59+00:00\",\"author\":{\"@id\":\"https:\/\/www.gaveanews.com\/#\/schema\/person\/2ec14f73fb96be2caf28f91afb14749d\"},\"breadcrumb\":{\"@id\":\"https:\/\/www.gaveanews.com\/index.php\/2023\/10\/24\/sem-bruno-henrique-veja-a-provavel-escalacao-do-flamengo\/#breadcrumb\"},\"inLanguage\":\"pt-BR\",\"potentialAction\":[{\"@type\":\"ReadAction\",\"target\":[\"https:\/\/www.gaveanews.com\/index.php\/2023\/10\/24\/sem-bruno-henrique-veja-a-provavel-escalacao-do-flamengo\/\"]}]},{\"@type\":\"ImageObject\",\"inLanguage\":\"pt-BR\",\"@id\":\"https:\/\/www.gaveanews.com\/index.php\/2023\/10\/24\/sem-bruno-henrique-veja-a-provavel-escalacao-do-flamengo\/#primaryimage\",\"url\":\"https:\/\/www.gaveanews.com\/wp-content\/uploads\/bruno-henrique-flamengo-cruzeiro.webp\",\"contentUrl\":\"https:\/\/www.gaveanews.com\/wp-content\/uploads\/bruno-henrique-flamengo-cruzeiro.webp\",\"width\":900,\"height\":599,\"caption\":\"Bruno Henrique em a\u00e7\u00e3o pelo Flamengo contra o Cruzeiro (Foto: Marcelo Cortes\/Flamengo)\"},{\"@type\":\"BreadcrumbList\",\"@id\":\"https:\/\/www.gaveanews.com\/index.php\/2023\/10\/24\/sem-bruno-henrique-veja-a-provavel-escalacao-do-flamengo\/#breadcrumb\",\"itemListElement\":[{\"@type\":\"ListItem\",\"position\":1,\"name\":\"Home\",\"item\":\"https:\/\/www.gaveanews.com\/\"},{\"@type\":\"ListItem\",\"position\":2,\"name\":\"Sem Bruno Henrique, veja a prov\u00e1vel escala\u00e7\u00e3o do Flamengo\"}]},{\"@type\":\"WebSite\",\"@id\":\"https:\/\/www.gaveanews.com\/#website\",\"url\":\"https:\/\/www.gaveanews.com\/\",\"name\":\"G\u00e1vea News\",\"description\":\"Veja todas as not\u00edcias sobre o Flamengo: Contrata\u00e7\u00f5es, categorias de base, resultados das partidas, tabela de classifica\u00e7\u00e3o, pr\u00f3ximos jogos!\",\"potentialAction\":[{\"@type\":\"SearchAction\",\"target\":{\"@type\":\"EntryPoint\",\"urlTemplate\":\"https:\/\/www.gaveanews.com\/?s={search_term_string}\"},\"query-input\":{\"@type\":\"PropertyValueSpecification\",\"valueRequired\":true,\"valueName\":\"search_term_string\"}}],\"inLanguage\":\"pt-BR\"},{\"@type\":\"Person\",\"@id\":\"https:\/\/www.gaveanews.com\/#\/schema\/person\/2ec14f73fb96be2caf28f91afb14749d\",\"name\":\"Equipe G\u00e1vea News\",\"image\":{\"@type\":\"ImageObject\",\"inLanguage\":\"pt-BR\",\"@id\":\"https:\/\/www.gaveanews.com\/#\/schema\/person\/image\/\",\"url\":\"https:\/\/secure.gravatar.com\/avatar\/1e1956f1facbffd3f8fa53a326721950116b3b9dc9bd44939c01180fd4a745a9?s=96&d=mm&r=g\",\"contentUrl\":\"https:\/\/secure.gravatar.com\/avatar\/1e1956f1facbffd3f8fa53a326721950116b3b9dc9bd44939c01180fd4a745a9?s=96&d=mm&r=g\",\"caption\":\"Equipe G\u00e1vea News\"}}]}<\/script>\n<!-- \/ Yoast SEO Premium plugin. -->","yoast_head_json":{"title":"Sem Bruno Henrique, veja a prov\u00e1vel escala\u00e7\u00e3o do Flamengo","robots":{"index":"index","follow":"follow","max-snippet":"max-snippet:-1","max-image-preview":"max-image-preview:large","max-video-preview":"max-video-preview:-1"},"canonical":"https:\/\/www.gaveanews.com\/index.php\/2023\/10\/24\/sem-bruno-henrique-veja-a-provavel-escalacao-do-flamengo\/","og_locale":"pt_BR","og_type":"article","og_title":"Sem Bruno Henrique, veja a prov\u00e1vel escala\u00e7\u00e3o do Flamengo","og_description":"O Flamengo encerrou sua prepara\u00e7\u00e3o para o jogo contra o Gr\u00eamio na manh\u00e3 de ter\u00e7a-feira no Ninho do Urubu. Neste treinamento, houve algumas mudan\u00e7as importantes na equipe titular. Pablo ocupou o lugar de Fabr\u00edcio Bruno, que est\u00e1 suspenso para o jogo. Uma surpresa foi a presen\u00e7a de Everton Cebolinha no time titular, substituindo Bruno Henrique, [&hellip;]","og_url":"https:\/\/www.gaveanews.com\/index.php\/2023\/10\/24\/sem-bruno-henrique-veja-a-provavel-escalacao-do-flamengo\/","og_site_name":"G\u00e1vea News","article_publisher":"https:\/\/facebook.com\/gaveaNews\/","article_published_time":"2023-10-24T18:50:56+00:00","article_modified_time":"2023-10-24T18:50:59+00:00","og_image":[{"width":900,"height":599,"url":"https:\/\/www.gaveanews.com\/wp-content\/uploads\/bruno-henrique-flamengo-cruzeiro.webp","type":"image\/jpeg"}],"author":"Equipe G\u00e1vea News","twitter_card":"summary_large_image","twitter_misc":{"Escrito por":"Equipe G\u00e1vea News","Est. tempo de leitura":"1 minuto"},"schema":{"@context":"https:\/\/schema.org","@graph":[{"@type":"NewsArticle","@id":"https:\/\/www.gaveanews.com\/index.php\/2023\/10\/24\/sem-bruno-henrique-veja-a-provavel-escalacao-do-flamengo\/#article","isPartOf":{"@id":"https:\/\/www.gaveanews.com\/index.php\/2023\/10\/24\/sem-bruno-henrique-veja-a-provavel-escalacao-do-flamengo\/"},"author":{"name":"Equipe G\u00e1vea News","@id":"https:\/\/www.gaveanews.com\/#\/schema\/person\/2ec14f73fb96be2caf28f91afb14749d"},"headline":"Sem Bruno Henrique, veja a prov\u00e1vel escala\u00e7\u00e3o do Flamengo","datePublished":"2023-10-24T18:50:56+00:00","dateModified":"2023-10-24T18:50:59+00:00","mainEntityOfPage":{"@id":"https:\/\/www.gaveanews.com\/index.php\/2023\/10\/24\/sem-bruno-henrique-veja-a-provavel-escalacao-do-flamengo\/"},"wordCount":193,"commentCount":0,"image":{"@id":"https:\/\/www.gaveanews.com\/index.php\/2023\/10\/24\/sem-bruno-henrique-veja-a-provavel-escalacao-do-flamengo\/#primaryimage"},"thumbnailUrl":"https:\/\/www.gaveanews.com\/wp-content\/uploads\/bruno-henrique-flamengo-cruzeiro.webp","articleSection":["Flamengo"],"inLanguage":"pt-BR","potentialAction":[{"@type":"CommentAction","name":"Comment","target":["https:\/\/www.gaveanews.com\/index.php\/2023\/10\/24\/sem-bruno-henrique-veja-a-provavel-escalacao-do-flamengo\/#respond"]}],"copyrightYear":"2023","copyrightHolder":{"@id":"https:\/\/www.gaveanews.com\/#organization"}},{"@type":"WebPage","@id":"https:\/\/www.gaveanews.com\/index.php\/2023\/10\/24\/sem-bruno-henrique-veja-a-provavel-escalacao-do-flamengo\/","url":"https:\/\/www.gaveanews.com\/index.php\/2023\/10\/24\/sem-bruno-henrique-veja-a-provavel-escalacao-do-flamengo\/","name":"Sem Bruno Henrique, veja a prov\u00e1vel escala\u00e7\u00e3o do Flamengo","isPartOf":{"@id":"https:\/\/www.gaveanews.com\/#website"},"primaryImageOfPage":{"@id":"https:\/\/www.gaveanews.com\/index.php\/2023\/10\/24\/sem-bruno-henrique-veja-a-provavel-escalacao-do-flamengo\/#primaryimage"},"image":{"@id":"https:\/\/www.gaveanews.com\/index.php\/2023\/10\/24\/sem-bruno-henrique-veja-a-provavel-escalacao-do-flamengo\/#primaryimage"},"thumbnailUrl":"https:\/\/www.gaveanews.com\/wp-content\/uploads\/bruno-henrique-flamengo-cruzeiro.webp","datePublished":"2023-10-24T18:50:56+00:00","dateModified":"2023-10-24T18:50:59+00:00","author":{"@id":"https:\/\/www.gaveanews.com\/#\/schema\/person\/2ec14f73fb96be2caf28f91afb14749d"},"breadcrumb":{"@id":"https:\/\/www.gaveanews.com\/index.php\/2023\/10\/24\/sem-bruno-henrique-veja-a-provavel-escalacao-do-flamengo\/#breadcrumb"},"inLanguage":"pt-BR","potentialAction":[{"@type":"ReadAction","target":["https:\/\/www.gaveanews.com\/index.php\/2023\/10\/24\/sem-bruno-henrique-veja-a-provavel-escalacao-do-flamengo\/"]}]},{"@type":"ImageObject","inLanguage":"pt-BR","@id":"https:\/\/www.gaveanews.com\/index.php\/2023\/10\/24\/sem-bruno-henrique-veja-a-provavel-escalacao-do-flamengo\/#primaryimage","url":"https:\/\/www.gaveanews.com\/wp-content\/uploads\/bruno-henrique-flamengo-cruzeiro.webp","contentUrl":"https:\/\/www.gaveanews.com\/wp-content\/uploads\/bruno-henrique-flamengo-cruzeiro.webp","width":900,"height":599,"caption":"Bruno Henrique em a\u00e7\u00e3o pelo Flamengo contra o Cruzeiro (Foto: Marcelo Cortes\/Flamengo)"},{"@type":"BreadcrumbList","@id":"https:\/\/www.gaveanews.com\/index.php\/2023\/10\/24\/sem-bruno-henrique-veja-a-provavel-escalacao-do-flamengo\/#breadcrumb","itemListElement":[{"@type":"ListItem","position":1,"name":"Home","item":"https:\/\/www.gaveanews.com\/"},{"@type":"ListItem","position":2,"name":"Sem Bruno Henrique, veja a prov\u00e1vel escala\u00e7\u00e3o do Flamengo"}]},{"@type":"WebSite","@id":"https:\/\/www.gaveanews.com\/#website","url":"https:\/\/www.gaveanews.com\/","name":"G\u00e1vea News","description":"Veja todas as not\u00edcias sobre o Flamengo: Contrata\u00e7\u00f5es, categorias de base, resultados das partidas, tabela de classifica\u00e7\u00e3o, pr\u00f3ximos jogos!","potentialAction":[{"@type":"SearchAction","target":{"@type":"EntryPoint","urlTemplate":"https:\/\/www.gaveanews.com\/?s={search_term_string}"},"query-input":{"@type":"PropertyValueSpecification","valueRequired":true,"valueName":"search_term_string"}}],"inLanguage":"pt-BR"},{"@type":"Person","@id":"https:\/\/www.gaveanews.com\/#\/schema\/person\/2ec14f73fb96be2caf28f91afb14749d","name":"Equipe G\u00e1vea News","image":{"@type":"ImageObject","inLanguage":"pt-BR","@id":"https:\/\/www.gaveanews.com\/#\/schema\/person\/image\/","url":"https:\/\/secure.gravatar.com\/avatar\/1e1956f1facbffd3f8fa53a326721950116b3b9dc9bd44939c01180fd4a745a9?s=96&d=mm&r=g","contentUrl":"https:\/\/secure.gravatar.com\/avatar\/1e1956f1facbffd3f8fa53a326721950116b3b9dc9bd44939c01180fd4a745a9?s=96&d=mm&r=g","caption":"Equipe G\u00e1vea News"}}]}},"_links":{"self":[{"href":"https:\/\/www.gaveanews.com\/index.php\/wp-json\/wp\/v2\/posts\/109151","targetHints":{"allow":["GET"]}}],"collection":[{"href":"https:\/\/www.gaveanews.com\/index.php\/wp-json\/wp\/v2\/posts"}],"about":[{"href":"https:\/\/www.gaveanews.com\/index.php\/wp-json\/wp\/v2\/types\/post"}],"author":[{"embeddable":true,"href":"https:\/\/www.gaveanews.com\/index.php\/wp-json\/wp\/v2\/users\/1"}],"replies":[{"embeddable":true,"href":"https:\/\/www.gaveanews.com\/index.php\/wp-json\/wp\/v2\/comments?post=109151"}],"version-history":[{"count":0,"href":"https:\/\/www.gaveanews.com\/index.php\/wp-json\/wp\/v2\/posts\/109151\/revisions"}],"wp:featuredmedia":[{"embeddable":true,"href":"https:\/\/www.gaveanews.com\/index.php\/wp-json\/wp\/v2\/media\/108766"}],"wp:attachment":[{"href":"https:\/\/www.gaveanews.com\/index.php\/wp-json\/wp\/v2\/media?parent=109151"}],"wp:term":[{"taxonomy":"category","embeddable":true,"href":"https:\/\/www.gaveanews.com\/index.php\/wp-json\/wp\/v2\/categories?post=109151"},{"taxonomy":"post_tag","embeddable":true,"href":"https:\/\/www.gaveanews.com\/index.php\/wp-json\/wp\/v2\/tags?post=109151"}],"curies":[{"name":"wp","href":"https:\/\/api.w.org\/{rel}","templated":true}]}}