{"id":109373,"date":"2023-10-26T10:53:31","date_gmt":"2023-10-26T13:53:31","guid":{"rendered":"https:\/\/www.gaveanews.com\/?p=109373"},"modified":"2024-04-07T09:39:21","modified_gmt":"2024-04-07T12:39:21","slug":"bruxa-solta-flamengo-emite-note-sobre-leo-pereira","status":"publish","type":"post","link":"https:\/\/www.gaveanews.com\/index.php\/2023\/10\/26\/bruxa-solta-flamengo-emite-note-sobre-leo-pereira\/","title":{"rendered":"Bruxa solta! Flamengo emite nota oficial sobre L\u00e9o Pereira"},"content":{"rendered":"\n<p>Por: Let\u00edcia Gerheim<br><br>J\u00e1 com <a href=\"https:\/\/www.gaveanews.com\/index.php\/2023\/10\/26\/flamengo-ganha-dois-desfalques-importantes-para-o-proximo-jogo-do-brasileirao\/\">dois desfalques confirmados para seu pr\u00f3ximo compromisso,<\/a> Tite pode ter ganhad um novo problema para o duelo contra o Santos. O Flamengo informou na manh\u00e3 desta quinta-feira (26) que L\u00e9o Pereira sofreu um trauma no embate com o Gr\u00eamio.<\/p>\n\n\n\n<p>Em nota oficial, o clube afirma que o zagueiro sofreu um trauma no t\u00f3rax na partida e teve uma fissura no s\u00e9timo arco costal esquerdo, localizado no t\u00f3rax. L\u00e9o Pereira est\u00e1 medicado e iniciou tratamento conservador.<\/p>\n\n\n\n<h2 class=\"wp-block-heading\" id=\"h-leia\">Leia:<\/h2>\n\n\n\n<p><em><strong>&#8220;O atleta L\u00e9o Pereira sofreu um trauma no t\u00f3rax durante a partida contra o Gr\u00eamio. Foi encaminhado para exames que diagnosticaram uma fissura no s\u00e9timo arco costal esquerdo. J\u00e1 iniciou tratamento conservador e se encontra medicado.&#8221;<\/strong><\/em><\/p>\n\n\n\n<p>A fissura na costela indicada consiste numa fratura parcial do osso, quando ele n\u00e3o quebra totalmente, havendo somente uma rachadura. O tratamento para o caso \u00e9 o uso de medicamento para aliviar a dor e repouso.<\/p>\n","protected":false},"excerpt":{"rendered":"<p>Por: Let\u00edcia Gerheim J\u00e1 com dois desfalques confirmados para seu pr\u00f3ximo compromisso, Tite pode ter ganhad um novo problema para o duelo contra o Santos. O Flamengo informou na manh\u00e3 desta quinta-feira (26) que L\u00e9o Pereira sofreu um trauma no embate com o Gr\u00eamio. Em nota oficial, o clube afirma que o zagueiro sofreu um [&hellip;]<\/p>\n","protected":false},"author":4,"featured_media":0,"comment_status":"open","ping_status":"closed","sticky":false,"template":"","format":"standard","meta":{"footnotes":""},"categories":[47,1],"tags":[175],"class_list":["post-109373","post","type-post","status-publish","format-standard","hentry","category-destaques","category-flamengo","tag-leonardo-leo-pereira"],"yoast_head":"<!-- This site is optimized with the Yoast SEO Premium plugin v24.2 (Yoast SEO v26.9) - https:\/\/yoast.com\/product\/yoast-seo-premium-wordpress\/ -->\n<title>Bruxa solta! Flamengo emite nota oficial sobre L\u00e9o Pereira<\/title>\n<meta name=\"robots\" content=\"index, follow, max-snippet:-1, max-image-preview:large, max-video-preview:-1\" \/>\n<link rel=\"canonical\" href=\"https:\/\/www.gaveanews.com\/index.php\/2023\/10\/26\/bruxa-solta-flamengo-emite-note-sobre-leo-pereira\/\" \/>\n<meta property=\"og:locale\" content=\"pt_BR\" \/>\n<meta property=\"og:type\" content=\"article\" \/>\n<meta property=\"og:title\" content=\"Bruxa solta! Flamengo emite nota oficial sobre L\u00e9o Pereira\" \/>\n<meta property=\"og:description\" content=\"Por: Let\u00edcia Gerheim J\u00e1 com dois desfalques confirmados para seu pr\u00f3ximo compromisso, Tite pode ter ganhad um novo problema para o duelo contra o Santos. O Flamengo informou na manh\u00e3 desta quinta-feira (26) que L\u00e9o Pereira sofreu um trauma no embate com o Gr\u00eamio. Em nota oficial, o clube afirma que o zagueiro sofreu um [&hellip;]\" \/>\n<meta property=\"og:url\" content=\"https:\/\/www.gaveanews.com\/index.php\/2023\/10\/26\/bruxa-solta-flamengo-emite-note-sobre-leo-pereira\/\" \/>\n<meta property=\"og:site_name\" content=\"G\u00e1vea News\" \/>\n<meta property=\"article:publisher\" content=\"https:\/\/facebook.com\/gaveaNews\/\" \/>\n<meta property=\"article:published_time\" content=\"2023-10-26T13:53:31+00:00\" \/>\n<meta property=\"article:modified_time\" content=\"2024-04-07T12:39:21+00:00\" \/>\n<meta name=\"author\" content=\"Let\u00edcia Gerheim\" \/>\n<meta name=\"twitter:card\" content=\"summary_large_image\" \/>\n<meta name=\"twitter:label1\" content=\"Escrito por\" \/>\n\t<meta name=\"twitter:data1\" content=\"Let\u00edcia Gerheim\" \/>\n\t<meta name=\"twitter:label2\" content=\"Est. tempo de leitura\" \/>\n\t<meta name=\"twitter:data2\" content=\"1 minuto\" \/>\n<script type=\"application\/ld+json\" class=\"yoast-schema-graph\">{\"@context\":\"https:\/\/schema.org\",\"@graph\":[{\"@type\":\"NewsArticle\",\"@id\":\"https:\/\/www.gaveanews.com\/index.php\/2023\/10\/26\/bruxa-solta-flamengo-emite-note-sobre-leo-pereira\/#article\",\"isPartOf\":{\"@id\":\"https:\/\/www.gaveanews.com\/index.php\/2023\/10\/26\/bruxa-solta-flamengo-emite-note-sobre-leo-pereira\/\"},\"author\":{\"name\":\"Let\u00edcia Gerheim\",\"@id\":\"https:\/\/www.gaveanews.com\/#\/schema\/person\/714c67050b836198af2450ba1c142a67\"},\"headline\":\"Bruxa solta! Flamengo emite nota oficial sobre L\u00e9o Pereira\",\"datePublished\":\"2023-10-26T13:53:31+00:00\",\"dateModified\":\"2024-04-07T12:39:21+00:00\",\"mainEntityOfPage\":{\"@id\":\"https:\/\/www.gaveanews.com\/index.php\/2023\/10\/26\/bruxa-solta-flamengo-emite-note-sobre-leo-pereira\/\"},\"wordCount\":174,\"commentCount\":0,\"keywords\":[\"Leonardo Pereira\"],\"articleSection\":[\"Destaques\",\"Flamengo\"],\"inLanguage\":\"pt-BR\",\"potentialAction\":[{\"@type\":\"CommentAction\",\"name\":\"Comment\",\"target\":[\"https:\/\/www.gaveanews.com\/index.php\/2023\/10\/26\/bruxa-solta-flamengo-emite-note-sobre-leo-pereira\/#respond\"]}],\"copyrightYear\":\"2023\",\"copyrightHolder\":{\"@id\":\"https:\/\/www.gaveanews.com\/#organization\"}},{\"@type\":\"WebPage\",\"@id\":\"https:\/\/www.gaveanews.com\/index.php\/2023\/10\/26\/bruxa-solta-flamengo-emite-note-sobre-leo-pereira\/\",\"url\":\"https:\/\/www.gaveanews.com\/index.php\/2023\/10\/26\/bruxa-solta-flamengo-emite-note-sobre-leo-pereira\/\",\"name\":\"Bruxa solta! Flamengo emite nota oficial sobre L\u00e9o Pereira\",\"isPartOf\":{\"@id\":\"https:\/\/www.gaveanews.com\/#website\"},\"datePublished\":\"2023-10-26T13:53:31+00:00\",\"dateModified\":\"2024-04-07T12:39:21+00:00\",\"author\":{\"@id\":\"https:\/\/www.gaveanews.com\/#\/schema\/person\/714c67050b836198af2450ba1c142a67\"},\"breadcrumb\":{\"@id\":\"https:\/\/www.gaveanews.com\/index.php\/2023\/10\/26\/bruxa-solta-flamengo-emite-note-sobre-leo-pereira\/#breadcrumb\"},\"inLanguage\":\"pt-BR\",\"potentialAction\":[{\"@type\":\"ReadAction\",\"target\":[\"https:\/\/www.gaveanews.com\/index.php\/2023\/10\/26\/bruxa-solta-flamengo-emite-note-sobre-leo-pereira\/\"]}]},{\"@type\":\"BreadcrumbList\",\"@id\":\"https:\/\/www.gaveanews.com\/index.php\/2023\/10\/26\/bruxa-solta-flamengo-emite-note-sobre-leo-pereira\/#breadcrumb\",\"itemListElement\":[{\"@type\":\"ListItem\",\"position\":1,\"name\":\"Home\",\"item\":\"https:\/\/www.gaveanews.com\/\"},{\"@type\":\"ListItem\",\"position\":2,\"name\":\"Bruxa solta! Flamengo emite nota oficial sobre L\u00e9o Pereira\"}]},{\"@type\":\"WebSite\",\"@id\":\"https:\/\/www.gaveanews.com\/#website\",\"url\":\"https:\/\/www.gaveanews.com\/\",\"name\":\"G\u00e1vea News\",\"description\":\"Veja todas as not\u00edcias sobre o Flamengo: Contrata\u00e7\u00f5es, categorias de base, resultados das partidas, tabela de classifica\u00e7\u00e3o, pr\u00f3ximos jogos!\",\"potentialAction\":[{\"@type\":\"SearchAction\",\"target\":{\"@type\":\"EntryPoint\",\"urlTemplate\":\"https:\/\/www.gaveanews.com\/?s={search_term_string}\"},\"query-input\":{\"@type\":\"PropertyValueSpecification\",\"valueRequired\":true,\"valueName\":\"search_term_string\"}}],\"inLanguage\":\"pt-BR\"},{\"@type\":\"Person\",\"@id\":\"https:\/\/www.gaveanews.com\/#\/schema\/person\/714c67050b836198af2450ba1c142a67\",\"name\":\"Let\u00edcia Gerheim\",\"image\":{\"@type\":\"ImageObject\",\"inLanguage\":\"pt-BR\",\"@id\":\"https:\/\/www.gaveanews.com\/#\/schema\/person\/image\/\",\"url\":\"https:\/\/secure.gravatar.com\/avatar\/60734739c50fcebfbac509e2a826ccd0ff405c019bc73aab9354f19ecad1dcb4?s=96&d=mm&r=g\",\"contentUrl\":\"https:\/\/secure.gravatar.com\/avatar\/60734739c50fcebfbac509e2a826ccd0ff405c019bc73aab9354f19ecad1dcb4?s=96&d=mm&r=g\",\"caption\":\"Let\u00edcia Gerheim\"}}]}<\/script>\n<!-- \/ Yoast SEO Premium plugin. -->","yoast_head_json":{"title":"Bruxa solta! Flamengo emite nota oficial sobre L\u00e9o Pereira","robots":{"index":"index","follow":"follow","max-snippet":"max-snippet:-1","max-image-preview":"max-image-preview:large","max-video-preview":"max-video-preview:-1"},"canonical":"https:\/\/www.gaveanews.com\/index.php\/2023\/10\/26\/bruxa-solta-flamengo-emite-note-sobre-leo-pereira\/","og_locale":"pt_BR","og_type":"article","og_title":"Bruxa solta! Flamengo emite nota oficial sobre L\u00e9o Pereira","og_description":"Por: Let\u00edcia Gerheim J\u00e1 com dois desfalques confirmados para seu pr\u00f3ximo compromisso, Tite pode ter ganhad um novo problema para o duelo contra o Santos. O Flamengo informou na manh\u00e3 desta quinta-feira (26) que L\u00e9o Pereira sofreu um trauma no embate com o Gr\u00eamio. Em nota oficial, o clube afirma que o zagueiro sofreu um [&hellip;]","og_url":"https:\/\/www.gaveanews.com\/index.php\/2023\/10\/26\/bruxa-solta-flamengo-emite-note-sobre-leo-pereira\/","og_site_name":"G\u00e1vea News","article_publisher":"https:\/\/facebook.com\/gaveaNews\/","article_published_time":"2023-10-26T13:53:31+00:00","article_modified_time":"2024-04-07T12:39:21+00:00","author":"Let\u00edcia Gerheim","twitter_card":"summary_large_image","twitter_misc":{"Escrito por":"Let\u00edcia Gerheim","Est. tempo de leitura":"1 minuto"},"schema":{"@context":"https:\/\/schema.org","@graph":[{"@type":"NewsArticle","@id":"https:\/\/www.gaveanews.com\/index.php\/2023\/10\/26\/bruxa-solta-flamengo-emite-note-sobre-leo-pereira\/#article","isPartOf":{"@id":"https:\/\/www.gaveanews.com\/index.php\/2023\/10\/26\/bruxa-solta-flamengo-emite-note-sobre-leo-pereira\/"},"author":{"name":"Let\u00edcia Gerheim","@id":"https:\/\/www.gaveanews.com\/#\/schema\/person\/714c67050b836198af2450ba1c142a67"},"headline":"Bruxa solta! Flamengo emite nota oficial sobre L\u00e9o Pereira","datePublished":"2023-10-26T13:53:31+00:00","dateModified":"2024-04-07T12:39:21+00:00","mainEntityOfPage":{"@id":"https:\/\/www.gaveanews.com\/index.php\/2023\/10\/26\/bruxa-solta-flamengo-emite-note-sobre-leo-pereira\/"},"wordCount":174,"commentCount":0,"keywords":["Leonardo Pereira"],"articleSection":["Destaques","Flamengo"],"inLanguage":"pt-BR","potentialAction":[{"@type":"CommentAction","name":"Comment","target":["https:\/\/www.gaveanews.com\/index.php\/2023\/10\/26\/bruxa-solta-flamengo-emite-note-sobre-leo-pereira\/#respond"]}],"copyrightYear":"2023","copyrightHolder":{"@id":"https:\/\/www.gaveanews.com\/#organization"}},{"@type":"WebPage","@id":"https:\/\/www.gaveanews.com\/index.php\/2023\/10\/26\/bruxa-solta-flamengo-emite-note-sobre-leo-pereira\/","url":"https:\/\/www.gaveanews.com\/index.php\/2023\/10\/26\/bruxa-solta-flamengo-emite-note-sobre-leo-pereira\/","name":"Bruxa solta! Flamengo emite nota oficial sobre L\u00e9o Pereira","isPartOf":{"@id":"https:\/\/www.gaveanews.com\/#website"},"datePublished":"2023-10-26T13:53:31+00:00","dateModified":"2024-04-07T12:39:21+00:00","author":{"@id":"https:\/\/www.gaveanews.com\/#\/schema\/person\/714c67050b836198af2450ba1c142a67"},"breadcrumb":{"@id":"https:\/\/www.gaveanews.com\/index.php\/2023\/10\/26\/bruxa-solta-flamengo-emite-note-sobre-leo-pereira\/#breadcrumb"},"inLanguage":"pt-BR","potentialAction":[{"@type":"ReadAction","target":["https:\/\/www.gaveanews.com\/index.php\/2023\/10\/26\/bruxa-solta-flamengo-emite-note-sobre-leo-pereira\/"]}]},{"@type":"BreadcrumbList","@id":"https:\/\/www.gaveanews.com\/index.php\/2023\/10\/26\/bruxa-solta-flamengo-emite-note-sobre-leo-pereira\/#breadcrumb","itemListElement":[{"@type":"ListItem","position":1,"name":"Home","item":"https:\/\/www.gaveanews.com\/"},{"@type":"ListItem","position":2,"name":"Bruxa solta! Flamengo emite nota oficial sobre L\u00e9o Pereira"}]},{"@type":"WebSite","@id":"https:\/\/www.gaveanews.com\/#website","url":"https:\/\/www.gaveanews.com\/","name":"G\u00e1vea News","description":"Veja todas as not\u00edcias sobre o Flamengo: Contrata\u00e7\u00f5es, categorias de base, resultados das partidas, tabela de classifica\u00e7\u00e3o, pr\u00f3ximos jogos!","potentialAction":[{"@type":"SearchAction","target":{"@type":"EntryPoint","urlTemplate":"https:\/\/www.gaveanews.com\/?s={search_term_string}"},"query-input":{"@type":"PropertyValueSpecification","valueRequired":true,"valueName":"search_term_string"}}],"inLanguage":"pt-BR"},{"@type":"Person","@id":"https:\/\/www.gaveanews.com\/#\/schema\/person\/714c67050b836198af2450ba1c142a67","name":"Let\u00edcia Gerheim","image":{"@type":"ImageObject","inLanguage":"pt-BR","@id":"https:\/\/www.gaveanews.com\/#\/schema\/person\/image\/","url":"https:\/\/secure.gravatar.com\/avatar\/60734739c50fcebfbac509e2a826ccd0ff405c019bc73aab9354f19ecad1dcb4?s=96&d=mm&r=g","contentUrl":"https:\/\/secure.gravatar.com\/avatar\/60734739c50fcebfbac509e2a826ccd0ff405c019bc73aab9354f19ecad1dcb4?s=96&d=mm&r=g","caption":"Let\u00edcia Gerheim"}}]}},"_links":{"self":[{"href":"https:\/\/www.gaveanews.com\/index.php\/wp-json\/wp\/v2\/posts\/109373","targetHints":{"allow":["GET"]}}],"collection":[{"href":"https:\/\/www.gaveanews.com\/index.php\/wp-json\/wp\/v2\/posts"}],"about":[{"href":"https:\/\/www.gaveanews.com\/index.php\/wp-json\/wp\/v2\/types\/post"}],"author":[{"embeddable":true,"href":"https:\/\/www.gaveanews.com\/index.php\/wp-json\/wp\/v2\/users\/4"}],"replies":[{"embeddable":true,"href":"https:\/\/www.gaveanews.com\/index.php\/wp-json\/wp\/v2\/comments?post=109373"}],"version-history":[{"count":1,"href":"https:\/\/www.gaveanews.com\/index.php\/wp-json\/wp\/v2\/posts\/109373\/revisions"}],"predecessor-version":[{"id":129664,"href":"https:\/\/www.gaveanews.com\/index.php\/wp-json\/wp\/v2\/posts\/109373\/revisions\/129664"}],"wp:attachment":[{"href":"https:\/\/www.gaveanews.com\/index.php\/wp-json\/wp\/v2\/media?parent=109373"}],"wp:term":[{"taxonomy":"category","embeddable":true,"href":"https:\/\/www.gaveanews.com\/index.php\/wp-json\/wp\/v2\/categories?post=109373"},{"taxonomy":"post_tag","embeddable":true,"href":"https:\/\/www.gaveanews.com\/index.php\/wp-json\/wp\/v2\/tags?post=109373"}],"curies":[{"name":"wp","href":"https:\/\/api.w.org\/{rel}","templated":true}]}}