{"id":110320,"date":"2023-11-05T23:21:22","date_gmt":"2023-11-06T02:21:22","guid":{"rendered":"https:\/\/www.gaveanews.com\/?p=110320"},"modified":"2023-11-06T03:38:01","modified_gmt":"2023-11-06T06:38:01","slug":"real-madrid-quer-contratar-meio-campista-encostado-por-pep-guardiola-no-manchester-city","status":"publish","type":"post","link":"https:\/\/www.gaveanews.com\/index.php\/2023\/11\/05\/real-madrid-quer-contratar-meio-campista-encostado-por-pep-guardiola-no-manchester-city\/","title":{"rendered":"Real Madrid quer contratar meio-campista encostado por Pep Guardiola no Manchester City"},"content":{"rendered":"\n<p>O volante Kalvin Phillips, de 27 anos, que foi contratado pelo Manchester City em 2022 por 49 milh\u00f5es de euros, est\u00e1 prestes a deixar o clube ingl\u00eas. Apesar de ser titular na sele\u00e7\u00e3o inglesa, Phillips teve dificuldades para se firmar na equipe de Pep Guardiola, com apenas 28 jogos disputados nos \u00faltimos dois anos, sendo somente cinco como titular, n\u00e3o tendo contribu\u00eddo com gols ou assist\u00eancias.<\/p>\n\n\n\n<p>De acordo com o jornalista Florian Plettenberg, da Sky Sport, o estafe de Phillips j\u00e1 est\u00e1 explorando possibilidades de mercado para sua sa\u00edda. A ideia inicial \u00e9 considerar uma negocia\u00e7\u00e3o de empr\u00e9stimo com op\u00e7\u00e3o de compra, possivelmente aproveitando o tempo de contrato restante com o Manchester City, que vai at\u00e9 junho de 2028.<\/p>\n\n\n\n<p>Embora tenham surgido rumores de uma poss\u00edvel transfer\u00eancia para o Bayern de Munique, ainda n\u00e3o h\u00e1 negocia\u00e7\u00f5es confirmadas entre o jogador e o clube alem\u00e3o no momento. No entanto, n\u00e3o se descarta a possibilidade de oferecer o jogador a algum clube nas pr\u00f3ximas semanas.<\/p>\n\n\n\n<p>Clubes, como Newcastle, Aston Villa, West Ham e at\u00e9 o Real Madrid, demonstraram interesse no volante ingl\u00eas, que poder\u00e1 deixar o clube tanto em definitivo quanto por empr\u00e9stimo.<\/p>\n","protected":false},"excerpt":{"rendered":"<p>O volante Kalvin Phillips, de 27 anos, que foi contratado pelo Manchester City em 2022 por 49 milh\u00f5es de euros, est\u00e1 prestes a deixar o clube ingl\u00eas. Apesar de ser titular na sele\u00e7\u00e3o inglesa, Phillips teve dificuldades para se firmar na equipe de Pep Guardiola, com apenas 28 jogos disputados nos \u00faltimos dois anos, sendo [&hellip;]<\/p>\n","protected":false},"author":1,"featured_media":110322,"comment_status":"open","ping_status":"closed","sticky":false,"template":"","format":"standard","meta":{"footnotes":""},"categories":[1],"tags":[],"class_list":["post-110320","post","type-post","status-publish","format-standard","has-post-thumbnail","hentry","category-flamengo"],"yoast_head":"<!-- This site is optimized with the Yoast SEO Premium plugin v24.2 (Yoast SEO v26.9) - https:\/\/yoast.com\/product\/yoast-seo-premium-wordpress\/ -->\n<title>Real Madrid quer contratar meia &#039;encostado&#039; por Guardiola no City<\/title>\n<meta name=\"description\" content=\"Embora tenham surgido rumores de uma poss\u00edvel transfer\u00eancia para o Bayern de Munique, ainda n\u00e3o h\u00e1 negocia\u00e7\u00f5es confirmadas.\" \/>\n<meta name=\"robots\" content=\"index, follow, max-snippet:-1, max-image-preview:large, max-video-preview:-1\" \/>\n<link rel=\"canonical\" href=\"https:\/\/www.gaveanews.com\/index.php\/2023\/11\/05\/real-madrid-quer-contratar-meio-campista-encostado-por-pep-guardiola-no-manchester-city\/\" \/>\n<meta property=\"og:locale\" content=\"pt_BR\" \/>\n<meta property=\"og:type\" content=\"article\" \/>\n<meta property=\"og:title\" content=\"Real Madrid quer contratar meio-campista encostado por Pep Guardiola no Manchester City\" \/>\n<meta property=\"og:description\" content=\"Embora tenham surgido rumores de uma poss\u00edvel transfer\u00eancia para o Bayern de Munique, ainda n\u00e3o h\u00e1 negocia\u00e7\u00f5es confirmadas.\" \/>\n<meta property=\"og:url\" content=\"https:\/\/www.gaveanews.com\/index.php\/2023\/11\/05\/real-madrid-quer-contratar-meio-campista-encostado-por-pep-guardiola-no-manchester-city\/\" \/>\n<meta property=\"og:site_name\" content=\"G\u00e1vea News\" \/>\n<meta property=\"article:publisher\" content=\"https:\/\/facebook.com\/gaveaNews\/\" \/>\n<meta property=\"article:published_time\" content=\"2023-11-06T02:21:22+00:00\" \/>\n<meta property=\"article:modified_time\" content=\"2023-11-06T06:38:01+00:00\" \/>\n<meta property=\"og:image\" content=\"https:\/\/www.gaveanews.com\/wp-content\/uploads\/Pep-Guardiola-durante-o-jogo-entre-Manchester-City-x-West-Ham-pela-Premier-League-2023-24.webp\" \/>\n\t<meta property=\"og:image:width\" content=\"1080\" \/>\n\t<meta property=\"og:image:height\" content=\"719\" \/>\n\t<meta property=\"og:image:type\" content=\"image\/jpeg\" \/>\n<meta name=\"author\" content=\"Equipe G\u00e1vea News\" \/>\n<meta name=\"twitter:card\" content=\"summary_large_image\" \/>\n<meta name=\"twitter:label1\" content=\"Escrito por\" \/>\n\t<meta name=\"twitter:data1\" content=\"Equipe G\u00e1vea News\" \/>\n\t<meta name=\"twitter:label2\" content=\"Est. tempo de leitura\" \/>\n\t<meta name=\"twitter:data2\" content=\"2 minutos\" \/>\n<script type=\"application\/ld+json\" class=\"yoast-schema-graph\">{\"@context\":\"https:\/\/schema.org\",\"@graph\":[{\"@type\":\"NewsArticle\",\"@id\":\"https:\/\/www.gaveanews.com\/index.php\/2023\/11\/05\/real-madrid-quer-contratar-meio-campista-encostado-por-pep-guardiola-no-manchester-city\/#article\",\"isPartOf\":{\"@id\":\"https:\/\/www.gaveanews.com\/index.php\/2023\/11\/05\/real-madrid-quer-contratar-meio-campista-encostado-por-pep-guardiola-no-manchester-city\/\"},\"author\":{\"name\":\"Equipe G\u00e1vea News\",\"@id\":\"https:\/\/www.gaveanews.com\/#\/schema\/person\/2ec14f73fb96be2caf28f91afb14749d\"},\"headline\":\"Real Madrid quer contratar meio-campista encostado por Pep Guardiola no Manchester City\",\"datePublished\":\"2023-11-06T02:21:22+00:00\",\"dateModified\":\"2023-11-06T06:38:01+00:00\",\"mainEntityOfPage\":{\"@id\":\"https:\/\/www.gaveanews.com\/index.php\/2023\/11\/05\/real-madrid-quer-contratar-meio-campista-encostado-por-pep-guardiola-no-manchester-city\/\"},\"wordCount\":216,\"commentCount\":0,\"image\":{\"@id\":\"https:\/\/www.gaveanews.com\/index.php\/2023\/11\/05\/real-madrid-quer-contratar-meio-campista-encostado-por-pep-guardiola-no-manchester-city\/#primaryimage\"},\"thumbnailUrl\":\"https:\/\/www.gaveanews.com\/wp-content\/uploads\/Pep-Guardiola-durante-o-jogo-entre-Manchester-City-x-West-Ham-pela-Premier-League-2023-24.webp\",\"articleSection\":[\"Flamengo\"],\"inLanguage\":\"pt-BR\",\"potentialAction\":[{\"@type\":\"CommentAction\",\"name\":\"Comment\",\"target\":[\"https:\/\/www.gaveanews.com\/index.php\/2023\/11\/05\/real-madrid-quer-contratar-meio-campista-encostado-por-pep-guardiola-no-manchester-city\/#respond\"]}],\"copyrightYear\":\"2023\",\"copyrightHolder\":{\"@id\":\"https:\/\/www.gaveanews.com\/#organization\"}},{\"@type\":\"WebPage\",\"@id\":\"https:\/\/www.gaveanews.com\/index.php\/2023\/11\/05\/real-madrid-quer-contratar-meio-campista-encostado-por-pep-guardiola-no-manchester-city\/\",\"url\":\"https:\/\/www.gaveanews.com\/index.php\/2023\/11\/05\/real-madrid-quer-contratar-meio-campista-encostado-por-pep-guardiola-no-manchester-city\/\",\"name\":\"Real Madrid quer contratar meia 'encostado' por Guardiola no City\",\"isPartOf\":{\"@id\":\"https:\/\/www.gaveanews.com\/#website\"},\"primaryImageOfPage\":{\"@id\":\"https:\/\/www.gaveanews.com\/index.php\/2023\/11\/05\/real-madrid-quer-contratar-meio-campista-encostado-por-pep-guardiola-no-manchester-city\/#primaryimage\"},\"image\":{\"@id\":\"https:\/\/www.gaveanews.com\/index.php\/2023\/11\/05\/real-madrid-quer-contratar-meio-campista-encostado-por-pep-guardiola-no-manchester-city\/#primaryimage\"},\"thumbnailUrl\":\"https:\/\/www.gaveanews.com\/wp-content\/uploads\/Pep-Guardiola-durante-o-jogo-entre-Manchester-City-x-West-Ham-pela-Premier-League-2023-24.webp\",\"datePublished\":\"2023-11-06T02:21:22+00:00\",\"dateModified\":\"2023-11-06T06:38:01+00:00\",\"author\":{\"@id\":\"https:\/\/www.gaveanews.com\/#\/schema\/person\/2ec14f73fb96be2caf28f91afb14749d\"},\"description\":\"Embora tenham surgido rumores de uma poss\u00edvel transfer\u00eancia para o Bayern de Munique, ainda n\u00e3o h\u00e1 negocia\u00e7\u00f5es confirmadas.\",\"breadcrumb\":{\"@id\":\"https:\/\/www.gaveanews.com\/index.php\/2023\/11\/05\/real-madrid-quer-contratar-meio-campista-encostado-por-pep-guardiola-no-manchester-city\/#breadcrumb\"},\"inLanguage\":\"pt-BR\",\"potentialAction\":[{\"@type\":\"ReadAction\",\"target\":[\"https:\/\/www.gaveanews.com\/index.php\/2023\/11\/05\/real-madrid-quer-contratar-meio-campista-encostado-por-pep-guardiola-no-manchester-city\/\"]}]},{\"@type\":\"ImageObject\",\"inLanguage\":\"pt-BR\",\"@id\":\"https:\/\/www.gaveanews.com\/index.php\/2023\/11\/05\/real-madrid-quer-contratar-meio-campista-encostado-por-pep-guardiola-no-manchester-city\/#primaryimage\",\"url\":\"https:\/\/www.gaveanews.com\/wp-content\/uploads\/Pep-Guardiola-durante-o-jogo-entre-Manchester-City-x-West-Ham-pela-Premier-League-2023-24.webp\",\"contentUrl\":\"https:\/\/www.gaveanews.com\/wp-content\/uploads\/Pep-Guardiola-durante-o-jogo-entre-Manchester-City-x-West-Ham-pela-Premier-League-2023-24.webp\",\"width\":1080,\"height\":719,\"caption\":\"Pep Guardiola durante o jogo entre Manchester City x West Ham pela Premier League 2023-24 (Foto: Reprodu\u00e7\u00e3o\/Instagram)\"},{\"@type\":\"BreadcrumbList\",\"@id\":\"https:\/\/www.gaveanews.com\/index.php\/2023\/11\/05\/real-madrid-quer-contratar-meio-campista-encostado-por-pep-guardiola-no-manchester-city\/#breadcrumb\",\"itemListElement\":[{\"@type\":\"ListItem\",\"position\":1,\"name\":\"Home\",\"item\":\"https:\/\/www.gaveanews.com\/\"},{\"@type\":\"ListItem\",\"position\":2,\"name\":\"Real Madrid quer contratar meio-campista encostado por Pep Guardiola no Manchester City\"}]},{\"@type\":\"WebSite\",\"@id\":\"https:\/\/www.gaveanews.com\/#website\",\"url\":\"https:\/\/www.gaveanews.com\/\",\"name\":\"G\u00e1vea News\",\"description\":\"Veja todas as not\u00edcias sobre o Flamengo: Contrata\u00e7\u00f5es, categorias de base, resultados das partidas, tabela de classifica\u00e7\u00e3o, pr\u00f3ximos jogos!\",\"potentialAction\":[{\"@type\":\"SearchAction\",\"target\":{\"@type\":\"EntryPoint\",\"urlTemplate\":\"https:\/\/www.gaveanews.com\/?s={search_term_string}\"},\"query-input\":{\"@type\":\"PropertyValueSpecification\",\"valueRequired\":true,\"valueName\":\"search_term_string\"}}],\"inLanguage\":\"pt-BR\"},{\"@type\":\"Person\",\"@id\":\"https:\/\/www.gaveanews.com\/#\/schema\/person\/2ec14f73fb96be2caf28f91afb14749d\",\"name\":\"Equipe G\u00e1vea News\",\"image\":{\"@type\":\"ImageObject\",\"inLanguage\":\"pt-BR\",\"@id\":\"https:\/\/www.gaveanews.com\/#\/schema\/person\/image\/\",\"url\":\"https:\/\/secure.gravatar.com\/avatar\/1e1956f1facbffd3f8fa53a326721950116b3b9dc9bd44939c01180fd4a745a9?s=96&d=mm&r=g\",\"contentUrl\":\"https:\/\/secure.gravatar.com\/avatar\/1e1956f1facbffd3f8fa53a326721950116b3b9dc9bd44939c01180fd4a745a9?s=96&d=mm&r=g\",\"caption\":\"Equipe G\u00e1vea News\"}}]}<\/script>\n<!-- \/ Yoast SEO Premium plugin. -->","yoast_head_json":{"title":"Real Madrid quer contratar meia 'encostado' por Guardiola no City","description":"Embora tenham surgido rumores de uma poss\u00edvel transfer\u00eancia para o Bayern de Munique, ainda n\u00e3o h\u00e1 negocia\u00e7\u00f5es confirmadas.","robots":{"index":"index","follow":"follow","max-snippet":"max-snippet:-1","max-image-preview":"max-image-preview:large","max-video-preview":"max-video-preview:-1"},"canonical":"https:\/\/www.gaveanews.com\/index.php\/2023\/11\/05\/real-madrid-quer-contratar-meio-campista-encostado-por-pep-guardiola-no-manchester-city\/","og_locale":"pt_BR","og_type":"article","og_title":"Real Madrid quer contratar meio-campista encostado por Pep Guardiola no Manchester City","og_description":"Embora tenham surgido rumores de uma poss\u00edvel transfer\u00eancia para o Bayern de Munique, ainda n\u00e3o h\u00e1 negocia\u00e7\u00f5es confirmadas.","og_url":"https:\/\/www.gaveanews.com\/index.php\/2023\/11\/05\/real-madrid-quer-contratar-meio-campista-encostado-por-pep-guardiola-no-manchester-city\/","og_site_name":"G\u00e1vea News","article_publisher":"https:\/\/facebook.com\/gaveaNews\/","article_published_time":"2023-11-06T02:21:22+00:00","article_modified_time":"2023-11-06T06:38:01+00:00","og_image":[{"width":1080,"height":719,"url":"https:\/\/www.gaveanews.com\/wp-content\/uploads\/Pep-Guardiola-durante-o-jogo-entre-Manchester-City-x-West-Ham-pela-Premier-League-2023-24.webp","type":"image\/jpeg"}],"author":"Equipe G\u00e1vea News","twitter_card":"summary_large_image","twitter_misc":{"Escrito por":"Equipe G\u00e1vea News","Est. tempo de leitura":"2 minutos"},"schema":{"@context":"https:\/\/schema.org","@graph":[{"@type":"NewsArticle","@id":"https:\/\/www.gaveanews.com\/index.php\/2023\/11\/05\/real-madrid-quer-contratar-meio-campista-encostado-por-pep-guardiola-no-manchester-city\/#article","isPartOf":{"@id":"https:\/\/www.gaveanews.com\/index.php\/2023\/11\/05\/real-madrid-quer-contratar-meio-campista-encostado-por-pep-guardiola-no-manchester-city\/"},"author":{"name":"Equipe G\u00e1vea News","@id":"https:\/\/www.gaveanews.com\/#\/schema\/person\/2ec14f73fb96be2caf28f91afb14749d"},"headline":"Real Madrid quer contratar meio-campista encostado por Pep Guardiola no Manchester City","datePublished":"2023-11-06T02:21:22+00:00","dateModified":"2023-11-06T06:38:01+00:00","mainEntityOfPage":{"@id":"https:\/\/www.gaveanews.com\/index.php\/2023\/11\/05\/real-madrid-quer-contratar-meio-campista-encostado-por-pep-guardiola-no-manchester-city\/"},"wordCount":216,"commentCount":0,"image":{"@id":"https:\/\/www.gaveanews.com\/index.php\/2023\/11\/05\/real-madrid-quer-contratar-meio-campista-encostado-por-pep-guardiola-no-manchester-city\/#primaryimage"},"thumbnailUrl":"https:\/\/www.gaveanews.com\/wp-content\/uploads\/Pep-Guardiola-durante-o-jogo-entre-Manchester-City-x-West-Ham-pela-Premier-League-2023-24.webp","articleSection":["Flamengo"],"inLanguage":"pt-BR","potentialAction":[{"@type":"CommentAction","name":"Comment","target":["https:\/\/www.gaveanews.com\/index.php\/2023\/11\/05\/real-madrid-quer-contratar-meio-campista-encostado-por-pep-guardiola-no-manchester-city\/#respond"]}],"copyrightYear":"2023","copyrightHolder":{"@id":"https:\/\/www.gaveanews.com\/#organization"}},{"@type":"WebPage","@id":"https:\/\/www.gaveanews.com\/index.php\/2023\/11\/05\/real-madrid-quer-contratar-meio-campista-encostado-por-pep-guardiola-no-manchester-city\/","url":"https:\/\/www.gaveanews.com\/index.php\/2023\/11\/05\/real-madrid-quer-contratar-meio-campista-encostado-por-pep-guardiola-no-manchester-city\/","name":"Real Madrid quer contratar meia 'encostado' por Guardiola no City","isPartOf":{"@id":"https:\/\/www.gaveanews.com\/#website"},"primaryImageOfPage":{"@id":"https:\/\/www.gaveanews.com\/index.php\/2023\/11\/05\/real-madrid-quer-contratar-meio-campista-encostado-por-pep-guardiola-no-manchester-city\/#primaryimage"},"image":{"@id":"https:\/\/www.gaveanews.com\/index.php\/2023\/11\/05\/real-madrid-quer-contratar-meio-campista-encostado-por-pep-guardiola-no-manchester-city\/#primaryimage"},"thumbnailUrl":"https:\/\/www.gaveanews.com\/wp-content\/uploads\/Pep-Guardiola-durante-o-jogo-entre-Manchester-City-x-West-Ham-pela-Premier-League-2023-24.webp","datePublished":"2023-11-06T02:21:22+00:00","dateModified":"2023-11-06T06:38:01+00:00","author":{"@id":"https:\/\/www.gaveanews.com\/#\/schema\/person\/2ec14f73fb96be2caf28f91afb14749d"},"description":"Embora tenham surgido rumores de uma poss\u00edvel transfer\u00eancia para o Bayern de Munique, ainda n\u00e3o h\u00e1 negocia\u00e7\u00f5es confirmadas.","breadcrumb":{"@id":"https:\/\/www.gaveanews.com\/index.php\/2023\/11\/05\/real-madrid-quer-contratar-meio-campista-encostado-por-pep-guardiola-no-manchester-city\/#breadcrumb"},"inLanguage":"pt-BR","potentialAction":[{"@type":"ReadAction","target":["https:\/\/www.gaveanews.com\/index.php\/2023\/11\/05\/real-madrid-quer-contratar-meio-campista-encostado-por-pep-guardiola-no-manchester-city\/"]}]},{"@type":"ImageObject","inLanguage":"pt-BR","@id":"https:\/\/www.gaveanews.com\/index.php\/2023\/11\/05\/real-madrid-quer-contratar-meio-campista-encostado-por-pep-guardiola-no-manchester-city\/#primaryimage","url":"https:\/\/www.gaveanews.com\/wp-content\/uploads\/Pep-Guardiola-durante-o-jogo-entre-Manchester-City-x-West-Ham-pela-Premier-League-2023-24.webp","contentUrl":"https:\/\/www.gaveanews.com\/wp-content\/uploads\/Pep-Guardiola-durante-o-jogo-entre-Manchester-City-x-West-Ham-pela-Premier-League-2023-24.webp","width":1080,"height":719,"caption":"Pep Guardiola durante o jogo entre Manchester City x West Ham pela Premier League 2023-24 (Foto: Reprodu\u00e7\u00e3o\/Instagram)"},{"@type":"BreadcrumbList","@id":"https:\/\/www.gaveanews.com\/index.php\/2023\/11\/05\/real-madrid-quer-contratar-meio-campista-encostado-por-pep-guardiola-no-manchester-city\/#breadcrumb","itemListElement":[{"@type":"ListItem","position":1,"name":"Home","item":"https:\/\/www.gaveanews.com\/"},{"@type":"ListItem","position":2,"name":"Real Madrid quer contratar meio-campista encostado por Pep Guardiola no Manchester City"}]},{"@type":"WebSite","@id":"https:\/\/www.gaveanews.com\/#website","url":"https:\/\/www.gaveanews.com\/","name":"G\u00e1vea News","description":"Veja todas as not\u00edcias sobre o Flamengo: Contrata\u00e7\u00f5es, categorias de base, resultados das partidas, tabela de classifica\u00e7\u00e3o, pr\u00f3ximos jogos!","potentialAction":[{"@type":"SearchAction","target":{"@type":"EntryPoint","urlTemplate":"https:\/\/www.gaveanews.com\/?s={search_term_string}"},"query-input":{"@type":"PropertyValueSpecification","valueRequired":true,"valueName":"search_term_string"}}],"inLanguage":"pt-BR"},{"@type":"Person","@id":"https:\/\/www.gaveanews.com\/#\/schema\/person\/2ec14f73fb96be2caf28f91afb14749d","name":"Equipe G\u00e1vea News","image":{"@type":"ImageObject","inLanguage":"pt-BR","@id":"https:\/\/www.gaveanews.com\/#\/schema\/person\/image\/","url":"https:\/\/secure.gravatar.com\/avatar\/1e1956f1facbffd3f8fa53a326721950116b3b9dc9bd44939c01180fd4a745a9?s=96&d=mm&r=g","contentUrl":"https:\/\/secure.gravatar.com\/avatar\/1e1956f1facbffd3f8fa53a326721950116b3b9dc9bd44939c01180fd4a745a9?s=96&d=mm&r=g","caption":"Equipe G\u00e1vea News"}}]}},"_links":{"self":[{"href":"https:\/\/www.gaveanews.com\/index.php\/wp-json\/wp\/v2\/posts\/110320","targetHints":{"allow":["GET"]}}],"collection":[{"href":"https:\/\/www.gaveanews.com\/index.php\/wp-json\/wp\/v2\/posts"}],"about":[{"href":"https:\/\/www.gaveanews.com\/index.php\/wp-json\/wp\/v2\/types\/post"}],"author":[{"embeddable":true,"href":"https:\/\/www.gaveanews.com\/index.php\/wp-json\/wp\/v2\/users\/1"}],"replies":[{"embeddable":true,"href":"https:\/\/www.gaveanews.com\/index.php\/wp-json\/wp\/v2\/comments?post=110320"}],"version-history":[{"count":0,"href":"https:\/\/www.gaveanews.com\/index.php\/wp-json\/wp\/v2\/posts\/110320\/revisions"}],"wp:featuredmedia":[{"embeddable":true,"href":"https:\/\/www.gaveanews.com\/index.php\/wp-json\/wp\/v2\/media\/110322"}],"wp:attachment":[{"href":"https:\/\/www.gaveanews.com\/index.php\/wp-json\/wp\/v2\/media?parent=110320"}],"wp:term":[{"taxonomy":"category","embeddable":true,"href":"https:\/\/www.gaveanews.com\/index.php\/wp-json\/wp\/v2\/categories?post=110320"},{"taxonomy":"post_tag","embeddable":true,"href":"https:\/\/www.gaveanews.com\/index.php\/wp-json\/wp\/v2\/tags?post=110320"}],"curies":[{"name":"wp","href":"https:\/\/api.w.org\/{rel}","templated":true}]}}