{"id":110351,"date":"2023-11-06T05:27:23","date_gmt":"2023-11-06T08:27:23","guid":{"rendered":"https:\/\/www.gaveanews.com\/?p=110351"},"modified":"2024-04-07T14:05:14","modified_gmt":"2024-04-07T17:05:14","slug":"noiva-de-arrascaeta-chama-atencao-e-posta-fotos-de-despedida-de-solteira","status":"publish","type":"post","link":"https:\/\/www.gaveanews.com\/index.php\/2023\/11\/06\/noiva-de-arrascaeta-chama-atencao-e-posta-fotos-de-despedida-de-solteira\/","title":{"rendered":"Noiva de Arrascaeta chama aten\u00e7\u00e3o e posta fotos de despedida de solteira"},"content":{"rendered":"\n<p>No \u00faltimo final de semana, Camila Bastiani, a noiva do renomado meia Arrascaeta, compartilhou em seu perfil no Instagram algumas fotos da animada festa de despedida de solteira. O casal est\u00e1 prestes a oficializar sua uni\u00e3o em um casamento marcado para o dia 29 de dezembro, que ser\u00e1 realizado em Punta Del Este, no Uruguai, terra natal do jogador do Flamengo.<\/p>\n\n\n\n<p>A festa de despedida de solteira, no entanto, aconteceu em um cen\u00e1rio igualmente deslumbrante, um hotel em B\u00fazios, na encantadora Regi\u00e3o dos Lagos do Rio de Janeiro. Camila estava cercada por suas amigas, celebrando a \u00faltima fase de sua vida de solteira. Notavelmente, o evento teve um \u00fanico homem presente, o chef Emanuel Pinheiro, que \u00e9 s\u00f3cio de Arrascaeta em uma confeitaria. Ele n\u00e3o apenas prestigiou o momento, mas tamb\u00e9m ser\u00e1 um dos padrinhos do casamento. Confira abaixo as fotos:<\/p>\n\n\n\n<figure class=\"wp-block-image size-large\"><img decoding=\"async\" src=\"https:\/\/s2-extra.glbimg.com\/K1qN-_014cti_6KJIGBq8ZPi5PM=\/0x0:1440x1440\/1000x0\/smart\/filters:strip_icc()\/i.s3.glbimg.com\/v1\/AUTH_1f551ea7087a47f39ead75f64041559a\/internal_photos\/bs\/2023\/m\/o\/NXarKnTSClJ8LIZbvPgg\/lateuladev-1695767799-3200654744794493591-52577028460.webp\" alt=\"\"\/><\/figure>\n\n\n\n<figure class=\"wp-block-image size-large\"><img decoding=\"async\" src=\"https:\/\/s2-extra.glbimg.com\/gMI1PD2B5dqEYOeuXZKu5G6aPwg=\/0x0:1440x1439\/1000x0\/smart\/filters:strip_icc()\/i.s3.glbimg.com\/v1\/AUTH_1f551ea7087a47f39ead75f64041559a\/internal_photos\/bs\/2023\/D\/V\/R8eAAqTGy1cWWTVx9A9w\/lateuladev-1695767799-3200654744685433990-52577028460.webp\" alt=\"\"\/><\/figure>\n\n\n\n<figure class=\"wp-block-image size-large\"><img decoding=\"async\" src=\"https:\/\/s2-extra.glbimg.com\/h04Gt45hjLIdpudHeYG0Mjs3C5o=\/0x0:1440x1711\/1000x0\/smart\/filters:strip_icc()\/i.s3.glbimg.com\/v1\/AUTH_1f551ea7087a47f39ead75f64041559a\/internal_photos\/bs\/2023\/L\/G\/ZNw0tvRkaeLxBPuO5oMA\/emanuelchef-1698494653-3223529247288023621-191431178.webp\" alt=\"\"\/><\/figure>\n\n\n\n<figure class=\"wp-block-image size-large\"><img decoding=\"async\" src=\"https:\/\/s2-extra.glbimg.com\/UhrZe-knfJhnE3nM9Xym8oJjrss=\/0x0:1440x1439\/1000x0\/smart\/filters:strip_icc()\/i.s3.glbimg.com\/v1\/AUTH_1f551ea7087a47f39ead75f64041559a\/internal_photos\/bs\/2023\/n\/F\/qCo7A1Tou1jIWlCMPv2Q\/lateuladev-1695767799-3200654744769379173-52577028460.webp\" alt=\"\"\/><\/figure>\n\n\n\n<p>Enquanto a noiva desfrutava de sua despedida de solteira, Arrascaeta n\u00e3o p\u00f4de se juntar \u00e0 celebra\u00e7\u00e3o devido ao seu compromisso com o Flamengo no Campeonato Brasileiro. <\/p>\n","protected":false},"excerpt":{"rendered":"<p>No \u00faltimo final de semana, Camila Bastiani, a noiva do renomado meia Arrascaeta, compartilhou em seu perfil no Instagram algumas fotos da animada festa de despedida de solteira. O casal est\u00e1 prestes a oficializar sua uni\u00e3o em um casamento marcado para o dia 29 de dezembro, que ser\u00e1 realizado em Punta Del Este, no Uruguai, [&hellip;]<\/p>\n","protected":false},"author":1,"featured_media":100205,"comment_status":"open","ping_status":"closed","sticky":false,"template":"","format":"standard","meta":{"footnotes":""},"categories":[1],"tags":[211],"class_list":["post-110351","post","type-post","status-publish","format-standard","has-post-thumbnail","hentry","category-flamengo","tag-giorgian-daniel-de-arrascaeta-benedetti"],"yoast_head":"<!-- This site is optimized with the Yoast SEO Premium plugin v24.2 (Yoast SEO v26.9) - https:\/\/yoast.com\/product\/yoast-seo-premium-wordpress\/ -->\n<title>Noiva de Arrascaeta chama aten\u00e7\u00e3o em despedida de solteira<\/title>\n<meta name=\"robots\" content=\"index, follow, max-snippet:-1, max-image-preview:large, max-video-preview:-1\" \/>\n<link rel=\"canonical\" href=\"https:\/\/www.gaveanews.com\/index.php\/2023\/11\/06\/noiva-de-arrascaeta-chama-atencao-e-posta-fotos-de-despedida-de-solteira\/\" \/>\n<meta property=\"og:locale\" content=\"pt_BR\" \/>\n<meta property=\"og:type\" content=\"article\" \/>\n<meta property=\"og:title\" content=\"Noiva de Arrascaeta chama aten\u00e7\u00e3o e posta fotos de despedida de solteira\" \/>\n<meta property=\"og:description\" content=\"No \u00faltimo final de semana, Camila Bastiani, a noiva do renomado meia Arrascaeta, compartilhou em seu perfil no Instagram algumas fotos da animada festa de despedida de solteira. O casal est\u00e1 prestes a oficializar sua uni\u00e3o em um casamento marcado para o dia 29 de dezembro, que ser\u00e1 realizado em Punta Del Este, no Uruguai, [&hellip;]\" \/>\n<meta property=\"og:url\" content=\"https:\/\/www.gaveanews.com\/index.php\/2023\/11\/06\/noiva-de-arrascaeta-chama-atencao-e-posta-fotos-de-despedida-de-solteira\/\" \/>\n<meta property=\"og:site_name\" content=\"G\u00e1vea News\" \/>\n<meta property=\"article:publisher\" content=\"https:\/\/facebook.com\/gaveaNews\/\" \/>\n<meta property=\"article:published_time\" content=\"2023-11-06T08:27:23+00:00\" \/>\n<meta property=\"article:modified_time\" content=\"2024-04-07T17:05:14+00:00\" \/>\n<meta property=\"og:image\" content=\"https:\/\/www.gaveanews.com\/wp-content\/uploads\/arrascaeta-flamengo-racing-libertadores.webp\" \/>\n\t<meta property=\"og:image:width\" content=\"900\" \/>\n\t<meta property=\"og:image:height\" content=\"599\" \/>\n\t<meta property=\"og:image:type\" content=\"image\/jpeg\" \/>\n<meta name=\"author\" content=\"Equipe G\u00e1vea News\" \/>\n<meta name=\"twitter:card\" content=\"summary_large_image\" \/>\n<meta name=\"twitter:label1\" content=\"Escrito por\" \/>\n\t<meta name=\"twitter:data1\" content=\"Equipe G\u00e1vea News\" \/>\n\t<meta name=\"twitter:label2\" content=\"Est. tempo de leitura\" \/>\n\t<meta name=\"twitter:data2\" content=\"2 minutos\" \/>\n<script type=\"application\/ld+json\" class=\"yoast-schema-graph\">{\"@context\":\"https:\/\/schema.org\",\"@graph\":[{\"@type\":\"NewsArticle\",\"@id\":\"https:\/\/www.gaveanews.com\/index.php\/2023\/11\/06\/noiva-de-arrascaeta-chama-atencao-e-posta-fotos-de-despedida-de-solteira\/#article\",\"isPartOf\":{\"@id\":\"https:\/\/www.gaveanews.com\/index.php\/2023\/11\/06\/noiva-de-arrascaeta-chama-atencao-e-posta-fotos-de-despedida-de-solteira\/\"},\"author\":{\"name\":\"Equipe G\u00e1vea News\",\"@id\":\"https:\/\/www.gaveanews.com\/#\/schema\/person\/2ec14f73fb96be2caf28f91afb14749d\"},\"headline\":\"Noiva de Arrascaeta chama aten\u00e7\u00e3o e posta fotos de despedida de solteira\",\"datePublished\":\"2023-11-06T08:27:23+00:00\",\"dateModified\":\"2024-04-07T17:05:14+00:00\",\"mainEntityOfPage\":{\"@id\":\"https:\/\/www.gaveanews.com\/index.php\/2023\/11\/06\/noiva-de-arrascaeta-chama-atencao-e-posta-fotos-de-despedida-de-solteira\/\"},\"wordCount\":187,\"commentCount\":0,\"image\":{\"@id\":\"https:\/\/www.gaveanews.com\/index.php\/2023\/11\/06\/noiva-de-arrascaeta-chama-atencao-e-posta-fotos-de-despedida-de-solteira\/#primaryimage\"},\"thumbnailUrl\":\"https:\/\/www.gaveanews.com\/wp-content\/uploads\/arrascaeta-flamengo-racing-libertadores.webp\",\"keywords\":[\"Giorgian Daniel De Arrascaeta Benedetti\"],\"articleSection\":[\"Flamengo\"],\"inLanguage\":\"pt-BR\",\"potentialAction\":[{\"@type\":\"CommentAction\",\"name\":\"Comment\",\"target\":[\"https:\/\/www.gaveanews.com\/index.php\/2023\/11\/06\/noiva-de-arrascaeta-chama-atencao-e-posta-fotos-de-despedida-de-solteira\/#respond\"]}],\"copyrightYear\":\"2023\",\"copyrightHolder\":{\"@id\":\"https:\/\/www.gaveanews.com\/#organization\"}},{\"@type\":\"WebPage\",\"@id\":\"https:\/\/www.gaveanews.com\/index.php\/2023\/11\/06\/noiva-de-arrascaeta-chama-atencao-e-posta-fotos-de-despedida-de-solteira\/\",\"url\":\"https:\/\/www.gaveanews.com\/index.php\/2023\/11\/06\/noiva-de-arrascaeta-chama-atencao-e-posta-fotos-de-despedida-de-solteira\/\",\"name\":\"Noiva de Arrascaeta chama aten\u00e7\u00e3o em despedida de solteira\",\"isPartOf\":{\"@id\":\"https:\/\/www.gaveanews.com\/#website\"},\"primaryImageOfPage\":{\"@id\":\"https:\/\/www.gaveanews.com\/index.php\/2023\/11\/06\/noiva-de-arrascaeta-chama-atencao-e-posta-fotos-de-despedida-de-solteira\/#primaryimage\"},\"image\":{\"@id\":\"https:\/\/www.gaveanews.com\/index.php\/2023\/11\/06\/noiva-de-arrascaeta-chama-atencao-e-posta-fotos-de-despedida-de-solteira\/#primaryimage\"},\"thumbnailUrl\":\"https:\/\/www.gaveanews.com\/wp-content\/uploads\/arrascaeta-flamengo-racing-libertadores.webp\",\"datePublished\":\"2023-11-06T08:27:23+00:00\",\"dateModified\":\"2024-04-07T17:05:14+00:00\",\"author\":{\"@id\":\"https:\/\/www.gaveanews.com\/#\/schema\/person\/2ec14f73fb96be2caf28f91afb14749d\"},\"breadcrumb\":{\"@id\":\"https:\/\/www.gaveanews.com\/index.php\/2023\/11\/06\/noiva-de-arrascaeta-chama-atencao-e-posta-fotos-de-despedida-de-solteira\/#breadcrumb\"},\"inLanguage\":\"pt-BR\",\"potentialAction\":[{\"@type\":\"ReadAction\",\"target\":[\"https:\/\/www.gaveanews.com\/index.php\/2023\/11\/06\/noiva-de-arrascaeta-chama-atencao-e-posta-fotos-de-despedida-de-solteira\/\"]}]},{\"@type\":\"ImageObject\",\"inLanguage\":\"pt-BR\",\"@id\":\"https:\/\/www.gaveanews.com\/index.php\/2023\/11\/06\/noiva-de-arrascaeta-chama-atencao-e-posta-fotos-de-despedida-de-solteira\/#primaryimage\",\"url\":\"https:\/\/www.gaveanews.com\/wp-content\/uploads\/arrascaeta-flamengo-racing-libertadores.webp\",\"contentUrl\":\"https:\/\/www.gaveanews.com\/wp-content\/uploads\/arrascaeta-flamengo-racing-libertadores.webp\",\"width\":900,\"height\":599,\"caption\":\"Arrascaeta em a\u00e7\u00e3o pelo Flamengo no Maracan\u00e3 (Foto: Divulga\u00e7\u00e3o\/Flamengo)\"},{\"@type\":\"BreadcrumbList\",\"@id\":\"https:\/\/www.gaveanews.com\/index.php\/2023\/11\/06\/noiva-de-arrascaeta-chama-atencao-e-posta-fotos-de-despedida-de-solteira\/#breadcrumb\",\"itemListElement\":[{\"@type\":\"ListItem\",\"position\":1,\"name\":\"Home\",\"item\":\"https:\/\/www.gaveanews.com\/\"},{\"@type\":\"ListItem\",\"position\":2,\"name\":\"Noiva de Arrascaeta chama aten\u00e7\u00e3o e posta fotos de despedida de solteira\"}]},{\"@type\":\"WebSite\",\"@id\":\"https:\/\/www.gaveanews.com\/#website\",\"url\":\"https:\/\/www.gaveanews.com\/\",\"name\":\"G\u00e1vea News\",\"description\":\"Veja todas as not\u00edcias sobre o Flamengo: Contrata\u00e7\u00f5es, categorias de base, resultados das partidas, tabela de classifica\u00e7\u00e3o, pr\u00f3ximos jogos!\",\"potentialAction\":[{\"@type\":\"SearchAction\",\"target\":{\"@type\":\"EntryPoint\",\"urlTemplate\":\"https:\/\/www.gaveanews.com\/?s={search_term_string}\"},\"query-input\":{\"@type\":\"PropertyValueSpecification\",\"valueRequired\":true,\"valueName\":\"search_term_string\"}}],\"inLanguage\":\"pt-BR\"},{\"@type\":\"Person\",\"@id\":\"https:\/\/www.gaveanews.com\/#\/schema\/person\/2ec14f73fb96be2caf28f91afb14749d\",\"name\":\"Equipe G\u00e1vea News\",\"image\":{\"@type\":\"ImageObject\",\"inLanguage\":\"pt-BR\",\"@id\":\"https:\/\/www.gaveanews.com\/#\/schema\/person\/image\/\",\"url\":\"https:\/\/secure.gravatar.com\/avatar\/1e1956f1facbffd3f8fa53a326721950116b3b9dc9bd44939c01180fd4a745a9?s=96&d=mm&r=g\",\"contentUrl\":\"https:\/\/secure.gravatar.com\/avatar\/1e1956f1facbffd3f8fa53a326721950116b3b9dc9bd44939c01180fd4a745a9?s=96&d=mm&r=g\",\"caption\":\"Equipe G\u00e1vea News\"}}]}<\/script>\n<!-- \/ Yoast SEO Premium plugin. -->","yoast_head_json":{"title":"Noiva de Arrascaeta chama aten\u00e7\u00e3o em despedida de solteira","robots":{"index":"index","follow":"follow","max-snippet":"max-snippet:-1","max-image-preview":"max-image-preview:large","max-video-preview":"max-video-preview:-1"},"canonical":"https:\/\/www.gaveanews.com\/index.php\/2023\/11\/06\/noiva-de-arrascaeta-chama-atencao-e-posta-fotos-de-despedida-de-solteira\/","og_locale":"pt_BR","og_type":"article","og_title":"Noiva de Arrascaeta chama aten\u00e7\u00e3o e posta fotos de despedida de solteira","og_description":"No \u00faltimo final de semana, Camila Bastiani, a noiva do renomado meia Arrascaeta, compartilhou em seu perfil no Instagram algumas fotos da animada festa de despedida de solteira. O casal est\u00e1 prestes a oficializar sua uni\u00e3o em um casamento marcado para o dia 29 de dezembro, que ser\u00e1 realizado em Punta Del Este, no Uruguai, [&hellip;]","og_url":"https:\/\/www.gaveanews.com\/index.php\/2023\/11\/06\/noiva-de-arrascaeta-chama-atencao-e-posta-fotos-de-despedida-de-solteira\/","og_site_name":"G\u00e1vea News","article_publisher":"https:\/\/facebook.com\/gaveaNews\/","article_published_time":"2023-11-06T08:27:23+00:00","article_modified_time":"2024-04-07T17:05:14+00:00","og_image":[{"width":900,"height":599,"url":"https:\/\/www.gaveanews.com\/wp-content\/uploads\/arrascaeta-flamengo-racing-libertadores.webp","type":"image\/jpeg"}],"author":"Equipe G\u00e1vea News","twitter_card":"summary_large_image","twitter_misc":{"Escrito por":"Equipe G\u00e1vea News","Est. tempo de leitura":"2 minutos"},"schema":{"@context":"https:\/\/schema.org","@graph":[{"@type":"NewsArticle","@id":"https:\/\/www.gaveanews.com\/index.php\/2023\/11\/06\/noiva-de-arrascaeta-chama-atencao-e-posta-fotos-de-despedida-de-solteira\/#article","isPartOf":{"@id":"https:\/\/www.gaveanews.com\/index.php\/2023\/11\/06\/noiva-de-arrascaeta-chama-atencao-e-posta-fotos-de-despedida-de-solteira\/"},"author":{"name":"Equipe G\u00e1vea News","@id":"https:\/\/www.gaveanews.com\/#\/schema\/person\/2ec14f73fb96be2caf28f91afb14749d"},"headline":"Noiva de Arrascaeta chama aten\u00e7\u00e3o e posta fotos de despedida de solteira","datePublished":"2023-11-06T08:27:23+00:00","dateModified":"2024-04-07T17:05:14+00:00","mainEntityOfPage":{"@id":"https:\/\/www.gaveanews.com\/index.php\/2023\/11\/06\/noiva-de-arrascaeta-chama-atencao-e-posta-fotos-de-despedida-de-solteira\/"},"wordCount":187,"commentCount":0,"image":{"@id":"https:\/\/www.gaveanews.com\/index.php\/2023\/11\/06\/noiva-de-arrascaeta-chama-atencao-e-posta-fotos-de-despedida-de-solteira\/#primaryimage"},"thumbnailUrl":"https:\/\/www.gaveanews.com\/wp-content\/uploads\/arrascaeta-flamengo-racing-libertadores.webp","keywords":["Giorgian Daniel De Arrascaeta Benedetti"],"articleSection":["Flamengo"],"inLanguage":"pt-BR","potentialAction":[{"@type":"CommentAction","name":"Comment","target":["https:\/\/www.gaveanews.com\/index.php\/2023\/11\/06\/noiva-de-arrascaeta-chama-atencao-e-posta-fotos-de-despedida-de-solteira\/#respond"]}],"copyrightYear":"2023","copyrightHolder":{"@id":"https:\/\/www.gaveanews.com\/#organization"}},{"@type":"WebPage","@id":"https:\/\/www.gaveanews.com\/index.php\/2023\/11\/06\/noiva-de-arrascaeta-chama-atencao-e-posta-fotos-de-despedida-de-solteira\/","url":"https:\/\/www.gaveanews.com\/index.php\/2023\/11\/06\/noiva-de-arrascaeta-chama-atencao-e-posta-fotos-de-despedida-de-solteira\/","name":"Noiva de Arrascaeta chama aten\u00e7\u00e3o em despedida de solteira","isPartOf":{"@id":"https:\/\/www.gaveanews.com\/#website"},"primaryImageOfPage":{"@id":"https:\/\/www.gaveanews.com\/index.php\/2023\/11\/06\/noiva-de-arrascaeta-chama-atencao-e-posta-fotos-de-despedida-de-solteira\/#primaryimage"},"image":{"@id":"https:\/\/www.gaveanews.com\/index.php\/2023\/11\/06\/noiva-de-arrascaeta-chama-atencao-e-posta-fotos-de-despedida-de-solteira\/#primaryimage"},"thumbnailUrl":"https:\/\/www.gaveanews.com\/wp-content\/uploads\/arrascaeta-flamengo-racing-libertadores.webp","datePublished":"2023-11-06T08:27:23+00:00","dateModified":"2024-04-07T17:05:14+00:00","author":{"@id":"https:\/\/www.gaveanews.com\/#\/schema\/person\/2ec14f73fb96be2caf28f91afb14749d"},"breadcrumb":{"@id":"https:\/\/www.gaveanews.com\/index.php\/2023\/11\/06\/noiva-de-arrascaeta-chama-atencao-e-posta-fotos-de-despedida-de-solteira\/#breadcrumb"},"inLanguage":"pt-BR","potentialAction":[{"@type":"ReadAction","target":["https:\/\/www.gaveanews.com\/index.php\/2023\/11\/06\/noiva-de-arrascaeta-chama-atencao-e-posta-fotos-de-despedida-de-solteira\/"]}]},{"@type":"ImageObject","inLanguage":"pt-BR","@id":"https:\/\/www.gaveanews.com\/index.php\/2023\/11\/06\/noiva-de-arrascaeta-chama-atencao-e-posta-fotos-de-despedida-de-solteira\/#primaryimage","url":"https:\/\/www.gaveanews.com\/wp-content\/uploads\/arrascaeta-flamengo-racing-libertadores.webp","contentUrl":"https:\/\/www.gaveanews.com\/wp-content\/uploads\/arrascaeta-flamengo-racing-libertadores.webp","width":900,"height":599,"caption":"Arrascaeta em a\u00e7\u00e3o pelo Flamengo no Maracan\u00e3 (Foto: Divulga\u00e7\u00e3o\/Flamengo)"},{"@type":"BreadcrumbList","@id":"https:\/\/www.gaveanews.com\/index.php\/2023\/11\/06\/noiva-de-arrascaeta-chama-atencao-e-posta-fotos-de-despedida-de-solteira\/#breadcrumb","itemListElement":[{"@type":"ListItem","position":1,"name":"Home","item":"https:\/\/www.gaveanews.com\/"},{"@type":"ListItem","position":2,"name":"Noiva de Arrascaeta chama aten\u00e7\u00e3o e posta fotos de despedida de solteira"}]},{"@type":"WebSite","@id":"https:\/\/www.gaveanews.com\/#website","url":"https:\/\/www.gaveanews.com\/","name":"G\u00e1vea News","description":"Veja todas as not\u00edcias sobre o Flamengo: Contrata\u00e7\u00f5es, categorias de base, resultados das partidas, tabela de classifica\u00e7\u00e3o, pr\u00f3ximos jogos!","potentialAction":[{"@type":"SearchAction","target":{"@type":"EntryPoint","urlTemplate":"https:\/\/www.gaveanews.com\/?s={search_term_string}"},"query-input":{"@type":"PropertyValueSpecification","valueRequired":true,"valueName":"search_term_string"}}],"inLanguage":"pt-BR"},{"@type":"Person","@id":"https:\/\/www.gaveanews.com\/#\/schema\/person\/2ec14f73fb96be2caf28f91afb14749d","name":"Equipe G\u00e1vea News","image":{"@type":"ImageObject","inLanguage":"pt-BR","@id":"https:\/\/www.gaveanews.com\/#\/schema\/person\/image\/","url":"https:\/\/secure.gravatar.com\/avatar\/1e1956f1facbffd3f8fa53a326721950116b3b9dc9bd44939c01180fd4a745a9?s=96&d=mm&r=g","contentUrl":"https:\/\/secure.gravatar.com\/avatar\/1e1956f1facbffd3f8fa53a326721950116b3b9dc9bd44939c01180fd4a745a9?s=96&d=mm&r=g","caption":"Equipe G\u00e1vea News"}}]}},"_links":{"self":[{"href":"https:\/\/www.gaveanews.com\/index.php\/wp-json\/wp\/v2\/posts\/110351","targetHints":{"allow":["GET"]}}],"collection":[{"href":"https:\/\/www.gaveanews.com\/index.php\/wp-json\/wp\/v2\/posts"}],"about":[{"href":"https:\/\/www.gaveanews.com\/index.php\/wp-json\/wp\/v2\/types\/post"}],"author":[{"embeddable":true,"href":"https:\/\/www.gaveanews.com\/index.php\/wp-json\/wp\/v2\/users\/1"}],"replies":[{"embeddable":true,"href":"https:\/\/www.gaveanews.com\/index.php\/wp-json\/wp\/v2\/comments?post=110351"}],"version-history":[{"count":1,"href":"https:\/\/www.gaveanews.com\/index.php\/wp-json\/wp\/v2\/posts\/110351\/revisions"}],"predecessor-version":[{"id":135655,"href":"https:\/\/www.gaveanews.com\/index.php\/wp-json\/wp\/v2\/posts\/110351\/revisions\/135655"}],"wp:featuredmedia":[{"embeddable":true,"href":"https:\/\/www.gaveanews.com\/index.php\/wp-json\/wp\/v2\/media\/100205"}],"wp:attachment":[{"href":"https:\/\/www.gaveanews.com\/index.php\/wp-json\/wp\/v2\/media?parent=110351"}],"wp:term":[{"taxonomy":"category","embeddable":true,"href":"https:\/\/www.gaveanews.com\/index.php\/wp-json\/wp\/v2\/categories?post=110351"},{"taxonomy":"post_tag","embeddable":true,"href":"https:\/\/www.gaveanews.com\/index.php\/wp-json\/wp\/v2\/tags?post=110351"}],"curies":[{"name":"wp","href":"https:\/\/api.w.org\/{rel}","templated":true}]}}