{"id":110361,"date":"2023-11-06T07:02:49","date_gmt":"2023-11-06T10:02:49","guid":{"rendered":"https:\/\/www.gaveanews.com\/?p=110361"},"modified":"2023-11-06T07:02:51","modified_gmt":"2023-11-06T10:02:51","slug":"final-da-libertadores-bate-recorde-do-flamengo-no-maracana","status":"publish","type":"post","link":"https:\/\/www.gaveanews.com\/index.php\/2023\/11\/06\/final-da-libertadores-bate-recorde-do-flamengo-no-maracana\/","title":{"rendered":"Final da Libertadores bate recorde do Flamengo no Maracan\u00e3"},"content":{"rendered":"\n<p>Na emocionante disputa de finais de futebol no Maracan\u00e3, os n\u00fameros impressionantes vieram \u00e0 tona. Primeiro, o Flamengo arrecadou uma quantia de R$ 26 milh\u00f5es na final da Copa do Brasil. No entanto, esse recorde foi superado pela final da Libertadores, onde Fluminense e Boca Juniors se enfrentaram, arrecadando R$ 31 milh\u00f5es.<\/p>\n\n\n\n<p>O jogo de ida da final da Copa do Brasil tamb\u00e9m se destacou por quebrar o recorde de p\u00fablico do futebol brasileiro, com mais de 67 mil torcedores presentes no Maracan\u00e3, sendo 60 mil deles pagantes. Este feito \u00e9 not\u00e1vel, especialmente considerando os pre\u00e7os elevados dos ingressos estabelecidos pela diretoria do Flamengo.<\/p>\n\n\n\n<p>Comparativamente, a Conmebol optou por uma estrat\u00e9gia diferente, oferecendo ingressos mais acess\u00edveis a partir de R$ 130 para a final da Libertadores. J\u00e1 na Copa do Brasil, o ingresso mais barato era de R$ 400. A diferen\u00e7a crucial \u00e9 que o Flamengo ofereceu descontos para seus s\u00f3cio-torcedores, algo que n\u00e3o p\u00f4de ser aplicado na final da Libertadores devido ao formato em campo neutro e \u00fanico.<\/p>\n","protected":false},"excerpt":{"rendered":"<p>Na emocionante disputa de finais de futebol no Maracan\u00e3, os n\u00fameros impressionantes vieram \u00e0 tona. Primeiro, o Flamengo arrecadou uma quantia de R$ 26 milh\u00f5es na final da Copa do Brasil. No entanto, esse recorde foi superado pela final da Libertadores, onde Fluminense e Boca Juniors se enfrentaram, arrecadando R$ 31 milh\u00f5es. O jogo de [&hellip;]<\/p>\n","protected":false},"author":1,"featured_media":90054,"comment_status":"open","ping_status":"closed","sticky":false,"template":"","format":"standard","meta":{"footnotes":""},"categories":[1],"tags":[],"class_list":["post-110361","post","type-post","status-publish","format-standard","has-post-thumbnail","hentry","category-flamengo"],"yoast_head":"<!-- This site is optimized with the Yoast SEO Premium plugin v24.2 (Yoast SEO v26.9) - https:\/\/yoast.com\/product\/yoast-seo-premium-wordpress\/ -->\n<title>Final da Libertadores bate recorde do Flamengo no Maracan\u00e3<\/title>\n<meta name=\"robots\" content=\"index, follow, max-snippet:-1, max-image-preview:large, max-video-preview:-1\" \/>\n<link rel=\"canonical\" href=\"https:\/\/www.gaveanews.com\/index.php\/2023\/11\/06\/final-da-libertadores-bate-recorde-do-flamengo-no-maracana\/\" \/>\n<meta property=\"og:locale\" content=\"pt_BR\" \/>\n<meta property=\"og:type\" content=\"article\" \/>\n<meta property=\"og:title\" content=\"Final da Libertadores bate recorde do Flamengo no Maracan\u00e3\" \/>\n<meta property=\"og:description\" content=\"Na emocionante disputa de finais de futebol no Maracan\u00e3, os n\u00fameros impressionantes vieram \u00e0 tona. Primeiro, o Flamengo arrecadou uma quantia de R$ 26 milh\u00f5es na final da Copa do Brasil. No entanto, esse recorde foi superado pela final da Libertadores, onde Fluminense e Boca Juniors se enfrentaram, arrecadando R$ 31 milh\u00f5es. O jogo de [&hellip;]\" \/>\n<meta property=\"og:url\" content=\"https:\/\/www.gaveanews.com\/index.php\/2023\/11\/06\/final-da-libertadores-bate-recorde-do-flamengo-no-maracana\/\" \/>\n<meta property=\"og:site_name\" content=\"G\u00e1vea News\" \/>\n<meta property=\"article:publisher\" content=\"https:\/\/facebook.com\/gaveaNews\/\" \/>\n<meta property=\"article:published_time\" content=\"2023-11-06T10:02:49+00:00\" \/>\n<meta property=\"article:modified_time\" content=\"2023-11-06T10:02:51+00:00\" \/>\n<meta property=\"og:image\" content=\"https:\/\/www.gaveanews.com\/wp-content\/uploads\/Taca-Libertadores-da-America.webp\" \/>\n\t<meta property=\"og:image:width\" content=\"799\" \/>\n\t<meta property=\"og:image:height\" content=\"533\" \/>\n\t<meta property=\"og:image:type\" content=\"image\/jpeg\" \/>\n<meta name=\"author\" content=\"Equipe G\u00e1vea News\" \/>\n<meta name=\"twitter:card\" content=\"summary_large_image\" \/>\n<meta name=\"twitter:label1\" content=\"Escrito por\" \/>\n\t<meta name=\"twitter:data1\" content=\"Equipe G\u00e1vea News\" \/>\n\t<meta name=\"twitter:label2\" content=\"Est. tempo de leitura\" \/>\n\t<meta name=\"twitter:data2\" content=\"1 minuto\" \/>\n<script type=\"application\/ld+json\" class=\"yoast-schema-graph\">{\"@context\":\"https:\/\/schema.org\",\"@graph\":[{\"@type\":\"NewsArticle\",\"@id\":\"https:\/\/www.gaveanews.com\/index.php\/2023\/11\/06\/final-da-libertadores-bate-recorde-do-flamengo-no-maracana\/#article\",\"isPartOf\":{\"@id\":\"https:\/\/www.gaveanews.com\/index.php\/2023\/11\/06\/final-da-libertadores-bate-recorde-do-flamengo-no-maracana\/\"},\"author\":{\"name\":\"Equipe G\u00e1vea News\",\"@id\":\"https:\/\/www.gaveanews.com\/#\/schema\/person\/2ec14f73fb96be2caf28f91afb14749d\"},\"headline\":\"Final da Libertadores bate recorde do Flamengo no Maracan\u00e3\",\"datePublished\":\"2023-11-06T10:02:49+00:00\",\"dateModified\":\"2023-11-06T10:02:51+00:00\",\"mainEntityOfPage\":{\"@id\":\"https:\/\/www.gaveanews.com\/index.php\/2023\/11\/06\/final-da-libertadores-bate-recorde-do-flamengo-no-maracana\/\"},\"wordCount\":182,\"commentCount\":0,\"image\":{\"@id\":\"https:\/\/www.gaveanews.com\/index.php\/2023\/11\/06\/final-da-libertadores-bate-recorde-do-flamengo-no-maracana\/#primaryimage\"},\"thumbnailUrl\":\"https:\/\/www.gaveanews.com\/wp-content\/uploads\/Taca-Libertadores-da-America.webp\",\"articleSection\":[\"Flamengo\"],\"inLanguage\":\"pt-BR\",\"potentialAction\":[{\"@type\":\"CommentAction\",\"name\":\"Comment\",\"target\":[\"https:\/\/www.gaveanews.com\/index.php\/2023\/11\/06\/final-da-libertadores-bate-recorde-do-flamengo-no-maracana\/#respond\"]}],\"copyrightYear\":\"2023\",\"copyrightHolder\":{\"@id\":\"https:\/\/www.gaveanews.com\/#organization\"}},{\"@type\":\"WebPage\",\"@id\":\"https:\/\/www.gaveanews.com\/index.php\/2023\/11\/06\/final-da-libertadores-bate-recorde-do-flamengo-no-maracana\/\",\"url\":\"https:\/\/www.gaveanews.com\/index.php\/2023\/11\/06\/final-da-libertadores-bate-recorde-do-flamengo-no-maracana\/\",\"name\":\"Final da Libertadores bate recorde do Flamengo no Maracan\u00e3\",\"isPartOf\":{\"@id\":\"https:\/\/www.gaveanews.com\/#website\"},\"primaryImageOfPage\":{\"@id\":\"https:\/\/www.gaveanews.com\/index.php\/2023\/11\/06\/final-da-libertadores-bate-recorde-do-flamengo-no-maracana\/#primaryimage\"},\"image\":{\"@id\":\"https:\/\/www.gaveanews.com\/index.php\/2023\/11\/06\/final-da-libertadores-bate-recorde-do-flamengo-no-maracana\/#primaryimage\"},\"thumbnailUrl\":\"https:\/\/www.gaveanews.com\/wp-content\/uploads\/Taca-Libertadores-da-America.webp\",\"datePublished\":\"2023-11-06T10:02:49+00:00\",\"dateModified\":\"2023-11-06T10:02:51+00:00\",\"author\":{\"@id\":\"https:\/\/www.gaveanews.com\/#\/schema\/person\/2ec14f73fb96be2caf28f91afb14749d\"},\"breadcrumb\":{\"@id\":\"https:\/\/www.gaveanews.com\/index.php\/2023\/11\/06\/final-da-libertadores-bate-recorde-do-flamengo-no-maracana\/#breadcrumb\"},\"inLanguage\":\"pt-BR\",\"potentialAction\":[{\"@type\":\"ReadAction\",\"target\":[\"https:\/\/www.gaveanews.com\/index.php\/2023\/11\/06\/final-da-libertadores-bate-recorde-do-flamengo-no-maracana\/\"]}]},{\"@type\":\"ImageObject\",\"inLanguage\":\"pt-BR\",\"@id\":\"https:\/\/www.gaveanews.com\/index.php\/2023\/11\/06\/final-da-libertadores-bate-recorde-do-flamengo-no-maracana\/#primaryimage\",\"url\":\"https:\/\/www.gaveanews.com\/wp-content\/uploads\/Taca-Libertadores-da-America.webp\",\"contentUrl\":\"https:\/\/www.gaveanews.com\/wp-content\/uploads\/Taca-Libertadores-da-America.webp\",\"width\":799,\"height\":533,\"caption\":\"Ta\u00e7a da Copa Libertadores da Am\u00e9rica (Foto: Gilvan de Souza\/Flamengo)\"},{\"@type\":\"BreadcrumbList\",\"@id\":\"https:\/\/www.gaveanews.com\/index.php\/2023\/11\/06\/final-da-libertadores-bate-recorde-do-flamengo-no-maracana\/#breadcrumb\",\"itemListElement\":[{\"@type\":\"ListItem\",\"position\":1,\"name\":\"Home\",\"item\":\"https:\/\/www.gaveanews.com\/\"},{\"@type\":\"ListItem\",\"position\":2,\"name\":\"Final da Libertadores bate recorde do Flamengo no Maracan\u00e3\"}]},{\"@type\":\"WebSite\",\"@id\":\"https:\/\/www.gaveanews.com\/#website\",\"url\":\"https:\/\/www.gaveanews.com\/\",\"name\":\"G\u00e1vea News\",\"description\":\"Veja todas as not\u00edcias sobre o Flamengo: Contrata\u00e7\u00f5es, categorias de base, resultados das partidas, tabela de classifica\u00e7\u00e3o, pr\u00f3ximos jogos!\",\"potentialAction\":[{\"@type\":\"SearchAction\",\"target\":{\"@type\":\"EntryPoint\",\"urlTemplate\":\"https:\/\/www.gaveanews.com\/?s={search_term_string}\"},\"query-input\":{\"@type\":\"PropertyValueSpecification\",\"valueRequired\":true,\"valueName\":\"search_term_string\"}}],\"inLanguage\":\"pt-BR\"},{\"@type\":\"Person\",\"@id\":\"https:\/\/www.gaveanews.com\/#\/schema\/person\/2ec14f73fb96be2caf28f91afb14749d\",\"name\":\"Equipe G\u00e1vea News\",\"image\":{\"@type\":\"ImageObject\",\"inLanguage\":\"pt-BR\",\"@id\":\"https:\/\/www.gaveanews.com\/#\/schema\/person\/image\/\",\"url\":\"https:\/\/secure.gravatar.com\/avatar\/1e1956f1facbffd3f8fa53a326721950116b3b9dc9bd44939c01180fd4a745a9?s=96&d=mm&r=g\",\"contentUrl\":\"https:\/\/secure.gravatar.com\/avatar\/1e1956f1facbffd3f8fa53a326721950116b3b9dc9bd44939c01180fd4a745a9?s=96&d=mm&r=g\",\"caption\":\"Equipe G\u00e1vea News\"}}]}<\/script>\n<!-- \/ Yoast SEO Premium plugin. -->","yoast_head_json":{"title":"Final da Libertadores bate recorde do Flamengo no Maracan\u00e3","robots":{"index":"index","follow":"follow","max-snippet":"max-snippet:-1","max-image-preview":"max-image-preview:large","max-video-preview":"max-video-preview:-1"},"canonical":"https:\/\/www.gaveanews.com\/index.php\/2023\/11\/06\/final-da-libertadores-bate-recorde-do-flamengo-no-maracana\/","og_locale":"pt_BR","og_type":"article","og_title":"Final da Libertadores bate recorde do Flamengo no Maracan\u00e3","og_description":"Na emocionante disputa de finais de futebol no Maracan\u00e3, os n\u00fameros impressionantes vieram \u00e0 tona. Primeiro, o Flamengo arrecadou uma quantia de R$ 26 milh\u00f5es na final da Copa do Brasil. No entanto, esse recorde foi superado pela final da Libertadores, onde Fluminense e Boca Juniors se enfrentaram, arrecadando R$ 31 milh\u00f5es. O jogo de [&hellip;]","og_url":"https:\/\/www.gaveanews.com\/index.php\/2023\/11\/06\/final-da-libertadores-bate-recorde-do-flamengo-no-maracana\/","og_site_name":"G\u00e1vea News","article_publisher":"https:\/\/facebook.com\/gaveaNews\/","article_published_time":"2023-11-06T10:02:49+00:00","article_modified_time":"2023-11-06T10:02:51+00:00","og_image":[{"width":799,"height":533,"url":"https:\/\/www.gaveanews.com\/wp-content\/uploads\/Taca-Libertadores-da-America.webp","type":"image\/jpeg"}],"author":"Equipe G\u00e1vea News","twitter_card":"summary_large_image","twitter_misc":{"Escrito por":"Equipe G\u00e1vea News","Est. tempo de leitura":"1 minuto"},"schema":{"@context":"https:\/\/schema.org","@graph":[{"@type":"NewsArticle","@id":"https:\/\/www.gaveanews.com\/index.php\/2023\/11\/06\/final-da-libertadores-bate-recorde-do-flamengo-no-maracana\/#article","isPartOf":{"@id":"https:\/\/www.gaveanews.com\/index.php\/2023\/11\/06\/final-da-libertadores-bate-recorde-do-flamengo-no-maracana\/"},"author":{"name":"Equipe G\u00e1vea News","@id":"https:\/\/www.gaveanews.com\/#\/schema\/person\/2ec14f73fb96be2caf28f91afb14749d"},"headline":"Final da Libertadores bate recorde do Flamengo no Maracan\u00e3","datePublished":"2023-11-06T10:02:49+00:00","dateModified":"2023-11-06T10:02:51+00:00","mainEntityOfPage":{"@id":"https:\/\/www.gaveanews.com\/index.php\/2023\/11\/06\/final-da-libertadores-bate-recorde-do-flamengo-no-maracana\/"},"wordCount":182,"commentCount":0,"image":{"@id":"https:\/\/www.gaveanews.com\/index.php\/2023\/11\/06\/final-da-libertadores-bate-recorde-do-flamengo-no-maracana\/#primaryimage"},"thumbnailUrl":"https:\/\/www.gaveanews.com\/wp-content\/uploads\/Taca-Libertadores-da-America.webp","articleSection":["Flamengo"],"inLanguage":"pt-BR","potentialAction":[{"@type":"CommentAction","name":"Comment","target":["https:\/\/www.gaveanews.com\/index.php\/2023\/11\/06\/final-da-libertadores-bate-recorde-do-flamengo-no-maracana\/#respond"]}],"copyrightYear":"2023","copyrightHolder":{"@id":"https:\/\/www.gaveanews.com\/#organization"}},{"@type":"WebPage","@id":"https:\/\/www.gaveanews.com\/index.php\/2023\/11\/06\/final-da-libertadores-bate-recorde-do-flamengo-no-maracana\/","url":"https:\/\/www.gaveanews.com\/index.php\/2023\/11\/06\/final-da-libertadores-bate-recorde-do-flamengo-no-maracana\/","name":"Final da Libertadores bate recorde do Flamengo no Maracan\u00e3","isPartOf":{"@id":"https:\/\/www.gaveanews.com\/#website"},"primaryImageOfPage":{"@id":"https:\/\/www.gaveanews.com\/index.php\/2023\/11\/06\/final-da-libertadores-bate-recorde-do-flamengo-no-maracana\/#primaryimage"},"image":{"@id":"https:\/\/www.gaveanews.com\/index.php\/2023\/11\/06\/final-da-libertadores-bate-recorde-do-flamengo-no-maracana\/#primaryimage"},"thumbnailUrl":"https:\/\/www.gaveanews.com\/wp-content\/uploads\/Taca-Libertadores-da-America.webp","datePublished":"2023-11-06T10:02:49+00:00","dateModified":"2023-11-06T10:02:51+00:00","author":{"@id":"https:\/\/www.gaveanews.com\/#\/schema\/person\/2ec14f73fb96be2caf28f91afb14749d"},"breadcrumb":{"@id":"https:\/\/www.gaveanews.com\/index.php\/2023\/11\/06\/final-da-libertadores-bate-recorde-do-flamengo-no-maracana\/#breadcrumb"},"inLanguage":"pt-BR","potentialAction":[{"@type":"ReadAction","target":["https:\/\/www.gaveanews.com\/index.php\/2023\/11\/06\/final-da-libertadores-bate-recorde-do-flamengo-no-maracana\/"]}]},{"@type":"ImageObject","inLanguage":"pt-BR","@id":"https:\/\/www.gaveanews.com\/index.php\/2023\/11\/06\/final-da-libertadores-bate-recorde-do-flamengo-no-maracana\/#primaryimage","url":"https:\/\/www.gaveanews.com\/wp-content\/uploads\/Taca-Libertadores-da-America.webp","contentUrl":"https:\/\/www.gaveanews.com\/wp-content\/uploads\/Taca-Libertadores-da-America.webp","width":799,"height":533,"caption":"Ta\u00e7a da Copa Libertadores da Am\u00e9rica (Foto: Gilvan de Souza\/Flamengo)"},{"@type":"BreadcrumbList","@id":"https:\/\/www.gaveanews.com\/index.php\/2023\/11\/06\/final-da-libertadores-bate-recorde-do-flamengo-no-maracana\/#breadcrumb","itemListElement":[{"@type":"ListItem","position":1,"name":"Home","item":"https:\/\/www.gaveanews.com\/"},{"@type":"ListItem","position":2,"name":"Final da Libertadores bate recorde do Flamengo no Maracan\u00e3"}]},{"@type":"WebSite","@id":"https:\/\/www.gaveanews.com\/#website","url":"https:\/\/www.gaveanews.com\/","name":"G\u00e1vea News","description":"Veja todas as not\u00edcias sobre o Flamengo: Contrata\u00e7\u00f5es, categorias de base, resultados das partidas, tabela de classifica\u00e7\u00e3o, pr\u00f3ximos jogos!","potentialAction":[{"@type":"SearchAction","target":{"@type":"EntryPoint","urlTemplate":"https:\/\/www.gaveanews.com\/?s={search_term_string}"},"query-input":{"@type":"PropertyValueSpecification","valueRequired":true,"valueName":"search_term_string"}}],"inLanguage":"pt-BR"},{"@type":"Person","@id":"https:\/\/www.gaveanews.com\/#\/schema\/person\/2ec14f73fb96be2caf28f91afb14749d","name":"Equipe G\u00e1vea News","image":{"@type":"ImageObject","inLanguage":"pt-BR","@id":"https:\/\/www.gaveanews.com\/#\/schema\/person\/image\/","url":"https:\/\/secure.gravatar.com\/avatar\/1e1956f1facbffd3f8fa53a326721950116b3b9dc9bd44939c01180fd4a745a9?s=96&d=mm&r=g","contentUrl":"https:\/\/secure.gravatar.com\/avatar\/1e1956f1facbffd3f8fa53a326721950116b3b9dc9bd44939c01180fd4a745a9?s=96&d=mm&r=g","caption":"Equipe G\u00e1vea News"}}]}},"_links":{"self":[{"href":"https:\/\/www.gaveanews.com\/index.php\/wp-json\/wp\/v2\/posts\/110361","targetHints":{"allow":["GET"]}}],"collection":[{"href":"https:\/\/www.gaveanews.com\/index.php\/wp-json\/wp\/v2\/posts"}],"about":[{"href":"https:\/\/www.gaveanews.com\/index.php\/wp-json\/wp\/v2\/types\/post"}],"author":[{"embeddable":true,"href":"https:\/\/www.gaveanews.com\/index.php\/wp-json\/wp\/v2\/users\/1"}],"replies":[{"embeddable":true,"href":"https:\/\/www.gaveanews.com\/index.php\/wp-json\/wp\/v2\/comments?post=110361"}],"version-history":[{"count":0,"href":"https:\/\/www.gaveanews.com\/index.php\/wp-json\/wp\/v2\/posts\/110361\/revisions"}],"wp:featuredmedia":[{"embeddable":true,"href":"https:\/\/www.gaveanews.com\/index.php\/wp-json\/wp\/v2\/media\/90054"}],"wp:attachment":[{"href":"https:\/\/www.gaveanews.com\/index.php\/wp-json\/wp\/v2\/media?parent=110361"}],"wp:term":[{"taxonomy":"category","embeddable":true,"href":"https:\/\/www.gaveanews.com\/index.php\/wp-json\/wp\/v2\/categories?post=110361"},{"taxonomy":"post_tag","embeddable":true,"href":"https:\/\/www.gaveanews.com\/index.php\/wp-json\/wp\/v2\/tags?post=110361"}],"curies":[{"name":"wp","href":"https:\/\/api.w.org\/{rel}","templated":true}]}}