{"id":110418,"date":"2023-11-06T12:52:02","date_gmt":"2023-11-06T15:52:02","guid":{"rendered":"https:\/\/www.gaveanews.com\/?p=110418"},"modified":"2023-11-06T12:52:03","modified_gmt":"2023-11-06T15:52:03","slug":"bruno-mendez-e-guilherme-arana-no-flamengo-veja-as-situacoes","status":"publish","type":"post","link":"https:\/\/www.gaveanews.com\/index.php\/2023\/11\/06\/bruno-mendez-e-guilherme-arana-no-flamengo-veja-as-situacoes\/","title":{"rendered":"Bruno M\u00e9ndez e Guilherme Arana no Flamengo? Veja as situa\u00e7\u00f5es"},"content":{"rendered":"\n<p>Por: Let\u00edcia Gerheim<br><br>O resultado do Flamengo na temporada de 2023 \u00e9 desastroso se comparado com as estimativas feitas no no planejamento do ciclo. Sabendo da necessidade de mudan\u00e7as no elenco para lutar por t\u00edtulos no pr\u00f3ximo ano, o Mais Querido analisa o mercado da bola em busca de refor\u00e7os.<\/p>\n\n\n\n<p>Os interesses do clube passam diretamente pela avalia\u00e7\u00e3o de Tite, que tem contrato com o Rubro-Negro at\u00e9 o final de 2024. Dois dos atletas abordados s\u00e3o Bruno M\u00e9ndez, do Corinthians, e Guilherme Arana, do Atl\u00e9tico-MG.<\/p>\n\n\n\n<p>O zagueiro uruguaio atrai interesse internacionalmente e \u00e9 a bola da vez para o CSKA Moscou, da R\u00fassia. A imprensa russa repercute o tema e afirma que o clube local deseja contratar o jogador em janeiro.<\/p>\n\n\n\n<p>O interesse inicial do defensor \u00e9 renovar com o Corinthians, mas o clube paulista ainda n\u00e3o bateu o martelo sobre a perman\u00eancia do atleta. O Flamengo, por sua vez, acompanha o caso e s\u00f3 far\u00e1 proposta caso haja desmanche em seu setor defensivo. No momento, Rodrigo Caio e David Luiz t\u00eam menores chances de permanecer na equipe.<\/p>\n\n\n\n<p>Guilherme Arana, em contrapartida, renovou contrato com o Atl\u00e9tico-MG at\u00e9 2027, tornando a transfer\u00eancia para o Flamengo improv\u00e1vel. O contato do Mais Querido pelo lateral-esquerdo aconteceu em outubro, como relatado pelo Paparazzo Rubro-Negro.<\/p>\n\n\n\n<p><em>&#8211; O Flamengo oficialmente procurou o estafe do Guilherme Arana. Ou seja, o Fla j\u00e1 fez um contato oficial com seus representantes. Informou que vai procurar o Atl\u00e9tico-MG. \u00c9 informa\u00e7\u00e3o. O Fla quer o Arana para 2024. N\u00e3o satisfeito com a contrata\u00e7\u00e3o do Allan, o Flamengo quer tamb\u00e9m o Arana. J\u00e1 simboliza que o Filipe Lu\u00eds deve encerrar a carreira no fim do ano.<\/em><\/p>\n","protected":false},"excerpt":{"rendered":"<p>Por: Let\u00edcia Gerheim O resultado do Flamengo na temporada de 2023 \u00e9 desastroso se comparado com as estimativas feitas no no planejamento do ciclo. Sabendo da necessidade de mudan\u00e7as no elenco para lutar por t\u00edtulos no pr\u00f3ximo ano, o Mais Querido analisa o mercado da bola em busca de refor\u00e7os. Os interesses do clube passam [&hellip;]<\/p>\n","protected":false},"author":4,"featured_media":110426,"comment_status":"open","ping_status":"closed","sticky":false,"template":"","format":"standard","meta":{"footnotes":""},"categories":[1],"tags":[],"class_list":["post-110418","post","type-post","status-publish","format-standard","has-post-thumbnail","hentry","category-flamengo"],"yoast_head":"<!-- This site is optimized with the Yoast SEO Premium plugin v24.2 (Yoast SEO v26.9) - https:\/\/yoast.com\/product\/yoast-seo-premium-wordpress\/ -->\n<title>Bruno M\u00e9ndez e Guilherme Arana no Flamengo? Veja as situa\u00e7\u00f5es<\/title>\n<meta name=\"robots\" content=\"index, follow, max-snippet:-1, max-image-preview:large, max-video-preview:-1\" \/>\n<link rel=\"canonical\" href=\"https:\/\/www.gaveanews.com\/index.php\/2023\/11\/06\/bruno-mendez-e-guilherme-arana-no-flamengo-veja-as-situacoes\/\" \/>\n<meta property=\"og:locale\" content=\"pt_BR\" \/>\n<meta property=\"og:type\" content=\"article\" \/>\n<meta property=\"og:title\" content=\"Bruno M\u00e9ndez e Guilherme Arana no Flamengo? Veja as situa\u00e7\u00f5es\" \/>\n<meta property=\"og:description\" content=\"Por: Let\u00edcia Gerheim O resultado do Flamengo na temporada de 2023 \u00e9 desastroso se comparado com as estimativas feitas no no planejamento do ciclo. Sabendo da necessidade de mudan\u00e7as no elenco para lutar por t\u00edtulos no pr\u00f3ximo ano, o Mais Querido analisa o mercado da bola em busca de refor\u00e7os. Os interesses do clube passam [&hellip;]\" \/>\n<meta property=\"og:url\" content=\"https:\/\/www.gaveanews.com\/index.php\/2023\/11\/06\/bruno-mendez-e-guilherme-arana-no-flamengo-veja-as-situacoes\/\" \/>\n<meta property=\"og:site_name\" content=\"G\u00e1vea News\" \/>\n<meta property=\"article:publisher\" content=\"https:\/\/facebook.com\/gaveaNews\/\" \/>\n<meta property=\"article:published_time\" content=\"2023-11-06T15:52:02+00:00\" \/>\n<meta property=\"article:modified_time\" content=\"2023-11-06T15:52:03+00:00\" \/>\n<meta property=\"og:image\" content=\"https:\/\/www.gaveanews.com\/wp-content\/uploads\/Bruno-Mendez-e-Guilherme-Arana.webp\" \/>\n\t<meta property=\"og:image:width\" content=\"1350\" \/>\n\t<meta property=\"og:image:height\" content=\"1080\" \/>\n\t<meta property=\"og:image:type\" content=\"image\/webp\" \/>\n<meta name=\"author\" content=\"Let\u00edcia Gerheim\" \/>\n<meta name=\"twitter:card\" content=\"summary_large_image\" \/>\n<meta name=\"twitter:label1\" content=\"Escrito por\" \/>\n\t<meta name=\"twitter:data1\" content=\"Let\u00edcia Gerheim\" \/>\n\t<meta name=\"twitter:label2\" content=\"Est. tempo de leitura\" \/>\n\t<meta name=\"twitter:data2\" content=\"2 minutos\" \/>\n<script type=\"application\/ld+json\" class=\"yoast-schema-graph\">{\"@context\":\"https:\/\/schema.org\",\"@graph\":[{\"@type\":\"NewsArticle\",\"@id\":\"https:\/\/www.gaveanews.com\/index.php\/2023\/11\/06\/bruno-mendez-e-guilherme-arana-no-flamengo-veja-as-situacoes\/#article\",\"isPartOf\":{\"@id\":\"https:\/\/www.gaveanews.com\/index.php\/2023\/11\/06\/bruno-mendez-e-guilherme-arana-no-flamengo-veja-as-situacoes\/\"},\"author\":{\"name\":\"Let\u00edcia Gerheim\",\"@id\":\"https:\/\/www.gaveanews.com\/#\/schema\/person\/714c67050b836198af2450ba1c142a67\"},\"headline\":\"Bruno M\u00e9ndez e Guilherme Arana no Flamengo? Veja as situa\u00e7\u00f5es\",\"datePublished\":\"2023-11-06T15:52:02+00:00\",\"dateModified\":\"2023-11-06T15:52:03+00:00\",\"mainEntityOfPage\":{\"@id\":\"https:\/\/www.gaveanews.com\/index.php\/2023\/11\/06\/bruno-mendez-e-guilherme-arana-no-flamengo-veja-as-situacoes\/\"},\"wordCount\":301,\"commentCount\":0,\"image\":{\"@id\":\"https:\/\/www.gaveanews.com\/index.php\/2023\/11\/06\/bruno-mendez-e-guilherme-arana-no-flamengo-veja-as-situacoes\/#primaryimage\"},\"thumbnailUrl\":\"https:\/\/www.gaveanews.com\/wp-content\/uploads\/Bruno-Mendez-e-Guilherme-Arana.webp\",\"articleSection\":[\"Flamengo\"],\"inLanguage\":\"pt-BR\",\"potentialAction\":[{\"@type\":\"CommentAction\",\"name\":\"Comment\",\"target\":[\"https:\/\/www.gaveanews.com\/index.php\/2023\/11\/06\/bruno-mendez-e-guilherme-arana-no-flamengo-veja-as-situacoes\/#respond\"]}],\"copyrightYear\":\"2023\",\"copyrightHolder\":{\"@id\":\"https:\/\/www.gaveanews.com\/#organization\"}},{\"@type\":\"WebPage\",\"@id\":\"https:\/\/www.gaveanews.com\/index.php\/2023\/11\/06\/bruno-mendez-e-guilherme-arana-no-flamengo-veja-as-situacoes\/\",\"url\":\"https:\/\/www.gaveanews.com\/index.php\/2023\/11\/06\/bruno-mendez-e-guilherme-arana-no-flamengo-veja-as-situacoes\/\",\"name\":\"Bruno M\u00e9ndez e Guilherme Arana no Flamengo? Veja as situa\u00e7\u00f5es\",\"isPartOf\":{\"@id\":\"https:\/\/www.gaveanews.com\/#website\"},\"primaryImageOfPage\":{\"@id\":\"https:\/\/www.gaveanews.com\/index.php\/2023\/11\/06\/bruno-mendez-e-guilherme-arana-no-flamengo-veja-as-situacoes\/#primaryimage\"},\"image\":{\"@id\":\"https:\/\/www.gaveanews.com\/index.php\/2023\/11\/06\/bruno-mendez-e-guilherme-arana-no-flamengo-veja-as-situacoes\/#primaryimage\"},\"thumbnailUrl\":\"https:\/\/www.gaveanews.com\/wp-content\/uploads\/Bruno-Mendez-e-Guilherme-Arana.webp\",\"datePublished\":\"2023-11-06T15:52:02+00:00\",\"dateModified\":\"2023-11-06T15:52:03+00:00\",\"author\":{\"@id\":\"https:\/\/www.gaveanews.com\/#\/schema\/person\/714c67050b836198af2450ba1c142a67\"},\"breadcrumb\":{\"@id\":\"https:\/\/www.gaveanews.com\/index.php\/2023\/11\/06\/bruno-mendez-e-guilherme-arana-no-flamengo-veja-as-situacoes\/#breadcrumb\"},\"inLanguage\":\"pt-BR\",\"potentialAction\":[{\"@type\":\"ReadAction\",\"target\":[\"https:\/\/www.gaveanews.com\/index.php\/2023\/11\/06\/bruno-mendez-e-guilherme-arana-no-flamengo-veja-as-situacoes\/\"]}]},{\"@type\":\"ImageObject\",\"inLanguage\":\"pt-BR\",\"@id\":\"https:\/\/www.gaveanews.com\/index.php\/2023\/11\/06\/bruno-mendez-e-guilherme-arana-no-flamengo-veja-as-situacoes\/#primaryimage\",\"url\":\"https:\/\/www.gaveanews.com\/wp-content\/uploads\/Bruno-Mendez-e-Guilherme-Arana.webp\",\"contentUrl\":\"https:\/\/www.gaveanews.com\/wp-content\/uploads\/Bruno-Mendez-e-Guilherme-Arana.webp\",\"width\":1350,\"height\":1080,\"caption\":\"(Foto: G\u00e1vea News)\"},{\"@type\":\"BreadcrumbList\",\"@id\":\"https:\/\/www.gaveanews.com\/index.php\/2023\/11\/06\/bruno-mendez-e-guilherme-arana-no-flamengo-veja-as-situacoes\/#breadcrumb\",\"itemListElement\":[{\"@type\":\"ListItem\",\"position\":1,\"name\":\"Home\",\"item\":\"https:\/\/www.gaveanews.com\/\"},{\"@type\":\"ListItem\",\"position\":2,\"name\":\"Bruno M\u00e9ndez e Guilherme Arana no Flamengo? Veja as situa\u00e7\u00f5es\"}]},{\"@type\":\"WebSite\",\"@id\":\"https:\/\/www.gaveanews.com\/#website\",\"url\":\"https:\/\/www.gaveanews.com\/\",\"name\":\"G\u00e1vea News\",\"description\":\"Veja todas as not\u00edcias sobre o Flamengo: Contrata\u00e7\u00f5es, categorias de base, resultados das partidas, tabela de classifica\u00e7\u00e3o, pr\u00f3ximos jogos!\",\"potentialAction\":[{\"@type\":\"SearchAction\",\"target\":{\"@type\":\"EntryPoint\",\"urlTemplate\":\"https:\/\/www.gaveanews.com\/?s={search_term_string}\"},\"query-input\":{\"@type\":\"PropertyValueSpecification\",\"valueRequired\":true,\"valueName\":\"search_term_string\"}}],\"inLanguage\":\"pt-BR\"},{\"@type\":\"Person\",\"@id\":\"https:\/\/www.gaveanews.com\/#\/schema\/person\/714c67050b836198af2450ba1c142a67\",\"name\":\"Let\u00edcia Gerheim\",\"image\":{\"@type\":\"ImageObject\",\"inLanguage\":\"pt-BR\",\"@id\":\"https:\/\/www.gaveanews.com\/#\/schema\/person\/image\/\",\"url\":\"https:\/\/secure.gravatar.com\/avatar\/60734739c50fcebfbac509e2a826ccd0ff405c019bc73aab9354f19ecad1dcb4?s=96&d=mm&r=g\",\"contentUrl\":\"https:\/\/secure.gravatar.com\/avatar\/60734739c50fcebfbac509e2a826ccd0ff405c019bc73aab9354f19ecad1dcb4?s=96&d=mm&r=g\",\"caption\":\"Let\u00edcia Gerheim\"}}]}<\/script>\n<!-- \/ Yoast SEO Premium plugin. -->","yoast_head_json":{"title":"Bruno M\u00e9ndez e Guilherme Arana no Flamengo? Veja as situa\u00e7\u00f5es","robots":{"index":"index","follow":"follow","max-snippet":"max-snippet:-1","max-image-preview":"max-image-preview:large","max-video-preview":"max-video-preview:-1"},"canonical":"https:\/\/www.gaveanews.com\/index.php\/2023\/11\/06\/bruno-mendez-e-guilherme-arana-no-flamengo-veja-as-situacoes\/","og_locale":"pt_BR","og_type":"article","og_title":"Bruno M\u00e9ndez e Guilherme Arana no Flamengo? Veja as situa\u00e7\u00f5es","og_description":"Por: Let\u00edcia Gerheim O resultado do Flamengo na temporada de 2023 \u00e9 desastroso se comparado com as estimativas feitas no no planejamento do ciclo. Sabendo da necessidade de mudan\u00e7as no elenco para lutar por t\u00edtulos no pr\u00f3ximo ano, o Mais Querido analisa o mercado da bola em busca de refor\u00e7os. Os interesses do clube passam [&hellip;]","og_url":"https:\/\/www.gaveanews.com\/index.php\/2023\/11\/06\/bruno-mendez-e-guilherme-arana-no-flamengo-veja-as-situacoes\/","og_site_name":"G\u00e1vea News","article_publisher":"https:\/\/facebook.com\/gaveaNews\/","article_published_time":"2023-11-06T15:52:02+00:00","article_modified_time":"2023-11-06T15:52:03+00:00","og_image":[{"width":1350,"height":1080,"url":"https:\/\/www.gaveanews.com\/wp-content\/uploads\/Bruno-Mendez-e-Guilherme-Arana.webp","type":"image\/webp"}],"author":"Let\u00edcia Gerheim","twitter_card":"summary_large_image","twitter_misc":{"Escrito por":"Let\u00edcia Gerheim","Est. tempo de leitura":"2 minutos"},"schema":{"@context":"https:\/\/schema.org","@graph":[{"@type":"NewsArticle","@id":"https:\/\/www.gaveanews.com\/index.php\/2023\/11\/06\/bruno-mendez-e-guilherme-arana-no-flamengo-veja-as-situacoes\/#article","isPartOf":{"@id":"https:\/\/www.gaveanews.com\/index.php\/2023\/11\/06\/bruno-mendez-e-guilherme-arana-no-flamengo-veja-as-situacoes\/"},"author":{"name":"Let\u00edcia Gerheim","@id":"https:\/\/www.gaveanews.com\/#\/schema\/person\/714c67050b836198af2450ba1c142a67"},"headline":"Bruno M\u00e9ndez e Guilherme Arana no Flamengo? Veja as situa\u00e7\u00f5es","datePublished":"2023-11-06T15:52:02+00:00","dateModified":"2023-11-06T15:52:03+00:00","mainEntityOfPage":{"@id":"https:\/\/www.gaveanews.com\/index.php\/2023\/11\/06\/bruno-mendez-e-guilherme-arana-no-flamengo-veja-as-situacoes\/"},"wordCount":301,"commentCount":0,"image":{"@id":"https:\/\/www.gaveanews.com\/index.php\/2023\/11\/06\/bruno-mendez-e-guilherme-arana-no-flamengo-veja-as-situacoes\/#primaryimage"},"thumbnailUrl":"https:\/\/www.gaveanews.com\/wp-content\/uploads\/Bruno-Mendez-e-Guilherme-Arana.webp","articleSection":["Flamengo"],"inLanguage":"pt-BR","potentialAction":[{"@type":"CommentAction","name":"Comment","target":["https:\/\/www.gaveanews.com\/index.php\/2023\/11\/06\/bruno-mendez-e-guilherme-arana-no-flamengo-veja-as-situacoes\/#respond"]}],"copyrightYear":"2023","copyrightHolder":{"@id":"https:\/\/www.gaveanews.com\/#organization"}},{"@type":"WebPage","@id":"https:\/\/www.gaveanews.com\/index.php\/2023\/11\/06\/bruno-mendez-e-guilherme-arana-no-flamengo-veja-as-situacoes\/","url":"https:\/\/www.gaveanews.com\/index.php\/2023\/11\/06\/bruno-mendez-e-guilherme-arana-no-flamengo-veja-as-situacoes\/","name":"Bruno M\u00e9ndez e Guilherme Arana no Flamengo? Veja as situa\u00e7\u00f5es","isPartOf":{"@id":"https:\/\/www.gaveanews.com\/#website"},"primaryImageOfPage":{"@id":"https:\/\/www.gaveanews.com\/index.php\/2023\/11\/06\/bruno-mendez-e-guilherme-arana-no-flamengo-veja-as-situacoes\/#primaryimage"},"image":{"@id":"https:\/\/www.gaveanews.com\/index.php\/2023\/11\/06\/bruno-mendez-e-guilherme-arana-no-flamengo-veja-as-situacoes\/#primaryimage"},"thumbnailUrl":"https:\/\/www.gaveanews.com\/wp-content\/uploads\/Bruno-Mendez-e-Guilherme-Arana.webp","datePublished":"2023-11-06T15:52:02+00:00","dateModified":"2023-11-06T15:52:03+00:00","author":{"@id":"https:\/\/www.gaveanews.com\/#\/schema\/person\/714c67050b836198af2450ba1c142a67"},"breadcrumb":{"@id":"https:\/\/www.gaveanews.com\/index.php\/2023\/11\/06\/bruno-mendez-e-guilherme-arana-no-flamengo-veja-as-situacoes\/#breadcrumb"},"inLanguage":"pt-BR","potentialAction":[{"@type":"ReadAction","target":["https:\/\/www.gaveanews.com\/index.php\/2023\/11\/06\/bruno-mendez-e-guilherme-arana-no-flamengo-veja-as-situacoes\/"]}]},{"@type":"ImageObject","inLanguage":"pt-BR","@id":"https:\/\/www.gaveanews.com\/index.php\/2023\/11\/06\/bruno-mendez-e-guilherme-arana-no-flamengo-veja-as-situacoes\/#primaryimage","url":"https:\/\/www.gaveanews.com\/wp-content\/uploads\/Bruno-Mendez-e-Guilherme-Arana.webp","contentUrl":"https:\/\/www.gaveanews.com\/wp-content\/uploads\/Bruno-Mendez-e-Guilherme-Arana.webp","width":1350,"height":1080,"caption":"(Foto: G\u00e1vea News)"},{"@type":"BreadcrumbList","@id":"https:\/\/www.gaveanews.com\/index.php\/2023\/11\/06\/bruno-mendez-e-guilherme-arana-no-flamengo-veja-as-situacoes\/#breadcrumb","itemListElement":[{"@type":"ListItem","position":1,"name":"Home","item":"https:\/\/www.gaveanews.com\/"},{"@type":"ListItem","position":2,"name":"Bruno M\u00e9ndez e Guilherme Arana no Flamengo? Veja as situa\u00e7\u00f5es"}]},{"@type":"WebSite","@id":"https:\/\/www.gaveanews.com\/#website","url":"https:\/\/www.gaveanews.com\/","name":"G\u00e1vea News","description":"Veja todas as not\u00edcias sobre o Flamengo: Contrata\u00e7\u00f5es, categorias de base, resultados das partidas, tabela de classifica\u00e7\u00e3o, pr\u00f3ximos jogos!","potentialAction":[{"@type":"SearchAction","target":{"@type":"EntryPoint","urlTemplate":"https:\/\/www.gaveanews.com\/?s={search_term_string}"},"query-input":{"@type":"PropertyValueSpecification","valueRequired":true,"valueName":"search_term_string"}}],"inLanguage":"pt-BR"},{"@type":"Person","@id":"https:\/\/www.gaveanews.com\/#\/schema\/person\/714c67050b836198af2450ba1c142a67","name":"Let\u00edcia Gerheim","image":{"@type":"ImageObject","inLanguage":"pt-BR","@id":"https:\/\/www.gaveanews.com\/#\/schema\/person\/image\/","url":"https:\/\/secure.gravatar.com\/avatar\/60734739c50fcebfbac509e2a826ccd0ff405c019bc73aab9354f19ecad1dcb4?s=96&d=mm&r=g","contentUrl":"https:\/\/secure.gravatar.com\/avatar\/60734739c50fcebfbac509e2a826ccd0ff405c019bc73aab9354f19ecad1dcb4?s=96&d=mm&r=g","caption":"Let\u00edcia Gerheim"}}]}},"_links":{"self":[{"href":"https:\/\/www.gaveanews.com\/index.php\/wp-json\/wp\/v2\/posts\/110418","targetHints":{"allow":["GET"]}}],"collection":[{"href":"https:\/\/www.gaveanews.com\/index.php\/wp-json\/wp\/v2\/posts"}],"about":[{"href":"https:\/\/www.gaveanews.com\/index.php\/wp-json\/wp\/v2\/types\/post"}],"author":[{"embeddable":true,"href":"https:\/\/www.gaveanews.com\/index.php\/wp-json\/wp\/v2\/users\/4"}],"replies":[{"embeddable":true,"href":"https:\/\/www.gaveanews.com\/index.php\/wp-json\/wp\/v2\/comments?post=110418"}],"version-history":[{"count":0,"href":"https:\/\/www.gaveanews.com\/index.php\/wp-json\/wp\/v2\/posts\/110418\/revisions"}],"wp:featuredmedia":[{"embeddable":true,"href":"https:\/\/www.gaveanews.com\/index.php\/wp-json\/wp\/v2\/media\/110426"}],"wp:attachment":[{"href":"https:\/\/www.gaveanews.com\/index.php\/wp-json\/wp\/v2\/media?parent=110418"}],"wp:term":[{"taxonomy":"category","embeddable":true,"href":"https:\/\/www.gaveanews.com\/index.php\/wp-json\/wp\/v2\/categories?post=110418"},{"taxonomy":"post_tag","embeddable":true,"href":"https:\/\/www.gaveanews.com\/index.php\/wp-json\/wp\/v2\/tags?post=110418"}],"curies":[{"name":"wp","href":"https:\/\/api.w.org\/{rel}","templated":true}]}}