{"id":110438,"date":"2023-11-06T14:20:50","date_gmt":"2023-11-06T17:20:50","guid":{"rendered":"https:\/\/www.gaveanews.com\/?p=110438"},"modified":"2023-11-06T14:20:51","modified_gmt":"2023-11-06T17:20:51","slug":"com-novidades-veja-a-lista-de-convocados-pela-selecao-brasileira-para-a-data-fifa-de-novembro","status":"publish","type":"post","link":"https:\/\/www.gaveanews.com\/index.php\/2023\/11\/06\/com-novidades-veja-a-lista-de-convocados-pela-selecao-brasileira-para-a-data-fifa-de-novembro\/","title":{"rendered":"Com novidades, veja a lista de convocados pela Sele\u00e7\u00e3o Brasileira para a data Fifa de novembro"},"content":{"rendered":"\n<p>Por: Let\u00edcia Gerheim<br><br>Vindo de dois trope\u00e7os &#8211; um empate e uma derrota -, Fernando Diniz retoma seu trabalho na Sele\u00e7\u00e3o Brasileira para os jogos de novembro. O t\u00e9cnico montou uma nova lista de convocados para defender a Canarinho contra Col\u00f4mbia e Argenetina.<\/p>\n\n\n\n<p>O jogo contra os colombianos ser\u00e1 no dia 16 de novembro, em Barranquilla, \u00e0s 21h (hor\u00e1rio de Bras\u00edlia).\u00a0O cl\u00e1ssico contra a Argentina, no dia 21, \u00e0s 21h30, ser\u00e1 sediado no Maracan\u00e3.\u00a0Estes ser\u00e3o os \u00faltimos jogos do Brasil em 2023.<\/p>\n\n\n\n<p>Entre os nomes frequentes nas convoca\u00e7\u00f5es, dois desfalques s\u00e3o esperados. Casemiro sofreu les\u00e3o no Manchester United e s\u00f3 volta a campo em janeiro. Neymar, por sua vez, foi submetido a uma cirurgia no joelho e ficar\u00e1 seis meses afastado dos gramados.<\/p>\n\n\n\n<h2 class=\"wp-block-heading\" id=\"h-lista-de-convocados\">Lista de convocados:<\/h2>\n\n\n\n<ul class=\"wp-block-list\">\n<li><strong>Goleiros:<\/strong> Alisson (Liverpool), Lucas Perri (Botafogo) e Ederson (Manchester City);<\/li>\n\n\n\n<li><strong>Laterais: <\/strong>Emerson Royal (Tottenham), Carlos Augusto (Inter de Mil\u00e3o) e Renan Lodi (Olympique de Marselha);<\/li>\n\n\n\n<li><strong>Zagueiros:<\/strong> Bremer (Juventus), Gabriel Magalh\u00e3es (Arsenal), Marquinhos (PSG) e Nino (Fluminense);<\/li>\n\n\n\n<li><strong>Meias:<\/strong> Andr\u00e9 (Fluminense), Bruno Guimar\u00e3es (Newcastle United), Douglas Luiz (Aston Villa), Joelinton (Newcastle), Raphael Veiga (Palmeiras) e Rodrygo (Real Madrid);<\/li>\n\n\n\n<li><strong>Atacantes:<\/strong> Endrick (Palmeiras), Gabriel Jesus (Arsenal), Gabriel Martinelli (Arsenal), Jo\u00e3o Pedro (Brighton), Paulinho (Atl\u00e9tico-MG), Pep\u00ea (Porto), Raphinha (Barcelona) e Vin\u00edcius J\u00fanior (Real Madrid).<\/li>\n<\/ul>\n\n\n\n<p>A Sele\u00e7\u00e3o Brasileira ocupa o terceiro lugar na tabela de classifica\u00e7\u00e3o das Eliminat\u00f3rias Sul-Americanas da Copa do Mundo de 2026, com 7 pontos. A l\u00edder Argentina soma 12 pontos. Em seus quatro compromissos at\u00e9 ent\u00e3o, o Brasil acumula duas vit\u00f3rias, um empate e uma derrota.<\/p>\n","protected":false},"excerpt":{"rendered":"<p>Por: Let\u00edcia Gerheim Vindo de dois trope\u00e7os &#8211; um empate e uma derrota -, Fernando Diniz retoma seu trabalho na Sele\u00e7\u00e3o Brasileira para os jogos de novembro. O t\u00e9cnico montou uma nova lista de convocados para defender a Canarinho contra Col\u00f4mbia e Argenetina. O jogo contra os colombianos ser\u00e1 no dia 16 de novembro, em [&hellip;]<\/p>\n","protected":false},"author":4,"featured_media":110440,"comment_status":"open","ping_status":"closed","sticky":false,"template":"","format":"standard","meta":{"footnotes":""},"categories":[1],"tags":[],"class_list":["post-110438","post","type-post","status-publish","format-standard","has-post-thumbnail","hentry","category-flamengo"],"yoast_head":"<!-- This site is optimized with the Yoast SEO Premium plugin v24.2 (Yoast SEO v26.9) - https:\/\/yoast.com\/product\/yoast-seo-premium-wordpress\/ -->\n<title>Com novidades, veja a lista de convocados pela Sele\u00e7\u00e3o Brasileira para a data Fifa de novembro<\/title>\n<meta name=\"robots\" content=\"index, follow, max-snippet:-1, max-image-preview:large, max-video-preview:-1\" \/>\n<link rel=\"canonical\" href=\"https:\/\/www.gaveanews.com\/index.php\/2023\/11\/06\/com-novidades-veja-a-lista-de-convocados-pela-selecao-brasileira-para-a-data-fifa-de-novembro\/\" \/>\n<meta property=\"og:locale\" content=\"pt_BR\" \/>\n<meta property=\"og:type\" content=\"article\" \/>\n<meta property=\"og:title\" content=\"Com novidades, veja a lista de convocados pela Sele\u00e7\u00e3o Brasileira para a data Fifa de novembro\" \/>\n<meta property=\"og:description\" content=\"Por: Let\u00edcia Gerheim Vindo de dois trope\u00e7os &#8211; um empate e uma derrota -, Fernando Diniz retoma seu trabalho na Sele\u00e7\u00e3o Brasileira para os jogos de novembro. O t\u00e9cnico montou uma nova lista de convocados para defender a Canarinho contra Col\u00f4mbia e Argenetina. O jogo contra os colombianos ser\u00e1 no dia 16 de novembro, em [&hellip;]\" \/>\n<meta property=\"og:url\" content=\"https:\/\/www.gaveanews.com\/index.php\/2023\/11\/06\/com-novidades-veja-a-lista-de-convocados-pela-selecao-brasileira-para-a-data-fifa-de-novembro\/\" \/>\n<meta property=\"og:site_name\" content=\"G\u00e1vea News\" \/>\n<meta property=\"article:publisher\" content=\"https:\/\/facebook.com\/gaveaNews\/\" \/>\n<meta property=\"article:published_time\" content=\"2023-11-06T17:20:50+00:00\" \/>\n<meta property=\"article:modified_time\" content=\"2023-11-06T17:20:51+00:00\" \/>\n<meta property=\"og:image\" content=\"https:\/\/www.gaveanews.com\/wp-content\/uploads\/fernando-diniz-selecao-brasileira.webp\" \/>\n\t<meta property=\"og:image:width\" content=\"984\" \/>\n\t<meta property=\"og:image:height\" content=\"656\" \/>\n\t<meta property=\"og:image:type\" content=\"image\/webp\" \/>\n<meta name=\"author\" content=\"Let\u00edcia Gerheim\" \/>\n<meta name=\"twitter:card\" content=\"summary_large_image\" \/>\n<meta name=\"twitter:label1\" content=\"Escrito por\" \/>\n\t<meta name=\"twitter:data1\" content=\"Let\u00edcia Gerheim\" \/>\n\t<meta name=\"twitter:label2\" content=\"Est. tempo de leitura\" \/>\n\t<meta name=\"twitter:data2\" content=\"2 minutos\" \/>\n<script type=\"application\/ld+json\" class=\"yoast-schema-graph\">{\"@context\":\"https:\/\/schema.org\",\"@graph\":[{\"@type\":\"NewsArticle\",\"@id\":\"https:\/\/www.gaveanews.com\/index.php\/2023\/11\/06\/com-novidades-veja-a-lista-de-convocados-pela-selecao-brasileira-para-a-data-fifa-de-novembro\/#article\",\"isPartOf\":{\"@id\":\"https:\/\/www.gaveanews.com\/index.php\/2023\/11\/06\/com-novidades-veja-a-lista-de-convocados-pela-selecao-brasileira-para-a-data-fifa-de-novembro\/\"},\"author\":{\"name\":\"Let\u00edcia Gerheim\",\"@id\":\"https:\/\/www.gaveanews.com\/#\/schema\/person\/714c67050b836198af2450ba1c142a67\"},\"headline\":\"Com novidades, veja a lista de convocados pela Sele\u00e7\u00e3o Brasileira para a data Fifa de novembro\",\"datePublished\":\"2023-11-06T17:20:50+00:00\",\"dateModified\":\"2023-11-06T17:20:51+00:00\",\"mainEntityOfPage\":{\"@id\":\"https:\/\/www.gaveanews.com\/index.php\/2023\/11\/06\/com-novidades-veja-a-lista-de-convocados-pela-selecao-brasileira-para-a-data-fifa-de-novembro\/\"},\"wordCount\":288,\"commentCount\":0,\"image\":{\"@id\":\"https:\/\/www.gaveanews.com\/index.php\/2023\/11\/06\/com-novidades-veja-a-lista-de-convocados-pela-selecao-brasileira-para-a-data-fifa-de-novembro\/#primaryimage\"},\"thumbnailUrl\":\"https:\/\/www.gaveanews.com\/wp-content\/uploads\/fernando-diniz-selecao-brasileira.webp\",\"articleSection\":[\"Flamengo\"],\"inLanguage\":\"pt-BR\",\"potentialAction\":[{\"@type\":\"CommentAction\",\"name\":\"Comment\",\"target\":[\"https:\/\/www.gaveanews.com\/index.php\/2023\/11\/06\/com-novidades-veja-a-lista-de-convocados-pela-selecao-brasileira-para-a-data-fifa-de-novembro\/#respond\"]}],\"copyrightYear\":\"2023\",\"copyrightHolder\":{\"@id\":\"https:\/\/www.gaveanews.com\/#organization\"}},{\"@type\":\"WebPage\",\"@id\":\"https:\/\/www.gaveanews.com\/index.php\/2023\/11\/06\/com-novidades-veja-a-lista-de-convocados-pela-selecao-brasileira-para-a-data-fifa-de-novembro\/\",\"url\":\"https:\/\/www.gaveanews.com\/index.php\/2023\/11\/06\/com-novidades-veja-a-lista-de-convocados-pela-selecao-brasileira-para-a-data-fifa-de-novembro\/\",\"name\":\"Com novidades, veja a lista de convocados pela Sele\u00e7\u00e3o Brasileira para a data Fifa de novembro\",\"isPartOf\":{\"@id\":\"https:\/\/www.gaveanews.com\/#website\"},\"primaryImageOfPage\":{\"@id\":\"https:\/\/www.gaveanews.com\/index.php\/2023\/11\/06\/com-novidades-veja-a-lista-de-convocados-pela-selecao-brasileira-para-a-data-fifa-de-novembro\/#primaryimage\"},\"image\":{\"@id\":\"https:\/\/www.gaveanews.com\/index.php\/2023\/11\/06\/com-novidades-veja-a-lista-de-convocados-pela-selecao-brasileira-para-a-data-fifa-de-novembro\/#primaryimage\"},\"thumbnailUrl\":\"https:\/\/www.gaveanews.com\/wp-content\/uploads\/fernando-diniz-selecao-brasileira.webp\",\"datePublished\":\"2023-11-06T17:20:50+00:00\",\"dateModified\":\"2023-11-06T17:20:51+00:00\",\"author\":{\"@id\":\"https:\/\/www.gaveanews.com\/#\/schema\/person\/714c67050b836198af2450ba1c142a67\"},\"breadcrumb\":{\"@id\":\"https:\/\/www.gaveanews.com\/index.php\/2023\/11\/06\/com-novidades-veja-a-lista-de-convocados-pela-selecao-brasileira-para-a-data-fifa-de-novembro\/#breadcrumb\"},\"inLanguage\":\"pt-BR\",\"potentialAction\":[{\"@type\":\"ReadAction\",\"target\":[\"https:\/\/www.gaveanews.com\/index.php\/2023\/11\/06\/com-novidades-veja-a-lista-de-convocados-pela-selecao-brasileira-para-a-data-fifa-de-novembro\/\"]}]},{\"@type\":\"ImageObject\",\"inLanguage\":\"pt-BR\",\"@id\":\"https:\/\/www.gaveanews.com\/index.php\/2023\/11\/06\/com-novidades-veja-a-lista-de-convocados-pela-selecao-brasileira-para-a-data-fifa-de-novembro\/#primaryimage\",\"url\":\"https:\/\/www.gaveanews.com\/wp-content\/uploads\/fernando-diniz-selecao-brasileira.webp\",\"contentUrl\":\"https:\/\/www.gaveanews.com\/wp-content\/uploads\/fernando-diniz-selecao-brasileira.webp\",\"width\":984,\"height\":656,\"caption\":\"Fernando Diniz convoca jogadores para a Sele\u00e7\u00e3o Brasileira (Foto: Thais Figueiredo\/CBF)\"},{\"@type\":\"BreadcrumbList\",\"@id\":\"https:\/\/www.gaveanews.com\/index.php\/2023\/11\/06\/com-novidades-veja-a-lista-de-convocados-pela-selecao-brasileira-para-a-data-fifa-de-novembro\/#breadcrumb\",\"itemListElement\":[{\"@type\":\"ListItem\",\"position\":1,\"name\":\"Home\",\"item\":\"https:\/\/www.gaveanews.com\/\"},{\"@type\":\"ListItem\",\"position\":2,\"name\":\"Com novidades, veja a lista de convocados pela Sele\u00e7\u00e3o Brasileira para a data Fifa de novembro\"}]},{\"@type\":\"WebSite\",\"@id\":\"https:\/\/www.gaveanews.com\/#website\",\"url\":\"https:\/\/www.gaveanews.com\/\",\"name\":\"G\u00e1vea News\",\"description\":\"Veja todas as not\u00edcias sobre o Flamengo: Contrata\u00e7\u00f5es, categorias de base, resultados das partidas, tabela de classifica\u00e7\u00e3o, pr\u00f3ximos jogos!\",\"potentialAction\":[{\"@type\":\"SearchAction\",\"target\":{\"@type\":\"EntryPoint\",\"urlTemplate\":\"https:\/\/www.gaveanews.com\/?s={search_term_string}\"},\"query-input\":{\"@type\":\"PropertyValueSpecification\",\"valueRequired\":true,\"valueName\":\"search_term_string\"}}],\"inLanguage\":\"pt-BR\"},{\"@type\":\"Person\",\"@id\":\"https:\/\/www.gaveanews.com\/#\/schema\/person\/714c67050b836198af2450ba1c142a67\",\"name\":\"Let\u00edcia Gerheim\",\"image\":{\"@type\":\"ImageObject\",\"inLanguage\":\"pt-BR\",\"@id\":\"https:\/\/www.gaveanews.com\/#\/schema\/person\/image\/\",\"url\":\"https:\/\/secure.gravatar.com\/avatar\/60734739c50fcebfbac509e2a826ccd0ff405c019bc73aab9354f19ecad1dcb4?s=96&d=mm&r=g\",\"contentUrl\":\"https:\/\/secure.gravatar.com\/avatar\/60734739c50fcebfbac509e2a826ccd0ff405c019bc73aab9354f19ecad1dcb4?s=96&d=mm&r=g\",\"caption\":\"Let\u00edcia Gerheim\"}}]}<\/script>\n<!-- \/ Yoast SEO Premium plugin. -->","yoast_head_json":{"title":"Com novidades, veja a lista de convocados pela Sele\u00e7\u00e3o Brasileira para a data Fifa de novembro","robots":{"index":"index","follow":"follow","max-snippet":"max-snippet:-1","max-image-preview":"max-image-preview:large","max-video-preview":"max-video-preview:-1"},"canonical":"https:\/\/www.gaveanews.com\/index.php\/2023\/11\/06\/com-novidades-veja-a-lista-de-convocados-pela-selecao-brasileira-para-a-data-fifa-de-novembro\/","og_locale":"pt_BR","og_type":"article","og_title":"Com novidades, veja a lista de convocados pela Sele\u00e7\u00e3o Brasileira para a data Fifa de novembro","og_description":"Por: Let\u00edcia Gerheim Vindo de dois trope\u00e7os &#8211; um empate e uma derrota -, Fernando Diniz retoma seu trabalho na Sele\u00e7\u00e3o Brasileira para os jogos de novembro. O t\u00e9cnico montou uma nova lista de convocados para defender a Canarinho contra Col\u00f4mbia e Argenetina. O jogo contra os colombianos ser\u00e1 no dia 16 de novembro, em [&hellip;]","og_url":"https:\/\/www.gaveanews.com\/index.php\/2023\/11\/06\/com-novidades-veja-a-lista-de-convocados-pela-selecao-brasileira-para-a-data-fifa-de-novembro\/","og_site_name":"G\u00e1vea News","article_publisher":"https:\/\/facebook.com\/gaveaNews\/","article_published_time":"2023-11-06T17:20:50+00:00","article_modified_time":"2023-11-06T17:20:51+00:00","og_image":[{"width":984,"height":656,"url":"https:\/\/www.gaveanews.com\/wp-content\/uploads\/fernando-diniz-selecao-brasileira.webp","type":"image\/webp"}],"author":"Let\u00edcia Gerheim","twitter_card":"summary_large_image","twitter_misc":{"Escrito por":"Let\u00edcia Gerheim","Est. tempo de leitura":"2 minutos"},"schema":{"@context":"https:\/\/schema.org","@graph":[{"@type":"NewsArticle","@id":"https:\/\/www.gaveanews.com\/index.php\/2023\/11\/06\/com-novidades-veja-a-lista-de-convocados-pela-selecao-brasileira-para-a-data-fifa-de-novembro\/#article","isPartOf":{"@id":"https:\/\/www.gaveanews.com\/index.php\/2023\/11\/06\/com-novidades-veja-a-lista-de-convocados-pela-selecao-brasileira-para-a-data-fifa-de-novembro\/"},"author":{"name":"Let\u00edcia Gerheim","@id":"https:\/\/www.gaveanews.com\/#\/schema\/person\/714c67050b836198af2450ba1c142a67"},"headline":"Com novidades, veja a lista de convocados pela Sele\u00e7\u00e3o Brasileira para a data Fifa de novembro","datePublished":"2023-11-06T17:20:50+00:00","dateModified":"2023-11-06T17:20:51+00:00","mainEntityOfPage":{"@id":"https:\/\/www.gaveanews.com\/index.php\/2023\/11\/06\/com-novidades-veja-a-lista-de-convocados-pela-selecao-brasileira-para-a-data-fifa-de-novembro\/"},"wordCount":288,"commentCount":0,"image":{"@id":"https:\/\/www.gaveanews.com\/index.php\/2023\/11\/06\/com-novidades-veja-a-lista-de-convocados-pela-selecao-brasileira-para-a-data-fifa-de-novembro\/#primaryimage"},"thumbnailUrl":"https:\/\/www.gaveanews.com\/wp-content\/uploads\/fernando-diniz-selecao-brasileira.webp","articleSection":["Flamengo"],"inLanguage":"pt-BR","potentialAction":[{"@type":"CommentAction","name":"Comment","target":["https:\/\/www.gaveanews.com\/index.php\/2023\/11\/06\/com-novidades-veja-a-lista-de-convocados-pela-selecao-brasileira-para-a-data-fifa-de-novembro\/#respond"]}],"copyrightYear":"2023","copyrightHolder":{"@id":"https:\/\/www.gaveanews.com\/#organization"}},{"@type":"WebPage","@id":"https:\/\/www.gaveanews.com\/index.php\/2023\/11\/06\/com-novidades-veja-a-lista-de-convocados-pela-selecao-brasileira-para-a-data-fifa-de-novembro\/","url":"https:\/\/www.gaveanews.com\/index.php\/2023\/11\/06\/com-novidades-veja-a-lista-de-convocados-pela-selecao-brasileira-para-a-data-fifa-de-novembro\/","name":"Com novidades, veja a lista de convocados pela Sele\u00e7\u00e3o Brasileira para a data Fifa de novembro","isPartOf":{"@id":"https:\/\/www.gaveanews.com\/#website"},"primaryImageOfPage":{"@id":"https:\/\/www.gaveanews.com\/index.php\/2023\/11\/06\/com-novidades-veja-a-lista-de-convocados-pela-selecao-brasileira-para-a-data-fifa-de-novembro\/#primaryimage"},"image":{"@id":"https:\/\/www.gaveanews.com\/index.php\/2023\/11\/06\/com-novidades-veja-a-lista-de-convocados-pela-selecao-brasileira-para-a-data-fifa-de-novembro\/#primaryimage"},"thumbnailUrl":"https:\/\/www.gaveanews.com\/wp-content\/uploads\/fernando-diniz-selecao-brasileira.webp","datePublished":"2023-11-06T17:20:50+00:00","dateModified":"2023-11-06T17:20:51+00:00","author":{"@id":"https:\/\/www.gaveanews.com\/#\/schema\/person\/714c67050b836198af2450ba1c142a67"},"breadcrumb":{"@id":"https:\/\/www.gaveanews.com\/index.php\/2023\/11\/06\/com-novidades-veja-a-lista-de-convocados-pela-selecao-brasileira-para-a-data-fifa-de-novembro\/#breadcrumb"},"inLanguage":"pt-BR","potentialAction":[{"@type":"ReadAction","target":["https:\/\/www.gaveanews.com\/index.php\/2023\/11\/06\/com-novidades-veja-a-lista-de-convocados-pela-selecao-brasileira-para-a-data-fifa-de-novembro\/"]}]},{"@type":"ImageObject","inLanguage":"pt-BR","@id":"https:\/\/www.gaveanews.com\/index.php\/2023\/11\/06\/com-novidades-veja-a-lista-de-convocados-pela-selecao-brasileira-para-a-data-fifa-de-novembro\/#primaryimage","url":"https:\/\/www.gaveanews.com\/wp-content\/uploads\/fernando-diniz-selecao-brasileira.webp","contentUrl":"https:\/\/www.gaveanews.com\/wp-content\/uploads\/fernando-diniz-selecao-brasileira.webp","width":984,"height":656,"caption":"Fernando Diniz convoca jogadores para a Sele\u00e7\u00e3o Brasileira (Foto: Thais Figueiredo\/CBF)"},{"@type":"BreadcrumbList","@id":"https:\/\/www.gaveanews.com\/index.php\/2023\/11\/06\/com-novidades-veja-a-lista-de-convocados-pela-selecao-brasileira-para-a-data-fifa-de-novembro\/#breadcrumb","itemListElement":[{"@type":"ListItem","position":1,"name":"Home","item":"https:\/\/www.gaveanews.com\/"},{"@type":"ListItem","position":2,"name":"Com novidades, veja a lista de convocados pela Sele\u00e7\u00e3o Brasileira para a data Fifa de novembro"}]},{"@type":"WebSite","@id":"https:\/\/www.gaveanews.com\/#website","url":"https:\/\/www.gaveanews.com\/","name":"G\u00e1vea News","description":"Veja todas as not\u00edcias sobre o Flamengo: Contrata\u00e7\u00f5es, categorias de base, resultados das partidas, tabela de classifica\u00e7\u00e3o, pr\u00f3ximos jogos!","potentialAction":[{"@type":"SearchAction","target":{"@type":"EntryPoint","urlTemplate":"https:\/\/www.gaveanews.com\/?s={search_term_string}"},"query-input":{"@type":"PropertyValueSpecification","valueRequired":true,"valueName":"search_term_string"}}],"inLanguage":"pt-BR"},{"@type":"Person","@id":"https:\/\/www.gaveanews.com\/#\/schema\/person\/714c67050b836198af2450ba1c142a67","name":"Let\u00edcia Gerheim","image":{"@type":"ImageObject","inLanguage":"pt-BR","@id":"https:\/\/www.gaveanews.com\/#\/schema\/person\/image\/","url":"https:\/\/secure.gravatar.com\/avatar\/60734739c50fcebfbac509e2a826ccd0ff405c019bc73aab9354f19ecad1dcb4?s=96&d=mm&r=g","contentUrl":"https:\/\/secure.gravatar.com\/avatar\/60734739c50fcebfbac509e2a826ccd0ff405c019bc73aab9354f19ecad1dcb4?s=96&d=mm&r=g","caption":"Let\u00edcia Gerheim"}}]}},"_links":{"self":[{"href":"https:\/\/www.gaveanews.com\/index.php\/wp-json\/wp\/v2\/posts\/110438","targetHints":{"allow":["GET"]}}],"collection":[{"href":"https:\/\/www.gaveanews.com\/index.php\/wp-json\/wp\/v2\/posts"}],"about":[{"href":"https:\/\/www.gaveanews.com\/index.php\/wp-json\/wp\/v2\/types\/post"}],"author":[{"embeddable":true,"href":"https:\/\/www.gaveanews.com\/index.php\/wp-json\/wp\/v2\/users\/4"}],"replies":[{"embeddable":true,"href":"https:\/\/www.gaveanews.com\/index.php\/wp-json\/wp\/v2\/comments?post=110438"}],"version-history":[{"count":0,"href":"https:\/\/www.gaveanews.com\/index.php\/wp-json\/wp\/v2\/posts\/110438\/revisions"}],"wp:featuredmedia":[{"embeddable":true,"href":"https:\/\/www.gaveanews.com\/index.php\/wp-json\/wp\/v2\/media\/110440"}],"wp:attachment":[{"href":"https:\/\/www.gaveanews.com\/index.php\/wp-json\/wp\/v2\/media?parent=110438"}],"wp:term":[{"taxonomy":"category","embeddable":true,"href":"https:\/\/www.gaveanews.com\/index.php\/wp-json\/wp\/v2\/categories?post=110438"},{"taxonomy":"post_tag","embeddable":true,"href":"https:\/\/www.gaveanews.com\/index.php\/wp-json\/wp\/v2\/tags?post=110438"}],"curies":[{"name":"wp","href":"https:\/\/api.w.org\/{rel}","templated":true}]}}