{"id":110525,"date":"2023-11-06T23:02:37","date_gmt":"2023-11-07T02:02:37","guid":{"rendered":"https:\/\/www.gaveanews.com\/?p=110525"},"modified":"2023-11-06T23:02:40","modified_gmt":"2023-11-07T02:02:40","slug":"video-thiago-maia-e-pedro-se-derretem-por-filipe-luis","status":"publish","type":"post","link":"https:\/\/www.gaveanews.com\/index.php\/2023\/11\/06\/video-thiago-maia-e-pedro-se-derretem-por-filipe-luis\/","title":{"rendered":"V\u00eddeo: Thiago Maia e Pedro se derretem por Filipe Lu\u00eds"},"content":{"rendered":"\n<p>No recente confronto entre o Flamengo e o Fortaleza, o Rubro-Negro saiu vitorioso por 2 a 0. Um dos destaques da partida foi o experiente lateral Filipe Lu\u00eds, que voltou a ser titular ap\u00f3s mais de dois meses afastado. <\/p>\n\n\n\n<p>Durante o jogo, ele teve um desempenho not\u00e1vel, contribuindo com uma bela assist\u00eancia para o gol de Pedro. Sua atua\u00e7\u00e3o incluiu impressionantes 50 de 51 passes certos, atingindo um impressionante \u00edndice de 98% de acerto. Al\u00e9m disso, ele se destacou com 67% de sucesso em bolas longas, vencendo 6 de 9 duelos contra os advers\u00e1rios e recuperando 6 bolas.<\/p>\n\n\n\n<p>A atua\u00e7\u00e3o de Filipe Lu\u00eds foi t\u00e3o impressionante que recebeu elogios de seus colegas de equipe, com Thiago Maia chamando-o de &#8220;craque&#8221;. Pedro tamb\u00e9m se uniu aos elogios, reconhecendo a qualidade de Filipe Lu\u00eds.<\/p>\n\n\n\n<figure class=\"wp-block-embed is-type-rich is-provider-twitter wp-block-embed-twitter\"><div class=\"wp-block-embed__wrapper\">\n<blockquote class=\"twitter-tweet\" data-width=\"550\" data-dnt=\"true\"><p lang=\"pt\" dir=\"ltr\">NOSSO <a href=\"https:\/\/twitter.com\/filipeluis?ref_src=twsrc%5Etfw\">@filipeluis<\/a> FOI CRUCIAL PARA OS GOLS DO MENG\u00c3O! \ud83d\udd34\u26ab\ud83d\udd74\ufe0f<a href=\"https:\/\/twitter.com\/hashtag\/VamosFlamengo?src=hash&amp;ref_src=twsrc%5Etfw\">#VamosFlamengo<\/a> <a href=\"https:\/\/twitter.com\/hashtag\/CRF?src=hash&amp;ref_src=twsrc%5Etfw\">#CRF<\/a> <a href=\"https:\/\/t.co\/550i9jd9X7\">pic.twitter.com\/550i9jd9X7<\/a><\/p>&mdash; Flamengo (@Flamengo) <a href=\"https:\/\/twitter.com\/Flamengo\/status\/1721291418646220812?ref_src=twsrc%5Etfw\">November 5, 2023<\/a><\/blockquote><script async src=\"https:\/\/platform.twitter.com\/widgets.js\" charset=\"utf-8\"><\/script>\n<\/div><\/figure>\n\n\n\n<p>No entanto, Filipe Lu\u00eds recebeu o terceiro cart\u00e3o amarelo no jogo e estar\u00e1 suspenso na pr\u00f3xima partida contra o Palmeiras. O time Rubro-Negro ter\u00e1 que lidar com sua aus\u00eancia em um confronto importante na 33\u00aa rodada do Brasileir\u00e3o.<\/p>\n","protected":false},"excerpt":{"rendered":"<p>No recente confronto entre o Flamengo e o Fortaleza, o Rubro-Negro saiu vitorioso por 2 a 0. Um dos destaques da partida foi o experiente lateral Filipe Lu\u00eds, que voltou a ser titular ap\u00f3s mais de dois meses afastado. Durante o jogo, ele teve um desempenho not\u00e1vel, contribuindo com uma bela assist\u00eancia para o gol [&hellip;]<\/p>\n","protected":false},"author":1,"featured_media":101521,"comment_status":"open","ping_status":"closed","sticky":false,"template":"","format":"standard","meta":{"footnotes":""},"categories":[40],"tags":[],"class_list":["post-110525","post","type-post","status-publish","format-standard","has-post-thumbnail","hentry","category-video"],"yoast_head":"<!-- This site is optimized with the Yoast SEO Premium plugin v24.2 (Yoast SEO v26.9) - https:\/\/yoast.com\/product\/yoast-seo-premium-wordpress\/ -->\n<title>V\u00eddeo: Thiago Maia e Pedro se derretem por Filipe Lu\u00eds<\/title>\n<meta name=\"robots\" content=\"index, follow, max-snippet:-1, max-image-preview:large, max-video-preview:-1\" \/>\n<link rel=\"canonical\" href=\"https:\/\/www.gaveanews.com\/index.php\/2023\/11\/06\/video-thiago-maia-e-pedro-se-derretem-por-filipe-luis\/\" \/>\n<meta property=\"og:locale\" content=\"pt_BR\" \/>\n<meta property=\"og:type\" content=\"article\" \/>\n<meta property=\"og:title\" content=\"V\u00eddeo: Thiago Maia e Pedro se derretem por Filipe Lu\u00eds\" \/>\n<meta property=\"og:description\" content=\"No recente confronto entre o Flamengo e o Fortaleza, o Rubro-Negro saiu vitorioso por 2 a 0. Um dos destaques da partida foi o experiente lateral Filipe Lu\u00eds, que voltou a ser titular ap\u00f3s mais de dois meses afastado. Durante o jogo, ele teve um desempenho not\u00e1vel, contribuindo com uma bela assist\u00eancia para o gol [&hellip;]\" \/>\n<meta property=\"og:url\" content=\"https:\/\/www.gaveanews.com\/index.php\/2023\/11\/06\/video-thiago-maia-e-pedro-se-derretem-por-filipe-luis\/\" \/>\n<meta property=\"og:site_name\" content=\"G\u00e1vea News\" \/>\n<meta property=\"article:publisher\" content=\"https:\/\/facebook.com\/gaveaNews\/\" \/>\n<meta property=\"article:published_time\" content=\"2023-11-07T02:02:37+00:00\" \/>\n<meta property=\"article:modified_time\" content=\"2023-11-07T02:02:40+00:00\" \/>\n<meta property=\"og:image\" content=\"https:\/\/www.gaveanews.com\/wp-content\/uploads\/filipe-luis-flamengo-aucas.webp\" \/>\n\t<meta property=\"og:image:width\" content=\"900\" \/>\n\t<meta property=\"og:image:height\" content=\"599\" \/>\n\t<meta property=\"og:image:type\" content=\"image\/jpeg\" \/>\n<meta name=\"author\" content=\"Equipe G\u00e1vea News\" \/>\n<meta name=\"twitter:card\" content=\"summary_large_image\" \/>\n<meta name=\"twitter:label1\" content=\"Escrito por\" \/>\n\t<meta name=\"twitter:data1\" content=\"Equipe G\u00e1vea News\" \/>\n\t<meta name=\"twitter:label2\" content=\"Est. tempo de leitura\" \/>\n\t<meta name=\"twitter:data2\" content=\"1 minuto\" \/>\n<script type=\"application\/ld+json\" class=\"yoast-schema-graph\">{\"@context\":\"https:\/\/schema.org\",\"@graph\":[{\"@type\":\"NewsArticle\",\"@id\":\"https:\/\/www.gaveanews.com\/index.php\/2023\/11\/06\/video-thiago-maia-e-pedro-se-derretem-por-filipe-luis\/#article\",\"isPartOf\":{\"@id\":\"https:\/\/www.gaveanews.com\/index.php\/2023\/11\/06\/video-thiago-maia-e-pedro-se-derretem-por-filipe-luis\/\"},\"author\":{\"name\":\"Equipe G\u00e1vea News\",\"@id\":\"https:\/\/www.gaveanews.com\/#\/schema\/person\/2ec14f73fb96be2caf28f91afb14749d\"},\"headline\":\"V\u00eddeo: Thiago Maia e Pedro se derretem por Filipe Lu\u00eds\",\"datePublished\":\"2023-11-07T02:02:37+00:00\",\"dateModified\":\"2023-11-07T02:02:40+00:00\",\"mainEntityOfPage\":{\"@id\":\"https:\/\/www.gaveanews.com\/index.php\/2023\/11\/06\/video-thiago-maia-e-pedro-se-derretem-por-filipe-luis\/\"},\"wordCount\":194,\"commentCount\":0,\"image\":{\"@id\":\"https:\/\/www.gaveanews.com\/index.php\/2023\/11\/06\/video-thiago-maia-e-pedro-se-derretem-por-filipe-luis\/#primaryimage\"},\"thumbnailUrl\":\"https:\/\/www.gaveanews.com\/wp-content\/uploads\/filipe-luis-flamengo-aucas.webp\",\"articleSection\":[\"V\u00eddeos\"],\"inLanguage\":\"pt-BR\",\"potentialAction\":[{\"@type\":\"CommentAction\",\"name\":\"Comment\",\"target\":[\"https:\/\/www.gaveanews.com\/index.php\/2023\/11\/06\/video-thiago-maia-e-pedro-se-derretem-por-filipe-luis\/#respond\"]}],\"copyrightYear\":\"2023\",\"copyrightHolder\":{\"@id\":\"https:\/\/www.gaveanews.com\/#organization\"}},{\"@type\":\"WebPage\",\"@id\":\"https:\/\/www.gaveanews.com\/index.php\/2023\/11\/06\/video-thiago-maia-e-pedro-se-derretem-por-filipe-luis\/\",\"url\":\"https:\/\/www.gaveanews.com\/index.php\/2023\/11\/06\/video-thiago-maia-e-pedro-se-derretem-por-filipe-luis\/\",\"name\":\"V\u00eddeo: Thiago Maia e Pedro se derretem por Filipe Lu\u00eds\",\"isPartOf\":{\"@id\":\"https:\/\/www.gaveanews.com\/#website\"},\"primaryImageOfPage\":{\"@id\":\"https:\/\/www.gaveanews.com\/index.php\/2023\/11\/06\/video-thiago-maia-e-pedro-se-derretem-por-filipe-luis\/#primaryimage\"},\"image\":{\"@id\":\"https:\/\/www.gaveanews.com\/index.php\/2023\/11\/06\/video-thiago-maia-e-pedro-se-derretem-por-filipe-luis\/#primaryimage\"},\"thumbnailUrl\":\"https:\/\/www.gaveanews.com\/wp-content\/uploads\/filipe-luis-flamengo-aucas.webp\",\"datePublished\":\"2023-11-07T02:02:37+00:00\",\"dateModified\":\"2023-11-07T02:02:40+00:00\",\"author\":{\"@id\":\"https:\/\/www.gaveanews.com\/#\/schema\/person\/2ec14f73fb96be2caf28f91afb14749d\"},\"breadcrumb\":{\"@id\":\"https:\/\/www.gaveanews.com\/index.php\/2023\/11\/06\/video-thiago-maia-e-pedro-se-derretem-por-filipe-luis\/#breadcrumb\"},\"inLanguage\":\"pt-BR\",\"potentialAction\":[{\"@type\":\"ReadAction\",\"target\":[\"https:\/\/www.gaveanews.com\/index.php\/2023\/11\/06\/video-thiago-maia-e-pedro-se-derretem-por-filipe-luis\/\"]}]},{\"@type\":\"ImageObject\",\"inLanguage\":\"pt-BR\",\"@id\":\"https:\/\/www.gaveanews.com\/index.php\/2023\/11\/06\/video-thiago-maia-e-pedro-se-derretem-por-filipe-luis\/#primaryimage\",\"url\":\"https:\/\/www.gaveanews.com\/wp-content\/uploads\/filipe-luis-flamengo-aucas.webp\",\"contentUrl\":\"https:\/\/www.gaveanews.com\/wp-content\/uploads\/filipe-luis-flamengo-aucas.webp\",\"width\":900,\"height\":599,\"caption\":\"Filipe Lu\u00eds em a\u00e7\u00e3o pelo Flamengo no Maracan\u00e3 (Foto: Divulga\u00e7\u00e3o\/Flamengo)\"},{\"@type\":\"BreadcrumbList\",\"@id\":\"https:\/\/www.gaveanews.com\/index.php\/2023\/11\/06\/video-thiago-maia-e-pedro-se-derretem-por-filipe-luis\/#breadcrumb\",\"itemListElement\":[{\"@type\":\"ListItem\",\"position\":1,\"name\":\"Home\",\"item\":\"https:\/\/www.gaveanews.com\/\"},{\"@type\":\"ListItem\",\"position\":2,\"name\":\"V\u00eddeo: Thiago Maia e Pedro se derretem por Filipe Lu\u00eds\"}]},{\"@type\":\"WebSite\",\"@id\":\"https:\/\/www.gaveanews.com\/#website\",\"url\":\"https:\/\/www.gaveanews.com\/\",\"name\":\"G\u00e1vea News\",\"description\":\"Veja todas as not\u00edcias sobre o Flamengo: Contrata\u00e7\u00f5es, categorias de base, resultados das partidas, tabela de classifica\u00e7\u00e3o, pr\u00f3ximos jogos!\",\"potentialAction\":[{\"@type\":\"SearchAction\",\"target\":{\"@type\":\"EntryPoint\",\"urlTemplate\":\"https:\/\/www.gaveanews.com\/?s={search_term_string}\"},\"query-input\":{\"@type\":\"PropertyValueSpecification\",\"valueRequired\":true,\"valueName\":\"search_term_string\"}}],\"inLanguage\":\"pt-BR\"},{\"@type\":\"Person\",\"@id\":\"https:\/\/www.gaveanews.com\/#\/schema\/person\/2ec14f73fb96be2caf28f91afb14749d\",\"name\":\"Equipe G\u00e1vea News\",\"image\":{\"@type\":\"ImageObject\",\"inLanguage\":\"pt-BR\",\"@id\":\"https:\/\/www.gaveanews.com\/#\/schema\/person\/image\/\",\"url\":\"https:\/\/secure.gravatar.com\/avatar\/1e1956f1facbffd3f8fa53a326721950116b3b9dc9bd44939c01180fd4a745a9?s=96&d=mm&r=g\",\"contentUrl\":\"https:\/\/secure.gravatar.com\/avatar\/1e1956f1facbffd3f8fa53a326721950116b3b9dc9bd44939c01180fd4a745a9?s=96&d=mm&r=g\",\"caption\":\"Equipe G\u00e1vea News\"}}]}<\/script>\n<!-- \/ Yoast SEO Premium plugin. -->","yoast_head_json":{"title":"V\u00eddeo: Thiago Maia e Pedro se derretem por Filipe Lu\u00eds","robots":{"index":"index","follow":"follow","max-snippet":"max-snippet:-1","max-image-preview":"max-image-preview:large","max-video-preview":"max-video-preview:-1"},"canonical":"https:\/\/www.gaveanews.com\/index.php\/2023\/11\/06\/video-thiago-maia-e-pedro-se-derretem-por-filipe-luis\/","og_locale":"pt_BR","og_type":"article","og_title":"V\u00eddeo: Thiago Maia e Pedro se derretem por Filipe Lu\u00eds","og_description":"No recente confronto entre o Flamengo e o Fortaleza, o Rubro-Negro saiu vitorioso por 2 a 0. Um dos destaques da partida foi o experiente lateral Filipe Lu\u00eds, que voltou a ser titular ap\u00f3s mais de dois meses afastado. Durante o jogo, ele teve um desempenho not\u00e1vel, contribuindo com uma bela assist\u00eancia para o gol [&hellip;]","og_url":"https:\/\/www.gaveanews.com\/index.php\/2023\/11\/06\/video-thiago-maia-e-pedro-se-derretem-por-filipe-luis\/","og_site_name":"G\u00e1vea News","article_publisher":"https:\/\/facebook.com\/gaveaNews\/","article_published_time":"2023-11-07T02:02:37+00:00","article_modified_time":"2023-11-07T02:02:40+00:00","og_image":[{"width":900,"height":599,"url":"https:\/\/www.gaveanews.com\/wp-content\/uploads\/filipe-luis-flamengo-aucas.webp","type":"image\/jpeg"}],"author":"Equipe G\u00e1vea News","twitter_card":"summary_large_image","twitter_misc":{"Escrito por":"Equipe G\u00e1vea News","Est. tempo de leitura":"1 minuto"},"schema":{"@context":"https:\/\/schema.org","@graph":[{"@type":"NewsArticle","@id":"https:\/\/www.gaveanews.com\/index.php\/2023\/11\/06\/video-thiago-maia-e-pedro-se-derretem-por-filipe-luis\/#article","isPartOf":{"@id":"https:\/\/www.gaveanews.com\/index.php\/2023\/11\/06\/video-thiago-maia-e-pedro-se-derretem-por-filipe-luis\/"},"author":{"name":"Equipe G\u00e1vea News","@id":"https:\/\/www.gaveanews.com\/#\/schema\/person\/2ec14f73fb96be2caf28f91afb14749d"},"headline":"V\u00eddeo: Thiago Maia e Pedro se derretem por Filipe Lu\u00eds","datePublished":"2023-11-07T02:02:37+00:00","dateModified":"2023-11-07T02:02:40+00:00","mainEntityOfPage":{"@id":"https:\/\/www.gaveanews.com\/index.php\/2023\/11\/06\/video-thiago-maia-e-pedro-se-derretem-por-filipe-luis\/"},"wordCount":194,"commentCount":0,"image":{"@id":"https:\/\/www.gaveanews.com\/index.php\/2023\/11\/06\/video-thiago-maia-e-pedro-se-derretem-por-filipe-luis\/#primaryimage"},"thumbnailUrl":"https:\/\/www.gaveanews.com\/wp-content\/uploads\/filipe-luis-flamengo-aucas.webp","articleSection":["V\u00eddeos"],"inLanguage":"pt-BR","potentialAction":[{"@type":"CommentAction","name":"Comment","target":["https:\/\/www.gaveanews.com\/index.php\/2023\/11\/06\/video-thiago-maia-e-pedro-se-derretem-por-filipe-luis\/#respond"]}],"copyrightYear":"2023","copyrightHolder":{"@id":"https:\/\/www.gaveanews.com\/#organization"}},{"@type":"WebPage","@id":"https:\/\/www.gaveanews.com\/index.php\/2023\/11\/06\/video-thiago-maia-e-pedro-se-derretem-por-filipe-luis\/","url":"https:\/\/www.gaveanews.com\/index.php\/2023\/11\/06\/video-thiago-maia-e-pedro-se-derretem-por-filipe-luis\/","name":"V\u00eddeo: Thiago Maia e Pedro se derretem por Filipe Lu\u00eds","isPartOf":{"@id":"https:\/\/www.gaveanews.com\/#website"},"primaryImageOfPage":{"@id":"https:\/\/www.gaveanews.com\/index.php\/2023\/11\/06\/video-thiago-maia-e-pedro-se-derretem-por-filipe-luis\/#primaryimage"},"image":{"@id":"https:\/\/www.gaveanews.com\/index.php\/2023\/11\/06\/video-thiago-maia-e-pedro-se-derretem-por-filipe-luis\/#primaryimage"},"thumbnailUrl":"https:\/\/www.gaveanews.com\/wp-content\/uploads\/filipe-luis-flamengo-aucas.webp","datePublished":"2023-11-07T02:02:37+00:00","dateModified":"2023-11-07T02:02:40+00:00","author":{"@id":"https:\/\/www.gaveanews.com\/#\/schema\/person\/2ec14f73fb96be2caf28f91afb14749d"},"breadcrumb":{"@id":"https:\/\/www.gaveanews.com\/index.php\/2023\/11\/06\/video-thiago-maia-e-pedro-se-derretem-por-filipe-luis\/#breadcrumb"},"inLanguage":"pt-BR","potentialAction":[{"@type":"ReadAction","target":["https:\/\/www.gaveanews.com\/index.php\/2023\/11\/06\/video-thiago-maia-e-pedro-se-derretem-por-filipe-luis\/"]}]},{"@type":"ImageObject","inLanguage":"pt-BR","@id":"https:\/\/www.gaveanews.com\/index.php\/2023\/11\/06\/video-thiago-maia-e-pedro-se-derretem-por-filipe-luis\/#primaryimage","url":"https:\/\/www.gaveanews.com\/wp-content\/uploads\/filipe-luis-flamengo-aucas.webp","contentUrl":"https:\/\/www.gaveanews.com\/wp-content\/uploads\/filipe-luis-flamengo-aucas.webp","width":900,"height":599,"caption":"Filipe Lu\u00eds em a\u00e7\u00e3o pelo Flamengo no Maracan\u00e3 (Foto: Divulga\u00e7\u00e3o\/Flamengo)"},{"@type":"BreadcrumbList","@id":"https:\/\/www.gaveanews.com\/index.php\/2023\/11\/06\/video-thiago-maia-e-pedro-se-derretem-por-filipe-luis\/#breadcrumb","itemListElement":[{"@type":"ListItem","position":1,"name":"Home","item":"https:\/\/www.gaveanews.com\/"},{"@type":"ListItem","position":2,"name":"V\u00eddeo: Thiago Maia e Pedro se derretem por Filipe Lu\u00eds"}]},{"@type":"WebSite","@id":"https:\/\/www.gaveanews.com\/#website","url":"https:\/\/www.gaveanews.com\/","name":"G\u00e1vea News","description":"Veja todas as not\u00edcias sobre o Flamengo: Contrata\u00e7\u00f5es, categorias de base, resultados das partidas, tabela de classifica\u00e7\u00e3o, pr\u00f3ximos jogos!","potentialAction":[{"@type":"SearchAction","target":{"@type":"EntryPoint","urlTemplate":"https:\/\/www.gaveanews.com\/?s={search_term_string}"},"query-input":{"@type":"PropertyValueSpecification","valueRequired":true,"valueName":"search_term_string"}}],"inLanguage":"pt-BR"},{"@type":"Person","@id":"https:\/\/www.gaveanews.com\/#\/schema\/person\/2ec14f73fb96be2caf28f91afb14749d","name":"Equipe G\u00e1vea News","image":{"@type":"ImageObject","inLanguage":"pt-BR","@id":"https:\/\/www.gaveanews.com\/#\/schema\/person\/image\/","url":"https:\/\/secure.gravatar.com\/avatar\/1e1956f1facbffd3f8fa53a326721950116b3b9dc9bd44939c01180fd4a745a9?s=96&d=mm&r=g","contentUrl":"https:\/\/secure.gravatar.com\/avatar\/1e1956f1facbffd3f8fa53a326721950116b3b9dc9bd44939c01180fd4a745a9?s=96&d=mm&r=g","caption":"Equipe G\u00e1vea News"}}]}},"_links":{"self":[{"href":"https:\/\/www.gaveanews.com\/index.php\/wp-json\/wp\/v2\/posts\/110525","targetHints":{"allow":["GET"]}}],"collection":[{"href":"https:\/\/www.gaveanews.com\/index.php\/wp-json\/wp\/v2\/posts"}],"about":[{"href":"https:\/\/www.gaveanews.com\/index.php\/wp-json\/wp\/v2\/types\/post"}],"author":[{"embeddable":true,"href":"https:\/\/www.gaveanews.com\/index.php\/wp-json\/wp\/v2\/users\/1"}],"replies":[{"embeddable":true,"href":"https:\/\/www.gaveanews.com\/index.php\/wp-json\/wp\/v2\/comments?post=110525"}],"version-history":[{"count":0,"href":"https:\/\/www.gaveanews.com\/index.php\/wp-json\/wp\/v2\/posts\/110525\/revisions"}],"wp:featuredmedia":[{"embeddable":true,"href":"https:\/\/www.gaveanews.com\/index.php\/wp-json\/wp\/v2\/media\/101521"}],"wp:attachment":[{"href":"https:\/\/www.gaveanews.com\/index.php\/wp-json\/wp\/v2\/media?parent=110525"}],"wp:term":[{"taxonomy":"category","embeddable":true,"href":"https:\/\/www.gaveanews.com\/index.php\/wp-json\/wp\/v2\/categories?post=110525"},{"taxonomy":"post_tag","embeddable":true,"href":"https:\/\/www.gaveanews.com\/index.php\/wp-json\/wp\/v2\/tags?post=110525"}],"curies":[{"name":"wp","href":"https:\/\/api.w.org\/{rel}","templated":true}]}}