{"id":110633,"date":"2023-11-07T13:21:04","date_gmt":"2023-11-07T16:21:04","guid":{"rendered":"https:\/\/www.gaveanews.com\/?p=110633"},"modified":"2024-04-07T14:05:10","modified_gmt":"2024-04-07T17:05:10","slug":"video-arrascaeta-da-presente-e-surpreende-torcedor-do-flamengo","status":"publish","type":"post","link":"https:\/\/www.gaveanews.com\/index.php\/2023\/11\/07\/video-arrascaeta-da-presente-e-surpreende-torcedor-do-flamengo\/","title":{"rendered":"V\u00eddeo: Arrascaeta d\u00e1 presente e surpreende torcedor do Flamengo"},"content":{"rendered":"\n<p>Por: Let\u00edcia Gerheim<br><br>O Flamengo foi ao Castel\u00e3o no \u00faltimo domingo (04) e enfrentou o Fortaleza pelo segundo turno do Brasileir\u00e3o. Vindo de <a href=\"https:\/\/www.gaveanews.com\/index.php\/2023\/11\/07\/derrotas-para-gremio-e-santos-impedem-o-flamengo-de-ser-o-lider-do-brasileirao\/\">derrotas importantes<\/a> e com <a href=\"https:\/\/www.gaveanews.com\/index.php\/2023\/11\/07\/com-tite-arrascaeta-repete-situacao-inedita-nos-ultimos-mil-dias\/\">Arrascaeta escalado como capit\u00e3o,<\/a> o Mais Querido conseguiu reagir e venceu por 2 a 0.<\/p>\n\n\n\n<p>Ap\u00f3s o duelo, o uruguaio deu um presente especial. O camisa 14 presenteou uma crian\u00e7a de colo com sua camisa. A atitude do jogador foi motivada pela escolha dos pais do garoto ao escolher o nome de Arrasca para seu filho.<\/p>\n\n\n\n<h2 class=\"wp-block-heading\" id=\"h-assista\">Assista: <\/h2>\n\n\n\n<figure class=\"wp-block-embed is-type-rich is-provider-twitter wp-block-embed-twitter\"><div class=\"wp-block-embed__wrapper\">\n<blockquote class=\"twitter-tweet\" data-width=\"550\" data-dnt=\"true\"><p lang=\"pt\" dir=\"ltr\">De <a href=\"https:\/\/twitter.com\/GiorgiandeA?ref_src=twsrc%5Etfw\">@GiorgiandeA<\/a> para Arrascaeta. O craque do <a href=\"https:\/\/twitter.com\/Flamengo?ref_src=twsrc%5Etfw\">@Flamengo<\/a> presenteando um beb\u00ea batizado em sua homenagem! Momento fofura registrado pelo <a href=\"https:\/\/twitter.com\/hashtag\/GiroPelosEst%C3%A1dios?src=hash&amp;ref_src=twsrc%5Etfw\">#GiroPelosEst\u00e1dios<\/a> com <a href=\"https:\/\/twitter.com\/GiroAgro?ref_src=twsrc%5Etfw\">@giroagro<\/a> no <a href=\"https:\/\/twitter.com\/Brasileirao?ref_src=twsrc%5Etfw\">@Brasileirao<\/a>! <a href=\"https:\/\/t.co\/D7PEGJFElf\">pic.twitter.com\/D7PEGJFElf<\/a><\/p>&mdash; Brasileir\u00e3o (@Brasileirao) <a href=\"https:\/\/twitter.com\/Brasileirao\/status\/1721287184676798890?ref_src=twsrc%5Etfw\">November 5, 2023<\/a><\/blockquote><script async src=\"https:\/\/platform.twitter.com\/widgets.js\" charset=\"utf-8\"><\/script>\n<\/div><\/figure>\n\n\n\n<p>Com os tr\u00eas pontos garantidos, o Flamengo retorna ao Rio de Janeiro para enfrentar o Palmeiras pelo Brasileir\u00e3o. O encontro das equipes acontece nesta quarta-feira (08), \u00e0s 21h30 (hor\u00e1rio de Bras\u00edlia), no Maracan\u00e3.<\/p>\n","protected":false},"excerpt":{"rendered":"<p>Por: Let\u00edcia Gerheim O Flamengo foi ao Castel\u00e3o no \u00faltimo domingo (04) e enfrentou o Fortaleza pelo segundo turno do Brasileir\u00e3o. Vindo de derrotas importantes e com Arrascaeta escalado como capit\u00e3o, o Mais Querido conseguiu reagir e venceu por 2 a 0. Ap\u00f3s o duelo, o uruguaio deu um presente especial. O camisa 14 presenteou [&hellip;]<\/p>\n","protected":false},"author":4,"featured_media":100043,"comment_status":"open","ping_status":"closed","sticky":false,"template":"","format":"standard","meta":{"footnotes":""},"categories":[40],"tags":[211],"class_list":["post-110633","post","type-post","status-publish","format-standard","has-post-thumbnail","hentry","category-video","tag-giorgian-daniel-de-arrascaeta-benedetti"],"yoast_head":"<!-- This site is optimized with the Yoast SEO Premium plugin v24.2 (Yoast SEO v26.9) - https:\/\/yoast.com\/product\/yoast-seo-premium-wordpress\/ -->\n<title>V\u00eddeo: Arrascaeta d\u00e1 presente e surpreende torcedor do Flamengo<\/title>\n<meta name=\"robots\" content=\"index, follow, max-snippet:-1, max-image-preview:large, max-video-preview:-1\" \/>\n<link rel=\"canonical\" href=\"https:\/\/www.gaveanews.com\/index.php\/2023\/11\/07\/video-arrascaeta-da-presente-e-surpreende-torcedor-do-flamengo\/\" \/>\n<meta property=\"og:locale\" content=\"pt_BR\" \/>\n<meta property=\"og:type\" content=\"article\" \/>\n<meta property=\"og:title\" content=\"V\u00eddeo: Arrascaeta d\u00e1 presente e surpreende torcedor do Flamengo\" \/>\n<meta property=\"og:description\" content=\"Por: Let\u00edcia Gerheim O Flamengo foi ao Castel\u00e3o no \u00faltimo domingo (04) e enfrentou o Fortaleza pelo segundo turno do Brasileir\u00e3o. Vindo de derrotas importantes e com Arrascaeta escalado como capit\u00e3o, o Mais Querido conseguiu reagir e venceu por 2 a 0. Ap\u00f3s o duelo, o uruguaio deu um presente especial. O camisa 14 presenteou [&hellip;]\" \/>\n<meta property=\"og:url\" content=\"https:\/\/www.gaveanews.com\/index.php\/2023\/11\/07\/video-arrascaeta-da-presente-e-surpreende-torcedor-do-flamengo\/\" \/>\n<meta property=\"og:site_name\" content=\"G\u00e1vea News\" \/>\n<meta property=\"article:publisher\" content=\"https:\/\/facebook.com\/gaveaNews\/\" \/>\n<meta property=\"article:published_time\" content=\"2023-11-07T16:21:04+00:00\" \/>\n<meta property=\"article:modified_time\" content=\"2024-04-07T17:05:10+00:00\" \/>\n<meta property=\"og:image\" content=\"https:\/\/www.gaveanews.com\/wp-content\/uploads\/arrascaeta-flamengo-vasco.webp\" \/>\n\t<meta property=\"og:image:width\" content=\"900\" \/>\n\t<meta property=\"og:image:height\" content=\"599\" \/>\n\t<meta property=\"og:image:type\" content=\"image\/jpeg\" \/>\n<meta name=\"author\" content=\"Let\u00edcia Gerheim\" \/>\n<meta name=\"twitter:card\" content=\"summary_large_image\" \/>\n<meta name=\"twitter:label1\" content=\"Escrito por\" \/>\n\t<meta name=\"twitter:data1\" content=\"Let\u00edcia Gerheim\" \/>\n\t<meta name=\"twitter:label2\" content=\"Est. tempo de leitura\" \/>\n\t<meta name=\"twitter:data2\" content=\"1 minuto\" \/>\n<script type=\"application\/ld+json\" class=\"yoast-schema-graph\">{\"@context\":\"https:\/\/schema.org\",\"@graph\":[{\"@type\":\"NewsArticle\",\"@id\":\"https:\/\/www.gaveanews.com\/index.php\/2023\/11\/07\/video-arrascaeta-da-presente-e-surpreende-torcedor-do-flamengo\/#article\",\"isPartOf\":{\"@id\":\"https:\/\/www.gaveanews.com\/index.php\/2023\/11\/07\/video-arrascaeta-da-presente-e-surpreende-torcedor-do-flamengo\/\"},\"author\":{\"name\":\"Let\u00edcia Gerheim\",\"@id\":\"https:\/\/www.gaveanews.com\/#\/schema\/person\/714c67050b836198af2450ba1c142a67\"},\"headline\":\"V\u00eddeo: Arrascaeta d\u00e1 presente e surpreende torcedor do Flamengo\",\"datePublished\":\"2023-11-07T16:21:04+00:00\",\"dateModified\":\"2024-04-07T17:05:10+00:00\",\"mainEntityOfPage\":{\"@id\":\"https:\/\/www.gaveanews.com\/index.php\/2023\/11\/07\/video-arrascaeta-da-presente-e-surpreende-torcedor-do-flamengo\/\"},\"wordCount\":137,\"commentCount\":0,\"image\":{\"@id\":\"https:\/\/www.gaveanews.com\/index.php\/2023\/11\/07\/video-arrascaeta-da-presente-e-surpreende-torcedor-do-flamengo\/#primaryimage\"},\"thumbnailUrl\":\"https:\/\/www.gaveanews.com\/wp-content\/uploads\/arrascaeta-flamengo-vasco.webp\",\"keywords\":[\"Giorgian Daniel De Arrascaeta Benedetti\"],\"articleSection\":[\"V\u00eddeos\"],\"inLanguage\":\"pt-BR\",\"potentialAction\":[{\"@type\":\"CommentAction\",\"name\":\"Comment\",\"target\":[\"https:\/\/www.gaveanews.com\/index.php\/2023\/11\/07\/video-arrascaeta-da-presente-e-surpreende-torcedor-do-flamengo\/#respond\"]}],\"copyrightYear\":\"2023\",\"copyrightHolder\":{\"@id\":\"https:\/\/www.gaveanews.com\/#organization\"}},{\"@type\":\"WebPage\",\"@id\":\"https:\/\/www.gaveanews.com\/index.php\/2023\/11\/07\/video-arrascaeta-da-presente-e-surpreende-torcedor-do-flamengo\/\",\"url\":\"https:\/\/www.gaveanews.com\/index.php\/2023\/11\/07\/video-arrascaeta-da-presente-e-surpreende-torcedor-do-flamengo\/\",\"name\":\"V\u00eddeo: Arrascaeta d\u00e1 presente e surpreende torcedor do Flamengo\",\"isPartOf\":{\"@id\":\"https:\/\/www.gaveanews.com\/#website\"},\"primaryImageOfPage\":{\"@id\":\"https:\/\/www.gaveanews.com\/index.php\/2023\/11\/07\/video-arrascaeta-da-presente-e-surpreende-torcedor-do-flamengo\/#primaryimage\"},\"image\":{\"@id\":\"https:\/\/www.gaveanews.com\/index.php\/2023\/11\/07\/video-arrascaeta-da-presente-e-surpreende-torcedor-do-flamengo\/#primaryimage\"},\"thumbnailUrl\":\"https:\/\/www.gaveanews.com\/wp-content\/uploads\/arrascaeta-flamengo-vasco.webp\",\"datePublished\":\"2023-11-07T16:21:04+00:00\",\"dateModified\":\"2024-04-07T17:05:10+00:00\",\"author\":{\"@id\":\"https:\/\/www.gaveanews.com\/#\/schema\/person\/714c67050b836198af2450ba1c142a67\"},\"breadcrumb\":{\"@id\":\"https:\/\/www.gaveanews.com\/index.php\/2023\/11\/07\/video-arrascaeta-da-presente-e-surpreende-torcedor-do-flamengo\/#breadcrumb\"},\"inLanguage\":\"pt-BR\",\"potentialAction\":[{\"@type\":\"ReadAction\",\"target\":[\"https:\/\/www.gaveanews.com\/index.php\/2023\/11\/07\/video-arrascaeta-da-presente-e-surpreende-torcedor-do-flamengo\/\"]}]},{\"@type\":\"ImageObject\",\"inLanguage\":\"pt-BR\",\"@id\":\"https:\/\/www.gaveanews.com\/index.php\/2023\/11\/07\/video-arrascaeta-da-presente-e-surpreende-torcedor-do-flamengo\/#primaryimage\",\"url\":\"https:\/\/www.gaveanews.com\/wp-content\/uploads\/arrascaeta-flamengo-vasco.webp\",\"contentUrl\":\"https:\/\/www.gaveanews.com\/wp-content\/uploads\/arrascaeta-flamengo-vasco.webp\",\"width\":900,\"height\":599,\"caption\":\"Arrascaeta em a\u00e7\u00e3o pelo Flamengo contra o Vasco (Foto: Marcelo Cortes\/Flamengo)\"},{\"@type\":\"BreadcrumbList\",\"@id\":\"https:\/\/www.gaveanews.com\/index.php\/2023\/11\/07\/video-arrascaeta-da-presente-e-surpreende-torcedor-do-flamengo\/#breadcrumb\",\"itemListElement\":[{\"@type\":\"ListItem\",\"position\":1,\"name\":\"Home\",\"item\":\"https:\/\/www.gaveanews.com\/\"},{\"@type\":\"ListItem\",\"position\":2,\"name\":\"V\u00eddeo: Arrascaeta d\u00e1 presente e surpreende torcedor do Flamengo\"}]},{\"@type\":\"WebSite\",\"@id\":\"https:\/\/www.gaveanews.com\/#website\",\"url\":\"https:\/\/www.gaveanews.com\/\",\"name\":\"G\u00e1vea News\",\"description\":\"Veja todas as not\u00edcias sobre o Flamengo: Contrata\u00e7\u00f5es, categorias de base, resultados das partidas, tabela de classifica\u00e7\u00e3o, pr\u00f3ximos jogos!\",\"potentialAction\":[{\"@type\":\"SearchAction\",\"target\":{\"@type\":\"EntryPoint\",\"urlTemplate\":\"https:\/\/www.gaveanews.com\/?s={search_term_string}\"},\"query-input\":{\"@type\":\"PropertyValueSpecification\",\"valueRequired\":true,\"valueName\":\"search_term_string\"}}],\"inLanguage\":\"pt-BR\"},{\"@type\":\"Person\",\"@id\":\"https:\/\/www.gaveanews.com\/#\/schema\/person\/714c67050b836198af2450ba1c142a67\",\"name\":\"Let\u00edcia Gerheim\",\"image\":{\"@type\":\"ImageObject\",\"inLanguage\":\"pt-BR\",\"@id\":\"https:\/\/www.gaveanews.com\/#\/schema\/person\/image\/\",\"url\":\"https:\/\/secure.gravatar.com\/avatar\/60734739c50fcebfbac509e2a826ccd0ff405c019bc73aab9354f19ecad1dcb4?s=96&d=mm&r=g\",\"contentUrl\":\"https:\/\/secure.gravatar.com\/avatar\/60734739c50fcebfbac509e2a826ccd0ff405c019bc73aab9354f19ecad1dcb4?s=96&d=mm&r=g\",\"caption\":\"Let\u00edcia Gerheim\"}}]}<\/script>\n<!-- \/ Yoast SEO Premium plugin. -->","yoast_head_json":{"title":"V\u00eddeo: Arrascaeta d\u00e1 presente e surpreende torcedor do Flamengo","robots":{"index":"index","follow":"follow","max-snippet":"max-snippet:-1","max-image-preview":"max-image-preview:large","max-video-preview":"max-video-preview:-1"},"canonical":"https:\/\/www.gaveanews.com\/index.php\/2023\/11\/07\/video-arrascaeta-da-presente-e-surpreende-torcedor-do-flamengo\/","og_locale":"pt_BR","og_type":"article","og_title":"V\u00eddeo: Arrascaeta d\u00e1 presente e surpreende torcedor do Flamengo","og_description":"Por: Let\u00edcia Gerheim O Flamengo foi ao Castel\u00e3o no \u00faltimo domingo (04) e enfrentou o Fortaleza pelo segundo turno do Brasileir\u00e3o. Vindo de derrotas importantes e com Arrascaeta escalado como capit\u00e3o, o Mais Querido conseguiu reagir e venceu por 2 a 0. Ap\u00f3s o duelo, o uruguaio deu um presente especial. O camisa 14 presenteou [&hellip;]","og_url":"https:\/\/www.gaveanews.com\/index.php\/2023\/11\/07\/video-arrascaeta-da-presente-e-surpreende-torcedor-do-flamengo\/","og_site_name":"G\u00e1vea News","article_publisher":"https:\/\/facebook.com\/gaveaNews\/","article_published_time":"2023-11-07T16:21:04+00:00","article_modified_time":"2024-04-07T17:05:10+00:00","og_image":[{"width":900,"height":599,"url":"https:\/\/www.gaveanews.com\/wp-content\/uploads\/arrascaeta-flamengo-vasco.webp","type":"image\/jpeg"}],"author":"Let\u00edcia Gerheim","twitter_card":"summary_large_image","twitter_misc":{"Escrito por":"Let\u00edcia Gerheim","Est. tempo de leitura":"1 minuto"},"schema":{"@context":"https:\/\/schema.org","@graph":[{"@type":"NewsArticle","@id":"https:\/\/www.gaveanews.com\/index.php\/2023\/11\/07\/video-arrascaeta-da-presente-e-surpreende-torcedor-do-flamengo\/#article","isPartOf":{"@id":"https:\/\/www.gaveanews.com\/index.php\/2023\/11\/07\/video-arrascaeta-da-presente-e-surpreende-torcedor-do-flamengo\/"},"author":{"name":"Let\u00edcia Gerheim","@id":"https:\/\/www.gaveanews.com\/#\/schema\/person\/714c67050b836198af2450ba1c142a67"},"headline":"V\u00eddeo: Arrascaeta d\u00e1 presente e surpreende torcedor do Flamengo","datePublished":"2023-11-07T16:21:04+00:00","dateModified":"2024-04-07T17:05:10+00:00","mainEntityOfPage":{"@id":"https:\/\/www.gaveanews.com\/index.php\/2023\/11\/07\/video-arrascaeta-da-presente-e-surpreende-torcedor-do-flamengo\/"},"wordCount":137,"commentCount":0,"image":{"@id":"https:\/\/www.gaveanews.com\/index.php\/2023\/11\/07\/video-arrascaeta-da-presente-e-surpreende-torcedor-do-flamengo\/#primaryimage"},"thumbnailUrl":"https:\/\/www.gaveanews.com\/wp-content\/uploads\/arrascaeta-flamengo-vasco.webp","keywords":["Giorgian Daniel De Arrascaeta Benedetti"],"articleSection":["V\u00eddeos"],"inLanguage":"pt-BR","potentialAction":[{"@type":"CommentAction","name":"Comment","target":["https:\/\/www.gaveanews.com\/index.php\/2023\/11\/07\/video-arrascaeta-da-presente-e-surpreende-torcedor-do-flamengo\/#respond"]}],"copyrightYear":"2023","copyrightHolder":{"@id":"https:\/\/www.gaveanews.com\/#organization"}},{"@type":"WebPage","@id":"https:\/\/www.gaveanews.com\/index.php\/2023\/11\/07\/video-arrascaeta-da-presente-e-surpreende-torcedor-do-flamengo\/","url":"https:\/\/www.gaveanews.com\/index.php\/2023\/11\/07\/video-arrascaeta-da-presente-e-surpreende-torcedor-do-flamengo\/","name":"V\u00eddeo: Arrascaeta d\u00e1 presente e surpreende torcedor do Flamengo","isPartOf":{"@id":"https:\/\/www.gaveanews.com\/#website"},"primaryImageOfPage":{"@id":"https:\/\/www.gaveanews.com\/index.php\/2023\/11\/07\/video-arrascaeta-da-presente-e-surpreende-torcedor-do-flamengo\/#primaryimage"},"image":{"@id":"https:\/\/www.gaveanews.com\/index.php\/2023\/11\/07\/video-arrascaeta-da-presente-e-surpreende-torcedor-do-flamengo\/#primaryimage"},"thumbnailUrl":"https:\/\/www.gaveanews.com\/wp-content\/uploads\/arrascaeta-flamengo-vasco.webp","datePublished":"2023-11-07T16:21:04+00:00","dateModified":"2024-04-07T17:05:10+00:00","author":{"@id":"https:\/\/www.gaveanews.com\/#\/schema\/person\/714c67050b836198af2450ba1c142a67"},"breadcrumb":{"@id":"https:\/\/www.gaveanews.com\/index.php\/2023\/11\/07\/video-arrascaeta-da-presente-e-surpreende-torcedor-do-flamengo\/#breadcrumb"},"inLanguage":"pt-BR","potentialAction":[{"@type":"ReadAction","target":["https:\/\/www.gaveanews.com\/index.php\/2023\/11\/07\/video-arrascaeta-da-presente-e-surpreende-torcedor-do-flamengo\/"]}]},{"@type":"ImageObject","inLanguage":"pt-BR","@id":"https:\/\/www.gaveanews.com\/index.php\/2023\/11\/07\/video-arrascaeta-da-presente-e-surpreende-torcedor-do-flamengo\/#primaryimage","url":"https:\/\/www.gaveanews.com\/wp-content\/uploads\/arrascaeta-flamengo-vasco.webp","contentUrl":"https:\/\/www.gaveanews.com\/wp-content\/uploads\/arrascaeta-flamengo-vasco.webp","width":900,"height":599,"caption":"Arrascaeta em a\u00e7\u00e3o pelo Flamengo contra o Vasco (Foto: Marcelo Cortes\/Flamengo)"},{"@type":"BreadcrumbList","@id":"https:\/\/www.gaveanews.com\/index.php\/2023\/11\/07\/video-arrascaeta-da-presente-e-surpreende-torcedor-do-flamengo\/#breadcrumb","itemListElement":[{"@type":"ListItem","position":1,"name":"Home","item":"https:\/\/www.gaveanews.com\/"},{"@type":"ListItem","position":2,"name":"V\u00eddeo: Arrascaeta d\u00e1 presente e surpreende torcedor do Flamengo"}]},{"@type":"WebSite","@id":"https:\/\/www.gaveanews.com\/#website","url":"https:\/\/www.gaveanews.com\/","name":"G\u00e1vea News","description":"Veja todas as not\u00edcias sobre o Flamengo: Contrata\u00e7\u00f5es, categorias de base, resultados das partidas, tabela de classifica\u00e7\u00e3o, pr\u00f3ximos jogos!","potentialAction":[{"@type":"SearchAction","target":{"@type":"EntryPoint","urlTemplate":"https:\/\/www.gaveanews.com\/?s={search_term_string}"},"query-input":{"@type":"PropertyValueSpecification","valueRequired":true,"valueName":"search_term_string"}}],"inLanguage":"pt-BR"},{"@type":"Person","@id":"https:\/\/www.gaveanews.com\/#\/schema\/person\/714c67050b836198af2450ba1c142a67","name":"Let\u00edcia Gerheim","image":{"@type":"ImageObject","inLanguage":"pt-BR","@id":"https:\/\/www.gaveanews.com\/#\/schema\/person\/image\/","url":"https:\/\/secure.gravatar.com\/avatar\/60734739c50fcebfbac509e2a826ccd0ff405c019bc73aab9354f19ecad1dcb4?s=96&d=mm&r=g","contentUrl":"https:\/\/secure.gravatar.com\/avatar\/60734739c50fcebfbac509e2a826ccd0ff405c019bc73aab9354f19ecad1dcb4?s=96&d=mm&r=g","caption":"Let\u00edcia Gerheim"}}]}},"_links":{"self":[{"href":"https:\/\/www.gaveanews.com\/index.php\/wp-json\/wp\/v2\/posts\/110633","targetHints":{"allow":["GET"]}}],"collection":[{"href":"https:\/\/www.gaveanews.com\/index.php\/wp-json\/wp\/v2\/posts"}],"about":[{"href":"https:\/\/www.gaveanews.com\/index.php\/wp-json\/wp\/v2\/types\/post"}],"author":[{"embeddable":true,"href":"https:\/\/www.gaveanews.com\/index.php\/wp-json\/wp\/v2\/users\/4"}],"replies":[{"embeddable":true,"href":"https:\/\/www.gaveanews.com\/index.php\/wp-json\/wp\/v2\/comments?post=110633"}],"version-history":[{"count":1,"href":"https:\/\/www.gaveanews.com\/index.php\/wp-json\/wp\/v2\/posts\/110633\/revisions"}],"predecessor-version":[{"id":135654,"href":"https:\/\/www.gaveanews.com\/index.php\/wp-json\/wp\/v2\/posts\/110633\/revisions\/135654"}],"wp:featuredmedia":[{"embeddable":true,"href":"https:\/\/www.gaveanews.com\/index.php\/wp-json\/wp\/v2\/media\/100043"}],"wp:attachment":[{"href":"https:\/\/www.gaveanews.com\/index.php\/wp-json\/wp\/v2\/media?parent=110633"}],"wp:term":[{"taxonomy":"category","embeddable":true,"href":"https:\/\/www.gaveanews.com\/index.php\/wp-json\/wp\/v2\/categories?post=110633"},{"taxonomy":"post_tag","embeddable":true,"href":"https:\/\/www.gaveanews.com\/index.php\/wp-json\/wp\/v2\/tags?post=110633"}],"curies":[{"name":"wp","href":"https:\/\/api.w.org\/{rel}","templated":true}]}}