{"id":110635,"date":"2023-11-07T13:14:52","date_gmt":"2023-11-07T16:14:52","guid":{"rendered":"https:\/\/www.gaveanews.com\/?p=110635"},"modified":"2023-11-07T13:14:53","modified_gmt":"2023-11-07T16:14:53","slug":"apos-vexame-tecnico-do-flamengo-e-demitido","status":"publish","type":"post","link":"https:\/\/www.gaveanews.com\/index.php\/2023\/11\/07\/apos-vexame-tecnico-do-flamengo-e-demitido\/","title":{"rendered":"Ap\u00f3s vexame, t\u00e9cnico do Flamengo \u00e9 demitido"},"content":{"rendered":"\n<p>Nos \u00faltimos meses a torcida do Flamengo vem cobrando a diretoria do clube. Torcedores cobravam pelos p\u00e9ssimos resultados e jogos vexat\u00f3rios, como no \u00faltimo cl\u00e1ssico em que o Flamengo levou uma goleada de 5 a 1, no jogo de ida do Campeonato Carioca sub-17.\u00a0<\/p>\n\n\n\n<p>O trabalho de Leonardo Ramos vinha sendo cobrado por escala\u00e7\u00f5es precipitadas e resultados fora do normal, sendo goleado at\u00e9 mesmo pela equipe do Nova Igua\u00e7u, na ocasi\u00e3o a categoria perdeu por 5 a 1 em pleno est\u00e1dio da G\u00e1vea.\u00a0<\/p>\n\n\n\n<p>Al\u00e9m disso, o trabalho do treinador era bastante contestado, por conta do grande trabalho feito pelo ex-treinador da categoria, M\u00e1rio Jorge. O ent\u00e3o t\u00e9cnico do sub-17 n\u00e3o conseguiu dar continuidade na equipe.&nbsp;<\/p>\n\n\n\n<p>Um dos principais fatores pela sa\u00edda de Leo, aconteceu nesse domingo (05), a equipe sub-17 do Flamengo sofreu uma goleada por 5 a 1 contra o Vasco, ap\u00f3s sair vencendo a partida. Com isso, pra reverter a goleada e conseguir a classifica\u00e7\u00e3o para a final do Carioca da categoria, os Garotos do Ninho ter\u00e3o a dif\u00edcil miss\u00e3o de vencer por 4 a 0, caso fa\u00e7a o placar, o Fla classifica direto por ter a vantagem do empate. A partida est\u00e1 marcada para o pr\u00f3ximo s\u00e1bado (11) \u00e0s 11h (hor\u00e1rio de Bras\u00edlia), o jogo ter\u00e1 transmiss\u00e3o da FlaTV.<br><br><a href=\"https:\/\/www.gaveanews.com\/index.php\/2023\/10\/10\/atacante-recem-contratado-pelo-flamengo-se-destaca-e-vira-artilheiro-na-base\/\">Atacante rec\u00e9m contratado pelo Flamengo se destaca e vira artilheiro na base<\/a><\/p>\n","protected":false},"excerpt":{"rendered":"<p>Nos \u00faltimos meses a torcida do Flamengo vem cobrando a diretoria do clube. Torcedores cobravam pelos p\u00e9ssimos resultados e jogos vexat\u00f3rios, como no \u00faltimo cl\u00e1ssico em que o Flamengo levou uma goleada de 5 a 1, no jogo de ida do Campeonato Carioca sub-17.\u00a0 O trabalho de Leonardo Ramos vinha sendo cobrado por escala\u00e7\u00f5es precipitadas [&hellip;]<\/p>\n","protected":false},"author":10,"featured_media":109182,"comment_status":"open","ping_status":"closed","sticky":false,"template":"","format":"standard","meta":{"footnotes":""},"categories":[1],"tags":[],"class_list":["post-110635","post","type-post","status-publish","format-standard","has-post-thumbnail","hentry","category-flamengo"],"yoast_head":"<!-- This site is optimized with the Yoast SEO Premium plugin v24.2 (Yoast SEO v26.9) - https:\/\/yoast.com\/product\/yoast-seo-premium-wordpress\/ -->\n<title>Ap\u00f3s vexame, t\u00e9cnico do Flamengo \u00e9 demitido<\/title>\n<meta name=\"robots\" content=\"index, follow, max-snippet:-1, max-image-preview:large, max-video-preview:-1\" \/>\n<link rel=\"canonical\" href=\"https:\/\/www.gaveanews.com\/index.php\/2023\/11\/07\/apos-vexame-tecnico-do-flamengo-e-demitido\/\" \/>\n<meta property=\"og:locale\" content=\"pt_BR\" \/>\n<meta property=\"og:type\" content=\"article\" \/>\n<meta property=\"og:title\" content=\"Ap\u00f3s vexame, t\u00e9cnico do Flamengo \u00e9 demitido\" \/>\n<meta property=\"og:description\" content=\"Nos \u00faltimos meses a torcida do Flamengo vem cobrando a diretoria do clube. Torcedores cobravam pelos p\u00e9ssimos resultados e jogos vexat\u00f3rios, como no \u00faltimo cl\u00e1ssico em que o Flamengo levou uma goleada de 5 a 1, no jogo de ida do Campeonato Carioca sub-17.\u00a0 O trabalho de Leonardo Ramos vinha sendo cobrado por escala\u00e7\u00f5es precipitadas [&hellip;]\" \/>\n<meta property=\"og:url\" content=\"https:\/\/www.gaveanews.com\/index.php\/2023\/11\/07\/apos-vexame-tecnico-do-flamengo-e-demitido\/\" \/>\n<meta property=\"og:site_name\" content=\"G\u00e1vea News\" \/>\n<meta property=\"article:publisher\" content=\"https:\/\/facebook.com\/gaveaNews\/\" \/>\n<meta property=\"article:published_time\" content=\"2023-11-07T16:14:52+00:00\" \/>\n<meta property=\"article:modified_time\" content=\"2023-11-07T16:14:53+00:00\" \/>\n<meta property=\"og:image\" content=\"https:\/\/www.gaveanews.com\/wp-content\/uploads\/Marcos-Braz-durante-sua-participacao-no-programa-Selecao-do-SporTV.webp\" \/>\n\t<meta property=\"og:image:width\" content=\"1280\" \/>\n\t<meta property=\"og:image:height\" content=\"720\" \/>\n\t<meta property=\"og:image:type\" content=\"image\/jpeg\" \/>\n<meta name=\"author\" content=\"Kayo Silva\" \/>\n<meta name=\"twitter:card\" content=\"summary_large_image\" \/>\n<meta name=\"twitter:label1\" content=\"Escrito por\" \/>\n\t<meta name=\"twitter:data1\" content=\"Kayo Silva\" \/>\n\t<meta name=\"twitter:label2\" content=\"Est. tempo de leitura\" \/>\n\t<meta name=\"twitter:data2\" content=\"2 minutos\" \/>\n<script type=\"application\/ld+json\" class=\"yoast-schema-graph\">{\"@context\":\"https:\/\/schema.org\",\"@graph\":[{\"@type\":\"NewsArticle\",\"@id\":\"https:\/\/www.gaveanews.com\/index.php\/2023\/11\/07\/apos-vexame-tecnico-do-flamengo-e-demitido\/#article\",\"isPartOf\":{\"@id\":\"https:\/\/www.gaveanews.com\/index.php\/2023\/11\/07\/apos-vexame-tecnico-do-flamengo-e-demitido\/\"},\"author\":{\"name\":\"Kayo Silva\",\"@id\":\"https:\/\/www.gaveanews.com\/#\/schema\/person\/51b3ba6a493cf9e7af9ce2c6d0d4ff1c\"},\"headline\":\"Ap\u00f3s vexame, t\u00e9cnico do Flamengo \u00e9 demitido\",\"datePublished\":\"2023-11-07T16:14:52+00:00\",\"dateModified\":\"2023-11-07T16:14:53+00:00\",\"mainEntityOfPage\":{\"@id\":\"https:\/\/www.gaveanews.com\/index.php\/2023\/11\/07\/apos-vexame-tecnico-do-flamengo-e-demitido\/\"},\"wordCount\":249,\"commentCount\":0,\"image\":{\"@id\":\"https:\/\/www.gaveanews.com\/index.php\/2023\/11\/07\/apos-vexame-tecnico-do-flamengo-e-demitido\/#primaryimage\"},\"thumbnailUrl\":\"https:\/\/www.gaveanews.com\/wp-content\/uploads\/Marcos-Braz-durante-sua-participacao-no-programa-Selecao-do-SporTV.webp\",\"articleSection\":[\"Flamengo\"],\"inLanguage\":\"pt-BR\",\"potentialAction\":[{\"@type\":\"CommentAction\",\"name\":\"Comment\",\"target\":[\"https:\/\/www.gaveanews.com\/index.php\/2023\/11\/07\/apos-vexame-tecnico-do-flamengo-e-demitido\/#respond\"]}],\"copyrightYear\":\"2023\",\"copyrightHolder\":{\"@id\":\"https:\/\/www.gaveanews.com\/#organization\"}},{\"@type\":\"WebPage\",\"@id\":\"https:\/\/www.gaveanews.com\/index.php\/2023\/11\/07\/apos-vexame-tecnico-do-flamengo-e-demitido\/\",\"url\":\"https:\/\/www.gaveanews.com\/index.php\/2023\/11\/07\/apos-vexame-tecnico-do-flamengo-e-demitido\/\",\"name\":\"Ap\u00f3s vexame, t\u00e9cnico do Flamengo \u00e9 demitido\",\"isPartOf\":{\"@id\":\"https:\/\/www.gaveanews.com\/#website\"},\"primaryImageOfPage\":{\"@id\":\"https:\/\/www.gaveanews.com\/index.php\/2023\/11\/07\/apos-vexame-tecnico-do-flamengo-e-demitido\/#primaryimage\"},\"image\":{\"@id\":\"https:\/\/www.gaveanews.com\/index.php\/2023\/11\/07\/apos-vexame-tecnico-do-flamengo-e-demitido\/#primaryimage\"},\"thumbnailUrl\":\"https:\/\/www.gaveanews.com\/wp-content\/uploads\/Marcos-Braz-durante-sua-participacao-no-programa-Selecao-do-SporTV.webp\",\"datePublished\":\"2023-11-07T16:14:52+00:00\",\"dateModified\":\"2023-11-07T16:14:53+00:00\",\"author\":{\"@id\":\"https:\/\/www.gaveanews.com\/#\/schema\/person\/51b3ba6a493cf9e7af9ce2c6d0d4ff1c\"},\"breadcrumb\":{\"@id\":\"https:\/\/www.gaveanews.com\/index.php\/2023\/11\/07\/apos-vexame-tecnico-do-flamengo-e-demitido\/#breadcrumb\"},\"inLanguage\":\"pt-BR\",\"potentialAction\":[{\"@type\":\"ReadAction\",\"target\":[\"https:\/\/www.gaveanews.com\/index.php\/2023\/11\/07\/apos-vexame-tecnico-do-flamengo-e-demitido\/\"]}]},{\"@type\":\"ImageObject\",\"inLanguage\":\"pt-BR\",\"@id\":\"https:\/\/www.gaveanews.com\/index.php\/2023\/11\/07\/apos-vexame-tecnico-do-flamengo-e-demitido\/#primaryimage\",\"url\":\"https:\/\/www.gaveanews.com\/wp-content\/uploads\/Marcos-Braz-durante-sua-participacao-no-programa-Selecao-do-SporTV.webp\",\"contentUrl\":\"https:\/\/www.gaveanews.com\/wp-content\/uploads\/Marcos-Braz-durante-sua-participacao-no-programa-Selecao-do-SporTV.webp\",\"width\":1280,\"height\":720,\"caption\":\"Marcos Braz durante sua participa\u00e7\u00e3o no programa Sele\u00e7\u00e3o do SporTV (Foto: Reprodu\u00e7\u00e3o)\"},{\"@type\":\"BreadcrumbList\",\"@id\":\"https:\/\/www.gaveanews.com\/index.php\/2023\/11\/07\/apos-vexame-tecnico-do-flamengo-e-demitido\/#breadcrumb\",\"itemListElement\":[{\"@type\":\"ListItem\",\"position\":1,\"name\":\"Home\",\"item\":\"https:\/\/www.gaveanews.com\/\"},{\"@type\":\"ListItem\",\"position\":2,\"name\":\"Ap\u00f3s vexame, t\u00e9cnico do Flamengo \u00e9 demitido\"}]},{\"@type\":\"WebSite\",\"@id\":\"https:\/\/www.gaveanews.com\/#website\",\"url\":\"https:\/\/www.gaveanews.com\/\",\"name\":\"G\u00e1vea News\",\"description\":\"Veja todas as not\u00edcias sobre o Flamengo: Contrata\u00e7\u00f5es, categorias de base, resultados das partidas, tabela de classifica\u00e7\u00e3o, pr\u00f3ximos jogos!\",\"potentialAction\":[{\"@type\":\"SearchAction\",\"target\":{\"@type\":\"EntryPoint\",\"urlTemplate\":\"https:\/\/www.gaveanews.com\/?s={search_term_string}\"},\"query-input\":{\"@type\":\"PropertyValueSpecification\",\"valueRequired\":true,\"valueName\":\"search_term_string\"}}],\"inLanguage\":\"pt-BR\"},{\"@type\":\"Person\",\"@id\":\"https:\/\/www.gaveanews.com\/#\/schema\/person\/51b3ba6a493cf9e7af9ce2c6d0d4ff1c\",\"name\":\"Kayo Silva\",\"image\":{\"@type\":\"ImageObject\",\"inLanguage\":\"pt-BR\",\"@id\":\"https:\/\/www.gaveanews.com\/#\/schema\/person\/image\/\",\"url\":\"https:\/\/secure.gravatar.com\/avatar\/af6d65cafc646a65c39c5fcb2a1ef51b863a81461770cfff553ec2fdd931c68c?s=96&d=mm&r=g\",\"contentUrl\":\"https:\/\/secure.gravatar.com\/avatar\/af6d65cafc646a65c39c5fcb2a1ef51b863a81461770cfff553ec2fdd931c68c?s=96&d=mm&r=g\",\"caption\":\"Kayo Silva\"}}]}<\/script>\n<!-- \/ Yoast SEO Premium plugin. -->","yoast_head_json":{"title":"Ap\u00f3s vexame, t\u00e9cnico do Flamengo \u00e9 demitido","robots":{"index":"index","follow":"follow","max-snippet":"max-snippet:-1","max-image-preview":"max-image-preview:large","max-video-preview":"max-video-preview:-1"},"canonical":"https:\/\/www.gaveanews.com\/index.php\/2023\/11\/07\/apos-vexame-tecnico-do-flamengo-e-demitido\/","og_locale":"pt_BR","og_type":"article","og_title":"Ap\u00f3s vexame, t\u00e9cnico do Flamengo \u00e9 demitido","og_description":"Nos \u00faltimos meses a torcida do Flamengo vem cobrando a diretoria do clube. Torcedores cobravam pelos p\u00e9ssimos resultados e jogos vexat\u00f3rios, como no \u00faltimo cl\u00e1ssico em que o Flamengo levou uma goleada de 5 a 1, no jogo de ida do Campeonato Carioca sub-17.\u00a0 O trabalho de Leonardo Ramos vinha sendo cobrado por escala\u00e7\u00f5es precipitadas [&hellip;]","og_url":"https:\/\/www.gaveanews.com\/index.php\/2023\/11\/07\/apos-vexame-tecnico-do-flamengo-e-demitido\/","og_site_name":"G\u00e1vea News","article_publisher":"https:\/\/facebook.com\/gaveaNews\/","article_published_time":"2023-11-07T16:14:52+00:00","article_modified_time":"2023-11-07T16:14:53+00:00","og_image":[{"width":1280,"height":720,"url":"https:\/\/www.gaveanews.com\/wp-content\/uploads\/Marcos-Braz-durante-sua-participacao-no-programa-Selecao-do-SporTV.webp","type":"image\/jpeg"}],"author":"Kayo Silva","twitter_card":"summary_large_image","twitter_misc":{"Escrito por":"Kayo Silva","Est. tempo de leitura":"2 minutos"},"schema":{"@context":"https:\/\/schema.org","@graph":[{"@type":"NewsArticle","@id":"https:\/\/www.gaveanews.com\/index.php\/2023\/11\/07\/apos-vexame-tecnico-do-flamengo-e-demitido\/#article","isPartOf":{"@id":"https:\/\/www.gaveanews.com\/index.php\/2023\/11\/07\/apos-vexame-tecnico-do-flamengo-e-demitido\/"},"author":{"name":"Kayo Silva","@id":"https:\/\/www.gaveanews.com\/#\/schema\/person\/51b3ba6a493cf9e7af9ce2c6d0d4ff1c"},"headline":"Ap\u00f3s vexame, t\u00e9cnico do Flamengo \u00e9 demitido","datePublished":"2023-11-07T16:14:52+00:00","dateModified":"2023-11-07T16:14:53+00:00","mainEntityOfPage":{"@id":"https:\/\/www.gaveanews.com\/index.php\/2023\/11\/07\/apos-vexame-tecnico-do-flamengo-e-demitido\/"},"wordCount":249,"commentCount":0,"image":{"@id":"https:\/\/www.gaveanews.com\/index.php\/2023\/11\/07\/apos-vexame-tecnico-do-flamengo-e-demitido\/#primaryimage"},"thumbnailUrl":"https:\/\/www.gaveanews.com\/wp-content\/uploads\/Marcos-Braz-durante-sua-participacao-no-programa-Selecao-do-SporTV.webp","articleSection":["Flamengo"],"inLanguage":"pt-BR","potentialAction":[{"@type":"CommentAction","name":"Comment","target":["https:\/\/www.gaveanews.com\/index.php\/2023\/11\/07\/apos-vexame-tecnico-do-flamengo-e-demitido\/#respond"]}],"copyrightYear":"2023","copyrightHolder":{"@id":"https:\/\/www.gaveanews.com\/#organization"}},{"@type":"WebPage","@id":"https:\/\/www.gaveanews.com\/index.php\/2023\/11\/07\/apos-vexame-tecnico-do-flamengo-e-demitido\/","url":"https:\/\/www.gaveanews.com\/index.php\/2023\/11\/07\/apos-vexame-tecnico-do-flamengo-e-demitido\/","name":"Ap\u00f3s vexame, t\u00e9cnico do Flamengo \u00e9 demitido","isPartOf":{"@id":"https:\/\/www.gaveanews.com\/#website"},"primaryImageOfPage":{"@id":"https:\/\/www.gaveanews.com\/index.php\/2023\/11\/07\/apos-vexame-tecnico-do-flamengo-e-demitido\/#primaryimage"},"image":{"@id":"https:\/\/www.gaveanews.com\/index.php\/2023\/11\/07\/apos-vexame-tecnico-do-flamengo-e-demitido\/#primaryimage"},"thumbnailUrl":"https:\/\/www.gaveanews.com\/wp-content\/uploads\/Marcos-Braz-durante-sua-participacao-no-programa-Selecao-do-SporTV.webp","datePublished":"2023-11-07T16:14:52+00:00","dateModified":"2023-11-07T16:14:53+00:00","author":{"@id":"https:\/\/www.gaveanews.com\/#\/schema\/person\/51b3ba6a493cf9e7af9ce2c6d0d4ff1c"},"breadcrumb":{"@id":"https:\/\/www.gaveanews.com\/index.php\/2023\/11\/07\/apos-vexame-tecnico-do-flamengo-e-demitido\/#breadcrumb"},"inLanguage":"pt-BR","potentialAction":[{"@type":"ReadAction","target":["https:\/\/www.gaveanews.com\/index.php\/2023\/11\/07\/apos-vexame-tecnico-do-flamengo-e-demitido\/"]}]},{"@type":"ImageObject","inLanguage":"pt-BR","@id":"https:\/\/www.gaveanews.com\/index.php\/2023\/11\/07\/apos-vexame-tecnico-do-flamengo-e-demitido\/#primaryimage","url":"https:\/\/www.gaveanews.com\/wp-content\/uploads\/Marcos-Braz-durante-sua-participacao-no-programa-Selecao-do-SporTV.webp","contentUrl":"https:\/\/www.gaveanews.com\/wp-content\/uploads\/Marcos-Braz-durante-sua-participacao-no-programa-Selecao-do-SporTV.webp","width":1280,"height":720,"caption":"Marcos Braz durante sua participa\u00e7\u00e3o no programa Sele\u00e7\u00e3o do SporTV (Foto: Reprodu\u00e7\u00e3o)"},{"@type":"BreadcrumbList","@id":"https:\/\/www.gaveanews.com\/index.php\/2023\/11\/07\/apos-vexame-tecnico-do-flamengo-e-demitido\/#breadcrumb","itemListElement":[{"@type":"ListItem","position":1,"name":"Home","item":"https:\/\/www.gaveanews.com\/"},{"@type":"ListItem","position":2,"name":"Ap\u00f3s vexame, t\u00e9cnico do Flamengo \u00e9 demitido"}]},{"@type":"WebSite","@id":"https:\/\/www.gaveanews.com\/#website","url":"https:\/\/www.gaveanews.com\/","name":"G\u00e1vea News","description":"Veja todas as not\u00edcias sobre o Flamengo: Contrata\u00e7\u00f5es, categorias de base, resultados das partidas, tabela de classifica\u00e7\u00e3o, pr\u00f3ximos jogos!","potentialAction":[{"@type":"SearchAction","target":{"@type":"EntryPoint","urlTemplate":"https:\/\/www.gaveanews.com\/?s={search_term_string}"},"query-input":{"@type":"PropertyValueSpecification","valueRequired":true,"valueName":"search_term_string"}}],"inLanguage":"pt-BR"},{"@type":"Person","@id":"https:\/\/www.gaveanews.com\/#\/schema\/person\/51b3ba6a493cf9e7af9ce2c6d0d4ff1c","name":"Kayo Silva","image":{"@type":"ImageObject","inLanguage":"pt-BR","@id":"https:\/\/www.gaveanews.com\/#\/schema\/person\/image\/","url":"https:\/\/secure.gravatar.com\/avatar\/af6d65cafc646a65c39c5fcb2a1ef51b863a81461770cfff553ec2fdd931c68c?s=96&d=mm&r=g","contentUrl":"https:\/\/secure.gravatar.com\/avatar\/af6d65cafc646a65c39c5fcb2a1ef51b863a81461770cfff553ec2fdd931c68c?s=96&d=mm&r=g","caption":"Kayo Silva"}}]}},"_links":{"self":[{"href":"https:\/\/www.gaveanews.com\/index.php\/wp-json\/wp\/v2\/posts\/110635","targetHints":{"allow":["GET"]}}],"collection":[{"href":"https:\/\/www.gaveanews.com\/index.php\/wp-json\/wp\/v2\/posts"}],"about":[{"href":"https:\/\/www.gaveanews.com\/index.php\/wp-json\/wp\/v2\/types\/post"}],"author":[{"embeddable":true,"href":"https:\/\/www.gaveanews.com\/index.php\/wp-json\/wp\/v2\/users\/10"}],"replies":[{"embeddable":true,"href":"https:\/\/www.gaveanews.com\/index.php\/wp-json\/wp\/v2\/comments?post=110635"}],"version-history":[{"count":0,"href":"https:\/\/www.gaveanews.com\/index.php\/wp-json\/wp\/v2\/posts\/110635\/revisions"}],"wp:featuredmedia":[{"embeddable":true,"href":"https:\/\/www.gaveanews.com\/index.php\/wp-json\/wp\/v2\/media\/109182"}],"wp:attachment":[{"href":"https:\/\/www.gaveanews.com\/index.php\/wp-json\/wp\/v2\/media?parent=110635"}],"wp:term":[{"taxonomy":"category","embeddable":true,"href":"https:\/\/www.gaveanews.com\/index.php\/wp-json\/wp\/v2\/categories?post=110635"},{"taxonomy":"post_tag","embeddable":true,"href":"https:\/\/www.gaveanews.com\/index.php\/wp-json\/wp\/v2\/tags?post=110635"}],"curies":[{"name":"wp","href":"https:\/\/api.w.org\/{rel}","templated":true}]}}