{"id":110662,"date":"2023-11-08T20:25:50","date_gmt":"2023-11-08T23:25:50","guid":{"rendered":"https:\/\/www.gaveanews.com\/?p=110662"},"modified":"2023-11-08T21:08:36","modified_gmt":"2023-11-09T00:08:36","slug":"saiu-veja-as-escalacoes-de-flamengo-e-palmeiras-para-o-confronto-pelo-brasileirao","status":"publish","type":"post","link":"https:\/\/www.gaveanews.com\/index.php\/2023\/11\/08\/saiu-veja-as-escalacoes-de-flamengo-e-palmeiras-para-o-confronto-pelo-brasileirao\/","title":{"rendered":"Saiu! Veja as escala\u00e7\u00f5es de Flamengo e Palmeiras para o confronto pelo Brasileir\u00e3o"},"content":{"rendered":"\r\n<p>Em noite de Brasileir\u00e3o, o Flamengo encontra o Palmeiras pelo segundo turno da competi\u00e7\u00e3o e mirando escalar a tabela de classifica\u00e7\u00e3o. A bola rola para as equipes \u00e0s 21h30 (hor\u00e1rio de Bras\u00edlia), no Maracan\u00e3.<\/p>\r\n\r\n\r\n\r\n<p>A apenas seis pontos da lideran\u00e7a do torneio nacional, o Mais Querido espera encurtar a dist\u00e2ncia para as primeiras coloca\u00e7\u00f5es e quem sabe retornar ao G-4. O advers\u00e1rio da vez inicia a rodada empatado em saldo de pontos com o l\u00edder Botafogo, permanecendo na segunda coloca\u00e7\u00e3o apenas por conta dos crit\u00e9rios de desempate.<\/p>\r\n\r\n\r\n\r\n<h2 id=\"h-transmissao\" class=\"wp-block-heading\">Transmiss\u00e3o<\/h2>\r\n\r\n\r\n\r\n<p>TV Globo para todo o Brasil e Premiere.<\/p>\r\n\r\n\r\n\r\n<h2 id=\"h-desfalques-do-flamengo\" class=\"wp-block-heading\">Desfalques do Flamengo<\/h2>\r\n\r\n\r\n\r\n<p>David Luiz e Allan (lesionados); Thiago Maia, Filipe Lu\u00eds e Bruno Henrique (suspensos).<\/p>\r\n\r\n\r\n\r\n<h2 id=\"h-pendurados-do-flamengo\" class=\"wp-block-heading\">Pendurados do Flamengo<\/h2>\r\n\r\n\r\n\r\n<p>Luiz Ara\u00fajo.<\/p>\r\n\r\n\r\n\r\n<h2 id=\"h-escalacao-do-flamengo\" class=\"wp-block-heading\">Escala\u00e7\u00e3o do Flamengo<\/h2>\r\n\r\n\r\n\r\n<p>Rossi, Matheuzinho, Fabricio Bruno, Leo Pereira, Ayrton Lucas, Erick, Gerson, Arrascaeta, Araujo, Pedro e Cebolinha.<\/p>\r\n\r\n\r\n\r\n<h2 id=\"h-banco-de-reservas-do-flamengo\" class=\"wp-block-heading\">Banco de reservas do Flamengo<\/h2>\r\n\r\n\r\n\r\n<p>Matheus Cunha, Santos, Wesley, Varela, Rodrigo Caio, Pablo, Cleiton, Igor Jesus, Ryan Lucas, Victor Hugo, Everton Ribeiro e Gabigol.<\/p>\r\n\r\n\r\n\r\n<h2 id=\"h-desfalques-do-palmeiras\" class=\"wp-block-heading\">Desfalques do Palmeiras<\/h2>\r\n\r\n\r\n\r\n<p>Dudu e Gabriel Menino (ambos em recupera\u00e7\u00e3o de cirurgia).<\/p>\r\n\r\n\r\n\r\n<h2 id=\"h-pendurados-do-palmeiras\" class=\"wp-block-heading\">Pendurados do Palmeiras<\/h2>\r\n\r\n\r\n\r\n<p>Weverton, Luan, Piquerez, Fabinho, Gabriel Menino, Jhon Jhon, Raphael Veiga, Kevin, Abel Ferreira (t\u00e9cnico) e Vitor Castanheira (auxiliar t\u00e9cnico).<\/p>\r\n\r\n\r\n\r\n<h2 id=\"h-escalacao-do-palmeiras\" class=\"wp-block-heading\">Escala\u00e7\u00e3o do Palmeiras<\/h2>\r\n\r\n\r\n\r\n<p>Weverton; Gustavo G\u00f3mez, Luan e Murilo; Mayke, Z\u00e9 Rafael, Richard R\u00edos, Raphael Veiga e Piquerez; Breno Lopes e Endrick.<\/p>\r\n\r\n\r\n\r\n<h2 id=\"h-banco-de-reservas-do-palmeiras\" class=\"wp-block-heading\">Banco de reservas do Palmeiras<\/h2>\r\n\r\n\r\n\r\n<p>Marcelo Lomba, Marcos Rocha, Vanderlan, Rony, Arthur, L\u00f3pez, Jailson, L. Guilherme, Naves, Fabinho, Kevin e Jhon Jhon.<\/p>\r\n\r\n\r\n\r\n<h2 id=\"h-arbitragem\" class=\"wp-block-heading\">Arbitragem:<\/h2>\r\n\r\n\r\n\r\n<ul class=\"wp-block-list\">\r\n<li><strong>\u00c1rbitro:<\/strong> Rodrigo Jos\u00e9 Pereira de Lima &#8211; PE<\/li>\r\n\r\n\r\n\r\n<li><strong>Assistente 1:<\/strong> Bruno Raphael Pires &#8211; GO (Fifa)<\/li>\r\n\r\n\r\n\r\n<li><strong>Assistente 2:<\/strong> Kleber Lucio Gil &#8211; SC<\/li>\r\n\r\n\r\n\r\n<li><strong>Quarto \u00e1rbitro:<\/strong> Felipe da Silva Gon\u00e7alves Paludo &#8211; RJ<\/li>\r\n\r\n\r\n\r\n<li><strong>VAR:<\/strong> Rodolpho Toski Marques &#8211; PR (VAR Fifa)<\/li>\r\n<\/ul>\r\n","protected":false},"excerpt":{"rendered":"<p>Em noite de Brasileir\u00e3o, o Flamengo encontra o Palmeiras pelo segundo turno da competi\u00e7\u00e3o e mirando escalar a tabela de classifica\u00e7\u00e3o. A bola rola para as equipes \u00e0s 21h30 (hor\u00e1rio de Bras\u00edlia), no Maracan\u00e3. A apenas seis pontos da lideran\u00e7a do torneio nacional, o Mais Querido espera encurtar a dist\u00e2ncia para as primeiras coloca\u00e7\u00f5es e [&hellip;]<\/p>\n","protected":false},"author":4,"featured_media":83199,"comment_status":"open","ping_status":"closed","sticky":false,"template":"","format":"standard","meta":{"footnotes":""},"categories":[1],"tags":[],"class_list":["post-110662","post","type-post","status-publish","format-standard","has-post-thumbnail","hentry","category-flamengo"],"yoast_head":"<!-- This site is optimized with the Yoast SEO Premium plugin v24.2 (Yoast SEO v26.9) - https:\/\/yoast.com\/product\/yoast-seo-premium-wordpress\/ -->\n<title>Saiu! Veja as escala\u00e7\u00f5es de Flamengo e Palmeiras para o confronto pelo Brasileir\u00e3o<\/title>\n<meta name=\"robots\" content=\"index, follow, max-snippet:-1, max-image-preview:large, max-video-preview:-1\" \/>\n<link rel=\"canonical\" href=\"https:\/\/www.gaveanews.com\/index.php\/2023\/11\/08\/saiu-veja-as-escalacoes-de-flamengo-e-palmeiras-para-o-confronto-pelo-brasileirao\/\" \/>\n<meta property=\"og:locale\" content=\"pt_BR\" \/>\n<meta property=\"og:type\" content=\"article\" \/>\n<meta property=\"og:title\" content=\"Saiu! Veja as escala\u00e7\u00f5es de Flamengo e Palmeiras para o confronto pelo Brasileir\u00e3o\" \/>\n<meta property=\"og:description\" content=\"Em noite de Brasileir\u00e3o, o Flamengo encontra o Palmeiras pelo segundo turno da competi\u00e7\u00e3o e mirando escalar a tabela de classifica\u00e7\u00e3o. A bola rola para as equipes \u00e0s 21h30 (hor\u00e1rio de Bras\u00edlia), no Maracan\u00e3. A apenas seis pontos da lideran\u00e7a do torneio nacional, o Mais Querido espera encurtar a dist\u00e2ncia para as primeiras coloca\u00e7\u00f5es e [&hellip;]\" \/>\n<meta property=\"og:url\" content=\"https:\/\/www.gaveanews.com\/index.php\/2023\/11\/08\/saiu-veja-as-escalacoes-de-flamengo-e-palmeiras-para-o-confronto-pelo-brasileirao\/\" \/>\n<meta property=\"og:site_name\" content=\"G\u00e1vea News\" \/>\n<meta property=\"article:publisher\" content=\"https:\/\/facebook.com\/gaveaNews\/\" \/>\n<meta property=\"article:published_time\" content=\"2023-11-08T23:25:50+00:00\" \/>\n<meta property=\"article:modified_time\" content=\"2023-11-09T00:08:36+00:00\" \/>\n<meta property=\"og:image\" content=\"https:\/\/www.gaveanews.com\/wp-content\/uploads\/Escalacao-oficial-do-Flamengo.webp\" \/>\n\t<meta property=\"og:image:width\" content=\"2048\" \/>\n\t<meta property=\"og:image:height\" content=\"1363\" \/>\n\t<meta property=\"og:image:type\" content=\"image\/webp\" \/>\n<meta name=\"author\" content=\"Let\u00edcia Gerheim\" \/>\n<meta name=\"twitter:card\" content=\"summary_large_image\" \/>\n<meta name=\"twitter:label1\" content=\"Escrito por\" \/>\n\t<meta name=\"twitter:data1\" content=\"Let\u00edcia Gerheim\" \/>\n\t<meta name=\"twitter:label2\" content=\"Est. tempo de leitura\" \/>\n\t<meta name=\"twitter:data2\" content=\"2 minutos\" \/>\n<script type=\"application\/ld+json\" class=\"yoast-schema-graph\">{\"@context\":\"https:\/\/schema.org\",\"@graph\":[{\"@type\":\"NewsArticle\",\"@id\":\"https:\/\/www.gaveanews.com\/index.php\/2023\/11\/08\/saiu-veja-as-escalacoes-de-flamengo-e-palmeiras-para-o-confronto-pelo-brasileirao\/#article\",\"isPartOf\":{\"@id\":\"https:\/\/www.gaveanews.com\/index.php\/2023\/11\/08\/saiu-veja-as-escalacoes-de-flamengo-e-palmeiras-para-o-confronto-pelo-brasileirao\/\"},\"author\":{\"name\":\"Let\u00edcia Gerheim\",\"@id\":\"https:\/\/www.gaveanews.com\/#\/schema\/person\/714c67050b836198af2450ba1c142a67\"},\"headline\":\"Saiu! Veja as escala\u00e7\u00f5es de Flamengo e Palmeiras para o confronto pelo Brasileir\u00e3o\",\"datePublished\":\"2023-11-08T23:25:50+00:00\",\"dateModified\":\"2023-11-09T00:08:36+00:00\",\"mainEntityOfPage\":{\"@id\":\"https:\/\/www.gaveanews.com\/index.php\/2023\/11\/08\/saiu-veja-as-escalacoes-de-flamengo-e-palmeiras-para-o-confronto-pelo-brasileirao\/\"},\"wordCount\":315,\"commentCount\":0,\"image\":{\"@id\":\"https:\/\/www.gaveanews.com\/index.php\/2023\/11\/08\/saiu-veja-as-escalacoes-de-flamengo-e-palmeiras-para-o-confronto-pelo-brasileirao\/#primaryimage\"},\"thumbnailUrl\":\"https:\/\/www.gaveanews.com\/wp-content\/uploads\/Escalacao-oficial-do-Flamengo.webp\",\"articleSection\":[\"Flamengo\"],\"inLanguage\":\"pt-BR\",\"potentialAction\":[{\"@type\":\"CommentAction\",\"name\":\"Comment\",\"target\":[\"https:\/\/www.gaveanews.com\/index.php\/2023\/11\/08\/saiu-veja-as-escalacoes-de-flamengo-e-palmeiras-para-o-confronto-pelo-brasileirao\/#respond\"]}],\"copyrightYear\":\"2023\",\"copyrightHolder\":{\"@id\":\"https:\/\/www.gaveanews.com\/#organization\"}},{\"@type\":\"WebPage\",\"@id\":\"https:\/\/www.gaveanews.com\/index.php\/2023\/11\/08\/saiu-veja-as-escalacoes-de-flamengo-e-palmeiras-para-o-confronto-pelo-brasileirao\/\",\"url\":\"https:\/\/www.gaveanews.com\/index.php\/2023\/11\/08\/saiu-veja-as-escalacoes-de-flamengo-e-palmeiras-para-o-confronto-pelo-brasileirao\/\",\"name\":\"Saiu! Veja as escala\u00e7\u00f5es de Flamengo e Palmeiras para o confronto pelo Brasileir\u00e3o\",\"isPartOf\":{\"@id\":\"https:\/\/www.gaveanews.com\/#website\"},\"primaryImageOfPage\":{\"@id\":\"https:\/\/www.gaveanews.com\/index.php\/2023\/11\/08\/saiu-veja-as-escalacoes-de-flamengo-e-palmeiras-para-o-confronto-pelo-brasileirao\/#primaryimage\"},\"image\":{\"@id\":\"https:\/\/www.gaveanews.com\/index.php\/2023\/11\/08\/saiu-veja-as-escalacoes-de-flamengo-e-palmeiras-para-o-confronto-pelo-brasileirao\/#primaryimage\"},\"thumbnailUrl\":\"https:\/\/www.gaveanews.com\/wp-content\/uploads\/Escalacao-oficial-do-Flamengo.webp\",\"datePublished\":\"2023-11-08T23:25:50+00:00\",\"dateModified\":\"2023-11-09T00:08:36+00:00\",\"author\":{\"@id\":\"https:\/\/www.gaveanews.com\/#\/schema\/person\/714c67050b836198af2450ba1c142a67\"},\"breadcrumb\":{\"@id\":\"https:\/\/www.gaveanews.com\/index.php\/2023\/11\/08\/saiu-veja-as-escalacoes-de-flamengo-e-palmeiras-para-o-confronto-pelo-brasileirao\/#breadcrumb\"},\"inLanguage\":\"pt-BR\",\"potentialAction\":[{\"@type\":\"ReadAction\",\"target\":[\"https:\/\/www.gaveanews.com\/index.php\/2023\/11\/08\/saiu-veja-as-escalacoes-de-flamengo-e-palmeiras-para-o-confronto-pelo-brasileirao\/\"]}]},{\"@type\":\"ImageObject\",\"inLanguage\":\"pt-BR\",\"@id\":\"https:\/\/www.gaveanews.com\/index.php\/2023\/11\/08\/saiu-veja-as-escalacoes-de-flamengo-e-palmeiras-para-o-confronto-pelo-brasileirao\/#primaryimage\",\"url\":\"https:\/\/www.gaveanews.com\/wp-content\/uploads\/Escalacao-oficial-do-Flamengo.webp\",\"contentUrl\":\"https:\/\/www.gaveanews.com\/wp-content\/uploads\/Escalacao-oficial-do-Flamengo.webp\",\"width\":2048,\"height\":1363,\"caption\":\"Escala\u00e7\u00e3o oficial do Flamengo (Ilustra\u00e7\u00e3o: Editoria de Arte\/GaveaNews.com)\"},{\"@type\":\"BreadcrumbList\",\"@id\":\"https:\/\/www.gaveanews.com\/index.php\/2023\/11\/08\/saiu-veja-as-escalacoes-de-flamengo-e-palmeiras-para-o-confronto-pelo-brasileirao\/#breadcrumb\",\"itemListElement\":[{\"@type\":\"ListItem\",\"position\":1,\"name\":\"Home\",\"item\":\"https:\/\/www.gaveanews.com\/\"},{\"@type\":\"ListItem\",\"position\":2,\"name\":\"Saiu! Veja as escala\u00e7\u00f5es de Flamengo e Palmeiras para o confronto pelo Brasileir\u00e3o\"}]},{\"@type\":\"WebSite\",\"@id\":\"https:\/\/www.gaveanews.com\/#website\",\"url\":\"https:\/\/www.gaveanews.com\/\",\"name\":\"G\u00e1vea News\",\"description\":\"Veja todas as not\u00edcias sobre o Flamengo: Contrata\u00e7\u00f5es, categorias de base, resultados das partidas, tabela de classifica\u00e7\u00e3o, pr\u00f3ximos jogos!\",\"potentialAction\":[{\"@type\":\"SearchAction\",\"target\":{\"@type\":\"EntryPoint\",\"urlTemplate\":\"https:\/\/www.gaveanews.com\/?s={search_term_string}\"},\"query-input\":{\"@type\":\"PropertyValueSpecification\",\"valueRequired\":true,\"valueName\":\"search_term_string\"}}],\"inLanguage\":\"pt-BR\"},{\"@type\":\"Person\",\"@id\":\"https:\/\/www.gaveanews.com\/#\/schema\/person\/714c67050b836198af2450ba1c142a67\",\"name\":\"Let\u00edcia Gerheim\",\"image\":{\"@type\":\"ImageObject\",\"inLanguage\":\"pt-BR\",\"@id\":\"https:\/\/www.gaveanews.com\/#\/schema\/person\/image\/\",\"url\":\"https:\/\/secure.gravatar.com\/avatar\/60734739c50fcebfbac509e2a826ccd0ff405c019bc73aab9354f19ecad1dcb4?s=96&d=mm&r=g\",\"contentUrl\":\"https:\/\/secure.gravatar.com\/avatar\/60734739c50fcebfbac509e2a826ccd0ff405c019bc73aab9354f19ecad1dcb4?s=96&d=mm&r=g\",\"caption\":\"Let\u00edcia Gerheim\"}}]}<\/script>\n<!-- \/ Yoast SEO Premium plugin. -->","yoast_head_json":{"title":"Saiu! Veja as escala\u00e7\u00f5es de Flamengo e Palmeiras para o confronto pelo Brasileir\u00e3o","robots":{"index":"index","follow":"follow","max-snippet":"max-snippet:-1","max-image-preview":"max-image-preview:large","max-video-preview":"max-video-preview:-1"},"canonical":"https:\/\/www.gaveanews.com\/index.php\/2023\/11\/08\/saiu-veja-as-escalacoes-de-flamengo-e-palmeiras-para-o-confronto-pelo-brasileirao\/","og_locale":"pt_BR","og_type":"article","og_title":"Saiu! Veja as escala\u00e7\u00f5es de Flamengo e Palmeiras para o confronto pelo Brasileir\u00e3o","og_description":"Em noite de Brasileir\u00e3o, o Flamengo encontra o Palmeiras pelo segundo turno da competi\u00e7\u00e3o e mirando escalar a tabela de classifica\u00e7\u00e3o. A bola rola para as equipes \u00e0s 21h30 (hor\u00e1rio de Bras\u00edlia), no Maracan\u00e3. A apenas seis pontos da lideran\u00e7a do torneio nacional, o Mais Querido espera encurtar a dist\u00e2ncia para as primeiras coloca\u00e7\u00f5es e [&hellip;]","og_url":"https:\/\/www.gaveanews.com\/index.php\/2023\/11\/08\/saiu-veja-as-escalacoes-de-flamengo-e-palmeiras-para-o-confronto-pelo-brasileirao\/","og_site_name":"G\u00e1vea News","article_publisher":"https:\/\/facebook.com\/gaveaNews\/","article_published_time":"2023-11-08T23:25:50+00:00","article_modified_time":"2023-11-09T00:08:36+00:00","og_image":[{"width":2048,"height":1363,"url":"https:\/\/www.gaveanews.com\/wp-content\/uploads\/Escalacao-oficial-do-Flamengo.webp","type":"image\/webp"}],"author":"Let\u00edcia Gerheim","twitter_card":"summary_large_image","twitter_misc":{"Escrito por":"Let\u00edcia Gerheim","Est. tempo de leitura":"2 minutos"},"schema":{"@context":"https:\/\/schema.org","@graph":[{"@type":"NewsArticle","@id":"https:\/\/www.gaveanews.com\/index.php\/2023\/11\/08\/saiu-veja-as-escalacoes-de-flamengo-e-palmeiras-para-o-confronto-pelo-brasileirao\/#article","isPartOf":{"@id":"https:\/\/www.gaveanews.com\/index.php\/2023\/11\/08\/saiu-veja-as-escalacoes-de-flamengo-e-palmeiras-para-o-confronto-pelo-brasileirao\/"},"author":{"name":"Let\u00edcia Gerheim","@id":"https:\/\/www.gaveanews.com\/#\/schema\/person\/714c67050b836198af2450ba1c142a67"},"headline":"Saiu! Veja as escala\u00e7\u00f5es de Flamengo e Palmeiras para o confronto pelo Brasileir\u00e3o","datePublished":"2023-11-08T23:25:50+00:00","dateModified":"2023-11-09T00:08:36+00:00","mainEntityOfPage":{"@id":"https:\/\/www.gaveanews.com\/index.php\/2023\/11\/08\/saiu-veja-as-escalacoes-de-flamengo-e-palmeiras-para-o-confronto-pelo-brasileirao\/"},"wordCount":315,"commentCount":0,"image":{"@id":"https:\/\/www.gaveanews.com\/index.php\/2023\/11\/08\/saiu-veja-as-escalacoes-de-flamengo-e-palmeiras-para-o-confronto-pelo-brasileirao\/#primaryimage"},"thumbnailUrl":"https:\/\/www.gaveanews.com\/wp-content\/uploads\/Escalacao-oficial-do-Flamengo.webp","articleSection":["Flamengo"],"inLanguage":"pt-BR","potentialAction":[{"@type":"CommentAction","name":"Comment","target":["https:\/\/www.gaveanews.com\/index.php\/2023\/11\/08\/saiu-veja-as-escalacoes-de-flamengo-e-palmeiras-para-o-confronto-pelo-brasileirao\/#respond"]}],"copyrightYear":"2023","copyrightHolder":{"@id":"https:\/\/www.gaveanews.com\/#organization"}},{"@type":"WebPage","@id":"https:\/\/www.gaveanews.com\/index.php\/2023\/11\/08\/saiu-veja-as-escalacoes-de-flamengo-e-palmeiras-para-o-confronto-pelo-brasileirao\/","url":"https:\/\/www.gaveanews.com\/index.php\/2023\/11\/08\/saiu-veja-as-escalacoes-de-flamengo-e-palmeiras-para-o-confronto-pelo-brasileirao\/","name":"Saiu! Veja as escala\u00e7\u00f5es de Flamengo e Palmeiras para o confronto pelo Brasileir\u00e3o","isPartOf":{"@id":"https:\/\/www.gaveanews.com\/#website"},"primaryImageOfPage":{"@id":"https:\/\/www.gaveanews.com\/index.php\/2023\/11\/08\/saiu-veja-as-escalacoes-de-flamengo-e-palmeiras-para-o-confronto-pelo-brasileirao\/#primaryimage"},"image":{"@id":"https:\/\/www.gaveanews.com\/index.php\/2023\/11\/08\/saiu-veja-as-escalacoes-de-flamengo-e-palmeiras-para-o-confronto-pelo-brasileirao\/#primaryimage"},"thumbnailUrl":"https:\/\/www.gaveanews.com\/wp-content\/uploads\/Escalacao-oficial-do-Flamengo.webp","datePublished":"2023-11-08T23:25:50+00:00","dateModified":"2023-11-09T00:08:36+00:00","author":{"@id":"https:\/\/www.gaveanews.com\/#\/schema\/person\/714c67050b836198af2450ba1c142a67"},"breadcrumb":{"@id":"https:\/\/www.gaveanews.com\/index.php\/2023\/11\/08\/saiu-veja-as-escalacoes-de-flamengo-e-palmeiras-para-o-confronto-pelo-brasileirao\/#breadcrumb"},"inLanguage":"pt-BR","potentialAction":[{"@type":"ReadAction","target":["https:\/\/www.gaveanews.com\/index.php\/2023\/11\/08\/saiu-veja-as-escalacoes-de-flamengo-e-palmeiras-para-o-confronto-pelo-brasileirao\/"]}]},{"@type":"ImageObject","inLanguage":"pt-BR","@id":"https:\/\/www.gaveanews.com\/index.php\/2023\/11\/08\/saiu-veja-as-escalacoes-de-flamengo-e-palmeiras-para-o-confronto-pelo-brasileirao\/#primaryimage","url":"https:\/\/www.gaveanews.com\/wp-content\/uploads\/Escalacao-oficial-do-Flamengo.webp","contentUrl":"https:\/\/www.gaveanews.com\/wp-content\/uploads\/Escalacao-oficial-do-Flamengo.webp","width":2048,"height":1363,"caption":"Escala\u00e7\u00e3o oficial do Flamengo (Ilustra\u00e7\u00e3o: Editoria de Arte\/GaveaNews.com)"},{"@type":"BreadcrumbList","@id":"https:\/\/www.gaveanews.com\/index.php\/2023\/11\/08\/saiu-veja-as-escalacoes-de-flamengo-e-palmeiras-para-o-confronto-pelo-brasileirao\/#breadcrumb","itemListElement":[{"@type":"ListItem","position":1,"name":"Home","item":"https:\/\/www.gaveanews.com\/"},{"@type":"ListItem","position":2,"name":"Saiu! Veja as escala\u00e7\u00f5es de Flamengo e Palmeiras para o confronto pelo Brasileir\u00e3o"}]},{"@type":"WebSite","@id":"https:\/\/www.gaveanews.com\/#website","url":"https:\/\/www.gaveanews.com\/","name":"G\u00e1vea News","description":"Veja todas as not\u00edcias sobre o Flamengo: Contrata\u00e7\u00f5es, categorias de base, resultados das partidas, tabela de classifica\u00e7\u00e3o, pr\u00f3ximos jogos!","potentialAction":[{"@type":"SearchAction","target":{"@type":"EntryPoint","urlTemplate":"https:\/\/www.gaveanews.com\/?s={search_term_string}"},"query-input":{"@type":"PropertyValueSpecification","valueRequired":true,"valueName":"search_term_string"}}],"inLanguage":"pt-BR"},{"@type":"Person","@id":"https:\/\/www.gaveanews.com\/#\/schema\/person\/714c67050b836198af2450ba1c142a67","name":"Let\u00edcia Gerheim","image":{"@type":"ImageObject","inLanguage":"pt-BR","@id":"https:\/\/www.gaveanews.com\/#\/schema\/person\/image\/","url":"https:\/\/secure.gravatar.com\/avatar\/60734739c50fcebfbac509e2a826ccd0ff405c019bc73aab9354f19ecad1dcb4?s=96&d=mm&r=g","contentUrl":"https:\/\/secure.gravatar.com\/avatar\/60734739c50fcebfbac509e2a826ccd0ff405c019bc73aab9354f19ecad1dcb4?s=96&d=mm&r=g","caption":"Let\u00edcia Gerheim"}}]}},"_links":{"self":[{"href":"https:\/\/www.gaveanews.com\/index.php\/wp-json\/wp\/v2\/posts\/110662","targetHints":{"allow":["GET"]}}],"collection":[{"href":"https:\/\/www.gaveanews.com\/index.php\/wp-json\/wp\/v2\/posts"}],"about":[{"href":"https:\/\/www.gaveanews.com\/index.php\/wp-json\/wp\/v2\/types\/post"}],"author":[{"embeddable":true,"href":"https:\/\/www.gaveanews.com\/index.php\/wp-json\/wp\/v2\/users\/4"}],"replies":[{"embeddable":true,"href":"https:\/\/www.gaveanews.com\/index.php\/wp-json\/wp\/v2\/comments?post=110662"}],"version-history":[{"count":0,"href":"https:\/\/www.gaveanews.com\/index.php\/wp-json\/wp\/v2\/posts\/110662\/revisions"}],"wp:featuredmedia":[{"embeddable":true,"href":"https:\/\/www.gaveanews.com\/index.php\/wp-json\/wp\/v2\/media\/83199"}],"wp:attachment":[{"href":"https:\/\/www.gaveanews.com\/index.php\/wp-json\/wp\/v2\/media?parent=110662"}],"wp:term":[{"taxonomy":"category","embeddable":true,"href":"https:\/\/www.gaveanews.com\/index.php\/wp-json\/wp\/v2\/categories?post=110662"},{"taxonomy":"post_tag","embeddable":true,"href":"https:\/\/www.gaveanews.com\/index.php\/wp-json\/wp\/v2\/tags?post=110662"}],"curies":[{"name":"wp","href":"https:\/\/api.w.org\/{rel}","templated":true}]}}