{"id":110722,"date":"2023-11-07T23:08:31","date_gmt":"2023-11-08T02:08:31","guid":{"rendered":"https:\/\/www.gaveanews.com\/?p=110722"},"modified":"2023-11-07T23:08:33","modified_gmt":"2023-11-08T02:08:33","slug":"veja-a-provavel-escalacao-do-flamengo","status":"publish","type":"post","link":"https:\/\/www.gaveanews.com\/index.php\/2023\/11\/07\/veja-a-provavel-escalacao-do-flamengo\/","title":{"rendered":"Veja a prov\u00e1vel escala\u00e7\u00e3o do Flamengo"},"content":{"rendered":"\n<p>O Flamengo est\u00e1 se preparando para o confronto contra o Palmeiras no Brasileir\u00e3o. Gerson retornar\u00e1 \u00e0 equipe como titular, atuando como volante ao lado de Erick Pulgar devido \u00e0 suspens\u00e3o de Thiago Maia. Ayrton Lucas tamb\u00e9m voltar\u00e1 \u00e0 equipe devido \u00e0 suspens\u00e3o de Filipe Lu\u00eds, e Bruno Henrique est\u00e1 fora do jogo.<\/p>\n\n\n\n<p>Na lateral direita, Wesley est\u00e1 recuperado, mas o t\u00e9cnico Tite manter\u00e1 Matheuzinho como titular. Al\u00e9m disso, Gabigol estar\u00e1 de volta ap\u00f3s se recuperar de dores na coxa direita<\/p>\n\n\n\n<h2 class=\"wp-block-heading\" id=\"h-provavel-escalacao-do-flamengo\">Prov\u00e1vel escala\u00e7\u00e3o do Flamengo<\/h2>\n\n\n\n<p>Rossi; Matheuzinho, Fabr\u00edcio Bruno, L\u00e9o Pereira e Ayrton Lucas; Pulgar, Gerson e Arrascaeta; Luiz Ara\u00fajo, Everton Cebolinha e Pedro.<\/p>\n\n\n\n<p>O Flamengo est\u00e1 na sexta coloca\u00e7\u00e3o, com 53 pontos, e tem um jogo a menos no Campeonato Brasileiro 2023. O Palmeiras, seu advers\u00e1rio, ocupa a segunda posi\u00e7\u00e3o, com 59 pontos. A partida acontecer\u00e1 no Maracan\u00e3 \u00e0s 21h30 (hor\u00e1rio de Bras\u00edlia).<\/p>\n","protected":false},"excerpt":{"rendered":"<p>O Flamengo est\u00e1 se preparando para o confronto contra o Palmeiras no Brasileir\u00e3o. Gerson retornar\u00e1 \u00e0 equipe como titular, atuando como volante ao lado de Erick Pulgar devido \u00e0 suspens\u00e3o de Thiago Maia. Ayrton Lucas tamb\u00e9m voltar\u00e1 \u00e0 equipe devido \u00e0 suspens\u00e3o de Filipe Lu\u00eds, e Bruno Henrique est\u00e1 fora do jogo. Na lateral direita, [&hellip;]<\/p>\n","protected":false},"author":1,"featured_media":108760,"comment_status":"open","ping_status":"closed","sticky":false,"template":"","format":"standard","meta":{"footnotes":""},"categories":[1],"tags":[],"class_list":["post-110722","post","type-post","status-publish","format-standard","has-post-thumbnail","hentry","category-flamengo"],"yoast_head":"<!-- This site is optimized with the Yoast SEO Premium plugin v24.2 (Yoast SEO v26.9) - https:\/\/yoast.com\/product\/yoast-seo-premium-wordpress\/ -->\n<title>Veja a prov\u00e1vel escala\u00e7\u00e3o do Flamengo<\/title>\n<meta name=\"robots\" content=\"index, follow, max-snippet:-1, max-image-preview:large, max-video-preview:-1\" \/>\n<link rel=\"canonical\" href=\"https:\/\/www.gaveanews.com\/index.php\/2023\/11\/07\/veja-a-provavel-escalacao-do-flamengo\/\" \/>\n<meta property=\"og:locale\" content=\"pt_BR\" \/>\n<meta property=\"og:type\" content=\"article\" \/>\n<meta property=\"og:title\" content=\"Veja a prov\u00e1vel escala\u00e7\u00e3o do Flamengo\" \/>\n<meta property=\"og:description\" content=\"O Flamengo est\u00e1 se preparando para o confronto contra o Palmeiras no Brasileir\u00e3o. Gerson retornar\u00e1 \u00e0 equipe como titular, atuando como volante ao lado de Erick Pulgar devido \u00e0 suspens\u00e3o de Thiago Maia. Ayrton Lucas tamb\u00e9m voltar\u00e1 \u00e0 equipe devido \u00e0 suspens\u00e3o de Filipe Lu\u00eds, e Bruno Henrique est\u00e1 fora do jogo. Na lateral direita, [&hellip;]\" \/>\n<meta property=\"og:url\" content=\"https:\/\/www.gaveanews.com\/index.php\/2023\/11\/07\/veja-a-provavel-escalacao-do-flamengo\/\" \/>\n<meta property=\"og:site_name\" content=\"G\u00e1vea News\" \/>\n<meta property=\"article:publisher\" content=\"https:\/\/facebook.com\/gaveaNews\/\" \/>\n<meta property=\"article:published_time\" content=\"2023-11-08T02:08:31+00:00\" \/>\n<meta property=\"article:modified_time\" content=\"2023-11-08T02:08:33+00:00\" \/>\n<meta property=\"og:image\" content=\"https:\/\/www.gaveanews.com\/wp-content\/uploads\/tite-pedro-flamengo-cruzeiro.webp\" \/>\n\t<meta property=\"og:image:width\" content=\"900\" \/>\n\t<meta property=\"og:image:height\" content=\"600\" \/>\n\t<meta property=\"og:image:type\" content=\"image\/jpeg\" \/>\n<meta name=\"author\" content=\"Equipe G\u00e1vea News\" \/>\n<meta name=\"twitter:card\" content=\"summary_large_image\" \/>\n<meta name=\"twitter:label1\" content=\"Escrito por\" \/>\n\t<meta name=\"twitter:data1\" content=\"Equipe G\u00e1vea News\" \/>\n\t<meta name=\"twitter:label2\" content=\"Est. tempo de leitura\" \/>\n\t<meta name=\"twitter:data2\" content=\"1 minuto\" \/>\n<script type=\"application\/ld+json\" class=\"yoast-schema-graph\">{\"@context\":\"https:\/\/schema.org\",\"@graph\":[{\"@type\":\"NewsArticle\",\"@id\":\"https:\/\/www.gaveanews.com\/index.php\/2023\/11\/07\/veja-a-provavel-escalacao-do-flamengo\/#article\",\"isPartOf\":{\"@id\":\"https:\/\/www.gaveanews.com\/index.php\/2023\/11\/07\/veja-a-provavel-escalacao-do-flamengo\/\"},\"author\":{\"name\":\"Equipe G\u00e1vea News\",\"@id\":\"https:\/\/www.gaveanews.com\/#\/schema\/person\/2ec14f73fb96be2caf28f91afb14749d\"},\"headline\":\"Veja a prov\u00e1vel escala\u00e7\u00e3o do Flamengo\",\"datePublished\":\"2023-11-08T02:08:31+00:00\",\"dateModified\":\"2023-11-08T02:08:33+00:00\",\"mainEntityOfPage\":{\"@id\":\"https:\/\/www.gaveanews.com\/index.php\/2023\/11\/07\/veja-a-provavel-escalacao-do-flamengo\/\"},\"wordCount\":162,\"commentCount\":0,\"image\":{\"@id\":\"https:\/\/www.gaveanews.com\/index.php\/2023\/11\/07\/veja-a-provavel-escalacao-do-flamengo\/#primaryimage\"},\"thumbnailUrl\":\"https:\/\/www.gaveanews.com\/wp-content\/uploads\/tite-pedro-flamengo-cruzeiro.webp\",\"articleSection\":[\"Flamengo\"],\"inLanguage\":\"pt-BR\",\"potentialAction\":[{\"@type\":\"CommentAction\",\"name\":\"Comment\",\"target\":[\"https:\/\/www.gaveanews.com\/index.php\/2023\/11\/07\/veja-a-provavel-escalacao-do-flamengo\/#respond\"]}],\"copyrightYear\":\"2023\",\"copyrightHolder\":{\"@id\":\"https:\/\/www.gaveanews.com\/#organization\"}},{\"@type\":\"WebPage\",\"@id\":\"https:\/\/www.gaveanews.com\/index.php\/2023\/11\/07\/veja-a-provavel-escalacao-do-flamengo\/\",\"url\":\"https:\/\/www.gaveanews.com\/index.php\/2023\/11\/07\/veja-a-provavel-escalacao-do-flamengo\/\",\"name\":\"Veja a prov\u00e1vel escala\u00e7\u00e3o do Flamengo\",\"isPartOf\":{\"@id\":\"https:\/\/www.gaveanews.com\/#website\"},\"primaryImageOfPage\":{\"@id\":\"https:\/\/www.gaveanews.com\/index.php\/2023\/11\/07\/veja-a-provavel-escalacao-do-flamengo\/#primaryimage\"},\"image\":{\"@id\":\"https:\/\/www.gaveanews.com\/index.php\/2023\/11\/07\/veja-a-provavel-escalacao-do-flamengo\/#primaryimage\"},\"thumbnailUrl\":\"https:\/\/www.gaveanews.com\/wp-content\/uploads\/tite-pedro-flamengo-cruzeiro.webp\",\"datePublished\":\"2023-11-08T02:08:31+00:00\",\"dateModified\":\"2023-11-08T02:08:33+00:00\",\"author\":{\"@id\":\"https:\/\/www.gaveanews.com\/#\/schema\/person\/2ec14f73fb96be2caf28f91afb14749d\"},\"breadcrumb\":{\"@id\":\"https:\/\/www.gaveanews.com\/index.php\/2023\/11\/07\/veja-a-provavel-escalacao-do-flamengo\/#breadcrumb\"},\"inLanguage\":\"pt-BR\",\"potentialAction\":[{\"@type\":\"ReadAction\",\"target\":[\"https:\/\/www.gaveanews.com\/index.php\/2023\/11\/07\/veja-a-provavel-escalacao-do-flamengo\/\"]}]},{\"@type\":\"ImageObject\",\"inLanguage\":\"pt-BR\",\"@id\":\"https:\/\/www.gaveanews.com\/index.php\/2023\/11\/07\/veja-a-provavel-escalacao-do-flamengo\/#primaryimage\",\"url\":\"https:\/\/www.gaveanews.com\/wp-content\/uploads\/tite-pedro-flamengo-cruzeiro.webp\",\"contentUrl\":\"https:\/\/www.gaveanews.com\/wp-content\/uploads\/tite-pedro-flamengo-cruzeiro.webp\",\"width\":900,\"height\":600,\"caption\":\"Pedro comemora com Tite gol marcado pelo Flamengo (Foto: Gilson Lobo\/AGIF)\"},{\"@type\":\"BreadcrumbList\",\"@id\":\"https:\/\/www.gaveanews.com\/index.php\/2023\/11\/07\/veja-a-provavel-escalacao-do-flamengo\/#breadcrumb\",\"itemListElement\":[{\"@type\":\"ListItem\",\"position\":1,\"name\":\"Home\",\"item\":\"https:\/\/www.gaveanews.com\/\"},{\"@type\":\"ListItem\",\"position\":2,\"name\":\"Veja a prov\u00e1vel escala\u00e7\u00e3o do Flamengo\"}]},{\"@type\":\"WebSite\",\"@id\":\"https:\/\/www.gaveanews.com\/#website\",\"url\":\"https:\/\/www.gaveanews.com\/\",\"name\":\"G\u00e1vea News\",\"description\":\"Veja todas as not\u00edcias sobre o Flamengo: Contrata\u00e7\u00f5es, categorias de base, resultados das partidas, tabela de classifica\u00e7\u00e3o, pr\u00f3ximos jogos!\",\"potentialAction\":[{\"@type\":\"SearchAction\",\"target\":{\"@type\":\"EntryPoint\",\"urlTemplate\":\"https:\/\/www.gaveanews.com\/?s={search_term_string}\"},\"query-input\":{\"@type\":\"PropertyValueSpecification\",\"valueRequired\":true,\"valueName\":\"search_term_string\"}}],\"inLanguage\":\"pt-BR\"},{\"@type\":\"Person\",\"@id\":\"https:\/\/www.gaveanews.com\/#\/schema\/person\/2ec14f73fb96be2caf28f91afb14749d\",\"name\":\"Equipe G\u00e1vea News\",\"image\":{\"@type\":\"ImageObject\",\"inLanguage\":\"pt-BR\",\"@id\":\"https:\/\/www.gaveanews.com\/#\/schema\/person\/image\/\",\"url\":\"https:\/\/secure.gravatar.com\/avatar\/1e1956f1facbffd3f8fa53a326721950116b3b9dc9bd44939c01180fd4a745a9?s=96&d=mm&r=g\",\"contentUrl\":\"https:\/\/secure.gravatar.com\/avatar\/1e1956f1facbffd3f8fa53a326721950116b3b9dc9bd44939c01180fd4a745a9?s=96&d=mm&r=g\",\"caption\":\"Equipe G\u00e1vea News\"}}]}<\/script>\n<!-- \/ Yoast SEO Premium plugin. -->","yoast_head_json":{"title":"Veja a prov\u00e1vel escala\u00e7\u00e3o do Flamengo","robots":{"index":"index","follow":"follow","max-snippet":"max-snippet:-1","max-image-preview":"max-image-preview:large","max-video-preview":"max-video-preview:-1"},"canonical":"https:\/\/www.gaveanews.com\/index.php\/2023\/11\/07\/veja-a-provavel-escalacao-do-flamengo\/","og_locale":"pt_BR","og_type":"article","og_title":"Veja a prov\u00e1vel escala\u00e7\u00e3o do Flamengo","og_description":"O Flamengo est\u00e1 se preparando para o confronto contra o Palmeiras no Brasileir\u00e3o. Gerson retornar\u00e1 \u00e0 equipe como titular, atuando como volante ao lado de Erick Pulgar devido \u00e0 suspens\u00e3o de Thiago Maia. Ayrton Lucas tamb\u00e9m voltar\u00e1 \u00e0 equipe devido \u00e0 suspens\u00e3o de Filipe Lu\u00eds, e Bruno Henrique est\u00e1 fora do jogo. Na lateral direita, [&hellip;]","og_url":"https:\/\/www.gaveanews.com\/index.php\/2023\/11\/07\/veja-a-provavel-escalacao-do-flamengo\/","og_site_name":"G\u00e1vea News","article_publisher":"https:\/\/facebook.com\/gaveaNews\/","article_published_time":"2023-11-08T02:08:31+00:00","article_modified_time":"2023-11-08T02:08:33+00:00","og_image":[{"width":900,"height":600,"url":"https:\/\/www.gaveanews.com\/wp-content\/uploads\/tite-pedro-flamengo-cruzeiro.webp","type":"image\/jpeg"}],"author":"Equipe G\u00e1vea News","twitter_card":"summary_large_image","twitter_misc":{"Escrito por":"Equipe G\u00e1vea News","Est. tempo de leitura":"1 minuto"},"schema":{"@context":"https:\/\/schema.org","@graph":[{"@type":"NewsArticle","@id":"https:\/\/www.gaveanews.com\/index.php\/2023\/11\/07\/veja-a-provavel-escalacao-do-flamengo\/#article","isPartOf":{"@id":"https:\/\/www.gaveanews.com\/index.php\/2023\/11\/07\/veja-a-provavel-escalacao-do-flamengo\/"},"author":{"name":"Equipe G\u00e1vea News","@id":"https:\/\/www.gaveanews.com\/#\/schema\/person\/2ec14f73fb96be2caf28f91afb14749d"},"headline":"Veja a prov\u00e1vel escala\u00e7\u00e3o do Flamengo","datePublished":"2023-11-08T02:08:31+00:00","dateModified":"2023-11-08T02:08:33+00:00","mainEntityOfPage":{"@id":"https:\/\/www.gaveanews.com\/index.php\/2023\/11\/07\/veja-a-provavel-escalacao-do-flamengo\/"},"wordCount":162,"commentCount":0,"image":{"@id":"https:\/\/www.gaveanews.com\/index.php\/2023\/11\/07\/veja-a-provavel-escalacao-do-flamengo\/#primaryimage"},"thumbnailUrl":"https:\/\/www.gaveanews.com\/wp-content\/uploads\/tite-pedro-flamengo-cruzeiro.webp","articleSection":["Flamengo"],"inLanguage":"pt-BR","potentialAction":[{"@type":"CommentAction","name":"Comment","target":["https:\/\/www.gaveanews.com\/index.php\/2023\/11\/07\/veja-a-provavel-escalacao-do-flamengo\/#respond"]}],"copyrightYear":"2023","copyrightHolder":{"@id":"https:\/\/www.gaveanews.com\/#organization"}},{"@type":"WebPage","@id":"https:\/\/www.gaveanews.com\/index.php\/2023\/11\/07\/veja-a-provavel-escalacao-do-flamengo\/","url":"https:\/\/www.gaveanews.com\/index.php\/2023\/11\/07\/veja-a-provavel-escalacao-do-flamengo\/","name":"Veja a prov\u00e1vel escala\u00e7\u00e3o do Flamengo","isPartOf":{"@id":"https:\/\/www.gaveanews.com\/#website"},"primaryImageOfPage":{"@id":"https:\/\/www.gaveanews.com\/index.php\/2023\/11\/07\/veja-a-provavel-escalacao-do-flamengo\/#primaryimage"},"image":{"@id":"https:\/\/www.gaveanews.com\/index.php\/2023\/11\/07\/veja-a-provavel-escalacao-do-flamengo\/#primaryimage"},"thumbnailUrl":"https:\/\/www.gaveanews.com\/wp-content\/uploads\/tite-pedro-flamengo-cruzeiro.webp","datePublished":"2023-11-08T02:08:31+00:00","dateModified":"2023-11-08T02:08:33+00:00","author":{"@id":"https:\/\/www.gaveanews.com\/#\/schema\/person\/2ec14f73fb96be2caf28f91afb14749d"},"breadcrumb":{"@id":"https:\/\/www.gaveanews.com\/index.php\/2023\/11\/07\/veja-a-provavel-escalacao-do-flamengo\/#breadcrumb"},"inLanguage":"pt-BR","potentialAction":[{"@type":"ReadAction","target":["https:\/\/www.gaveanews.com\/index.php\/2023\/11\/07\/veja-a-provavel-escalacao-do-flamengo\/"]}]},{"@type":"ImageObject","inLanguage":"pt-BR","@id":"https:\/\/www.gaveanews.com\/index.php\/2023\/11\/07\/veja-a-provavel-escalacao-do-flamengo\/#primaryimage","url":"https:\/\/www.gaveanews.com\/wp-content\/uploads\/tite-pedro-flamengo-cruzeiro.webp","contentUrl":"https:\/\/www.gaveanews.com\/wp-content\/uploads\/tite-pedro-flamengo-cruzeiro.webp","width":900,"height":600,"caption":"Pedro comemora com Tite gol marcado pelo Flamengo (Foto: Gilson Lobo\/AGIF)"},{"@type":"BreadcrumbList","@id":"https:\/\/www.gaveanews.com\/index.php\/2023\/11\/07\/veja-a-provavel-escalacao-do-flamengo\/#breadcrumb","itemListElement":[{"@type":"ListItem","position":1,"name":"Home","item":"https:\/\/www.gaveanews.com\/"},{"@type":"ListItem","position":2,"name":"Veja a prov\u00e1vel escala\u00e7\u00e3o do Flamengo"}]},{"@type":"WebSite","@id":"https:\/\/www.gaveanews.com\/#website","url":"https:\/\/www.gaveanews.com\/","name":"G\u00e1vea News","description":"Veja todas as not\u00edcias sobre o Flamengo: Contrata\u00e7\u00f5es, categorias de base, resultados das partidas, tabela de classifica\u00e7\u00e3o, pr\u00f3ximos jogos!","potentialAction":[{"@type":"SearchAction","target":{"@type":"EntryPoint","urlTemplate":"https:\/\/www.gaveanews.com\/?s={search_term_string}"},"query-input":{"@type":"PropertyValueSpecification","valueRequired":true,"valueName":"search_term_string"}}],"inLanguage":"pt-BR"},{"@type":"Person","@id":"https:\/\/www.gaveanews.com\/#\/schema\/person\/2ec14f73fb96be2caf28f91afb14749d","name":"Equipe G\u00e1vea News","image":{"@type":"ImageObject","inLanguage":"pt-BR","@id":"https:\/\/www.gaveanews.com\/#\/schema\/person\/image\/","url":"https:\/\/secure.gravatar.com\/avatar\/1e1956f1facbffd3f8fa53a326721950116b3b9dc9bd44939c01180fd4a745a9?s=96&d=mm&r=g","contentUrl":"https:\/\/secure.gravatar.com\/avatar\/1e1956f1facbffd3f8fa53a326721950116b3b9dc9bd44939c01180fd4a745a9?s=96&d=mm&r=g","caption":"Equipe G\u00e1vea News"}}]}},"_links":{"self":[{"href":"https:\/\/www.gaveanews.com\/index.php\/wp-json\/wp\/v2\/posts\/110722","targetHints":{"allow":["GET"]}}],"collection":[{"href":"https:\/\/www.gaveanews.com\/index.php\/wp-json\/wp\/v2\/posts"}],"about":[{"href":"https:\/\/www.gaveanews.com\/index.php\/wp-json\/wp\/v2\/types\/post"}],"author":[{"embeddable":true,"href":"https:\/\/www.gaveanews.com\/index.php\/wp-json\/wp\/v2\/users\/1"}],"replies":[{"embeddable":true,"href":"https:\/\/www.gaveanews.com\/index.php\/wp-json\/wp\/v2\/comments?post=110722"}],"version-history":[{"count":0,"href":"https:\/\/www.gaveanews.com\/index.php\/wp-json\/wp\/v2\/posts\/110722\/revisions"}],"wp:featuredmedia":[{"embeddable":true,"href":"https:\/\/www.gaveanews.com\/index.php\/wp-json\/wp\/v2\/media\/108760"}],"wp:attachment":[{"href":"https:\/\/www.gaveanews.com\/index.php\/wp-json\/wp\/v2\/media?parent=110722"}],"wp:term":[{"taxonomy":"category","embeddable":true,"href":"https:\/\/www.gaveanews.com\/index.php\/wp-json\/wp\/v2\/categories?post=110722"},{"taxonomy":"post_tag","embeddable":true,"href":"https:\/\/www.gaveanews.com\/index.php\/wp-json\/wp\/v2\/tags?post=110722"}],"curies":[{"name":"wp","href":"https:\/\/api.w.org\/{rel}","templated":true}]}}