{"id":110729,"date":"2023-11-08T00:05:27","date_gmt":"2023-11-08T03:05:27","guid":{"rendered":"https:\/\/www.gaveanews.com\/?p=110729"},"modified":"2023-11-08T00:06:16","modified_gmt":"2023-11-08T03:06:16","slug":"dois-jogadores-do-flamengo-sao-convocados","status":"publish","type":"post","link":"https:\/\/www.gaveanews.com\/index.php\/2023\/11\/08\/dois-jogadores-do-flamengo-sao-convocados\/","title":{"rendered":"Dois jogadores do Flamengo s\u00e3o convocados"},"content":{"rendered":"\n<p>O Flamengo tem se destacado como um modelo para outros clubes brasileiros devido \u00e0 sua produ\u00e7\u00e3o de talentos nas categorias de base. Dois desses talentos, Victor Hugo e Igor Jesus, foram convocados pelo t\u00e9cnico Ramon Menezes para a Sele\u00e7\u00e3o Brasileira pr\u00e9-ol\u00edmpica durante a Data FIFA de novembro. <\/p>\n\n\n\n<p>No entanto, a sele\u00e7\u00e3o n\u00e3o realizar\u00e1 amistosos durante esse per\u00edodo, optando por treinamentos no CT Joaquim Grava, do Corinthians, entre 13 e 21 deste m\u00eas. O objetivo de Ramon Menezes \u00e9 avaliar os jogadores durante os treinamentos, identificando aqueles que poder\u00e3o integrar a equipe no Pr\u00e9-Ol\u00edmpico, que acontecer\u00e1 na Venezuela em janeiro. <\/p>\n\n\n\n<ul class=\"wp-block-list\">\n<li><strong>Goleiros:<\/strong>\u00a0Andrew (Gil Vicente), Marcelo Pitaluga (Liverpool) e Mycael (Athletico-PR);<\/li>\n\n\n\n<li><strong>Laterais:<\/strong>\u00a0Khellven (CSKA Moscou), Patrick (S\u00e3o Paulo), Vanderlan (Palmeiras) e Vin\u00edcius Tobias (Real Madrid);<\/li>\n\n\n\n<li><strong>Zagueiros:<\/strong>\u00a0Arthur Chaves (Acad\u00eamicos de Vizeu), Beraldo (S\u00e3o Paulo), Michel (Palmeiras) e Robert Renan (Zenit);<\/li>\n\n\n\n<li><strong>Volantes:<\/strong>\u00a0Alexsander (Fluminense), Andrey Santos (Nottingham Forest), Igor Jesus (Flamengo), Pablo Maia (S\u00e3o Paulo);<\/li>\n\n\n\n<li><strong>Meias:<\/strong>\u00a0Guilherme Biro (Corinthians) e Victor Hugo (Flamengo);<\/li>\n\n\n\n<li><strong>Atacantes:<\/strong>\u00a0Gabriel Pec (Vasco), John Kennedy (Fluminense), Luis Guilherme (Palmeiras), Marcos Leonardo (Santos), Matheus Nascimento (Botafogo) e S\u00e1vio (Girona).<\/li>\n<\/ul>\n","protected":false},"excerpt":{"rendered":"<p>O Flamengo tem se destacado como um modelo para outros clubes brasileiros devido \u00e0 sua produ\u00e7\u00e3o de talentos nas categorias de base. Dois desses talentos, Victor Hugo e Igor Jesus, foram convocados pelo t\u00e9cnico Ramon Menezes para a Sele\u00e7\u00e3o Brasileira pr\u00e9-ol\u00edmpica durante a Data FIFA de novembro. No entanto, a sele\u00e7\u00e3o n\u00e3o realizar\u00e1 amistosos durante [&hellip;]<\/p>\n","protected":false},"author":1,"featured_media":101476,"comment_status":"open","ping_status":"closed","sticky":false,"template":"","format":"standard","meta":{"footnotes":""},"categories":[1],"tags":[],"class_list":["post-110729","post","type-post","status-publish","format-standard","has-post-thumbnail","hentry","category-flamengo"],"yoast_head":"<!-- This site is optimized with the Yoast SEO Premium plugin v24.2 (Yoast SEO v26.9) - https:\/\/yoast.com\/product\/yoast-seo-premium-wordpress\/ -->\n<title>Dois jogadores do Flamengo s\u00e3o convocados<\/title>\n<meta name=\"robots\" content=\"index, follow, max-snippet:-1, max-image-preview:large, max-video-preview:-1\" \/>\n<link rel=\"canonical\" href=\"https:\/\/www.gaveanews.com\/index.php\/2023\/11\/08\/dois-jogadores-do-flamengo-sao-convocados\/\" \/>\n<meta property=\"og:locale\" content=\"pt_BR\" \/>\n<meta property=\"og:type\" content=\"article\" \/>\n<meta property=\"og:title\" content=\"Dois jogadores do Flamengo s\u00e3o convocados\" \/>\n<meta property=\"og:description\" content=\"O Flamengo tem se destacado como um modelo para outros clubes brasileiros devido \u00e0 sua produ\u00e7\u00e3o de talentos nas categorias de base. Dois desses talentos, Victor Hugo e Igor Jesus, foram convocados pelo t\u00e9cnico Ramon Menezes para a Sele\u00e7\u00e3o Brasileira pr\u00e9-ol\u00edmpica durante a Data FIFA de novembro. No entanto, a sele\u00e7\u00e3o n\u00e3o realizar\u00e1 amistosos durante [&hellip;]\" \/>\n<meta property=\"og:url\" content=\"https:\/\/www.gaveanews.com\/index.php\/2023\/11\/08\/dois-jogadores-do-flamengo-sao-convocados\/\" \/>\n<meta property=\"og:site_name\" content=\"G\u00e1vea News\" \/>\n<meta property=\"article:publisher\" content=\"https:\/\/facebook.com\/gaveaNews\/\" \/>\n<meta property=\"article:published_time\" content=\"2023-11-08T03:05:27+00:00\" \/>\n<meta property=\"article:modified_time\" content=\"2023-11-08T03:06:16+00:00\" \/>\n<meta property=\"og:image\" content=\"https:\/\/www.gaveanews.com\/wp-content\/uploads\/victor-hugo-gol-flamengo-aucas-libertadores-1.webp\" \/>\n\t<meta property=\"og:image:width\" content=\"598\" \/>\n\t<meta property=\"og:image:height\" content=\"900\" \/>\n\t<meta property=\"og:image:type\" content=\"image\/jpeg\" \/>\n<meta name=\"author\" content=\"Equipe G\u00e1vea News\" \/>\n<meta name=\"twitter:card\" content=\"summary_large_image\" \/>\n<meta name=\"twitter:label1\" content=\"Escrito por\" \/>\n\t<meta name=\"twitter:data1\" content=\"Equipe G\u00e1vea News\" \/>\n\t<meta name=\"twitter:label2\" content=\"Est. tempo de leitura\" \/>\n\t<meta name=\"twitter:data2\" content=\"1 minuto\" \/>\n<script type=\"application\/ld+json\" class=\"yoast-schema-graph\">{\"@context\":\"https:\/\/schema.org\",\"@graph\":[{\"@type\":\"NewsArticle\",\"@id\":\"https:\/\/www.gaveanews.com\/index.php\/2023\/11\/08\/dois-jogadores-do-flamengo-sao-convocados\/#article\",\"isPartOf\":{\"@id\":\"https:\/\/www.gaveanews.com\/index.php\/2023\/11\/08\/dois-jogadores-do-flamengo-sao-convocados\/\"},\"author\":{\"name\":\"Equipe G\u00e1vea News\",\"@id\":\"https:\/\/www.gaveanews.com\/#\/schema\/person\/2ec14f73fb96be2caf28f91afb14749d\"},\"headline\":\"Dois jogadores do Flamengo s\u00e3o convocados\",\"datePublished\":\"2023-11-08T03:05:27+00:00\",\"dateModified\":\"2023-11-08T03:06:16+00:00\",\"mainEntityOfPage\":{\"@id\":\"https:\/\/www.gaveanews.com\/index.php\/2023\/11\/08\/dois-jogadores-do-flamengo-sao-convocados\/\"},\"wordCount\":200,\"commentCount\":0,\"image\":{\"@id\":\"https:\/\/www.gaveanews.com\/index.php\/2023\/11\/08\/dois-jogadores-do-flamengo-sao-convocados\/#primaryimage\"},\"thumbnailUrl\":\"https:\/\/www.gaveanews.com\/wp-content\/uploads\/victor-hugo-gol-flamengo-aucas-libertadores-1.webp\",\"articleSection\":[\"Flamengo\"],\"inLanguage\":\"pt-BR\",\"potentialAction\":[{\"@type\":\"CommentAction\",\"name\":\"Comment\",\"target\":[\"https:\/\/www.gaveanews.com\/index.php\/2023\/11\/08\/dois-jogadores-do-flamengo-sao-convocados\/#respond\"]}],\"copyrightYear\":\"2023\",\"copyrightHolder\":{\"@id\":\"https:\/\/www.gaveanews.com\/#organization\"}},{\"@type\":\"WebPage\",\"@id\":\"https:\/\/www.gaveanews.com\/index.php\/2023\/11\/08\/dois-jogadores-do-flamengo-sao-convocados\/\",\"url\":\"https:\/\/www.gaveanews.com\/index.php\/2023\/11\/08\/dois-jogadores-do-flamengo-sao-convocados\/\",\"name\":\"Dois jogadores do Flamengo s\u00e3o convocados\",\"isPartOf\":{\"@id\":\"https:\/\/www.gaveanews.com\/#website\"},\"primaryImageOfPage\":{\"@id\":\"https:\/\/www.gaveanews.com\/index.php\/2023\/11\/08\/dois-jogadores-do-flamengo-sao-convocados\/#primaryimage\"},\"image\":{\"@id\":\"https:\/\/www.gaveanews.com\/index.php\/2023\/11\/08\/dois-jogadores-do-flamengo-sao-convocados\/#primaryimage\"},\"thumbnailUrl\":\"https:\/\/www.gaveanews.com\/wp-content\/uploads\/victor-hugo-gol-flamengo-aucas-libertadores-1.webp\",\"datePublished\":\"2023-11-08T03:05:27+00:00\",\"dateModified\":\"2023-11-08T03:06:16+00:00\",\"author\":{\"@id\":\"https:\/\/www.gaveanews.com\/#\/schema\/person\/2ec14f73fb96be2caf28f91afb14749d\"},\"breadcrumb\":{\"@id\":\"https:\/\/www.gaveanews.com\/index.php\/2023\/11\/08\/dois-jogadores-do-flamengo-sao-convocados\/#breadcrumb\"},\"inLanguage\":\"pt-BR\",\"potentialAction\":[{\"@type\":\"ReadAction\",\"target\":[\"https:\/\/www.gaveanews.com\/index.php\/2023\/11\/08\/dois-jogadores-do-flamengo-sao-convocados\/\"]}]},{\"@type\":\"ImageObject\",\"inLanguage\":\"pt-BR\",\"@id\":\"https:\/\/www.gaveanews.com\/index.php\/2023\/11\/08\/dois-jogadores-do-flamengo-sao-convocados\/#primaryimage\",\"url\":\"https:\/\/www.gaveanews.com\/wp-content\/uploads\/victor-hugo-gol-flamengo-aucas-libertadores-1.webp\",\"contentUrl\":\"https:\/\/www.gaveanews.com\/wp-content\/uploads\/victor-hugo-gol-flamengo-aucas-libertadores-1.webp\",\"width\":598,\"height\":900,\"caption\":\"Victor Hugo comemora gol marcado pelo Flamengo contra o Aucas na Libertadores (Foto: Gilvan de Souza\/Flamengo)\"},{\"@type\":\"BreadcrumbList\",\"@id\":\"https:\/\/www.gaveanews.com\/index.php\/2023\/11\/08\/dois-jogadores-do-flamengo-sao-convocados\/#breadcrumb\",\"itemListElement\":[{\"@type\":\"ListItem\",\"position\":1,\"name\":\"Home\",\"item\":\"https:\/\/www.gaveanews.com\/\"},{\"@type\":\"ListItem\",\"position\":2,\"name\":\"Dois jogadores do Flamengo s\u00e3o convocados\"}]},{\"@type\":\"WebSite\",\"@id\":\"https:\/\/www.gaveanews.com\/#website\",\"url\":\"https:\/\/www.gaveanews.com\/\",\"name\":\"G\u00e1vea News\",\"description\":\"Veja todas as not\u00edcias sobre o Flamengo: Contrata\u00e7\u00f5es, categorias de base, resultados das partidas, tabela de classifica\u00e7\u00e3o, pr\u00f3ximos jogos!\",\"potentialAction\":[{\"@type\":\"SearchAction\",\"target\":{\"@type\":\"EntryPoint\",\"urlTemplate\":\"https:\/\/www.gaveanews.com\/?s={search_term_string}\"},\"query-input\":{\"@type\":\"PropertyValueSpecification\",\"valueRequired\":true,\"valueName\":\"search_term_string\"}}],\"inLanguage\":\"pt-BR\"},{\"@type\":\"Person\",\"@id\":\"https:\/\/www.gaveanews.com\/#\/schema\/person\/2ec14f73fb96be2caf28f91afb14749d\",\"name\":\"Equipe G\u00e1vea News\",\"image\":{\"@type\":\"ImageObject\",\"inLanguage\":\"pt-BR\",\"@id\":\"https:\/\/www.gaveanews.com\/#\/schema\/person\/image\/\",\"url\":\"https:\/\/secure.gravatar.com\/avatar\/1e1956f1facbffd3f8fa53a326721950116b3b9dc9bd44939c01180fd4a745a9?s=96&d=mm&r=g\",\"contentUrl\":\"https:\/\/secure.gravatar.com\/avatar\/1e1956f1facbffd3f8fa53a326721950116b3b9dc9bd44939c01180fd4a745a9?s=96&d=mm&r=g\",\"caption\":\"Equipe G\u00e1vea News\"}}]}<\/script>\n<!-- \/ Yoast SEO Premium plugin. -->","yoast_head_json":{"title":"Dois jogadores do Flamengo s\u00e3o convocados","robots":{"index":"index","follow":"follow","max-snippet":"max-snippet:-1","max-image-preview":"max-image-preview:large","max-video-preview":"max-video-preview:-1"},"canonical":"https:\/\/www.gaveanews.com\/index.php\/2023\/11\/08\/dois-jogadores-do-flamengo-sao-convocados\/","og_locale":"pt_BR","og_type":"article","og_title":"Dois jogadores do Flamengo s\u00e3o convocados","og_description":"O Flamengo tem se destacado como um modelo para outros clubes brasileiros devido \u00e0 sua produ\u00e7\u00e3o de talentos nas categorias de base. Dois desses talentos, Victor Hugo e Igor Jesus, foram convocados pelo t\u00e9cnico Ramon Menezes para a Sele\u00e7\u00e3o Brasileira pr\u00e9-ol\u00edmpica durante a Data FIFA de novembro. No entanto, a sele\u00e7\u00e3o n\u00e3o realizar\u00e1 amistosos durante [&hellip;]","og_url":"https:\/\/www.gaveanews.com\/index.php\/2023\/11\/08\/dois-jogadores-do-flamengo-sao-convocados\/","og_site_name":"G\u00e1vea News","article_publisher":"https:\/\/facebook.com\/gaveaNews\/","article_published_time":"2023-11-08T03:05:27+00:00","article_modified_time":"2023-11-08T03:06:16+00:00","og_image":[{"width":598,"height":900,"url":"https:\/\/www.gaveanews.com\/wp-content\/uploads\/victor-hugo-gol-flamengo-aucas-libertadores-1.webp","type":"image\/jpeg"}],"author":"Equipe G\u00e1vea News","twitter_card":"summary_large_image","twitter_misc":{"Escrito por":"Equipe G\u00e1vea News","Est. tempo de leitura":"1 minuto"},"schema":{"@context":"https:\/\/schema.org","@graph":[{"@type":"NewsArticle","@id":"https:\/\/www.gaveanews.com\/index.php\/2023\/11\/08\/dois-jogadores-do-flamengo-sao-convocados\/#article","isPartOf":{"@id":"https:\/\/www.gaveanews.com\/index.php\/2023\/11\/08\/dois-jogadores-do-flamengo-sao-convocados\/"},"author":{"name":"Equipe G\u00e1vea News","@id":"https:\/\/www.gaveanews.com\/#\/schema\/person\/2ec14f73fb96be2caf28f91afb14749d"},"headline":"Dois jogadores do Flamengo s\u00e3o convocados","datePublished":"2023-11-08T03:05:27+00:00","dateModified":"2023-11-08T03:06:16+00:00","mainEntityOfPage":{"@id":"https:\/\/www.gaveanews.com\/index.php\/2023\/11\/08\/dois-jogadores-do-flamengo-sao-convocados\/"},"wordCount":200,"commentCount":0,"image":{"@id":"https:\/\/www.gaveanews.com\/index.php\/2023\/11\/08\/dois-jogadores-do-flamengo-sao-convocados\/#primaryimage"},"thumbnailUrl":"https:\/\/www.gaveanews.com\/wp-content\/uploads\/victor-hugo-gol-flamengo-aucas-libertadores-1.webp","articleSection":["Flamengo"],"inLanguage":"pt-BR","potentialAction":[{"@type":"CommentAction","name":"Comment","target":["https:\/\/www.gaveanews.com\/index.php\/2023\/11\/08\/dois-jogadores-do-flamengo-sao-convocados\/#respond"]}],"copyrightYear":"2023","copyrightHolder":{"@id":"https:\/\/www.gaveanews.com\/#organization"}},{"@type":"WebPage","@id":"https:\/\/www.gaveanews.com\/index.php\/2023\/11\/08\/dois-jogadores-do-flamengo-sao-convocados\/","url":"https:\/\/www.gaveanews.com\/index.php\/2023\/11\/08\/dois-jogadores-do-flamengo-sao-convocados\/","name":"Dois jogadores do Flamengo s\u00e3o convocados","isPartOf":{"@id":"https:\/\/www.gaveanews.com\/#website"},"primaryImageOfPage":{"@id":"https:\/\/www.gaveanews.com\/index.php\/2023\/11\/08\/dois-jogadores-do-flamengo-sao-convocados\/#primaryimage"},"image":{"@id":"https:\/\/www.gaveanews.com\/index.php\/2023\/11\/08\/dois-jogadores-do-flamengo-sao-convocados\/#primaryimage"},"thumbnailUrl":"https:\/\/www.gaveanews.com\/wp-content\/uploads\/victor-hugo-gol-flamengo-aucas-libertadores-1.webp","datePublished":"2023-11-08T03:05:27+00:00","dateModified":"2023-11-08T03:06:16+00:00","author":{"@id":"https:\/\/www.gaveanews.com\/#\/schema\/person\/2ec14f73fb96be2caf28f91afb14749d"},"breadcrumb":{"@id":"https:\/\/www.gaveanews.com\/index.php\/2023\/11\/08\/dois-jogadores-do-flamengo-sao-convocados\/#breadcrumb"},"inLanguage":"pt-BR","potentialAction":[{"@type":"ReadAction","target":["https:\/\/www.gaveanews.com\/index.php\/2023\/11\/08\/dois-jogadores-do-flamengo-sao-convocados\/"]}]},{"@type":"ImageObject","inLanguage":"pt-BR","@id":"https:\/\/www.gaveanews.com\/index.php\/2023\/11\/08\/dois-jogadores-do-flamengo-sao-convocados\/#primaryimage","url":"https:\/\/www.gaveanews.com\/wp-content\/uploads\/victor-hugo-gol-flamengo-aucas-libertadores-1.webp","contentUrl":"https:\/\/www.gaveanews.com\/wp-content\/uploads\/victor-hugo-gol-flamengo-aucas-libertadores-1.webp","width":598,"height":900,"caption":"Victor Hugo comemora gol marcado pelo Flamengo contra o Aucas na Libertadores (Foto: Gilvan de Souza\/Flamengo)"},{"@type":"BreadcrumbList","@id":"https:\/\/www.gaveanews.com\/index.php\/2023\/11\/08\/dois-jogadores-do-flamengo-sao-convocados\/#breadcrumb","itemListElement":[{"@type":"ListItem","position":1,"name":"Home","item":"https:\/\/www.gaveanews.com\/"},{"@type":"ListItem","position":2,"name":"Dois jogadores do Flamengo s\u00e3o convocados"}]},{"@type":"WebSite","@id":"https:\/\/www.gaveanews.com\/#website","url":"https:\/\/www.gaveanews.com\/","name":"G\u00e1vea News","description":"Veja todas as not\u00edcias sobre o Flamengo: Contrata\u00e7\u00f5es, categorias de base, resultados das partidas, tabela de classifica\u00e7\u00e3o, pr\u00f3ximos jogos!","potentialAction":[{"@type":"SearchAction","target":{"@type":"EntryPoint","urlTemplate":"https:\/\/www.gaveanews.com\/?s={search_term_string}"},"query-input":{"@type":"PropertyValueSpecification","valueRequired":true,"valueName":"search_term_string"}}],"inLanguage":"pt-BR"},{"@type":"Person","@id":"https:\/\/www.gaveanews.com\/#\/schema\/person\/2ec14f73fb96be2caf28f91afb14749d","name":"Equipe G\u00e1vea News","image":{"@type":"ImageObject","inLanguage":"pt-BR","@id":"https:\/\/www.gaveanews.com\/#\/schema\/person\/image\/","url":"https:\/\/secure.gravatar.com\/avatar\/1e1956f1facbffd3f8fa53a326721950116b3b9dc9bd44939c01180fd4a745a9?s=96&d=mm&r=g","contentUrl":"https:\/\/secure.gravatar.com\/avatar\/1e1956f1facbffd3f8fa53a326721950116b3b9dc9bd44939c01180fd4a745a9?s=96&d=mm&r=g","caption":"Equipe G\u00e1vea News"}}]}},"_links":{"self":[{"href":"https:\/\/www.gaveanews.com\/index.php\/wp-json\/wp\/v2\/posts\/110729","targetHints":{"allow":["GET"]}}],"collection":[{"href":"https:\/\/www.gaveanews.com\/index.php\/wp-json\/wp\/v2\/posts"}],"about":[{"href":"https:\/\/www.gaveanews.com\/index.php\/wp-json\/wp\/v2\/types\/post"}],"author":[{"embeddable":true,"href":"https:\/\/www.gaveanews.com\/index.php\/wp-json\/wp\/v2\/users\/1"}],"replies":[{"embeddable":true,"href":"https:\/\/www.gaveanews.com\/index.php\/wp-json\/wp\/v2\/comments?post=110729"}],"version-history":[{"count":0,"href":"https:\/\/www.gaveanews.com\/index.php\/wp-json\/wp\/v2\/posts\/110729\/revisions"}],"wp:featuredmedia":[{"embeddable":true,"href":"https:\/\/www.gaveanews.com\/index.php\/wp-json\/wp\/v2\/media\/101476"}],"wp:attachment":[{"href":"https:\/\/www.gaveanews.com\/index.php\/wp-json\/wp\/v2\/media?parent=110729"}],"wp:term":[{"taxonomy":"category","embeddable":true,"href":"https:\/\/www.gaveanews.com\/index.php\/wp-json\/wp\/v2\/categories?post=110729"},{"taxonomy":"post_tag","embeddable":true,"href":"https:\/\/www.gaveanews.com\/index.php\/wp-json\/wp\/v2\/tags?post=110729"}],"curies":[{"name":"wp","href":"https:\/\/api.w.org\/{rel}","templated":true}]}}