{"id":110740,"date":"2023-11-08T06:09:50","date_gmt":"2023-11-08T09:09:50","guid":{"rendered":"https:\/\/www.gaveanews.com\/?p=110740"},"modified":"2023-11-08T06:09:52","modified_gmt":"2023-11-08T09:09:52","slug":"flamengo-recusa-proposta-dos-emirados-arabes","status":"publish","type":"post","link":"https:\/\/www.gaveanews.com\/index.php\/2023\/11\/08\/flamengo-recusa-proposta-dos-emirados-arabes\/","title":{"rendered":"Flamengo recusa proposta dos Emirados \u00c1rabes"},"content":{"rendered":"\n<p>O Flamengo atraiu recentemente o interesse de investidores globais, com destaque para o fundo soberano dos Emirados \u00c1rabes Unidos, a Mubadala Capital. A proposta em quest\u00e3o visava adquirir 12,5% dos direitos comerciais e de m\u00eddia do clube por um per\u00edodo extenso de 50 anos.<\/p>\n\n\n\n<p>No entanto, o Flamengo recusou a oferta da Mubadala Capital. O vice-presidente de Comunica\u00e7\u00e3o e Marketing do clube, Gustavo Oliveira, expressou s\u00e9rias preocupa\u00e7\u00f5es com as condi\u00e7\u00f5es apresentadas aos clubes no contrato. Uma das principais preocupa\u00e7\u00f5es foi a dura\u00e7\u00e3o do contrato, que, segundo Oliveira, abrangeria os pr\u00f3ximos 18 presidentes do clube, dado o ciclo de elei\u00e7\u00f5es a cada tr\u00eas anos.<\/p>\n\n\n\n<p>Para dar contexto \u00e0 situa\u00e7\u00e3o, Gustavo Oliveira realizou alguns c\u00e1lculos simples. Ele imaginou uma poss\u00edvel venda por R$ 200 milh\u00f5es ao longo de cinco d\u00e9cadas. Isso se traduziria em apenas R$ 4 milh\u00f5es por ano. Multiplicando esse valor por cinco para calcular o valuation (20%), o resultado foi de R$ 20 milh\u00f5es anuais. Oliveira argumentou que esses valores seriam consideravelmente baixos em compara\u00e7\u00e3o com o cen\u00e1rio do futebol brasileiro, que \u00e9 conhecido por seu potencial de lucro.<\/p>\n\n\n\n<figure class=\"wp-block-embed is-type-video is-provider-youtube wp-block-embed-youtube wp-embed-aspect-16-9 wp-has-aspect-ratio\"><div class=\"wp-block-embed__wrapper\">\n<iframe loading=\"lazy\" title=\"Maquinistas e Gustavo Oliveira, vice-presidente de comunica\u00e7\u00e3o e marketing do Flamengo\" width=\"640\" height=\"360\" src=\"https:\/\/www.youtube.com\/embed\/WKddSLWzI34?feature=oembed\" frameborder=\"0\" allow=\"accelerometer; autoplay; clipboard-write; encrypted-media; gyroscope; picture-in-picture; web-share\" referrerpolicy=\"strict-origin-when-cross-origin\" allowfullscreen><\/iframe>\n<\/div><\/figure>\n\n\n\n<p>A situa\u00e7\u00e3o tamb\u00e9m levanta quest\u00f5es sobre a influ\u00eancia e o controle exercidos pelos investidores no futebol brasileiro. A Mubadala Capital n\u00e3o est\u00e1 apenas interessada no Flamengo, mas tamb\u00e9m adquiriu os direitos comerciais da Liga de Futebol Brasileiro (Libra), uma organiza\u00e7\u00e3o recentemente criada para consolidar a gest\u00e3o das principais divis\u00f5es do futebol no pa\u00eds. <\/p>\n\n\n\n<p>Gustavo Oliveira tamb\u00e9m destacou que, al\u00e9m dos direitos de transmiss\u00e3o, os direitos de imagem, de marca e o acesso aos dados dispon\u00edveis no clube, que possui mais de 60 milh\u00f5es de seguidores nas redes sociais, representam ativos de valor significativo. Ele enfatizou que esses ativos provavelmente ganhar\u00e3o ainda mais valor com o tempo.<\/p>\n","protected":false},"excerpt":{"rendered":"<p>O Flamengo atraiu recentemente o interesse de investidores globais, com destaque para o fundo soberano dos Emirados \u00c1rabes Unidos, a Mubadala Capital. A proposta em quest\u00e3o visava adquirir 12,5% dos direitos comerciais e de m\u00eddia do clube por um per\u00edodo extenso de 50 anos. No entanto, o Flamengo recusou a oferta da Mubadala Capital. O [&hellip;]<\/p>\n","protected":false},"author":1,"featured_media":82158,"comment_status":"open","ping_status":"closed","sticky":false,"template":"","format":"standard","meta":{"footnotes":""},"categories":[1],"tags":[],"class_list":["post-110740","post","type-post","status-publish","format-standard","has-post-thumbnail","hentry","category-flamengo"],"yoast_head":"<!-- This site is optimized with the Yoast SEO Premium plugin v24.2 (Yoast SEO v26.9) - https:\/\/yoast.com\/product\/yoast-seo-premium-wordpress\/ -->\n<title>Flamengo recusa proposta dos Emirados \u00c1rabes<\/title>\n<meta name=\"robots\" content=\"index, follow, max-snippet:-1, max-image-preview:large, max-video-preview:-1\" \/>\n<link rel=\"canonical\" href=\"https:\/\/www.gaveanews.com\/index.php\/2023\/11\/08\/flamengo-recusa-proposta-dos-emirados-arabes\/\" \/>\n<meta property=\"og:locale\" content=\"pt_BR\" \/>\n<meta property=\"og:type\" content=\"article\" \/>\n<meta property=\"og:title\" content=\"Flamengo recusa proposta dos Emirados \u00c1rabes\" \/>\n<meta property=\"og:description\" content=\"O Flamengo atraiu recentemente o interesse de investidores globais, com destaque para o fundo soberano dos Emirados \u00c1rabes Unidos, a Mubadala Capital. A proposta em quest\u00e3o visava adquirir 12,5% dos direitos comerciais e de m\u00eddia do clube por um per\u00edodo extenso de 50 anos. No entanto, o Flamengo recusou a oferta da Mubadala Capital. O [&hellip;]\" \/>\n<meta property=\"og:url\" content=\"https:\/\/www.gaveanews.com\/index.php\/2023\/11\/08\/flamengo-recusa-proposta-dos-emirados-arabes\/\" \/>\n<meta property=\"og:site_name\" content=\"G\u00e1vea News\" \/>\n<meta property=\"article:publisher\" content=\"https:\/\/facebook.com\/gaveaNews\/\" \/>\n<meta property=\"article:published_time\" content=\"2023-11-08T09:09:50+00:00\" \/>\n<meta property=\"article:modified_time\" content=\"2023-11-08T09:09:52+00:00\" \/>\n<meta property=\"og:image\" content=\"https:\/\/www.gaveanews.com\/wp-content\/uploads\/Rodrigo-Dunshee-e-Rodolfo-Landim.webp\" \/>\n\t<meta property=\"og:image:width\" content=\"1000\" \/>\n\t<meta property=\"og:image:height\" content=\"665\" \/>\n\t<meta property=\"og:image:type\" content=\"image\/webp\" \/>\n<meta name=\"author\" content=\"Equipe G\u00e1vea News\" \/>\n<meta name=\"twitter:card\" content=\"summary_large_image\" \/>\n<meta name=\"twitter:label1\" content=\"Escrito por\" \/>\n\t<meta name=\"twitter:data1\" content=\"Equipe G\u00e1vea News\" \/>\n\t<meta name=\"twitter:label2\" content=\"Est. tempo de leitura\" \/>\n\t<meta name=\"twitter:data2\" content=\"2 minutos\" \/>\n<script type=\"application\/ld+json\" class=\"yoast-schema-graph\">{\"@context\":\"https:\/\/schema.org\",\"@graph\":[{\"@type\":\"NewsArticle\",\"@id\":\"https:\/\/www.gaveanews.com\/index.php\/2023\/11\/08\/flamengo-recusa-proposta-dos-emirados-arabes\/#article\",\"isPartOf\":{\"@id\":\"https:\/\/www.gaveanews.com\/index.php\/2023\/11\/08\/flamengo-recusa-proposta-dos-emirados-arabes\/\"},\"author\":{\"name\":\"Equipe G\u00e1vea News\",\"@id\":\"https:\/\/www.gaveanews.com\/#\/schema\/person\/2ec14f73fb96be2caf28f91afb14749d\"},\"headline\":\"Flamengo recusa proposta dos Emirados \u00c1rabes\",\"datePublished\":\"2023-11-08T09:09:50+00:00\",\"dateModified\":\"2023-11-08T09:09:52+00:00\",\"mainEntityOfPage\":{\"@id\":\"https:\/\/www.gaveanews.com\/index.php\/2023\/11\/08\/flamengo-recusa-proposta-dos-emirados-arabes\/\"},\"wordCount\":333,\"commentCount\":0,\"image\":{\"@id\":\"https:\/\/www.gaveanews.com\/index.php\/2023\/11\/08\/flamengo-recusa-proposta-dos-emirados-arabes\/#primaryimage\"},\"thumbnailUrl\":\"https:\/\/www.gaveanews.com\/wp-content\/uploads\/Rodrigo-Dunshee-e-Rodolfo-Landim.webp\",\"articleSection\":[\"Flamengo\"],\"inLanguage\":\"pt-BR\",\"potentialAction\":[{\"@type\":\"CommentAction\",\"name\":\"Comment\",\"target\":[\"https:\/\/www.gaveanews.com\/index.php\/2023\/11\/08\/flamengo-recusa-proposta-dos-emirados-arabes\/#respond\"]}],\"copyrightYear\":\"2023\",\"copyrightHolder\":{\"@id\":\"https:\/\/www.gaveanews.com\/#organization\"}},{\"@type\":\"WebPage\",\"@id\":\"https:\/\/www.gaveanews.com\/index.php\/2023\/11\/08\/flamengo-recusa-proposta-dos-emirados-arabes\/\",\"url\":\"https:\/\/www.gaveanews.com\/index.php\/2023\/11\/08\/flamengo-recusa-proposta-dos-emirados-arabes\/\",\"name\":\"Flamengo recusa proposta dos Emirados \u00c1rabes\",\"isPartOf\":{\"@id\":\"https:\/\/www.gaveanews.com\/#website\"},\"primaryImageOfPage\":{\"@id\":\"https:\/\/www.gaveanews.com\/index.php\/2023\/11\/08\/flamengo-recusa-proposta-dos-emirados-arabes\/#primaryimage\"},\"image\":{\"@id\":\"https:\/\/www.gaveanews.com\/index.php\/2023\/11\/08\/flamengo-recusa-proposta-dos-emirados-arabes\/#primaryimage\"},\"thumbnailUrl\":\"https:\/\/www.gaveanews.com\/wp-content\/uploads\/Rodrigo-Dunshee-e-Rodolfo-Landim.webp\",\"datePublished\":\"2023-11-08T09:09:50+00:00\",\"dateModified\":\"2023-11-08T09:09:52+00:00\",\"author\":{\"@id\":\"https:\/\/www.gaveanews.com\/#\/schema\/person\/2ec14f73fb96be2caf28f91afb14749d\"},\"breadcrumb\":{\"@id\":\"https:\/\/www.gaveanews.com\/index.php\/2023\/11\/08\/flamengo-recusa-proposta-dos-emirados-arabes\/#breadcrumb\"},\"inLanguage\":\"pt-BR\",\"potentialAction\":[{\"@type\":\"ReadAction\",\"target\":[\"https:\/\/www.gaveanews.com\/index.php\/2023\/11\/08\/flamengo-recusa-proposta-dos-emirados-arabes\/\"]}]},{\"@type\":\"ImageObject\",\"inLanguage\":\"pt-BR\",\"@id\":\"https:\/\/www.gaveanews.com\/index.php\/2023\/11\/08\/flamengo-recusa-proposta-dos-emirados-arabes\/#primaryimage\",\"url\":\"https:\/\/www.gaveanews.com\/wp-content\/uploads\/Rodrigo-Dunshee-e-Rodolfo-Landim.webp\",\"contentUrl\":\"https:\/\/www.gaveanews.com\/wp-content\/uploads\/Rodrigo-Dunshee-e-Rodolfo-Landim.webp\",\"width\":1000,\"height\":665,\"caption\":\"Rodrigo Dunshee e Rodolfo Landim (Foto: Ag\u00eancia Foto BR)\"},{\"@type\":\"BreadcrumbList\",\"@id\":\"https:\/\/www.gaveanews.com\/index.php\/2023\/11\/08\/flamengo-recusa-proposta-dos-emirados-arabes\/#breadcrumb\",\"itemListElement\":[{\"@type\":\"ListItem\",\"position\":1,\"name\":\"Home\",\"item\":\"https:\/\/www.gaveanews.com\/\"},{\"@type\":\"ListItem\",\"position\":2,\"name\":\"Flamengo recusa proposta dos Emirados \u00c1rabes\"}]},{\"@type\":\"WebSite\",\"@id\":\"https:\/\/www.gaveanews.com\/#website\",\"url\":\"https:\/\/www.gaveanews.com\/\",\"name\":\"G\u00e1vea News\",\"description\":\"Veja todas as not\u00edcias sobre o Flamengo: Contrata\u00e7\u00f5es, categorias de base, resultados das partidas, tabela de classifica\u00e7\u00e3o, pr\u00f3ximos jogos!\",\"potentialAction\":[{\"@type\":\"SearchAction\",\"target\":{\"@type\":\"EntryPoint\",\"urlTemplate\":\"https:\/\/www.gaveanews.com\/?s={search_term_string}\"},\"query-input\":{\"@type\":\"PropertyValueSpecification\",\"valueRequired\":true,\"valueName\":\"search_term_string\"}}],\"inLanguage\":\"pt-BR\"},{\"@type\":\"Person\",\"@id\":\"https:\/\/www.gaveanews.com\/#\/schema\/person\/2ec14f73fb96be2caf28f91afb14749d\",\"name\":\"Equipe G\u00e1vea News\",\"image\":{\"@type\":\"ImageObject\",\"inLanguage\":\"pt-BR\",\"@id\":\"https:\/\/www.gaveanews.com\/#\/schema\/person\/image\/\",\"url\":\"https:\/\/secure.gravatar.com\/avatar\/1e1956f1facbffd3f8fa53a326721950116b3b9dc9bd44939c01180fd4a745a9?s=96&d=mm&r=g\",\"contentUrl\":\"https:\/\/secure.gravatar.com\/avatar\/1e1956f1facbffd3f8fa53a326721950116b3b9dc9bd44939c01180fd4a745a9?s=96&d=mm&r=g\",\"caption\":\"Equipe G\u00e1vea News\"}}]}<\/script>\n<!-- \/ Yoast SEO Premium plugin. -->","yoast_head_json":{"title":"Flamengo recusa proposta dos Emirados \u00c1rabes","robots":{"index":"index","follow":"follow","max-snippet":"max-snippet:-1","max-image-preview":"max-image-preview:large","max-video-preview":"max-video-preview:-1"},"canonical":"https:\/\/www.gaveanews.com\/index.php\/2023\/11\/08\/flamengo-recusa-proposta-dos-emirados-arabes\/","og_locale":"pt_BR","og_type":"article","og_title":"Flamengo recusa proposta dos Emirados \u00c1rabes","og_description":"O Flamengo atraiu recentemente o interesse de investidores globais, com destaque para o fundo soberano dos Emirados \u00c1rabes Unidos, a Mubadala Capital. A proposta em quest\u00e3o visava adquirir 12,5% dos direitos comerciais e de m\u00eddia do clube por um per\u00edodo extenso de 50 anos. No entanto, o Flamengo recusou a oferta da Mubadala Capital. O [&hellip;]","og_url":"https:\/\/www.gaveanews.com\/index.php\/2023\/11\/08\/flamengo-recusa-proposta-dos-emirados-arabes\/","og_site_name":"G\u00e1vea News","article_publisher":"https:\/\/facebook.com\/gaveaNews\/","article_published_time":"2023-11-08T09:09:50+00:00","article_modified_time":"2023-11-08T09:09:52+00:00","og_image":[{"width":1000,"height":665,"url":"https:\/\/www.gaveanews.com\/wp-content\/uploads\/Rodrigo-Dunshee-e-Rodolfo-Landim.webp","type":"image\/webp"}],"author":"Equipe G\u00e1vea News","twitter_card":"summary_large_image","twitter_misc":{"Escrito por":"Equipe G\u00e1vea News","Est. tempo de leitura":"2 minutos"},"schema":{"@context":"https:\/\/schema.org","@graph":[{"@type":"NewsArticle","@id":"https:\/\/www.gaveanews.com\/index.php\/2023\/11\/08\/flamengo-recusa-proposta-dos-emirados-arabes\/#article","isPartOf":{"@id":"https:\/\/www.gaveanews.com\/index.php\/2023\/11\/08\/flamengo-recusa-proposta-dos-emirados-arabes\/"},"author":{"name":"Equipe G\u00e1vea News","@id":"https:\/\/www.gaveanews.com\/#\/schema\/person\/2ec14f73fb96be2caf28f91afb14749d"},"headline":"Flamengo recusa proposta dos Emirados \u00c1rabes","datePublished":"2023-11-08T09:09:50+00:00","dateModified":"2023-11-08T09:09:52+00:00","mainEntityOfPage":{"@id":"https:\/\/www.gaveanews.com\/index.php\/2023\/11\/08\/flamengo-recusa-proposta-dos-emirados-arabes\/"},"wordCount":333,"commentCount":0,"image":{"@id":"https:\/\/www.gaveanews.com\/index.php\/2023\/11\/08\/flamengo-recusa-proposta-dos-emirados-arabes\/#primaryimage"},"thumbnailUrl":"https:\/\/www.gaveanews.com\/wp-content\/uploads\/Rodrigo-Dunshee-e-Rodolfo-Landim.webp","articleSection":["Flamengo"],"inLanguage":"pt-BR","potentialAction":[{"@type":"CommentAction","name":"Comment","target":["https:\/\/www.gaveanews.com\/index.php\/2023\/11\/08\/flamengo-recusa-proposta-dos-emirados-arabes\/#respond"]}],"copyrightYear":"2023","copyrightHolder":{"@id":"https:\/\/www.gaveanews.com\/#organization"}},{"@type":"WebPage","@id":"https:\/\/www.gaveanews.com\/index.php\/2023\/11\/08\/flamengo-recusa-proposta-dos-emirados-arabes\/","url":"https:\/\/www.gaveanews.com\/index.php\/2023\/11\/08\/flamengo-recusa-proposta-dos-emirados-arabes\/","name":"Flamengo recusa proposta dos Emirados \u00c1rabes","isPartOf":{"@id":"https:\/\/www.gaveanews.com\/#website"},"primaryImageOfPage":{"@id":"https:\/\/www.gaveanews.com\/index.php\/2023\/11\/08\/flamengo-recusa-proposta-dos-emirados-arabes\/#primaryimage"},"image":{"@id":"https:\/\/www.gaveanews.com\/index.php\/2023\/11\/08\/flamengo-recusa-proposta-dos-emirados-arabes\/#primaryimage"},"thumbnailUrl":"https:\/\/www.gaveanews.com\/wp-content\/uploads\/Rodrigo-Dunshee-e-Rodolfo-Landim.webp","datePublished":"2023-11-08T09:09:50+00:00","dateModified":"2023-11-08T09:09:52+00:00","author":{"@id":"https:\/\/www.gaveanews.com\/#\/schema\/person\/2ec14f73fb96be2caf28f91afb14749d"},"breadcrumb":{"@id":"https:\/\/www.gaveanews.com\/index.php\/2023\/11\/08\/flamengo-recusa-proposta-dos-emirados-arabes\/#breadcrumb"},"inLanguage":"pt-BR","potentialAction":[{"@type":"ReadAction","target":["https:\/\/www.gaveanews.com\/index.php\/2023\/11\/08\/flamengo-recusa-proposta-dos-emirados-arabes\/"]}]},{"@type":"ImageObject","inLanguage":"pt-BR","@id":"https:\/\/www.gaveanews.com\/index.php\/2023\/11\/08\/flamengo-recusa-proposta-dos-emirados-arabes\/#primaryimage","url":"https:\/\/www.gaveanews.com\/wp-content\/uploads\/Rodrigo-Dunshee-e-Rodolfo-Landim.webp","contentUrl":"https:\/\/www.gaveanews.com\/wp-content\/uploads\/Rodrigo-Dunshee-e-Rodolfo-Landim.webp","width":1000,"height":665,"caption":"Rodrigo Dunshee e Rodolfo Landim (Foto: Ag\u00eancia Foto BR)"},{"@type":"BreadcrumbList","@id":"https:\/\/www.gaveanews.com\/index.php\/2023\/11\/08\/flamengo-recusa-proposta-dos-emirados-arabes\/#breadcrumb","itemListElement":[{"@type":"ListItem","position":1,"name":"Home","item":"https:\/\/www.gaveanews.com\/"},{"@type":"ListItem","position":2,"name":"Flamengo recusa proposta dos Emirados \u00c1rabes"}]},{"@type":"WebSite","@id":"https:\/\/www.gaveanews.com\/#website","url":"https:\/\/www.gaveanews.com\/","name":"G\u00e1vea News","description":"Veja todas as not\u00edcias sobre o Flamengo: Contrata\u00e7\u00f5es, categorias de base, resultados das partidas, tabela de classifica\u00e7\u00e3o, pr\u00f3ximos jogos!","potentialAction":[{"@type":"SearchAction","target":{"@type":"EntryPoint","urlTemplate":"https:\/\/www.gaveanews.com\/?s={search_term_string}"},"query-input":{"@type":"PropertyValueSpecification","valueRequired":true,"valueName":"search_term_string"}}],"inLanguage":"pt-BR"},{"@type":"Person","@id":"https:\/\/www.gaveanews.com\/#\/schema\/person\/2ec14f73fb96be2caf28f91afb14749d","name":"Equipe G\u00e1vea News","image":{"@type":"ImageObject","inLanguage":"pt-BR","@id":"https:\/\/www.gaveanews.com\/#\/schema\/person\/image\/","url":"https:\/\/secure.gravatar.com\/avatar\/1e1956f1facbffd3f8fa53a326721950116b3b9dc9bd44939c01180fd4a745a9?s=96&d=mm&r=g","contentUrl":"https:\/\/secure.gravatar.com\/avatar\/1e1956f1facbffd3f8fa53a326721950116b3b9dc9bd44939c01180fd4a745a9?s=96&d=mm&r=g","caption":"Equipe G\u00e1vea News"}}]}},"_links":{"self":[{"href":"https:\/\/www.gaveanews.com\/index.php\/wp-json\/wp\/v2\/posts\/110740","targetHints":{"allow":["GET"]}}],"collection":[{"href":"https:\/\/www.gaveanews.com\/index.php\/wp-json\/wp\/v2\/posts"}],"about":[{"href":"https:\/\/www.gaveanews.com\/index.php\/wp-json\/wp\/v2\/types\/post"}],"author":[{"embeddable":true,"href":"https:\/\/www.gaveanews.com\/index.php\/wp-json\/wp\/v2\/users\/1"}],"replies":[{"embeddable":true,"href":"https:\/\/www.gaveanews.com\/index.php\/wp-json\/wp\/v2\/comments?post=110740"}],"version-history":[{"count":0,"href":"https:\/\/www.gaveanews.com\/index.php\/wp-json\/wp\/v2\/posts\/110740\/revisions"}],"wp:featuredmedia":[{"embeddable":true,"href":"https:\/\/www.gaveanews.com\/index.php\/wp-json\/wp\/v2\/media\/82158"}],"wp:attachment":[{"href":"https:\/\/www.gaveanews.com\/index.php\/wp-json\/wp\/v2\/media?parent=110740"}],"wp:term":[{"taxonomy":"category","embeddable":true,"href":"https:\/\/www.gaveanews.com\/index.php\/wp-json\/wp\/v2\/categories?post=110740"},{"taxonomy":"post_tag","embeddable":true,"href":"https:\/\/www.gaveanews.com\/index.php\/wp-json\/wp\/v2\/tags?post=110740"}],"curies":[{"name":"wp","href":"https:\/\/api.w.org\/{rel}","templated":true}]}}