{"id":110746,"date":"2023-11-08T07:32:18","date_gmt":"2023-11-08T10:32:18","guid":{"rendered":"https:\/\/www.gaveanews.com\/?p=110746"},"modified":"2023-11-08T07:32:20","modified_gmt":"2023-11-08T10:32:20","slug":"mbappe-de-saida-presidente-do-psg-manda-recado-ao-real-madrid","status":"publish","type":"post","link":"https:\/\/www.gaveanews.com\/index.php\/2023\/11\/08\/mbappe-de-saida-presidente-do-psg-manda-recado-ao-real-madrid\/","title":{"rendered":"Mbapp\u00e9 de sa\u00edda? Presidente do PSG manda recado ao Real Madrid"},"content":{"rendered":"\n<p>Em meio a especula\u00e7\u00f5es sobre uma poss\u00edvel transfer\u00eancia de Kylian Mbapp\u00e9 para o Real Madrid, o presidente do Paris Saint-Germain (PSG), Nasser Al-Khelaifi, enfatizou a import\u00e2ncia do jogador para o clube franc\u00eas. <\/p>\n\n\n\n<p>Em uma entrevista \u00e0 Gazzetta dello Sport, Al-Khelaifi afirmou que n\u00e3o tinha lido o comunicado do Real Madrid e que o PSG estava focado em si mesmo e em seu futebol. Ele elogiou as realiza\u00e7\u00f5es de Mbapp\u00e9, destacando que poucos jogadores conseguiram disputar duas finais de Copa do Mundo e marcar um hat-trick em uma delas. Al\u00e9m disso, Al-Khelaifi chamou Mbapp\u00e9 de &#8220;o melhor do mundo&#8221; e destacou seu impacto positivo nos jovens jogadores do PSG.<\/p>\n\n\n\n<p><em>\u2014 N\u00e3o vi a declara\u00e7\u00e3o deles, estamos todos focados em n\u00f3s mesmos e no nosso futebol, n\u00e3o nos outros. Kylian continua a conquistar grandes feitos e talvez as pessoas considerem isso um dado adquirido, mas ningu\u00e9m disputou duas finais mundiais e marcou um hat-trick. Repito: Kylian \u00e9 o melhor do mundo, \u00e9 fant\u00e1stico v\u00ea-lo no comando do PSG e da Fran\u00e7a. Tem um efeito positivo nos nossos jovens, ajuda-nos a construir o nosso futuro.<\/em><\/p>\n\n\n\n<p>O presidente do PSG tamb\u00e9m falou sobre os planos do clube, n\u00e3o apenas em busca da qualifica\u00e7\u00e3o para os oitavos de final da Champions League, mas tamb\u00e9m em construir o futuro do clube de uma maneira diferente em rela\u00e7\u00e3o aos anos anteriores. <\/p>\n\n\n\n<p><em>\u2014 Mais que revolu\u00e7\u00e3o, evolu\u00e7\u00e3o. Visamos o topo, sempre buscando formas de melhorar e crescer. Novas funda\u00e7\u00f5es levam tempo, um objetivo, paci\u00eancia, perseveran\u00e7a. Um projeto \u00e9 constru\u00eddo com um plano, n\u00e3o com base em algumas competi\u00e7\u00f5es. E ent\u00e3o temos uma nova filosofia de longo prazo, no coletivo, n\u00e3o mais nos indiv\u00edduos. Hoje gosto de assistir o PSG, assim como acho que nossos torcedores gostam. \u00c9 o caminho certo, mesmo com o novo centro de treino, o melhor do mundo: \u00e9 um impulso para o futuro.<\/em><\/p>\n","protected":false},"excerpt":{"rendered":"<p>Em meio a especula\u00e7\u00f5es sobre uma poss\u00edvel transfer\u00eancia de Kylian Mbapp\u00e9 para o Real Madrid, o presidente do Paris Saint-Germain (PSG), Nasser Al-Khelaifi, enfatizou a import\u00e2ncia do jogador para o clube franc\u00eas. Em uma entrevista \u00e0 Gazzetta dello Sport, Al-Khelaifi afirmou que n\u00e3o tinha lido o comunicado do Real Madrid e que o PSG estava [&hellip;]<\/p>\n","protected":false},"author":1,"featured_media":108640,"comment_status":"open","ping_status":"closed","sticky":false,"template":"","format":"standard","meta":{"footnotes":""},"categories":[1],"tags":[],"class_list":["post-110746","post","type-post","status-publish","format-standard","has-post-thumbnail","hentry","category-flamengo"],"yoast_head":"<!-- This site is optimized with the Yoast SEO Premium plugin v24.2 (Yoast SEO v26.9) - https:\/\/yoast.com\/product\/yoast-seo-premium-wordpress\/ -->\n<title>Mbapp\u00e9 de sa\u00edda? Presidente do PSG manda recado ao Real Madrid<\/title>\n<meta name=\"robots\" content=\"index, follow, max-snippet:-1, max-image-preview:large, max-video-preview:-1\" \/>\n<link rel=\"canonical\" href=\"https:\/\/www.gaveanews.com\/index.php\/2023\/11\/08\/mbappe-de-saida-presidente-do-psg-manda-recado-ao-real-madrid\/\" \/>\n<meta property=\"og:locale\" content=\"pt_BR\" \/>\n<meta property=\"og:type\" content=\"article\" \/>\n<meta property=\"og:title\" content=\"Mbapp\u00e9 de sa\u00edda? Presidente do PSG manda recado ao Real Madrid\" \/>\n<meta property=\"og:description\" content=\"Em meio a especula\u00e7\u00f5es sobre uma poss\u00edvel transfer\u00eancia de Kylian Mbapp\u00e9 para o Real Madrid, o presidente do Paris Saint-Germain (PSG), Nasser Al-Khelaifi, enfatizou a import\u00e2ncia do jogador para o clube franc\u00eas. Em uma entrevista \u00e0 Gazzetta dello Sport, Al-Khelaifi afirmou que n\u00e3o tinha lido o comunicado do Real Madrid e que o PSG estava [&hellip;]\" \/>\n<meta property=\"og:url\" content=\"https:\/\/www.gaveanews.com\/index.php\/2023\/11\/08\/mbappe-de-saida-presidente-do-psg-manda-recado-ao-real-madrid\/\" \/>\n<meta property=\"og:site_name\" content=\"G\u00e1vea News\" \/>\n<meta property=\"article:publisher\" content=\"https:\/\/facebook.com\/gaveaNews\/\" \/>\n<meta property=\"article:published_time\" content=\"2023-11-08T10:32:18+00:00\" \/>\n<meta property=\"article:modified_time\" content=\"2023-11-08T10:32:20+00:00\" \/>\n<meta property=\"og:image\" content=\"https:\/\/www.gaveanews.com\/wp-content\/uploads\/Kylian-Mbappe-durante-um-aquecimento-do-PSG-no-Princes-Park.webp\" \/>\n\t<meta property=\"og:image:width\" content=\"1920\" \/>\n\t<meta property=\"og:image:height\" content=\"1080\" \/>\n\t<meta property=\"og:image:type\" content=\"image\/jpeg\" \/>\n<meta name=\"author\" content=\"Equipe G\u00e1vea News\" \/>\n<meta name=\"twitter:card\" content=\"summary_large_image\" \/>\n<meta name=\"twitter:label1\" content=\"Escrito por\" \/>\n\t<meta name=\"twitter:data1\" content=\"Equipe G\u00e1vea News\" \/>\n\t<meta name=\"twitter:label2\" content=\"Est. tempo de leitura\" \/>\n\t<meta name=\"twitter:data2\" content=\"2 minutos\" \/>\n<script type=\"application\/ld+json\" class=\"yoast-schema-graph\">{\"@context\":\"https:\/\/schema.org\",\"@graph\":[{\"@type\":\"NewsArticle\",\"@id\":\"https:\/\/www.gaveanews.com\/index.php\/2023\/11\/08\/mbappe-de-saida-presidente-do-psg-manda-recado-ao-real-madrid\/#article\",\"isPartOf\":{\"@id\":\"https:\/\/www.gaveanews.com\/index.php\/2023\/11\/08\/mbappe-de-saida-presidente-do-psg-manda-recado-ao-real-madrid\/\"},\"author\":{\"name\":\"Equipe G\u00e1vea News\",\"@id\":\"https:\/\/www.gaveanews.com\/#\/schema\/person\/2ec14f73fb96be2caf28f91afb14749d\"},\"headline\":\"Mbapp\u00e9 de sa\u00edda? Presidente do PSG manda recado ao Real Madrid\",\"datePublished\":\"2023-11-08T10:32:18+00:00\",\"dateModified\":\"2023-11-08T10:32:20+00:00\",\"mainEntityOfPage\":{\"@id\":\"https:\/\/www.gaveanews.com\/index.php\/2023\/11\/08\/mbappe-de-saida-presidente-do-psg-manda-recado-ao-real-madrid\/\"},\"wordCount\":345,\"commentCount\":0,\"image\":{\"@id\":\"https:\/\/www.gaveanews.com\/index.php\/2023\/11\/08\/mbappe-de-saida-presidente-do-psg-manda-recado-ao-real-madrid\/#primaryimage\"},\"thumbnailUrl\":\"https:\/\/www.gaveanews.com\/wp-content\/uploads\/Kylian-Mbappe-durante-um-aquecimento-do-PSG-no-Princes-Park.webp\",\"articleSection\":[\"Flamengo\"],\"inLanguage\":\"pt-BR\",\"potentialAction\":[{\"@type\":\"CommentAction\",\"name\":\"Comment\",\"target\":[\"https:\/\/www.gaveanews.com\/index.php\/2023\/11\/08\/mbappe-de-saida-presidente-do-psg-manda-recado-ao-real-madrid\/#respond\"]}],\"copyrightYear\":\"2023\",\"copyrightHolder\":{\"@id\":\"https:\/\/www.gaveanews.com\/#organization\"}},{\"@type\":\"WebPage\",\"@id\":\"https:\/\/www.gaveanews.com\/index.php\/2023\/11\/08\/mbappe-de-saida-presidente-do-psg-manda-recado-ao-real-madrid\/\",\"url\":\"https:\/\/www.gaveanews.com\/index.php\/2023\/11\/08\/mbappe-de-saida-presidente-do-psg-manda-recado-ao-real-madrid\/\",\"name\":\"Mbapp\u00e9 de sa\u00edda? Presidente do PSG manda recado ao Real Madrid\",\"isPartOf\":{\"@id\":\"https:\/\/www.gaveanews.com\/#website\"},\"primaryImageOfPage\":{\"@id\":\"https:\/\/www.gaveanews.com\/index.php\/2023\/11\/08\/mbappe-de-saida-presidente-do-psg-manda-recado-ao-real-madrid\/#primaryimage\"},\"image\":{\"@id\":\"https:\/\/www.gaveanews.com\/index.php\/2023\/11\/08\/mbappe-de-saida-presidente-do-psg-manda-recado-ao-real-madrid\/#primaryimage\"},\"thumbnailUrl\":\"https:\/\/www.gaveanews.com\/wp-content\/uploads\/Kylian-Mbappe-durante-um-aquecimento-do-PSG-no-Princes-Park.webp\",\"datePublished\":\"2023-11-08T10:32:18+00:00\",\"dateModified\":\"2023-11-08T10:32:20+00:00\",\"author\":{\"@id\":\"https:\/\/www.gaveanews.com\/#\/schema\/person\/2ec14f73fb96be2caf28f91afb14749d\"},\"breadcrumb\":{\"@id\":\"https:\/\/www.gaveanews.com\/index.php\/2023\/11\/08\/mbappe-de-saida-presidente-do-psg-manda-recado-ao-real-madrid\/#breadcrumb\"},\"inLanguage\":\"pt-BR\",\"potentialAction\":[{\"@type\":\"ReadAction\",\"target\":[\"https:\/\/www.gaveanews.com\/index.php\/2023\/11\/08\/mbappe-de-saida-presidente-do-psg-manda-recado-ao-real-madrid\/\"]}]},{\"@type\":\"ImageObject\",\"inLanguage\":\"pt-BR\",\"@id\":\"https:\/\/www.gaveanews.com\/index.php\/2023\/11\/08\/mbappe-de-saida-presidente-do-psg-manda-recado-ao-real-madrid\/#primaryimage\",\"url\":\"https:\/\/www.gaveanews.com\/wp-content\/uploads\/Kylian-Mbappe-durante-um-aquecimento-do-PSG-no-Princes-Park.webp\",\"contentUrl\":\"https:\/\/www.gaveanews.com\/wp-content\/uploads\/Kylian-Mbappe-durante-um-aquecimento-do-PSG-no-Princes-Park.webp\",\"width\":1920,\"height\":1080,\"caption\":\"Kylian Mbappe durante um aquecimento do PSG no Princes Park (Foto: Divulga\u00e7\u00e3o)\"},{\"@type\":\"BreadcrumbList\",\"@id\":\"https:\/\/www.gaveanews.com\/index.php\/2023\/11\/08\/mbappe-de-saida-presidente-do-psg-manda-recado-ao-real-madrid\/#breadcrumb\",\"itemListElement\":[{\"@type\":\"ListItem\",\"position\":1,\"name\":\"Home\",\"item\":\"https:\/\/www.gaveanews.com\/\"},{\"@type\":\"ListItem\",\"position\":2,\"name\":\"Mbapp\u00e9 de sa\u00edda? Presidente do PSG manda recado ao Real Madrid\"}]},{\"@type\":\"WebSite\",\"@id\":\"https:\/\/www.gaveanews.com\/#website\",\"url\":\"https:\/\/www.gaveanews.com\/\",\"name\":\"G\u00e1vea News\",\"description\":\"Veja todas as not\u00edcias sobre o Flamengo: Contrata\u00e7\u00f5es, categorias de base, resultados das partidas, tabela de classifica\u00e7\u00e3o, pr\u00f3ximos jogos!\",\"potentialAction\":[{\"@type\":\"SearchAction\",\"target\":{\"@type\":\"EntryPoint\",\"urlTemplate\":\"https:\/\/www.gaveanews.com\/?s={search_term_string}\"},\"query-input\":{\"@type\":\"PropertyValueSpecification\",\"valueRequired\":true,\"valueName\":\"search_term_string\"}}],\"inLanguage\":\"pt-BR\"},{\"@type\":\"Person\",\"@id\":\"https:\/\/www.gaveanews.com\/#\/schema\/person\/2ec14f73fb96be2caf28f91afb14749d\",\"name\":\"Equipe G\u00e1vea News\",\"image\":{\"@type\":\"ImageObject\",\"inLanguage\":\"pt-BR\",\"@id\":\"https:\/\/www.gaveanews.com\/#\/schema\/person\/image\/\",\"url\":\"https:\/\/secure.gravatar.com\/avatar\/1e1956f1facbffd3f8fa53a326721950116b3b9dc9bd44939c01180fd4a745a9?s=96&d=mm&r=g\",\"contentUrl\":\"https:\/\/secure.gravatar.com\/avatar\/1e1956f1facbffd3f8fa53a326721950116b3b9dc9bd44939c01180fd4a745a9?s=96&d=mm&r=g\",\"caption\":\"Equipe G\u00e1vea News\"}}]}<\/script>\n<!-- \/ Yoast SEO Premium plugin. -->","yoast_head_json":{"title":"Mbapp\u00e9 de sa\u00edda? Presidente do PSG manda recado ao Real Madrid","robots":{"index":"index","follow":"follow","max-snippet":"max-snippet:-1","max-image-preview":"max-image-preview:large","max-video-preview":"max-video-preview:-1"},"canonical":"https:\/\/www.gaveanews.com\/index.php\/2023\/11\/08\/mbappe-de-saida-presidente-do-psg-manda-recado-ao-real-madrid\/","og_locale":"pt_BR","og_type":"article","og_title":"Mbapp\u00e9 de sa\u00edda? Presidente do PSG manda recado ao Real Madrid","og_description":"Em meio a especula\u00e7\u00f5es sobre uma poss\u00edvel transfer\u00eancia de Kylian Mbapp\u00e9 para o Real Madrid, o presidente do Paris Saint-Germain (PSG), Nasser Al-Khelaifi, enfatizou a import\u00e2ncia do jogador para o clube franc\u00eas. Em uma entrevista \u00e0 Gazzetta dello Sport, Al-Khelaifi afirmou que n\u00e3o tinha lido o comunicado do Real Madrid e que o PSG estava [&hellip;]","og_url":"https:\/\/www.gaveanews.com\/index.php\/2023\/11\/08\/mbappe-de-saida-presidente-do-psg-manda-recado-ao-real-madrid\/","og_site_name":"G\u00e1vea News","article_publisher":"https:\/\/facebook.com\/gaveaNews\/","article_published_time":"2023-11-08T10:32:18+00:00","article_modified_time":"2023-11-08T10:32:20+00:00","og_image":[{"width":1920,"height":1080,"url":"https:\/\/www.gaveanews.com\/wp-content\/uploads\/Kylian-Mbappe-durante-um-aquecimento-do-PSG-no-Princes-Park.webp","type":"image\/jpeg"}],"author":"Equipe G\u00e1vea News","twitter_card":"summary_large_image","twitter_misc":{"Escrito por":"Equipe G\u00e1vea News","Est. tempo de leitura":"2 minutos"},"schema":{"@context":"https:\/\/schema.org","@graph":[{"@type":"NewsArticle","@id":"https:\/\/www.gaveanews.com\/index.php\/2023\/11\/08\/mbappe-de-saida-presidente-do-psg-manda-recado-ao-real-madrid\/#article","isPartOf":{"@id":"https:\/\/www.gaveanews.com\/index.php\/2023\/11\/08\/mbappe-de-saida-presidente-do-psg-manda-recado-ao-real-madrid\/"},"author":{"name":"Equipe G\u00e1vea News","@id":"https:\/\/www.gaveanews.com\/#\/schema\/person\/2ec14f73fb96be2caf28f91afb14749d"},"headline":"Mbapp\u00e9 de sa\u00edda? Presidente do PSG manda recado ao Real Madrid","datePublished":"2023-11-08T10:32:18+00:00","dateModified":"2023-11-08T10:32:20+00:00","mainEntityOfPage":{"@id":"https:\/\/www.gaveanews.com\/index.php\/2023\/11\/08\/mbappe-de-saida-presidente-do-psg-manda-recado-ao-real-madrid\/"},"wordCount":345,"commentCount":0,"image":{"@id":"https:\/\/www.gaveanews.com\/index.php\/2023\/11\/08\/mbappe-de-saida-presidente-do-psg-manda-recado-ao-real-madrid\/#primaryimage"},"thumbnailUrl":"https:\/\/www.gaveanews.com\/wp-content\/uploads\/Kylian-Mbappe-durante-um-aquecimento-do-PSG-no-Princes-Park.webp","articleSection":["Flamengo"],"inLanguage":"pt-BR","potentialAction":[{"@type":"CommentAction","name":"Comment","target":["https:\/\/www.gaveanews.com\/index.php\/2023\/11\/08\/mbappe-de-saida-presidente-do-psg-manda-recado-ao-real-madrid\/#respond"]}],"copyrightYear":"2023","copyrightHolder":{"@id":"https:\/\/www.gaveanews.com\/#organization"}},{"@type":"WebPage","@id":"https:\/\/www.gaveanews.com\/index.php\/2023\/11\/08\/mbappe-de-saida-presidente-do-psg-manda-recado-ao-real-madrid\/","url":"https:\/\/www.gaveanews.com\/index.php\/2023\/11\/08\/mbappe-de-saida-presidente-do-psg-manda-recado-ao-real-madrid\/","name":"Mbapp\u00e9 de sa\u00edda? Presidente do PSG manda recado ao Real Madrid","isPartOf":{"@id":"https:\/\/www.gaveanews.com\/#website"},"primaryImageOfPage":{"@id":"https:\/\/www.gaveanews.com\/index.php\/2023\/11\/08\/mbappe-de-saida-presidente-do-psg-manda-recado-ao-real-madrid\/#primaryimage"},"image":{"@id":"https:\/\/www.gaveanews.com\/index.php\/2023\/11\/08\/mbappe-de-saida-presidente-do-psg-manda-recado-ao-real-madrid\/#primaryimage"},"thumbnailUrl":"https:\/\/www.gaveanews.com\/wp-content\/uploads\/Kylian-Mbappe-durante-um-aquecimento-do-PSG-no-Princes-Park.webp","datePublished":"2023-11-08T10:32:18+00:00","dateModified":"2023-11-08T10:32:20+00:00","author":{"@id":"https:\/\/www.gaveanews.com\/#\/schema\/person\/2ec14f73fb96be2caf28f91afb14749d"},"breadcrumb":{"@id":"https:\/\/www.gaveanews.com\/index.php\/2023\/11\/08\/mbappe-de-saida-presidente-do-psg-manda-recado-ao-real-madrid\/#breadcrumb"},"inLanguage":"pt-BR","potentialAction":[{"@type":"ReadAction","target":["https:\/\/www.gaveanews.com\/index.php\/2023\/11\/08\/mbappe-de-saida-presidente-do-psg-manda-recado-ao-real-madrid\/"]}]},{"@type":"ImageObject","inLanguage":"pt-BR","@id":"https:\/\/www.gaveanews.com\/index.php\/2023\/11\/08\/mbappe-de-saida-presidente-do-psg-manda-recado-ao-real-madrid\/#primaryimage","url":"https:\/\/www.gaveanews.com\/wp-content\/uploads\/Kylian-Mbappe-durante-um-aquecimento-do-PSG-no-Princes-Park.webp","contentUrl":"https:\/\/www.gaveanews.com\/wp-content\/uploads\/Kylian-Mbappe-durante-um-aquecimento-do-PSG-no-Princes-Park.webp","width":1920,"height":1080,"caption":"Kylian Mbappe durante um aquecimento do PSG no Princes Park (Foto: Divulga\u00e7\u00e3o)"},{"@type":"BreadcrumbList","@id":"https:\/\/www.gaveanews.com\/index.php\/2023\/11\/08\/mbappe-de-saida-presidente-do-psg-manda-recado-ao-real-madrid\/#breadcrumb","itemListElement":[{"@type":"ListItem","position":1,"name":"Home","item":"https:\/\/www.gaveanews.com\/"},{"@type":"ListItem","position":2,"name":"Mbapp\u00e9 de sa\u00edda? Presidente do PSG manda recado ao Real Madrid"}]},{"@type":"WebSite","@id":"https:\/\/www.gaveanews.com\/#website","url":"https:\/\/www.gaveanews.com\/","name":"G\u00e1vea News","description":"Veja todas as not\u00edcias sobre o Flamengo: Contrata\u00e7\u00f5es, categorias de base, resultados das partidas, tabela de classifica\u00e7\u00e3o, pr\u00f3ximos jogos!","potentialAction":[{"@type":"SearchAction","target":{"@type":"EntryPoint","urlTemplate":"https:\/\/www.gaveanews.com\/?s={search_term_string}"},"query-input":{"@type":"PropertyValueSpecification","valueRequired":true,"valueName":"search_term_string"}}],"inLanguage":"pt-BR"},{"@type":"Person","@id":"https:\/\/www.gaveanews.com\/#\/schema\/person\/2ec14f73fb96be2caf28f91afb14749d","name":"Equipe G\u00e1vea News","image":{"@type":"ImageObject","inLanguage":"pt-BR","@id":"https:\/\/www.gaveanews.com\/#\/schema\/person\/image\/","url":"https:\/\/secure.gravatar.com\/avatar\/1e1956f1facbffd3f8fa53a326721950116b3b9dc9bd44939c01180fd4a745a9?s=96&d=mm&r=g","contentUrl":"https:\/\/secure.gravatar.com\/avatar\/1e1956f1facbffd3f8fa53a326721950116b3b9dc9bd44939c01180fd4a745a9?s=96&d=mm&r=g","caption":"Equipe G\u00e1vea News"}}]}},"_links":{"self":[{"href":"https:\/\/www.gaveanews.com\/index.php\/wp-json\/wp\/v2\/posts\/110746","targetHints":{"allow":["GET"]}}],"collection":[{"href":"https:\/\/www.gaveanews.com\/index.php\/wp-json\/wp\/v2\/posts"}],"about":[{"href":"https:\/\/www.gaveanews.com\/index.php\/wp-json\/wp\/v2\/types\/post"}],"author":[{"embeddable":true,"href":"https:\/\/www.gaveanews.com\/index.php\/wp-json\/wp\/v2\/users\/1"}],"replies":[{"embeddable":true,"href":"https:\/\/www.gaveanews.com\/index.php\/wp-json\/wp\/v2\/comments?post=110746"}],"version-history":[{"count":0,"href":"https:\/\/www.gaveanews.com\/index.php\/wp-json\/wp\/v2\/posts\/110746\/revisions"}],"wp:featuredmedia":[{"embeddable":true,"href":"https:\/\/www.gaveanews.com\/index.php\/wp-json\/wp\/v2\/media\/108640"}],"wp:attachment":[{"href":"https:\/\/www.gaveanews.com\/index.php\/wp-json\/wp\/v2\/media?parent=110746"}],"wp:term":[{"taxonomy":"category","embeddable":true,"href":"https:\/\/www.gaveanews.com\/index.php\/wp-json\/wp\/v2\/categories?post=110746"},{"taxonomy":"post_tag","embeddable":true,"href":"https:\/\/www.gaveanews.com\/index.php\/wp-json\/wp\/v2\/tags?post=110746"}],"curies":[{"name":"wp","href":"https:\/\/api.w.org\/{rel}","templated":true}]}}