{"id":110776,"date":"2023-11-08T08:17:34","date_gmt":"2023-11-08T11:17:34","guid":{"rendered":"https:\/\/www.gaveanews.com\/?p=110776"},"modified":"2023-11-08T08:17:35","modified_gmt":"2023-11-08T11:17:35","slug":"lembra-dele-fluminense-quer-repatriar-ex-jogador-do-flamengo","status":"publish","type":"post","link":"https:\/\/www.gaveanews.com\/index.php\/2023\/11\/08\/lembra-dele-fluminense-quer-repatriar-ex-jogador-do-flamengo\/","title":{"rendered":"Lembra dele? Fluminense quer repatriar ex-jogador do Flamengo"},"content":{"rendered":"\n<p>O Fluminense est\u00e1 de olho em um refor\u00e7o para a zaga em 2024, e o alvo desejado \u00e9 o zagueiro Ant\u00f4nio Carlos, que tem uma carreira marcada por reviravoltas. Ant\u00f4nio Carlos teve uma passagem apagada pelo Flamengo em 2016, quando o clube era comandado por Muricy Ramalho, jogando apenas uma partida n\u00e3o oficial em um amistoso contra o Santa Cruz.<\/p>\n\n\n\n<p>Atualmente, o jogador de 30 anos tem contrato com o Orlando City, dos Estados Unidos, que est\u00e1 programado para terminar no final de dezembro. No entanto, h\u00e1 uma cl\u00e1usula de renova\u00e7\u00e3o autom\u00e1tica que pode complicar os planos do Fluminense. Segundo informa\u00e7\u00f5es do portal NetFlu, Ant\u00f4nio Carlos teria atingido uma meta nos EUA que estendeu seu contrato at\u00e9 o fim de 2024.<\/p>\n\n\n<div class=\"wp-block-image\">\n<figure class=\"aligncenter size-large\"><img decoding=\"async\" src=\"https:\/\/lncimg.lance.com.br\/cdn-cgi\/image\/width=3840,quality=75,format=webp\/uploads\/2016\/01\/11\/5693e54c52bb4.webp\" alt=\"\"\/><figcaption class=\"wp-element-caption\">Ant\u00f4nio Carlos durante sua coletiva de apresenta\u00e7\u00e3o no Flamengo<\/figcaption><\/figure>\n<\/div>\n\n\n<p>O desejo do Fluminense de contar com Ant\u00f4nio Carlos se baseia no pr\u00f3prio jogador, que quer marcar seu nome no futebol carioca ap\u00f3s uma passagem frustrada pelo Flamengo. Na \u00e9poca, o jovem zagueiro chegou ao Meng\u00e3o ap\u00f3s atuar pelo Ava\u00ed em 2015 e j\u00e1 havia defendido a Sele\u00e7\u00e3o Brasileira Sub-20.<\/p>\n\n\n\n<p>Vale destacar que Ant\u00f4nio Carlos teve uma passagem anterior pelo Fluminense na base antes de se transferir para o Flamengo. Agora, o clube tricolor busca sua contrata\u00e7\u00e3o para fortalecer a defesa, especialmente porque Nino, um dos pilares da equipe, est\u00e1 pr\u00f3ximo de ser vendido ao futebol ingl\u00eas.<\/p>\n","protected":false},"excerpt":{"rendered":"<p>O Fluminense est\u00e1 de olho em um refor\u00e7o para a zaga em 2024, e o alvo desejado \u00e9 o zagueiro Ant\u00f4nio Carlos, que tem uma carreira marcada por reviravoltas. Ant\u00f4nio Carlos teve uma passagem apagada pelo Flamengo em 2016, quando o clube era comandado por Muricy Ramalho, jogando apenas uma partida n\u00e3o oficial em um [&hellip;]<\/p>\n","protected":false},"author":1,"featured_media":101250,"comment_status":"open","ping_status":"closed","sticky":false,"template":"","format":"standard","meta":{"footnotes":""},"categories":[1],"tags":[],"class_list":["post-110776","post","type-post","status-publish","format-standard","has-post-thumbnail","hentry","category-flamengo"],"yoast_head":"<!-- This site is optimized with the Yoast SEO Premium plugin v24.2 (Yoast SEO v26.9) - https:\/\/yoast.com\/product\/yoast-seo-premium-wordpress\/ -->\n<title>Lembra dele? Fluminense quer repatriar ex-jogador do Flamengo<\/title>\n<meta name=\"robots\" content=\"index, follow, max-snippet:-1, max-image-preview:large, max-video-preview:-1\" \/>\n<link rel=\"canonical\" href=\"https:\/\/www.gaveanews.com\/index.php\/2023\/11\/08\/lembra-dele-fluminense-quer-repatriar-ex-jogador-do-flamengo\/\" \/>\n<meta property=\"og:locale\" content=\"pt_BR\" \/>\n<meta property=\"og:type\" content=\"article\" \/>\n<meta property=\"og:title\" content=\"Lembra dele? Fluminense quer repatriar ex-jogador do Flamengo\" \/>\n<meta property=\"og:description\" content=\"O Fluminense est\u00e1 de olho em um refor\u00e7o para a zaga em 2024, e o alvo desejado \u00e9 o zagueiro Ant\u00f4nio Carlos, que tem uma carreira marcada por reviravoltas. Ant\u00f4nio Carlos teve uma passagem apagada pelo Flamengo em 2016, quando o clube era comandado por Muricy Ramalho, jogando apenas uma partida n\u00e3o oficial em um [&hellip;]\" \/>\n<meta property=\"og:url\" content=\"https:\/\/www.gaveanews.com\/index.php\/2023\/11\/08\/lembra-dele-fluminense-quer-repatriar-ex-jogador-do-flamengo\/\" \/>\n<meta property=\"og:site_name\" content=\"G\u00e1vea News\" \/>\n<meta property=\"article:publisher\" content=\"https:\/\/facebook.com\/gaveaNews\/\" \/>\n<meta property=\"article:published_time\" content=\"2023-11-08T11:17:34+00:00\" \/>\n<meta property=\"article:modified_time\" content=\"2023-11-08T11:17:35+00:00\" \/>\n<meta property=\"og:image\" content=\"https:\/\/www.gaveanews.com\/wp-content\/uploads\/Maracanao-escudo-Flamengo.webp\" \/>\n\t<meta property=\"og:image:width\" content=\"640\" \/>\n\t<meta property=\"og:image:height\" content=\"427\" \/>\n\t<meta property=\"og:image:type\" content=\"image\/jpeg\" \/>\n<meta name=\"author\" content=\"Equipe G\u00e1vea News\" \/>\n<meta name=\"twitter:card\" content=\"summary_large_image\" \/>\n<meta name=\"twitter:label1\" content=\"Escrito por\" \/>\n\t<meta name=\"twitter:data1\" content=\"Equipe G\u00e1vea News\" \/>\n\t<meta name=\"twitter:label2\" content=\"Est. tempo de leitura\" \/>\n\t<meta name=\"twitter:data2\" content=\"2 minutos\" \/>\n<script type=\"application\/ld+json\" class=\"yoast-schema-graph\">{\"@context\":\"https:\/\/schema.org\",\"@graph\":[{\"@type\":\"NewsArticle\",\"@id\":\"https:\/\/www.gaveanews.com\/index.php\/2023\/11\/08\/lembra-dele-fluminense-quer-repatriar-ex-jogador-do-flamengo\/#article\",\"isPartOf\":{\"@id\":\"https:\/\/www.gaveanews.com\/index.php\/2023\/11\/08\/lembra-dele-fluminense-quer-repatriar-ex-jogador-do-flamengo\/\"},\"author\":{\"name\":\"Equipe G\u00e1vea News\",\"@id\":\"https:\/\/www.gaveanews.com\/#\/schema\/person\/2ec14f73fb96be2caf28f91afb14749d\"},\"headline\":\"Lembra dele? Fluminense quer repatriar ex-jogador do Flamengo\",\"datePublished\":\"2023-11-08T11:17:34+00:00\",\"dateModified\":\"2023-11-08T11:17:35+00:00\",\"mainEntityOfPage\":{\"@id\":\"https:\/\/www.gaveanews.com\/index.php\/2023\/11\/08\/lembra-dele-fluminense-quer-repatriar-ex-jogador-do-flamengo\/\"},\"wordCount\":250,\"commentCount\":0,\"image\":{\"@id\":\"https:\/\/www.gaveanews.com\/index.php\/2023\/11\/08\/lembra-dele-fluminense-quer-repatriar-ex-jogador-do-flamengo\/#primaryimage\"},\"thumbnailUrl\":\"https:\/\/www.gaveanews.com\/wp-content\/uploads\/Maracanao-escudo-Flamengo.webp\",\"articleSection\":[\"Flamengo\"],\"inLanguage\":\"pt-BR\",\"potentialAction\":[{\"@type\":\"CommentAction\",\"name\":\"Comment\",\"target\":[\"https:\/\/www.gaveanews.com\/index.php\/2023\/11\/08\/lembra-dele-fluminense-quer-repatriar-ex-jogador-do-flamengo\/#respond\"]}],\"copyrightYear\":\"2023\",\"copyrightHolder\":{\"@id\":\"https:\/\/www.gaveanews.com\/#organization\"}},{\"@type\":\"WebPage\",\"@id\":\"https:\/\/www.gaveanews.com\/index.php\/2023\/11\/08\/lembra-dele-fluminense-quer-repatriar-ex-jogador-do-flamengo\/\",\"url\":\"https:\/\/www.gaveanews.com\/index.php\/2023\/11\/08\/lembra-dele-fluminense-quer-repatriar-ex-jogador-do-flamengo\/\",\"name\":\"Lembra dele? Fluminense quer repatriar ex-jogador do Flamengo\",\"isPartOf\":{\"@id\":\"https:\/\/www.gaveanews.com\/#website\"},\"primaryImageOfPage\":{\"@id\":\"https:\/\/www.gaveanews.com\/index.php\/2023\/11\/08\/lembra-dele-fluminense-quer-repatriar-ex-jogador-do-flamengo\/#primaryimage\"},\"image\":{\"@id\":\"https:\/\/www.gaveanews.com\/index.php\/2023\/11\/08\/lembra-dele-fluminense-quer-repatriar-ex-jogador-do-flamengo\/#primaryimage\"},\"thumbnailUrl\":\"https:\/\/www.gaveanews.com\/wp-content\/uploads\/Maracanao-escudo-Flamengo.webp\",\"datePublished\":\"2023-11-08T11:17:34+00:00\",\"dateModified\":\"2023-11-08T11:17:35+00:00\",\"author\":{\"@id\":\"https:\/\/www.gaveanews.com\/#\/schema\/person\/2ec14f73fb96be2caf28f91afb14749d\"},\"breadcrumb\":{\"@id\":\"https:\/\/www.gaveanews.com\/index.php\/2023\/11\/08\/lembra-dele-fluminense-quer-repatriar-ex-jogador-do-flamengo\/#breadcrumb\"},\"inLanguage\":\"pt-BR\",\"potentialAction\":[{\"@type\":\"ReadAction\",\"target\":[\"https:\/\/www.gaveanews.com\/index.php\/2023\/11\/08\/lembra-dele-fluminense-quer-repatriar-ex-jogador-do-flamengo\/\"]}]},{\"@type\":\"ImageObject\",\"inLanguage\":\"pt-BR\",\"@id\":\"https:\/\/www.gaveanews.com\/index.php\/2023\/11\/08\/lembra-dele-fluminense-quer-repatriar-ex-jogador-do-flamengo\/#primaryimage\",\"url\":\"https:\/\/www.gaveanews.com\/wp-content\/uploads\/Maracanao-escudo-Flamengo.webp\",\"contentUrl\":\"https:\/\/www.gaveanews.com\/wp-content\/uploads\/Maracanao-escudo-Flamengo.webp\",\"width\":640,\"height\":427,\"caption\":\"Escudo do Flamengo no gramado do Maracan\u00e3 (Foto: Reprodu\u00e7\u00e3o)\"},{\"@type\":\"BreadcrumbList\",\"@id\":\"https:\/\/www.gaveanews.com\/index.php\/2023\/11\/08\/lembra-dele-fluminense-quer-repatriar-ex-jogador-do-flamengo\/#breadcrumb\",\"itemListElement\":[{\"@type\":\"ListItem\",\"position\":1,\"name\":\"Home\",\"item\":\"https:\/\/www.gaveanews.com\/\"},{\"@type\":\"ListItem\",\"position\":2,\"name\":\"Lembra dele? Fluminense quer repatriar ex-jogador do Flamengo\"}]},{\"@type\":\"WebSite\",\"@id\":\"https:\/\/www.gaveanews.com\/#website\",\"url\":\"https:\/\/www.gaveanews.com\/\",\"name\":\"G\u00e1vea News\",\"description\":\"Veja todas as not\u00edcias sobre o Flamengo: Contrata\u00e7\u00f5es, categorias de base, resultados das partidas, tabela de classifica\u00e7\u00e3o, pr\u00f3ximos jogos!\",\"potentialAction\":[{\"@type\":\"SearchAction\",\"target\":{\"@type\":\"EntryPoint\",\"urlTemplate\":\"https:\/\/www.gaveanews.com\/?s={search_term_string}\"},\"query-input\":{\"@type\":\"PropertyValueSpecification\",\"valueRequired\":true,\"valueName\":\"search_term_string\"}}],\"inLanguage\":\"pt-BR\"},{\"@type\":\"Person\",\"@id\":\"https:\/\/www.gaveanews.com\/#\/schema\/person\/2ec14f73fb96be2caf28f91afb14749d\",\"name\":\"Equipe G\u00e1vea News\",\"image\":{\"@type\":\"ImageObject\",\"inLanguage\":\"pt-BR\",\"@id\":\"https:\/\/www.gaveanews.com\/#\/schema\/person\/image\/\",\"url\":\"https:\/\/secure.gravatar.com\/avatar\/1e1956f1facbffd3f8fa53a326721950116b3b9dc9bd44939c01180fd4a745a9?s=96&d=mm&r=g\",\"contentUrl\":\"https:\/\/secure.gravatar.com\/avatar\/1e1956f1facbffd3f8fa53a326721950116b3b9dc9bd44939c01180fd4a745a9?s=96&d=mm&r=g\",\"caption\":\"Equipe G\u00e1vea News\"}}]}<\/script>\n<!-- \/ Yoast SEO Premium plugin. -->","yoast_head_json":{"title":"Lembra dele? Fluminense quer repatriar ex-jogador do Flamengo","robots":{"index":"index","follow":"follow","max-snippet":"max-snippet:-1","max-image-preview":"max-image-preview:large","max-video-preview":"max-video-preview:-1"},"canonical":"https:\/\/www.gaveanews.com\/index.php\/2023\/11\/08\/lembra-dele-fluminense-quer-repatriar-ex-jogador-do-flamengo\/","og_locale":"pt_BR","og_type":"article","og_title":"Lembra dele? Fluminense quer repatriar ex-jogador do Flamengo","og_description":"O Fluminense est\u00e1 de olho em um refor\u00e7o para a zaga em 2024, e o alvo desejado \u00e9 o zagueiro Ant\u00f4nio Carlos, que tem uma carreira marcada por reviravoltas. Ant\u00f4nio Carlos teve uma passagem apagada pelo Flamengo em 2016, quando o clube era comandado por Muricy Ramalho, jogando apenas uma partida n\u00e3o oficial em um [&hellip;]","og_url":"https:\/\/www.gaveanews.com\/index.php\/2023\/11\/08\/lembra-dele-fluminense-quer-repatriar-ex-jogador-do-flamengo\/","og_site_name":"G\u00e1vea News","article_publisher":"https:\/\/facebook.com\/gaveaNews\/","article_published_time":"2023-11-08T11:17:34+00:00","article_modified_time":"2023-11-08T11:17:35+00:00","og_image":[{"width":640,"height":427,"url":"https:\/\/www.gaveanews.com\/wp-content\/uploads\/Maracanao-escudo-Flamengo.webp","type":"image\/jpeg"}],"author":"Equipe G\u00e1vea News","twitter_card":"summary_large_image","twitter_misc":{"Escrito por":"Equipe G\u00e1vea News","Est. tempo de leitura":"2 minutos"},"schema":{"@context":"https:\/\/schema.org","@graph":[{"@type":"NewsArticle","@id":"https:\/\/www.gaveanews.com\/index.php\/2023\/11\/08\/lembra-dele-fluminense-quer-repatriar-ex-jogador-do-flamengo\/#article","isPartOf":{"@id":"https:\/\/www.gaveanews.com\/index.php\/2023\/11\/08\/lembra-dele-fluminense-quer-repatriar-ex-jogador-do-flamengo\/"},"author":{"name":"Equipe G\u00e1vea News","@id":"https:\/\/www.gaveanews.com\/#\/schema\/person\/2ec14f73fb96be2caf28f91afb14749d"},"headline":"Lembra dele? Fluminense quer repatriar ex-jogador do Flamengo","datePublished":"2023-11-08T11:17:34+00:00","dateModified":"2023-11-08T11:17:35+00:00","mainEntityOfPage":{"@id":"https:\/\/www.gaveanews.com\/index.php\/2023\/11\/08\/lembra-dele-fluminense-quer-repatriar-ex-jogador-do-flamengo\/"},"wordCount":250,"commentCount":0,"image":{"@id":"https:\/\/www.gaveanews.com\/index.php\/2023\/11\/08\/lembra-dele-fluminense-quer-repatriar-ex-jogador-do-flamengo\/#primaryimage"},"thumbnailUrl":"https:\/\/www.gaveanews.com\/wp-content\/uploads\/Maracanao-escudo-Flamengo.webp","articleSection":["Flamengo"],"inLanguage":"pt-BR","potentialAction":[{"@type":"CommentAction","name":"Comment","target":["https:\/\/www.gaveanews.com\/index.php\/2023\/11\/08\/lembra-dele-fluminense-quer-repatriar-ex-jogador-do-flamengo\/#respond"]}],"copyrightYear":"2023","copyrightHolder":{"@id":"https:\/\/www.gaveanews.com\/#organization"}},{"@type":"WebPage","@id":"https:\/\/www.gaveanews.com\/index.php\/2023\/11\/08\/lembra-dele-fluminense-quer-repatriar-ex-jogador-do-flamengo\/","url":"https:\/\/www.gaveanews.com\/index.php\/2023\/11\/08\/lembra-dele-fluminense-quer-repatriar-ex-jogador-do-flamengo\/","name":"Lembra dele? Fluminense quer repatriar ex-jogador do Flamengo","isPartOf":{"@id":"https:\/\/www.gaveanews.com\/#website"},"primaryImageOfPage":{"@id":"https:\/\/www.gaveanews.com\/index.php\/2023\/11\/08\/lembra-dele-fluminense-quer-repatriar-ex-jogador-do-flamengo\/#primaryimage"},"image":{"@id":"https:\/\/www.gaveanews.com\/index.php\/2023\/11\/08\/lembra-dele-fluminense-quer-repatriar-ex-jogador-do-flamengo\/#primaryimage"},"thumbnailUrl":"https:\/\/www.gaveanews.com\/wp-content\/uploads\/Maracanao-escudo-Flamengo.webp","datePublished":"2023-11-08T11:17:34+00:00","dateModified":"2023-11-08T11:17:35+00:00","author":{"@id":"https:\/\/www.gaveanews.com\/#\/schema\/person\/2ec14f73fb96be2caf28f91afb14749d"},"breadcrumb":{"@id":"https:\/\/www.gaveanews.com\/index.php\/2023\/11\/08\/lembra-dele-fluminense-quer-repatriar-ex-jogador-do-flamengo\/#breadcrumb"},"inLanguage":"pt-BR","potentialAction":[{"@type":"ReadAction","target":["https:\/\/www.gaveanews.com\/index.php\/2023\/11\/08\/lembra-dele-fluminense-quer-repatriar-ex-jogador-do-flamengo\/"]}]},{"@type":"ImageObject","inLanguage":"pt-BR","@id":"https:\/\/www.gaveanews.com\/index.php\/2023\/11\/08\/lembra-dele-fluminense-quer-repatriar-ex-jogador-do-flamengo\/#primaryimage","url":"https:\/\/www.gaveanews.com\/wp-content\/uploads\/Maracanao-escudo-Flamengo.webp","contentUrl":"https:\/\/www.gaveanews.com\/wp-content\/uploads\/Maracanao-escudo-Flamengo.webp","width":640,"height":427,"caption":"Escudo do Flamengo no gramado do Maracan\u00e3 (Foto: Reprodu\u00e7\u00e3o)"},{"@type":"BreadcrumbList","@id":"https:\/\/www.gaveanews.com\/index.php\/2023\/11\/08\/lembra-dele-fluminense-quer-repatriar-ex-jogador-do-flamengo\/#breadcrumb","itemListElement":[{"@type":"ListItem","position":1,"name":"Home","item":"https:\/\/www.gaveanews.com\/"},{"@type":"ListItem","position":2,"name":"Lembra dele? Fluminense quer repatriar ex-jogador do Flamengo"}]},{"@type":"WebSite","@id":"https:\/\/www.gaveanews.com\/#website","url":"https:\/\/www.gaveanews.com\/","name":"G\u00e1vea News","description":"Veja todas as not\u00edcias sobre o Flamengo: Contrata\u00e7\u00f5es, categorias de base, resultados das partidas, tabela de classifica\u00e7\u00e3o, pr\u00f3ximos jogos!","potentialAction":[{"@type":"SearchAction","target":{"@type":"EntryPoint","urlTemplate":"https:\/\/www.gaveanews.com\/?s={search_term_string}"},"query-input":{"@type":"PropertyValueSpecification","valueRequired":true,"valueName":"search_term_string"}}],"inLanguage":"pt-BR"},{"@type":"Person","@id":"https:\/\/www.gaveanews.com\/#\/schema\/person\/2ec14f73fb96be2caf28f91afb14749d","name":"Equipe G\u00e1vea News","image":{"@type":"ImageObject","inLanguage":"pt-BR","@id":"https:\/\/www.gaveanews.com\/#\/schema\/person\/image\/","url":"https:\/\/secure.gravatar.com\/avatar\/1e1956f1facbffd3f8fa53a326721950116b3b9dc9bd44939c01180fd4a745a9?s=96&d=mm&r=g","contentUrl":"https:\/\/secure.gravatar.com\/avatar\/1e1956f1facbffd3f8fa53a326721950116b3b9dc9bd44939c01180fd4a745a9?s=96&d=mm&r=g","caption":"Equipe G\u00e1vea News"}}]}},"_links":{"self":[{"href":"https:\/\/www.gaveanews.com\/index.php\/wp-json\/wp\/v2\/posts\/110776","targetHints":{"allow":["GET"]}}],"collection":[{"href":"https:\/\/www.gaveanews.com\/index.php\/wp-json\/wp\/v2\/posts"}],"about":[{"href":"https:\/\/www.gaveanews.com\/index.php\/wp-json\/wp\/v2\/types\/post"}],"author":[{"embeddable":true,"href":"https:\/\/www.gaveanews.com\/index.php\/wp-json\/wp\/v2\/users\/1"}],"replies":[{"embeddable":true,"href":"https:\/\/www.gaveanews.com\/index.php\/wp-json\/wp\/v2\/comments?post=110776"}],"version-history":[{"count":0,"href":"https:\/\/www.gaveanews.com\/index.php\/wp-json\/wp\/v2\/posts\/110776\/revisions"}],"wp:featuredmedia":[{"embeddable":true,"href":"https:\/\/www.gaveanews.com\/index.php\/wp-json\/wp\/v2\/media\/101250"}],"wp:attachment":[{"href":"https:\/\/www.gaveanews.com\/index.php\/wp-json\/wp\/v2\/media?parent=110776"}],"wp:term":[{"taxonomy":"category","embeddable":true,"href":"https:\/\/www.gaveanews.com\/index.php\/wp-json\/wp\/v2\/categories?post=110776"},{"taxonomy":"post_tag","embeddable":true,"href":"https:\/\/www.gaveanews.com\/index.php\/wp-json\/wp\/v2\/tags?post=110776"}],"curies":[{"name":"wp","href":"https:\/\/api.w.org\/{rel}","templated":true}]}}