{"id":110795,"date":"2023-11-08T18:22:59","date_gmt":"2023-11-08T21:22:59","guid":{"rendered":"https:\/\/www.gaveanews.com\/?p=110795"},"modified":"2023-11-08T20:04:46","modified_gmt":"2023-11-08T23:04:46","slug":"everton-ribeiro-filipe-luis-e-rodrigo-caio-dao-carona-a-ator-que-ganha-video-especial-dos-jogadores-do-flamengo","status":"publish","type":"post","link":"https:\/\/www.gaveanews.com\/index.php\/2023\/11\/08\/everton-ribeiro-filipe-luis-e-rodrigo-caio-dao-carona-a-ator-que-ganha-video-especial-dos-jogadores-do-flamengo\/","title":{"rendered":"Everton Ribeiro, Filipe Lu\u00eds e Rodrigo Caio d\u00e3o carona a ator, que ganha v\u00eddeo especial dos jogadores do Flamengo"},"content":{"rendered":"\r\n<p>Um fato inusitado aconteceu nessa ter\u00e7a-feira (07), o ator, Rafael Saraiva, rubro-negro de carteirinha passou por um momento um pouco quanto em comum no seu dia a dia, o artista conseguiu pegar carona com nada mais nada menos que jogadores do Flamengo, no primeiro momento, Rafael pediu apenas uma foto, depois pediu ao camisa 7 se poderia lev\u00e1-lo at\u00e9 o outro terminal do aeroporto.\u00a0<br \/><br \/>Por: Kayo Silva<\/p>\r\n\r\n\r\n\r\n<p>O artista foi at\u00e9 o aeroporto do Gale\u00e3o para buscar a namorada, no come\u00e7o da madrugada, entretanto, soube que os jogadores do Flamengo estariam l\u00e1, n\u00e3o pensou duas vezes, ficando por l\u00e1. A comiss\u00e3o e o elenco tinham acabado de desembarcar, ap\u00f3s a vit\u00f3ria fora de casa contra o Fortaleza, no Cear\u00e1.\u00a0<\/p>\r\n\r\n\r\n\r\n<p>Rafael fala, como foi o momento com os \u00eddolos do Flamengo: \u201cPrecisava falar com um deles. O Everton Ribeiro \u00e9 um \u00eddolo que eu tenho, tanto pelo jogador brilhante que \u00e9, quanto por v\u00e1rias hist\u00f3rias muito maneiras que ouvi sobre ele. Ele \u00e9 um cara do bem, d\u00e1 para ver. Pensei: \u2018Vou pedir para o Everton Ribeiro porque ele \u00e9 muito \u00eddolo\u2019. Sa\u00edram os jogadores, todos muito sol\u00edcitos, e foi muito legal a experi\u00eancia de estar sozinho no desembarque do time\u201d\u00a0<\/p>\r\n\r\n\r\n\r\n<p>Ap\u00f3s o pedido de carona, Everton Ribeiro o disse: \u201cCara, acho que tem como, o carro est\u00e1 um pouquinho cheio, espera a\u00ed\u201d. Essa frase do Camisa 7 rubro-negro fez o ator pensar que ele estaria com a fam\u00edlia ou seguran\u00e7as. Entretanto, quando abriu a porta do carro, estavam simplesmente Filipe Lu\u00eds e Rodrigo Caio, juntos ao camisa 7.\u00a0<\/p>\r\n\r\n\r\n\r\n<p>\u201cNo final, pedi uma foto para eternizar esse momento surreal de ter pegado uma carona com tr\u00eas dos maiores jogadores da hist\u00f3ria do\u00a0Flamengo. \u00c9verton Ribeiro \u00e9 realmente o meu maior \u00eddolo no\u00a0Fla. Foi uma experi\u00eancia inacredit\u00e1vel, agrade\u00e7o muito a eles por essa mem\u00f3ria. Foram muito generosos, simp\u00e1ticos e educados. Estou realizado demais\u201d, disse o ator do Porta dos Fundos.\u00a0<\/p>\r\n\r\n\r\n\r\n<p><strong>Jogadores do Flamengo quebram gelo, e comentam sobre apar\u00eancia do ator com \u2018Ed Sheeran\u2019<\/strong>\u00a0<\/p>\r\n\r\n\r\n\r\n<p>Na carona no carro de Everton Ribeiro, a resenha parece ter sido boa, o ator disse que conversaram sobre o Porta dos Fundos, canal que ele trabalha. Segundo ele,\u00a0Filipe Lu\u00eds disse que ele parecia o cantor ingl\u00eas Ed Sheeran, ent\u00e3o Everton e\u00a0Rodrigo Caio entraram na brincadeira.\u00a0<\/p>\r\n\r\n\r\n\r\n<p>Posteriormente, Rafael Saraiva agradeceu o tratamento dos jogadores e refor\u00e7ou sua admira\u00e7\u00e3o por eles: \u201cPara mim, todos os tr\u00eas s\u00e3o exemplares e muitos respons\u00e1veis diretos por alegrias que tive com meus amigos e minha fam\u00edlia. Foi muito legal poder falar isso ao vivo para eles e tamb\u00e9m me senti feliz de estar dando apoio a eles num momento de crise. Eles s\u00e3o muito maneiros e \u00eddolos por merecimento\u201d.\u00a0<br \/><br \/><a href=\"https:\/\/www.gaveanews.com\/index.php\/2023\/11\/08\/flamengo-leva-ampla-vantagem-compra-abel-ferreira\/\">Flamengo leva ampla vantagem contra Abel Ferreira<\/a><\/p>\r\n","protected":false},"excerpt":{"rendered":"<p>Um fato inusitado aconteceu nessa ter\u00e7a-feira (07), o ator, Rafael Saraiva, rubro-negro de carteirinha passou por um momento um pouco quanto em comum no seu dia a dia, o artista conseguiu pegar carona com nada mais nada menos que jogadores do Flamengo, no primeiro momento, Rafael pediu apenas uma foto, depois pediu ao camisa 7 [&hellip;]<\/p>\n","protected":false},"author":10,"featured_media":107653,"comment_status":"open","ping_status":"closed","sticky":false,"template":"","format":"standard","meta":{"footnotes":""},"categories":[1],"tags":[],"class_list":["post-110795","post","type-post","status-publish","format-standard","has-post-thumbnail","hentry","category-flamengo"],"yoast_head":"<!-- This site is optimized with the Yoast SEO Premium plugin v24.2 (Yoast SEO v26.9) - https:\/\/yoast.com\/product\/yoast-seo-premium-wordpress\/ -->\n<title>Everton Ribeiro, Filipe Lu\u00eds e Rodrigo Caio d\u00e3o carona a ator, que ganha v\u00eddeo especial dos jogadores do Flamengo<\/title>\n<meta name=\"robots\" content=\"index, follow, max-snippet:-1, max-image-preview:large, max-video-preview:-1\" \/>\n<link rel=\"canonical\" href=\"https:\/\/www.gaveanews.com\/index.php\/2023\/11\/08\/everton-ribeiro-filipe-luis-e-rodrigo-caio-dao-carona-a-ator-que-ganha-video-especial-dos-jogadores-do-flamengo\/\" \/>\n<meta property=\"og:locale\" content=\"pt_BR\" \/>\n<meta property=\"og:type\" content=\"article\" \/>\n<meta property=\"og:title\" content=\"Everton Ribeiro, Filipe Lu\u00eds e Rodrigo Caio d\u00e3o carona a ator, que ganha v\u00eddeo especial dos jogadores do Flamengo\" \/>\n<meta property=\"og:description\" content=\"Um fato inusitado aconteceu nessa ter\u00e7a-feira (07), o ator, Rafael Saraiva, rubro-negro de carteirinha passou por um momento um pouco quanto em comum no seu dia a dia, o artista conseguiu pegar carona com nada mais nada menos que jogadores do Flamengo, no primeiro momento, Rafael pediu apenas uma foto, depois pediu ao camisa 7 [&hellip;]\" \/>\n<meta property=\"og:url\" content=\"https:\/\/www.gaveanews.com\/index.php\/2023\/11\/08\/everton-ribeiro-filipe-luis-e-rodrigo-caio-dao-carona-a-ator-que-ganha-video-especial-dos-jogadores-do-flamengo\/\" \/>\n<meta property=\"og:site_name\" content=\"G\u00e1vea News\" \/>\n<meta property=\"article:publisher\" content=\"https:\/\/facebook.com\/gaveaNews\/\" \/>\n<meta property=\"article:published_time\" content=\"2023-11-08T21:22:59+00:00\" \/>\n<meta property=\"article:modified_time\" content=\"2023-11-08T23:04:46+00:00\" \/>\n<meta property=\"og:image\" content=\"https:\/\/www.gaveanews.com\/wp-content\/uploads\/everton-ribeiro-flamengo-bahia.webp\" \/>\n\t<meta property=\"og:image:width\" content=\"984\" \/>\n\t<meta property=\"og:image:height\" content=\"656\" \/>\n\t<meta property=\"og:image:type\" content=\"image\/webp\" \/>\n<meta name=\"author\" content=\"Kayo Silva\" \/>\n<meta name=\"twitter:card\" content=\"summary_large_image\" \/>\n<meta name=\"twitter:label1\" content=\"Escrito por\" \/>\n\t<meta name=\"twitter:data1\" content=\"Kayo Silva\" \/>\n\t<meta name=\"twitter:label2\" content=\"Est. tempo de leitura\" \/>\n\t<meta name=\"twitter:data2\" content=\"3 minutos\" \/>\n<script type=\"application\/ld+json\" class=\"yoast-schema-graph\">{\"@context\":\"https:\/\/schema.org\",\"@graph\":[{\"@type\":\"NewsArticle\",\"@id\":\"https:\/\/www.gaveanews.com\/index.php\/2023\/11\/08\/everton-ribeiro-filipe-luis-e-rodrigo-caio-dao-carona-a-ator-que-ganha-video-especial-dos-jogadores-do-flamengo\/#article\",\"isPartOf\":{\"@id\":\"https:\/\/www.gaveanews.com\/index.php\/2023\/11\/08\/everton-ribeiro-filipe-luis-e-rodrigo-caio-dao-carona-a-ator-que-ganha-video-especial-dos-jogadores-do-flamengo\/\"},\"author\":{\"name\":\"Kayo Silva\",\"@id\":\"https:\/\/www.gaveanews.com\/#\/schema\/person\/51b3ba6a493cf9e7af9ce2c6d0d4ff1c\"},\"headline\":\"Everton Ribeiro, Filipe Lu\u00eds e Rodrigo Caio d\u00e3o carona a ator, que ganha v\u00eddeo especial dos jogadores do Flamengo\",\"datePublished\":\"2023-11-08T21:22:59+00:00\",\"dateModified\":\"2023-11-08T23:04:46+00:00\",\"mainEntityOfPage\":{\"@id\":\"https:\/\/www.gaveanews.com\/index.php\/2023\/11\/08\/everton-ribeiro-filipe-luis-e-rodrigo-caio-dao-carona-a-ator-que-ganha-video-especial-dos-jogadores-do-flamengo\/\"},\"wordCount\":505,\"commentCount\":0,\"image\":{\"@id\":\"https:\/\/www.gaveanews.com\/index.php\/2023\/11\/08\/everton-ribeiro-filipe-luis-e-rodrigo-caio-dao-carona-a-ator-que-ganha-video-especial-dos-jogadores-do-flamengo\/#primaryimage\"},\"thumbnailUrl\":\"https:\/\/www.gaveanews.com\/wp-content\/uploads\/everton-ribeiro-flamengo-bahia.webp\",\"articleSection\":[\"Flamengo\"],\"inLanguage\":\"pt-BR\",\"potentialAction\":[{\"@type\":\"CommentAction\",\"name\":\"Comment\",\"target\":[\"https:\/\/www.gaveanews.com\/index.php\/2023\/11\/08\/everton-ribeiro-filipe-luis-e-rodrigo-caio-dao-carona-a-ator-que-ganha-video-especial-dos-jogadores-do-flamengo\/#respond\"]}],\"copyrightYear\":\"2023\",\"copyrightHolder\":{\"@id\":\"https:\/\/www.gaveanews.com\/#organization\"}},{\"@type\":\"WebPage\",\"@id\":\"https:\/\/www.gaveanews.com\/index.php\/2023\/11\/08\/everton-ribeiro-filipe-luis-e-rodrigo-caio-dao-carona-a-ator-que-ganha-video-especial-dos-jogadores-do-flamengo\/\",\"url\":\"https:\/\/www.gaveanews.com\/index.php\/2023\/11\/08\/everton-ribeiro-filipe-luis-e-rodrigo-caio-dao-carona-a-ator-que-ganha-video-especial-dos-jogadores-do-flamengo\/\",\"name\":\"Everton Ribeiro, Filipe Lu\u00eds e Rodrigo Caio d\u00e3o carona a ator, que ganha v\u00eddeo especial dos jogadores do Flamengo\",\"isPartOf\":{\"@id\":\"https:\/\/www.gaveanews.com\/#website\"},\"primaryImageOfPage\":{\"@id\":\"https:\/\/www.gaveanews.com\/index.php\/2023\/11\/08\/everton-ribeiro-filipe-luis-e-rodrigo-caio-dao-carona-a-ator-que-ganha-video-especial-dos-jogadores-do-flamengo\/#primaryimage\"},\"image\":{\"@id\":\"https:\/\/www.gaveanews.com\/index.php\/2023\/11\/08\/everton-ribeiro-filipe-luis-e-rodrigo-caio-dao-carona-a-ator-que-ganha-video-especial-dos-jogadores-do-flamengo\/#primaryimage\"},\"thumbnailUrl\":\"https:\/\/www.gaveanews.com\/wp-content\/uploads\/everton-ribeiro-flamengo-bahia.webp\",\"datePublished\":\"2023-11-08T21:22:59+00:00\",\"dateModified\":\"2023-11-08T23:04:46+00:00\",\"author\":{\"@id\":\"https:\/\/www.gaveanews.com\/#\/schema\/person\/51b3ba6a493cf9e7af9ce2c6d0d4ff1c\"},\"breadcrumb\":{\"@id\":\"https:\/\/www.gaveanews.com\/index.php\/2023\/11\/08\/everton-ribeiro-filipe-luis-e-rodrigo-caio-dao-carona-a-ator-que-ganha-video-especial-dos-jogadores-do-flamengo\/#breadcrumb\"},\"inLanguage\":\"pt-BR\",\"potentialAction\":[{\"@type\":\"ReadAction\",\"target\":[\"https:\/\/www.gaveanews.com\/index.php\/2023\/11\/08\/everton-ribeiro-filipe-luis-e-rodrigo-caio-dao-carona-a-ator-que-ganha-video-especial-dos-jogadores-do-flamengo\/\"]}]},{\"@type\":\"ImageObject\",\"inLanguage\":\"pt-BR\",\"@id\":\"https:\/\/www.gaveanews.com\/index.php\/2023\/11\/08\/everton-ribeiro-filipe-luis-e-rodrigo-caio-dao-carona-a-ator-que-ganha-video-especial-dos-jogadores-do-flamengo\/#primaryimage\",\"url\":\"https:\/\/www.gaveanews.com\/wp-content\/uploads\/everton-ribeiro-flamengo-bahia.webp\",\"contentUrl\":\"https:\/\/www.gaveanews.com\/wp-content\/uploads\/everton-ribeiro-flamengo-bahia.webp\",\"width\":984,\"height\":656,\"caption\":\"Everton Ribeiro em a\u00e7\u00e3o pelo Flamengo no Maracan\u00e3 (Foto: Thiago Ribeiro\/AGIF)\"},{\"@type\":\"BreadcrumbList\",\"@id\":\"https:\/\/www.gaveanews.com\/index.php\/2023\/11\/08\/everton-ribeiro-filipe-luis-e-rodrigo-caio-dao-carona-a-ator-que-ganha-video-especial-dos-jogadores-do-flamengo\/#breadcrumb\",\"itemListElement\":[{\"@type\":\"ListItem\",\"position\":1,\"name\":\"Home\",\"item\":\"https:\/\/www.gaveanews.com\/\"},{\"@type\":\"ListItem\",\"position\":2,\"name\":\"Everton Ribeiro, Filipe Lu\u00eds e Rodrigo Caio d\u00e3o carona a ator, que ganha v\u00eddeo especial dos jogadores do Flamengo\"}]},{\"@type\":\"WebSite\",\"@id\":\"https:\/\/www.gaveanews.com\/#website\",\"url\":\"https:\/\/www.gaveanews.com\/\",\"name\":\"G\u00e1vea News\",\"description\":\"Veja todas as not\u00edcias sobre o Flamengo: Contrata\u00e7\u00f5es, categorias de base, resultados das partidas, tabela de classifica\u00e7\u00e3o, pr\u00f3ximos jogos!\",\"potentialAction\":[{\"@type\":\"SearchAction\",\"target\":{\"@type\":\"EntryPoint\",\"urlTemplate\":\"https:\/\/www.gaveanews.com\/?s={search_term_string}\"},\"query-input\":{\"@type\":\"PropertyValueSpecification\",\"valueRequired\":true,\"valueName\":\"search_term_string\"}}],\"inLanguage\":\"pt-BR\"},{\"@type\":\"Person\",\"@id\":\"https:\/\/www.gaveanews.com\/#\/schema\/person\/51b3ba6a493cf9e7af9ce2c6d0d4ff1c\",\"name\":\"Kayo Silva\",\"image\":{\"@type\":\"ImageObject\",\"inLanguage\":\"pt-BR\",\"@id\":\"https:\/\/www.gaveanews.com\/#\/schema\/person\/image\/\",\"url\":\"https:\/\/secure.gravatar.com\/avatar\/af6d65cafc646a65c39c5fcb2a1ef51b863a81461770cfff553ec2fdd931c68c?s=96&d=mm&r=g\",\"contentUrl\":\"https:\/\/secure.gravatar.com\/avatar\/af6d65cafc646a65c39c5fcb2a1ef51b863a81461770cfff553ec2fdd931c68c?s=96&d=mm&r=g\",\"caption\":\"Kayo Silva\"}}]}<\/script>\n<!-- \/ Yoast SEO Premium plugin. -->","yoast_head_json":{"title":"Everton Ribeiro, Filipe Lu\u00eds e Rodrigo Caio d\u00e3o carona a ator, que ganha v\u00eddeo especial dos jogadores do Flamengo","robots":{"index":"index","follow":"follow","max-snippet":"max-snippet:-1","max-image-preview":"max-image-preview:large","max-video-preview":"max-video-preview:-1"},"canonical":"https:\/\/www.gaveanews.com\/index.php\/2023\/11\/08\/everton-ribeiro-filipe-luis-e-rodrigo-caio-dao-carona-a-ator-que-ganha-video-especial-dos-jogadores-do-flamengo\/","og_locale":"pt_BR","og_type":"article","og_title":"Everton Ribeiro, Filipe Lu\u00eds e Rodrigo Caio d\u00e3o carona a ator, que ganha v\u00eddeo especial dos jogadores do Flamengo","og_description":"Um fato inusitado aconteceu nessa ter\u00e7a-feira (07), o ator, Rafael Saraiva, rubro-negro de carteirinha passou por um momento um pouco quanto em comum no seu dia a dia, o artista conseguiu pegar carona com nada mais nada menos que jogadores do Flamengo, no primeiro momento, Rafael pediu apenas uma foto, depois pediu ao camisa 7 [&hellip;]","og_url":"https:\/\/www.gaveanews.com\/index.php\/2023\/11\/08\/everton-ribeiro-filipe-luis-e-rodrigo-caio-dao-carona-a-ator-que-ganha-video-especial-dos-jogadores-do-flamengo\/","og_site_name":"G\u00e1vea News","article_publisher":"https:\/\/facebook.com\/gaveaNews\/","article_published_time":"2023-11-08T21:22:59+00:00","article_modified_time":"2023-11-08T23:04:46+00:00","og_image":[{"width":984,"height":656,"url":"https:\/\/www.gaveanews.com\/wp-content\/uploads\/everton-ribeiro-flamengo-bahia.webp","type":"image\/webp"}],"author":"Kayo Silva","twitter_card":"summary_large_image","twitter_misc":{"Escrito por":"Kayo Silva","Est. tempo de leitura":"3 minutos"},"schema":{"@context":"https:\/\/schema.org","@graph":[{"@type":"NewsArticle","@id":"https:\/\/www.gaveanews.com\/index.php\/2023\/11\/08\/everton-ribeiro-filipe-luis-e-rodrigo-caio-dao-carona-a-ator-que-ganha-video-especial-dos-jogadores-do-flamengo\/#article","isPartOf":{"@id":"https:\/\/www.gaveanews.com\/index.php\/2023\/11\/08\/everton-ribeiro-filipe-luis-e-rodrigo-caio-dao-carona-a-ator-que-ganha-video-especial-dos-jogadores-do-flamengo\/"},"author":{"name":"Kayo Silva","@id":"https:\/\/www.gaveanews.com\/#\/schema\/person\/51b3ba6a493cf9e7af9ce2c6d0d4ff1c"},"headline":"Everton Ribeiro, Filipe Lu\u00eds e Rodrigo Caio d\u00e3o carona a ator, que ganha v\u00eddeo especial dos jogadores do Flamengo","datePublished":"2023-11-08T21:22:59+00:00","dateModified":"2023-11-08T23:04:46+00:00","mainEntityOfPage":{"@id":"https:\/\/www.gaveanews.com\/index.php\/2023\/11\/08\/everton-ribeiro-filipe-luis-e-rodrigo-caio-dao-carona-a-ator-que-ganha-video-especial-dos-jogadores-do-flamengo\/"},"wordCount":505,"commentCount":0,"image":{"@id":"https:\/\/www.gaveanews.com\/index.php\/2023\/11\/08\/everton-ribeiro-filipe-luis-e-rodrigo-caio-dao-carona-a-ator-que-ganha-video-especial-dos-jogadores-do-flamengo\/#primaryimage"},"thumbnailUrl":"https:\/\/www.gaveanews.com\/wp-content\/uploads\/everton-ribeiro-flamengo-bahia.webp","articleSection":["Flamengo"],"inLanguage":"pt-BR","potentialAction":[{"@type":"CommentAction","name":"Comment","target":["https:\/\/www.gaveanews.com\/index.php\/2023\/11\/08\/everton-ribeiro-filipe-luis-e-rodrigo-caio-dao-carona-a-ator-que-ganha-video-especial-dos-jogadores-do-flamengo\/#respond"]}],"copyrightYear":"2023","copyrightHolder":{"@id":"https:\/\/www.gaveanews.com\/#organization"}},{"@type":"WebPage","@id":"https:\/\/www.gaveanews.com\/index.php\/2023\/11\/08\/everton-ribeiro-filipe-luis-e-rodrigo-caio-dao-carona-a-ator-que-ganha-video-especial-dos-jogadores-do-flamengo\/","url":"https:\/\/www.gaveanews.com\/index.php\/2023\/11\/08\/everton-ribeiro-filipe-luis-e-rodrigo-caio-dao-carona-a-ator-que-ganha-video-especial-dos-jogadores-do-flamengo\/","name":"Everton Ribeiro, Filipe Lu\u00eds e Rodrigo Caio d\u00e3o carona a ator, que ganha v\u00eddeo especial dos jogadores do Flamengo","isPartOf":{"@id":"https:\/\/www.gaveanews.com\/#website"},"primaryImageOfPage":{"@id":"https:\/\/www.gaveanews.com\/index.php\/2023\/11\/08\/everton-ribeiro-filipe-luis-e-rodrigo-caio-dao-carona-a-ator-que-ganha-video-especial-dos-jogadores-do-flamengo\/#primaryimage"},"image":{"@id":"https:\/\/www.gaveanews.com\/index.php\/2023\/11\/08\/everton-ribeiro-filipe-luis-e-rodrigo-caio-dao-carona-a-ator-que-ganha-video-especial-dos-jogadores-do-flamengo\/#primaryimage"},"thumbnailUrl":"https:\/\/www.gaveanews.com\/wp-content\/uploads\/everton-ribeiro-flamengo-bahia.webp","datePublished":"2023-11-08T21:22:59+00:00","dateModified":"2023-11-08T23:04:46+00:00","author":{"@id":"https:\/\/www.gaveanews.com\/#\/schema\/person\/51b3ba6a493cf9e7af9ce2c6d0d4ff1c"},"breadcrumb":{"@id":"https:\/\/www.gaveanews.com\/index.php\/2023\/11\/08\/everton-ribeiro-filipe-luis-e-rodrigo-caio-dao-carona-a-ator-que-ganha-video-especial-dos-jogadores-do-flamengo\/#breadcrumb"},"inLanguage":"pt-BR","potentialAction":[{"@type":"ReadAction","target":["https:\/\/www.gaveanews.com\/index.php\/2023\/11\/08\/everton-ribeiro-filipe-luis-e-rodrigo-caio-dao-carona-a-ator-que-ganha-video-especial-dos-jogadores-do-flamengo\/"]}]},{"@type":"ImageObject","inLanguage":"pt-BR","@id":"https:\/\/www.gaveanews.com\/index.php\/2023\/11\/08\/everton-ribeiro-filipe-luis-e-rodrigo-caio-dao-carona-a-ator-que-ganha-video-especial-dos-jogadores-do-flamengo\/#primaryimage","url":"https:\/\/www.gaveanews.com\/wp-content\/uploads\/everton-ribeiro-flamengo-bahia.webp","contentUrl":"https:\/\/www.gaveanews.com\/wp-content\/uploads\/everton-ribeiro-flamengo-bahia.webp","width":984,"height":656,"caption":"Everton Ribeiro em a\u00e7\u00e3o pelo Flamengo no Maracan\u00e3 (Foto: Thiago Ribeiro\/AGIF)"},{"@type":"BreadcrumbList","@id":"https:\/\/www.gaveanews.com\/index.php\/2023\/11\/08\/everton-ribeiro-filipe-luis-e-rodrigo-caio-dao-carona-a-ator-que-ganha-video-especial-dos-jogadores-do-flamengo\/#breadcrumb","itemListElement":[{"@type":"ListItem","position":1,"name":"Home","item":"https:\/\/www.gaveanews.com\/"},{"@type":"ListItem","position":2,"name":"Everton Ribeiro, Filipe Lu\u00eds e Rodrigo Caio d\u00e3o carona a ator, que ganha v\u00eddeo especial dos jogadores do Flamengo"}]},{"@type":"WebSite","@id":"https:\/\/www.gaveanews.com\/#website","url":"https:\/\/www.gaveanews.com\/","name":"G\u00e1vea News","description":"Veja todas as not\u00edcias sobre o Flamengo: Contrata\u00e7\u00f5es, categorias de base, resultados das partidas, tabela de classifica\u00e7\u00e3o, pr\u00f3ximos jogos!","potentialAction":[{"@type":"SearchAction","target":{"@type":"EntryPoint","urlTemplate":"https:\/\/www.gaveanews.com\/?s={search_term_string}"},"query-input":{"@type":"PropertyValueSpecification","valueRequired":true,"valueName":"search_term_string"}}],"inLanguage":"pt-BR"},{"@type":"Person","@id":"https:\/\/www.gaveanews.com\/#\/schema\/person\/51b3ba6a493cf9e7af9ce2c6d0d4ff1c","name":"Kayo Silva","image":{"@type":"ImageObject","inLanguage":"pt-BR","@id":"https:\/\/www.gaveanews.com\/#\/schema\/person\/image\/","url":"https:\/\/secure.gravatar.com\/avatar\/af6d65cafc646a65c39c5fcb2a1ef51b863a81461770cfff553ec2fdd931c68c?s=96&d=mm&r=g","contentUrl":"https:\/\/secure.gravatar.com\/avatar\/af6d65cafc646a65c39c5fcb2a1ef51b863a81461770cfff553ec2fdd931c68c?s=96&d=mm&r=g","caption":"Kayo Silva"}}]}},"_links":{"self":[{"href":"https:\/\/www.gaveanews.com\/index.php\/wp-json\/wp\/v2\/posts\/110795","targetHints":{"allow":["GET"]}}],"collection":[{"href":"https:\/\/www.gaveanews.com\/index.php\/wp-json\/wp\/v2\/posts"}],"about":[{"href":"https:\/\/www.gaveanews.com\/index.php\/wp-json\/wp\/v2\/types\/post"}],"author":[{"embeddable":true,"href":"https:\/\/www.gaveanews.com\/index.php\/wp-json\/wp\/v2\/users\/10"}],"replies":[{"embeddable":true,"href":"https:\/\/www.gaveanews.com\/index.php\/wp-json\/wp\/v2\/comments?post=110795"}],"version-history":[{"count":0,"href":"https:\/\/www.gaveanews.com\/index.php\/wp-json\/wp\/v2\/posts\/110795\/revisions"}],"wp:featuredmedia":[{"embeddable":true,"href":"https:\/\/www.gaveanews.com\/index.php\/wp-json\/wp\/v2\/media\/107653"}],"wp:attachment":[{"href":"https:\/\/www.gaveanews.com\/index.php\/wp-json\/wp\/v2\/media?parent=110795"}],"wp:term":[{"taxonomy":"category","embeddable":true,"href":"https:\/\/www.gaveanews.com\/index.php\/wp-json\/wp\/v2\/categories?post=110795"},{"taxonomy":"post_tag","embeddable":true,"href":"https:\/\/www.gaveanews.com\/index.php\/wp-json\/wp\/v2\/tags?post=110795"}],"curies":[{"name":"wp","href":"https:\/\/api.w.org\/{rel}","templated":true}]}}