{"id":110808,"date":"2023-11-08T15:56:12","date_gmt":"2023-11-08T18:56:12","guid":{"rendered":"https:\/\/www.gaveanews.com\/?p=110808"},"modified":"2023-11-08T15:56:33","modified_gmt":"2023-11-08T18:56:33","slug":"atacante-do-flamengo-sofre-lesao-na-coxa","status":"publish","type":"post","link":"https:\/\/www.gaveanews.com\/index.php\/2023\/11\/08\/atacante-do-flamengo-sofre-lesao-na-coxa\/","title":{"rendered":"Atacante do Flamengo sofre les\u00e3o na coxa"},"content":{"rendered":"\n<p>Atacante nigeriano, Ogundana Shola, sofre segunda les\u00e3o pelo Flamengo. O jovem esteve no grupo que disputou a Copa Atl\u00e2ntico sub-19, em Recife. O atacante sofreu uma les\u00e3o na coxa esquerda, logo no in\u00edcio da sua trajet\u00f3ria no Brasil.\u00a0<br><\/p>\n\n\n\n<p>Shola chegou a atuar em duas partidas durante o torneio, entretanto, o jovem sentiu dores no mesmo local em que havia se machucado quando chegou no clube. Com isso, o atacante ficou fora das \u00faltimas partidas da equipe e passar\u00e1 por exames no Rio de Janeiro.&nbsp;<\/p>\n\n\n\n<p>A equipe do Flamengo desembarcou no Rio nesta ter\u00e7a-feira (07), ap\u00f3s a conquista da S\u00e9rie Bronze da Copa Atl\u00e2ntico, t\u00edtulo de consola\u00e7\u00e3o da competi\u00e7\u00e3o, j\u00e1 que o rubro-negro n\u00e3o passou da primeira fase do torneio.\u00a0<\/p>\n\n\n\n<figure class=\"wp-block-image size-full\"><img loading=\"lazy\" decoding=\"async\" width=\"640\" height=\"411\" src=\"https:\/\/www.gaveanews.com\/wp-content\/uploads\/david-luiz-shola-treino-flamengo.webp\" alt=\"\" class=\"wp-image-101267\" srcset=\"https:\/\/www.gaveanews.com\/wp-content\/uploads\/david-luiz-shola-treino-flamengo.webp 640w, https:\/\/www.gaveanews.com\/wp-content\/uploads\/david-luiz-shola-treino-flamengo-300x194.webp 300w, https:\/\/www.gaveanews.com\/wp-content\/uploads\/david-luiz-shola-treino-flamengo-341x220.webp 341w, https:\/\/www.gaveanews.com\/wp-content\/uploads\/david-luiz-shola-treino-flamengo-100x64.webp 100w\" sizes=\"auto, (max-width: 640px) 100vw, 640px\" \/><figcaption class=\"wp-element-caption\">David Luiz e Shola em treino do Flamengo (Foto: Reprodu\u00e7\u00e3o)<\/figcaption><\/figure>\n\n\n\n<p>Destaque em amistosos da equipe sub-20 B, Shola foi ganhando espa\u00e7o na equipe, conseguindo se destacar, o atacante foi um dos escolhidos para disputa de torneios na Europa, logo nas primeiras apari\u00e7\u00f5es com a camisa do Flamengo, o nigeriano marcou dois gols, as competi\u00e7\u00f5es foram realizadas na Cro\u00e1cia e Rep\u00fablica Tcheca.&nbsp;<\/p>\n\n\n\n<p>Ogundana Shola est\u00e1 emprestado ao Mais Querido at\u00e9&nbsp;2024, junto ao Remo Stars, da Nig\u00e9ria. Caso o Flamengo queira contrat\u00e1-lo em definitivo, precisar\u00e1 desembolsar 500 mil d\u00f3lares (cerca de 2,5 milh\u00f5es de reais) por 50% dos direitos econ\u00f4micos do jogador.&nbsp;<\/p>\n\n\n\n<p>Nascido em 22 de fevereiro de 2005 em Ifaki, na Nig\u00e9ria, Ogundana Shola Elijah, o Shola, tamb\u00e9m foi observado pelo Palmeiras. Em 2002, a Viarregio Cup revelou outro nigeriano de sucesso, o ex-atacante Oba Oba Martins. Ele fez tr\u00eas gols naquela edi\u00e7\u00e3o e foi protagonista na decis\u00e3o que apontou a Internazionale de Mil\u00e3o campe\u00e3 contra o Torino.&nbsp;<\/p>\n\n\n\n<p><strong>VP do Flamengo sinaliza que haver\u00e1 outros africanos no clube<\/strong>&nbsp;<\/p>\n\n\n\n<p>&#8211; (Shola) Ele j\u00e1 vem com contrato assinado. Acreditamos no potencial desse mercado Da mesma forma que temos todo o mercado brasileiro e sul-americano mapeado, come\u00e7amos a mapear o mercado africano. Temos que ter a vis\u00e3o de mercado e de retorno esportivo. Nosso objetivo \u00e9 dar t\u00edtulos e lucro.&nbsp;<\/p>\n\n\n\n<p>&#8211; N\u00e3o estamos buscando uma aventura da \u00c1frica, estamos montando com calma um projeto para consolidar esse mercado como mais um com potencial de capta\u00e7\u00e3o. Estamos consolidando um processo cont\u00ednuo de avalia\u00e7\u00e3o dos atletas de l\u00e1. Vai ser mais um bra\u00e7o de onde costumamos trabalhar &#8211; conta Zanelli.&nbsp;<br><br><a href=\"https:\/\/www.gaveanews.com\/index.php\/2023\/10\/27\/flamengo-e-destaque-em-estudo-internacional-sobre-a-base\/\">Flamengo \u00e9 destaque em estudo internacional sobre a base<\/a><\/p>\n","protected":false},"excerpt":{"rendered":"<p>Atacante nigeriano, Ogundana Shola, sofre segunda les\u00e3o pelo Flamengo. O jovem esteve no grupo que disputou a Copa Atl\u00e2ntico sub-19, em Recife. O atacante sofreu uma les\u00e3o na coxa esquerda, logo no in\u00edcio da sua trajet\u00f3ria no Brasil.\u00a0 Shola chegou a atuar em duas partidas durante o torneio, entretanto, o jovem sentiu dores no mesmo [&hellip;]<\/p>\n","protected":false},"author":10,"featured_media":52639,"comment_status":"open","ping_status":"closed","sticky":false,"template":"","format":"standard","meta":{"footnotes":""},"categories":[1],"tags":[],"class_list":["post-110808","post","type-post","status-publish","format-standard","has-post-thumbnail","hentry","category-flamengo"],"yoast_head":"<!-- This site is optimized with the Yoast SEO Premium plugin v24.2 (Yoast SEO v26.9) - https:\/\/yoast.com\/product\/yoast-seo-premium-wordpress\/ -->\n<title>Atacante do Flamengo sofre les\u00e3o na coxa<\/title>\n<meta name=\"description\" content=\"A equipe do Flamengo desembarcou no Rio nesta ter\u00e7a-feira.\" \/>\n<meta name=\"robots\" content=\"index, follow, max-snippet:-1, max-image-preview:large, max-video-preview:-1\" \/>\n<link rel=\"canonical\" href=\"https:\/\/www.gaveanews.com\/index.php\/2023\/11\/08\/atacante-do-flamengo-sofre-lesao-na-coxa\/\" \/>\n<meta property=\"og:locale\" content=\"pt_BR\" \/>\n<meta property=\"og:type\" content=\"article\" \/>\n<meta property=\"og:title\" content=\"Atacante do Flamengo sofre les\u00e3o na coxa\" \/>\n<meta property=\"og:description\" content=\"A equipe do Flamengo desembarcou no Rio nesta ter\u00e7a-feira.\" \/>\n<meta property=\"og:url\" content=\"https:\/\/www.gaveanews.com\/index.php\/2023\/11\/08\/atacante-do-flamengo-sofre-lesao-na-coxa\/\" \/>\n<meta property=\"og:site_name\" content=\"G\u00e1vea News\" \/>\n<meta property=\"article:publisher\" content=\"https:\/\/facebook.com\/gaveaNews\/\" \/>\n<meta property=\"article:published_time\" content=\"2023-11-08T18:56:12+00:00\" \/>\n<meta property=\"article:modified_time\" content=\"2023-11-08T18:56:33+00:00\" \/>\n<meta property=\"og:image\" content=\"https:\/\/www.gaveanews.com\/wp-content\/uploads\/Marcio-Tannure-durante-coletiva-de-imprensa-no-Ninho-do-Urubu.webp\" \/>\n\t<meta property=\"og:image:width\" content=\"900\" \/>\n\t<meta property=\"og:image:height\" content=\"505\" \/>\n\t<meta property=\"og:image:type\" content=\"image\/png\" \/>\n<meta name=\"author\" content=\"Kayo Silva\" \/>\n<meta name=\"twitter:card\" content=\"summary_large_image\" \/>\n<meta name=\"twitter:label1\" content=\"Escrito por\" \/>\n\t<meta name=\"twitter:data1\" content=\"Kayo Silva\" \/>\n\t<meta name=\"twitter:label2\" content=\"Est. tempo de leitura\" \/>\n\t<meta name=\"twitter:data2\" content=\"3 minutos\" \/>\n<script type=\"application\/ld+json\" class=\"yoast-schema-graph\">{\"@context\":\"https:\/\/schema.org\",\"@graph\":[{\"@type\":\"NewsArticle\",\"@id\":\"https:\/\/www.gaveanews.com\/index.php\/2023\/11\/08\/atacante-do-flamengo-sofre-lesao-na-coxa\/#article\",\"isPartOf\":{\"@id\":\"https:\/\/www.gaveanews.com\/index.php\/2023\/11\/08\/atacante-do-flamengo-sofre-lesao-na-coxa\/\"},\"author\":{\"name\":\"Kayo Silva\",\"@id\":\"https:\/\/www.gaveanews.com\/#\/schema\/person\/51b3ba6a493cf9e7af9ce2c6d0d4ff1c\"},\"headline\":\"Atacante do Flamengo sofre les\u00e3o na coxa\",\"datePublished\":\"2023-11-08T18:56:12+00:00\",\"dateModified\":\"2023-11-08T18:56:33+00:00\",\"mainEntityOfPage\":{\"@id\":\"https:\/\/www.gaveanews.com\/index.php\/2023\/11\/08\/atacante-do-flamengo-sofre-lesao-na-coxa\/\"},\"wordCount\":437,\"commentCount\":0,\"image\":{\"@id\":\"https:\/\/www.gaveanews.com\/index.php\/2023\/11\/08\/atacante-do-flamengo-sofre-lesao-na-coxa\/#primaryimage\"},\"thumbnailUrl\":\"https:\/\/www.gaveanews.com\/wp-content\/uploads\/Marcio-Tannure-durante-coletiva-de-imprensa-no-Ninho-do-Urubu.webp\",\"articleSection\":[\"Flamengo\"],\"inLanguage\":\"pt-BR\",\"potentialAction\":[{\"@type\":\"CommentAction\",\"name\":\"Comment\",\"target\":[\"https:\/\/www.gaveanews.com\/index.php\/2023\/11\/08\/atacante-do-flamengo-sofre-lesao-na-coxa\/#respond\"]}],\"copyrightYear\":\"2023\",\"copyrightHolder\":{\"@id\":\"https:\/\/www.gaveanews.com\/#organization\"}},{\"@type\":\"WebPage\",\"@id\":\"https:\/\/www.gaveanews.com\/index.php\/2023\/11\/08\/atacante-do-flamengo-sofre-lesao-na-coxa\/\",\"url\":\"https:\/\/www.gaveanews.com\/index.php\/2023\/11\/08\/atacante-do-flamengo-sofre-lesao-na-coxa\/\",\"name\":\"Atacante do Flamengo sofre les\u00e3o na coxa\",\"isPartOf\":{\"@id\":\"https:\/\/www.gaveanews.com\/#website\"},\"primaryImageOfPage\":{\"@id\":\"https:\/\/www.gaveanews.com\/index.php\/2023\/11\/08\/atacante-do-flamengo-sofre-lesao-na-coxa\/#primaryimage\"},\"image\":{\"@id\":\"https:\/\/www.gaveanews.com\/index.php\/2023\/11\/08\/atacante-do-flamengo-sofre-lesao-na-coxa\/#primaryimage\"},\"thumbnailUrl\":\"https:\/\/www.gaveanews.com\/wp-content\/uploads\/Marcio-Tannure-durante-coletiva-de-imprensa-no-Ninho-do-Urubu.webp\",\"datePublished\":\"2023-11-08T18:56:12+00:00\",\"dateModified\":\"2023-11-08T18:56:33+00:00\",\"author\":{\"@id\":\"https:\/\/www.gaveanews.com\/#\/schema\/person\/51b3ba6a493cf9e7af9ce2c6d0d4ff1c\"},\"description\":\"A equipe do Flamengo desembarcou no Rio nesta ter\u00e7a-feira.\",\"breadcrumb\":{\"@id\":\"https:\/\/www.gaveanews.com\/index.php\/2023\/11\/08\/atacante-do-flamengo-sofre-lesao-na-coxa\/#breadcrumb\"},\"inLanguage\":\"pt-BR\",\"potentialAction\":[{\"@type\":\"ReadAction\",\"target\":[\"https:\/\/www.gaveanews.com\/index.php\/2023\/11\/08\/atacante-do-flamengo-sofre-lesao-na-coxa\/\"]}]},{\"@type\":\"ImageObject\",\"inLanguage\":\"pt-BR\",\"@id\":\"https:\/\/www.gaveanews.com\/index.php\/2023\/11\/08\/atacante-do-flamengo-sofre-lesao-na-coxa\/#primaryimage\",\"url\":\"https:\/\/www.gaveanews.com\/wp-content\/uploads\/Marcio-Tannure-durante-coletiva-de-imprensa-no-Ninho-do-Urubu.webp\",\"contentUrl\":\"https:\/\/www.gaveanews.com\/wp-content\/uploads\/Marcio-Tannure-durante-coletiva-de-imprensa-no-Ninho-do-Urubu.webp\",\"width\":900,\"height\":505,\"caption\":\"M\u00e1rcio Tannure durante coletiva de imprensa no Ninho do Urubu (Foto: Reprodu\u00e7\u00e3o\/FlaTV)\"},{\"@type\":\"BreadcrumbList\",\"@id\":\"https:\/\/www.gaveanews.com\/index.php\/2023\/11\/08\/atacante-do-flamengo-sofre-lesao-na-coxa\/#breadcrumb\",\"itemListElement\":[{\"@type\":\"ListItem\",\"position\":1,\"name\":\"Home\",\"item\":\"https:\/\/www.gaveanews.com\/\"},{\"@type\":\"ListItem\",\"position\":2,\"name\":\"Atacante do Flamengo sofre les\u00e3o na coxa\"}]},{\"@type\":\"WebSite\",\"@id\":\"https:\/\/www.gaveanews.com\/#website\",\"url\":\"https:\/\/www.gaveanews.com\/\",\"name\":\"G\u00e1vea News\",\"description\":\"Veja todas as not\u00edcias sobre o Flamengo: Contrata\u00e7\u00f5es, categorias de base, resultados das partidas, tabela de classifica\u00e7\u00e3o, pr\u00f3ximos jogos!\",\"potentialAction\":[{\"@type\":\"SearchAction\",\"target\":{\"@type\":\"EntryPoint\",\"urlTemplate\":\"https:\/\/www.gaveanews.com\/?s={search_term_string}\"},\"query-input\":{\"@type\":\"PropertyValueSpecification\",\"valueRequired\":true,\"valueName\":\"search_term_string\"}}],\"inLanguage\":\"pt-BR\"},{\"@type\":\"Person\",\"@id\":\"https:\/\/www.gaveanews.com\/#\/schema\/person\/51b3ba6a493cf9e7af9ce2c6d0d4ff1c\",\"name\":\"Kayo Silva\",\"image\":{\"@type\":\"ImageObject\",\"inLanguage\":\"pt-BR\",\"@id\":\"https:\/\/www.gaveanews.com\/#\/schema\/person\/image\/\",\"url\":\"https:\/\/secure.gravatar.com\/avatar\/af6d65cafc646a65c39c5fcb2a1ef51b863a81461770cfff553ec2fdd931c68c?s=96&d=mm&r=g\",\"contentUrl\":\"https:\/\/secure.gravatar.com\/avatar\/af6d65cafc646a65c39c5fcb2a1ef51b863a81461770cfff553ec2fdd931c68c?s=96&d=mm&r=g\",\"caption\":\"Kayo Silva\"}}]}<\/script>\n<!-- \/ Yoast SEO Premium plugin. -->","yoast_head_json":{"title":"Atacante do Flamengo sofre les\u00e3o na coxa","description":"A equipe do Flamengo desembarcou no Rio nesta ter\u00e7a-feira.","robots":{"index":"index","follow":"follow","max-snippet":"max-snippet:-1","max-image-preview":"max-image-preview:large","max-video-preview":"max-video-preview:-1"},"canonical":"https:\/\/www.gaveanews.com\/index.php\/2023\/11\/08\/atacante-do-flamengo-sofre-lesao-na-coxa\/","og_locale":"pt_BR","og_type":"article","og_title":"Atacante do Flamengo sofre les\u00e3o na coxa","og_description":"A equipe do Flamengo desembarcou no Rio nesta ter\u00e7a-feira.","og_url":"https:\/\/www.gaveanews.com\/index.php\/2023\/11\/08\/atacante-do-flamengo-sofre-lesao-na-coxa\/","og_site_name":"G\u00e1vea News","article_publisher":"https:\/\/facebook.com\/gaveaNews\/","article_published_time":"2023-11-08T18:56:12+00:00","article_modified_time":"2023-11-08T18:56:33+00:00","og_image":[{"width":900,"height":505,"url":"https:\/\/www.gaveanews.com\/wp-content\/uploads\/Marcio-Tannure-durante-coletiva-de-imprensa-no-Ninho-do-Urubu.webp","type":"image\/png"}],"author":"Kayo Silva","twitter_card":"summary_large_image","twitter_misc":{"Escrito por":"Kayo Silva","Est. tempo de leitura":"3 minutos"},"schema":{"@context":"https:\/\/schema.org","@graph":[{"@type":"NewsArticle","@id":"https:\/\/www.gaveanews.com\/index.php\/2023\/11\/08\/atacante-do-flamengo-sofre-lesao-na-coxa\/#article","isPartOf":{"@id":"https:\/\/www.gaveanews.com\/index.php\/2023\/11\/08\/atacante-do-flamengo-sofre-lesao-na-coxa\/"},"author":{"name":"Kayo Silva","@id":"https:\/\/www.gaveanews.com\/#\/schema\/person\/51b3ba6a493cf9e7af9ce2c6d0d4ff1c"},"headline":"Atacante do Flamengo sofre les\u00e3o na coxa","datePublished":"2023-11-08T18:56:12+00:00","dateModified":"2023-11-08T18:56:33+00:00","mainEntityOfPage":{"@id":"https:\/\/www.gaveanews.com\/index.php\/2023\/11\/08\/atacante-do-flamengo-sofre-lesao-na-coxa\/"},"wordCount":437,"commentCount":0,"image":{"@id":"https:\/\/www.gaveanews.com\/index.php\/2023\/11\/08\/atacante-do-flamengo-sofre-lesao-na-coxa\/#primaryimage"},"thumbnailUrl":"https:\/\/www.gaveanews.com\/wp-content\/uploads\/Marcio-Tannure-durante-coletiva-de-imprensa-no-Ninho-do-Urubu.webp","articleSection":["Flamengo"],"inLanguage":"pt-BR","potentialAction":[{"@type":"CommentAction","name":"Comment","target":["https:\/\/www.gaveanews.com\/index.php\/2023\/11\/08\/atacante-do-flamengo-sofre-lesao-na-coxa\/#respond"]}],"copyrightYear":"2023","copyrightHolder":{"@id":"https:\/\/www.gaveanews.com\/#organization"}},{"@type":"WebPage","@id":"https:\/\/www.gaveanews.com\/index.php\/2023\/11\/08\/atacante-do-flamengo-sofre-lesao-na-coxa\/","url":"https:\/\/www.gaveanews.com\/index.php\/2023\/11\/08\/atacante-do-flamengo-sofre-lesao-na-coxa\/","name":"Atacante do Flamengo sofre les\u00e3o na coxa","isPartOf":{"@id":"https:\/\/www.gaveanews.com\/#website"},"primaryImageOfPage":{"@id":"https:\/\/www.gaveanews.com\/index.php\/2023\/11\/08\/atacante-do-flamengo-sofre-lesao-na-coxa\/#primaryimage"},"image":{"@id":"https:\/\/www.gaveanews.com\/index.php\/2023\/11\/08\/atacante-do-flamengo-sofre-lesao-na-coxa\/#primaryimage"},"thumbnailUrl":"https:\/\/www.gaveanews.com\/wp-content\/uploads\/Marcio-Tannure-durante-coletiva-de-imprensa-no-Ninho-do-Urubu.webp","datePublished":"2023-11-08T18:56:12+00:00","dateModified":"2023-11-08T18:56:33+00:00","author":{"@id":"https:\/\/www.gaveanews.com\/#\/schema\/person\/51b3ba6a493cf9e7af9ce2c6d0d4ff1c"},"description":"A equipe do Flamengo desembarcou no Rio nesta ter\u00e7a-feira.","breadcrumb":{"@id":"https:\/\/www.gaveanews.com\/index.php\/2023\/11\/08\/atacante-do-flamengo-sofre-lesao-na-coxa\/#breadcrumb"},"inLanguage":"pt-BR","potentialAction":[{"@type":"ReadAction","target":["https:\/\/www.gaveanews.com\/index.php\/2023\/11\/08\/atacante-do-flamengo-sofre-lesao-na-coxa\/"]}]},{"@type":"ImageObject","inLanguage":"pt-BR","@id":"https:\/\/www.gaveanews.com\/index.php\/2023\/11\/08\/atacante-do-flamengo-sofre-lesao-na-coxa\/#primaryimage","url":"https:\/\/www.gaveanews.com\/wp-content\/uploads\/Marcio-Tannure-durante-coletiva-de-imprensa-no-Ninho-do-Urubu.webp","contentUrl":"https:\/\/www.gaveanews.com\/wp-content\/uploads\/Marcio-Tannure-durante-coletiva-de-imprensa-no-Ninho-do-Urubu.webp","width":900,"height":505,"caption":"M\u00e1rcio Tannure durante coletiva de imprensa no Ninho do Urubu (Foto: Reprodu\u00e7\u00e3o\/FlaTV)"},{"@type":"BreadcrumbList","@id":"https:\/\/www.gaveanews.com\/index.php\/2023\/11\/08\/atacante-do-flamengo-sofre-lesao-na-coxa\/#breadcrumb","itemListElement":[{"@type":"ListItem","position":1,"name":"Home","item":"https:\/\/www.gaveanews.com\/"},{"@type":"ListItem","position":2,"name":"Atacante do Flamengo sofre les\u00e3o na coxa"}]},{"@type":"WebSite","@id":"https:\/\/www.gaveanews.com\/#website","url":"https:\/\/www.gaveanews.com\/","name":"G\u00e1vea News","description":"Veja todas as not\u00edcias sobre o Flamengo: Contrata\u00e7\u00f5es, categorias de base, resultados das partidas, tabela de classifica\u00e7\u00e3o, pr\u00f3ximos jogos!","potentialAction":[{"@type":"SearchAction","target":{"@type":"EntryPoint","urlTemplate":"https:\/\/www.gaveanews.com\/?s={search_term_string}"},"query-input":{"@type":"PropertyValueSpecification","valueRequired":true,"valueName":"search_term_string"}}],"inLanguage":"pt-BR"},{"@type":"Person","@id":"https:\/\/www.gaveanews.com\/#\/schema\/person\/51b3ba6a493cf9e7af9ce2c6d0d4ff1c","name":"Kayo Silva","image":{"@type":"ImageObject","inLanguage":"pt-BR","@id":"https:\/\/www.gaveanews.com\/#\/schema\/person\/image\/","url":"https:\/\/secure.gravatar.com\/avatar\/af6d65cafc646a65c39c5fcb2a1ef51b863a81461770cfff553ec2fdd931c68c?s=96&d=mm&r=g","contentUrl":"https:\/\/secure.gravatar.com\/avatar\/af6d65cafc646a65c39c5fcb2a1ef51b863a81461770cfff553ec2fdd931c68c?s=96&d=mm&r=g","caption":"Kayo Silva"}}]}},"_links":{"self":[{"href":"https:\/\/www.gaveanews.com\/index.php\/wp-json\/wp\/v2\/posts\/110808","targetHints":{"allow":["GET"]}}],"collection":[{"href":"https:\/\/www.gaveanews.com\/index.php\/wp-json\/wp\/v2\/posts"}],"about":[{"href":"https:\/\/www.gaveanews.com\/index.php\/wp-json\/wp\/v2\/types\/post"}],"author":[{"embeddable":true,"href":"https:\/\/www.gaveanews.com\/index.php\/wp-json\/wp\/v2\/users\/10"}],"replies":[{"embeddable":true,"href":"https:\/\/www.gaveanews.com\/index.php\/wp-json\/wp\/v2\/comments?post=110808"}],"version-history":[{"count":0,"href":"https:\/\/www.gaveanews.com\/index.php\/wp-json\/wp\/v2\/posts\/110808\/revisions"}],"wp:featuredmedia":[{"embeddable":true,"href":"https:\/\/www.gaveanews.com\/index.php\/wp-json\/wp\/v2\/media\/52639"}],"wp:attachment":[{"href":"https:\/\/www.gaveanews.com\/index.php\/wp-json\/wp\/v2\/media?parent=110808"}],"wp:term":[{"taxonomy":"category","embeddable":true,"href":"https:\/\/www.gaveanews.com\/index.php\/wp-json\/wp\/v2\/categories?post=110808"},{"taxonomy":"post_tag","embeddable":true,"href":"https:\/\/www.gaveanews.com\/index.php\/wp-json\/wp\/v2\/tags?post=110808"}],"curies":[{"name":"wp","href":"https:\/\/api.w.org\/{rel}","templated":true}]}}