{"id":111362,"date":"2023-11-13T06:11:34","date_gmt":"2023-11-13T09:11:34","guid":{"rendered":"https:\/\/www.gaveanews.com\/?p=111362"},"modified":"2023-11-13T06:11:36","modified_gmt":"2023-11-13T09:11:36","slug":"atacante-do-manchester-united-e-oferecido-ao-real-madrid","status":"publish","type":"post","link":"https:\/\/www.gaveanews.com\/index.php\/2023\/11\/13\/atacante-do-manchester-united-e-oferecido-ao-real-madrid\/","title":{"rendered":"Atacante do Manchester United \u00e9 oferecido ao Real Madrid"},"content":{"rendered":"\n<p>Jadon Sancho, o atacante do Manchester United, encontra-se em uma situa\u00e7\u00e3o profissionalmente delicada. Afastado do time devido a um desentendimento com o treinador Erik Ten Hag, ele tem enfrentado dificuldades tanto em campo quanto fora dele. Seu desempenho no clube ingl\u00eas desde sua chegada n\u00e3o atendeu \u00e0s expectativas, levando a problemas disciplinares que resultaram em treinos separados de seus companheiros de equipe.<\/p>\n\n\n\n<figure class=\"wp-block-image size-large\"><img loading=\"lazy\" decoding=\"async\" width=\"1024\" height=\"685\" src=\"https:\/\/www.gaveanews.com\/wp-content\/uploads\/Jadon-Sancho-em-acao-pelo-Manchester-United-1024x685.webp\" alt=\"\" class=\"wp-image-111364\" srcset=\"https:\/\/www.gaveanews.com\/wp-content\/uploads\/Jadon-Sancho-em-acao-pelo-Manchester-United-1024x685.webp 1024w, https:\/\/www.gaveanews.com\/wp-content\/uploads\/Jadon-Sancho-em-acao-pelo-Manchester-United-300x201.webp 300w, https:\/\/www.gaveanews.com\/wp-content\/uploads\/Jadon-Sancho-em-acao-pelo-Manchester-United-768x514.webp 768w, https:\/\/www.gaveanews.com\/wp-content\/uploads\/Jadon-Sancho-em-acao-pelo-Manchester-United-628x420.webp 628w, https:\/\/www.gaveanews.com\/wp-content\/uploads\/Jadon-Sancho-em-acao-pelo-Manchester-United-537x360.webp 537w, https:\/\/www.gaveanews.com\/wp-content\/uploads\/Jadon-Sancho-em-acao-pelo-Manchester-United-1074x720.webp 1074w, https:\/\/www.gaveanews.com\/wp-content\/uploads\/Jadon-Sancho-em-acao-pelo-Manchester-United-640x428.webp 640w, https:\/\/www.gaveanews.com\/wp-content\/uploads\/Jadon-Sancho-em-acao-pelo-Manchester-United-681x456.webp 681w, https:\/\/www.gaveanews.com\/wp-content\/uploads\/Jadon-Sancho-em-acao-pelo-Manchester-United-100x67.webp 100w, https:\/\/www.gaveanews.com\/wp-content\/uploads\/Jadon-Sancho-em-acao-pelo-Manchester-United.webp 1200w\" sizes=\"auto, (max-width: 1024px) 100vw, 1024px\" \/><figcaption class=\"wp-element-caption\">Jadon Sancho em a\u00e7\u00e3o pelo Manchester United (Foto: Reprodu\u00e7\u00e3o\/Twitter)<\/figcaption><\/figure>\n\n\n\n<p>Neste cen\u00e1rio, o futuro de Sancho no Manchester United parece incerto. O clube, buscando alternativas, ofereceu o jogador a v\u00e1rios gigantes do futebol europeu, incluindo o Real Madrid. A proposta inclui uma cess\u00e3o at\u00e9 o final da temporada, embora o Real Madrid, apesar de ter relat\u00f3rios positivos sobre Sancho desde seus dias no Borussia Dortmund, n\u00e3o mostre interesse imediato em adquiri-lo. O clube espanhol mant\u00e9m uma postura cautelosa no mercado de transfer\u00eancias de janeiro, disposto a fazer movimenta\u00e7\u00f5es apenas em caso de les\u00f5es s\u00e9rias em seus jogadores principais, como Vinicius, Rodrygo ou Bellingham.<\/p>\n\n\n\n<p>Curiosamente, Jude Bellingham, atualmente no Real Madrid e amigo pr\u00f3ximo de Sancho, poderia ter uma influ\u00eancia positiva na eventual transi\u00e7\u00e3o de Sancho para o clube espanhol. Os dois compartilharam experi\u00eancias tanto na sele\u00e7\u00e3o inglesa quanto no Borussia Dortmund e t\u00eam uma boa rela\u00e7\u00e3o.<\/p>\n\n\n\n<p>Enquanto isso, o Manchester United est\u00e1 tentando recuperar parte do investimento significativo feito na contrata\u00e7\u00e3o de Sancho, cerca de 85 milh\u00f5es de euros. Com um contrato vigente at\u00e9 2026, a situa\u00e7\u00e3o de Sancho permanece em aberto, dependendo tanto das din\u00e2micas do mercado de transfer\u00eancias quanto das decis\u00f5es estrat\u00e9gicas dos clubes envolvidos. A \u00fanica certeza \u00e9 que, pelo menos por enquanto, Sancho n\u00e3o dever\u00e1 retornar ao campo pelo Manchester United sob a lideran\u00e7a de Ten Hag.<\/p>\n","protected":false},"excerpt":{"rendered":"<p>Jadon Sancho, o atacante do Manchester United, encontra-se em uma situa\u00e7\u00e3o profissionalmente delicada. Afastado do time devido a um desentendimento com o treinador Erik Ten Hag, ele tem enfrentado dificuldades tanto em campo quanto fora dele. Seu desempenho no clube ingl\u00eas desde sua chegada n\u00e3o atendeu \u00e0s expectativas, levando a problemas disciplinares que resultaram em [&hellip;]<\/p>\n","protected":false},"author":1,"featured_media":110238,"comment_status":"open","ping_status":"closed","sticky":false,"template":"","format":"standard","meta":{"footnotes":""},"categories":[1],"tags":[],"class_list":["post-111362","post","type-post","status-publish","format-standard","has-post-thumbnail","hentry","category-flamengo"],"yoast_head":"<!-- This site is optimized with the Yoast SEO Premium plugin v24.2 (Yoast SEO v26.9) - https:\/\/yoast.com\/product\/yoast-seo-premium-wordpress\/ -->\n<title>Atacante do Manchester United \u00e9 oferecido ao Real Madrid<\/title>\n<meta name=\"description\" content=\"Confira as principais not\u00edcias e informa\u00e7\u00f5es sobre o time do Real Madrid e do Manchester United em nosso portal.\" \/>\n<meta name=\"robots\" content=\"index, follow, max-snippet:-1, max-image-preview:large, max-video-preview:-1\" \/>\n<link rel=\"canonical\" href=\"https:\/\/www.gaveanews.com\/index.php\/2023\/11\/13\/atacante-do-manchester-united-e-oferecido-ao-real-madrid\/\" \/>\n<meta property=\"og:locale\" content=\"pt_BR\" \/>\n<meta property=\"og:type\" content=\"article\" \/>\n<meta property=\"og:title\" content=\"Atacante do Manchester United \u00e9 oferecido ao Real Madrid\" \/>\n<meta property=\"og:description\" content=\"Confira as principais not\u00edcias e informa\u00e7\u00f5es sobre o time do Real Madrid e do Manchester United em nosso portal.\" \/>\n<meta property=\"og:url\" content=\"https:\/\/www.gaveanews.com\/index.php\/2023\/11\/13\/atacante-do-manchester-united-e-oferecido-ao-real-madrid\/\" \/>\n<meta property=\"og:site_name\" content=\"G\u00e1vea News\" \/>\n<meta property=\"article:publisher\" content=\"https:\/\/facebook.com\/gaveaNews\/\" \/>\n<meta property=\"article:published_time\" content=\"2023-11-13T09:11:34+00:00\" \/>\n<meta property=\"article:modified_time\" content=\"2023-11-13T09:11:36+00:00\" \/>\n<meta property=\"og:image\" content=\"https:\/\/www.gaveanews.com\/wp-content\/uploads\/Florentino-Perez-posa-para-foto-apos-o-Real-Madrid-ganhar-sua-14a-Champions-League.webp\" \/>\n\t<meta property=\"og:image:width\" content=\"1920\" \/>\n\t<meta property=\"og:image:height\" content=\"1080\" \/>\n\t<meta property=\"og:image:type\" content=\"image\/jpeg\" \/>\n<meta name=\"author\" content=\"Equipe G\u00e1vea News\" \/>\n<meta name=\"twitter:card\" content=\"summary_large_image\" \/>\n<meta name=\"twitter:label1\" content=\"Escrito por\" \/>\n\t<meta name=\"twitter:data1\" content=\"Equipe G\u00e1vea News\" \/>\n\t<meta name=\"twitter:label2\" content=\"Est. tempo de leitura\" \/>\n\t<meta name=\"twitter:data2\" content=\"2 minutos\" \/>\n<script type=\"application\/ld+json\" class=\"yoast-schema-graph\">{\"@context\":\"https:\/\/schema.org\",\"@graph\":[{\"@type\":\"NewsArticle\",\"@id\":\"https:\/\/www.gaveanews.com\/index.php\/2023\/11\/13\/atacante-do-manchester-united-e-oferecido-ao-real-madrid\/#article\",\"isPartOf\":{\"@id\":\"https:\/\/www.gaveanews.com\/index.php\/2023\/11\/13\/atacante-do-manchester-united-e-oferecido-ao-real-madrid\/\"},\"author\":{\"name\":\"Equipe G\u00e1vea News\",\"@id\":\"https:\/\/www.gaveanews.com\/#\/schema\/person\/2ec14f73fb96be2caf28f91afb14749d\"},\"headline\":\"Atacante do Manchester United \u00e9 oferecido ao Real Madrid\",\"datePublished\":\"2023-11-13T09:11:34+00:00\",\"dateModified\":\"2023-11-13T09:11:36+00:00\",\"mainEntityOfPage\":{\"@id\":\"https:\/\/www.gaveanews.com\/index.php\/2023\/11\/13\/atacante-do-manchester-united-e-oferecido-ao-real-madrid\/\"},\"wordCount\":319,\"commentCount\":0,\"image\":{\"@id\":\"https:\/\/www.gaveanews.com\/index.php\/2023\/11\/13\/atacante-do-manchester-united-e-oferecido-ao-real-madrid\/#primaryimage\"},\"thumbnailUrl\":\"https:\/\/www.gaveanews.com\/wp-content\/uploads\/Florentino-Perez-posa-para-foto-apos-o-Real-Madrid-ganhar-sua-14a-Champions-League.webp\",\"articleSection\":[\"Flamengo\"],\"inLanguage\":\"pt-BR\",\"potentialAction\":[{\"@type\":\"CommentAction\",\"name\":\"Comment\",\"target\":[\"https:\/\/www.gaveanews.com\/index.php\/2023\/11\/13\/atacante-do-manchester-united-e-oferecido-ao-real-madrid\/#respond\"]}],\"copyrightYear\":\"2023\",\"copyrightHolder\":{\"@id\":\"https:\/\/www.gaveanews.com\/#organization\"}},{\"@type\":\"WebPage\",\"@id\":\"https:\/\/www.gaveanews.com\/index.php\/2023\/11\/13\/atacante-do-manchester-united-e-oferecido-ao-real-madrid\/\",\"url\":\"https:\/\/www.gaveanews.com\/index.php\/2023\/11\/13\/atacante-do-manchester-united-e-oferecido-ao-real-madrid\/\",\"name\":\"Atacante do Manchester United \u00e9 oferecido ao Real Madrid\",\"isPartOf\":{\"@id\":\"https:\/\/www.gaveanews.com\/#website\"},\"primaryImageOfPage\":{\"@id\":\"https:\/\/www.gaveanews.com\/index.php\/2023\/11\/13\/atacante-do-manchester-united-e-oferecido-ao-real-madrid\/#primaryimage\"},\"image\":{\"@id\":\"https:\/\/www.gaveanews.com\/index.php\/2023\/11\/13\/atacante-do-manchester-united-e-oferecido-ao-real-madrid\/#primaryimage\"},\"thumbnailUrl\":\"https:\/\/www.gaveanews.com\/wp-content\/uploads\/Florentino-Perez-posa-para-foto-apos-o-Real-Madrid-ganhar-sua-14a-Champions-League.webp\",\"datePublished\":\"2023-11-13T09:11:34+00:00\",\"dateModified\":\"2023-11-13T09:11:36+00:00\",\"author\":{\"@id\":\"https:\/\/www.gaveanews.com\/#\/schema\/person\/2ec14f73fb96be2caf28f91afb14749d\"},\"description\":\"Confira as principais not\u00edcias e informa\u00e7\u00f5es sobre o time do Real Madrid e do Manchester United em nosso portal.\",\"breadcrumb\":{\"@id\":\"https:\/\/www.gaveanews.com\/index.php\/2023\/11\/13\/atacante-do-manchester-united-e-oferecido-ao-real-madrid\/#breadcrumb\"},\"inLanguage\":\"pt-BR\",\"potentialAction\":[{\"@type\":\"ReadAction\",\"target\":[\"https:\/\/www.gaveanews.com\/index.php\/2023\/11\/13\/atacante-do-manchester-united-e-oferecido-ao-real-madrid\/\"]}]},{\"@type\":\"ImageObject\",\"inLanguage\":\"pt-BR\",\"@id\":\"https:\/\/www.gaveanews.com\/index.php\/2023\/11\/13\/atacante-do-manchester-united-e-oferecido-ao-real-madrid\/#primaryimage\",\"url\":\"https:\/\/www.gaveanews.com\/wp-content\/uploads\/Florentino-Perez-posa-para-foto-apos-o-Real-Madrid-ganhar-sua-14a-Champions-League.webp\",\"contentUrl\":\"https:\/\/www.gaveanews.com\/wp-content\/uploads\/Florentino-Perez-posa-para-foto-apos-o-Real-Madrid-ganhar-sua-14a-Champions-League.webp\",\"width\":1920,\"height\":1080,\"caption\":\"Florentino P\u00e9rez posa para foto ap\u00f3s o Real Madrid ganhar sua 14\u00aa Champions League (Foto: Reprodu\u00e7\u00e3o\/Real Madrid)\"},{\"@type\":\"BreadcrumbList\",\"@id\":\"https:\/\/www.gaveanews.com\/index.php\/2023\/11\/13\/atacante-do-manchester-united-e-oferecido-ao-real-madrid\/#breadcrumb\",\"itemListElement\":[{\"@type\":\"ListItem\",\"position\":1,\"name\":\"Home\",\"item\":\"https:\/\/www.gaveanews.com\/\"},{\"@type\":\"ListItem\",\"position\":2,\"name\":\"Atacante do Manchester United \u00e9 oferecido ao Real Madrid\"}]},{\"@type\":\"WebSite\",\"@id\":\"https:\/\/www.gaveanews.com\/#website\",\"url\":\"https:\/\/www.gaveanews.com\/\",\"name\":\"G\u00e1vea News\",\"description\":\"Veja todas as not\u00edcias sobre o Flamengo: Contrata\u00e7\u00f5es, categorias de base, resultados das partidas, tabela de classifica\u00e7\u00e3o, pr\u00f3ximos jogos!\",\"potentialAction\":[{\"@type\":\"SearchAction\",\"target\":{\"@type\":\"EntryPoint\",\"urlTemplate\":\"https:\/\/www.gaveanews.com\/?s={search_term_string}\"},\"query-input\":{\"@type\":\"PropertyValueSpecification\",\"valueRequired\":true,\"valueName\":\"search_term_string\"}}],\"inLanguage\":\"pt-BR\"},{\"@type\":\"Person\",\"@id\":\"https:\/\/www.gaveanews.com\/#\/schema\/person\/2ec14f73fb96be2caf28f91afb14749d\",\"name\":\"Equipe G\u00e1vea News\",\"image\":{\"@type\":\"ImageObject\",\"inLanguage\":\"pt-BR\",\"@id\":\"https:\/\/www.gaveanews.com\/#\/schema\/person\/image\/\",\"url\":\"https:\/\/secure.gravatar.com\/avatar\/1e1956f1facbffd3f8fa53a326721950116b3b9dc9bd44939c01180fd4a745a9?s=96&d=mm&r=g\",\"contentUrl\":\"https:\/\/secure.gravatar.com\/avatar\/1e1956f1facbffd3f8fa53a326721950116b3b9dc9bd44939c01180fd4a745a9?s=96&d=mm&r=g\",\"caption\":\"Equipe G\u00e1vea News\"}}]}<\/script>\n<!-- \/ Yoast SEO Premium plugin. -->","yoast_head_json":{"title":"Atacante do Manchester United \u00e9 oferecido ao Real Madrid","description":"Confira as principais not\u00edcias e informa\u00e7\u00f5es sobre o time do Real Madrid e do Manchester United em nosso portal.","robots":{"index":"index","follow":"follow","max-snippet":"max-snippet:-1","max-image-preview":"max-image-preview:large","max-video-preview":"max-video-preview:-1"},"canonical":"https:\/\/www.gaveanews.com\/index.php\/2023\/11\/13\/atacante-do-manchester-united-e-oferecido-ao-real-madrid\/","og_locale":"pt_BR","og_type":"article","og_title":"Atacante do Manchester United \u00e9 oferecido ao Real Madrid","og_description":"Confira as principais not\u00edcias e informa\u00e7\u00f5es sobre o time do Real Madrid e do Manchester United em nosso portal.","og_url":"https:\/\/www.gaveanews.com\/index.php\/2023\/11\/13\/atacante-do-manchester-united-e-oferecido-ao-real-madrid\/","og_site_name":"G\u00e1vea News","article_publisher":"https:\/\/facebook.com\/gaveaNews\/","article_published_time":"2023-11-13T09:11:34+00:00","article_modified_time":"2023-11-13T09:11:36+00:00","og_image":[{"width":1920,"height":1080,"url":"https:\/\/www.gaveanews.com\/wp-content\/uploads\/Florentino-Perez-posa-para-foto-apos-o-Real-Madrid-ganhar-sua-14a-Champions-League.webp","type":"image\/jpeg"}],"author":"Equipe G\u00e1vea News","twitter_card":"summary_large_image","twitter_misc":{"Escrito por":"Equipe G\u00e1vea News","Est. tempo de leitura":"2 minutos"},"schema":{"@context":"https:\/\/schema.org","@graph":[{"@type":"NewsArticle","@id":"https:\/\/www.gaveanews.com\/index.php\/2023\/11\/13\/atacante-do-manchester-united-e-oferecido-ao-real-madrid\/#article","isPartOf":{"@id":"https:\/\/www.gaveanews.com\/index.php\/2023\/11\/13\/atacante-do-manchester-united-e-oferecido-ao-real-madrid\/"},"author":{"name":"Equipe G\u00e1vea News","@id":"https:\/\/www.gaveanews.com\/#\/schema\/person\/2ec14f73fb96be2caf28f91afb14749d"},"headline":"Atacante do Manchester United \u00e9 oferecido ao Real Madrid","datePublished":"2023-11-13T09:11:34+00:00","dateModified":"2023-11-13T09:11:36+00:00","mainEntityOfPage":{"@id":"https:\/\/www.gaveanews.com\/index.php\/2023\/11\/13\/atacante-do-manchester-united-e-oferecido-ao-real-madrid\/"},"wordCount":319,"commentCount":0,"image":{"@id":"https:\/\/www.gaveanews.com\/index.php\/2023\/11\/13\/atacante-do-manchester-united-e-oferecido-ao-real-madrid\/#primaryimage"},"thumbnailUrl":"https:\/\/www.gaveanews.com\/wp-content\/uploads\/Florentino-Perez-posa-para-foto-apos-o-Real-Madrid-ganhar-sua-14a-Champions-League.webp","articleSection":["Flamengo"],"inLanguage":"pt-BR","potentialAction":[{"@type":"CommentAction","name":"Comment","target":["https:\/\/www.gaveanews.com\/index.php\/2023\/11\/13\/atacante-do-manchester-united-e-oferecido-ao-real-madrid\/#respond"]}],"copyrightYear":"2023","copyrightHolder":{"@id":"https:\/\/www.gaveanews.com\/#organization"}},{"@type":"WebPage","@id":"https:\/\/www.gaveanews.com\/index.php\/2023\/11\/13\/atacante-do-manchester-united-e-oferecido-ao-real-madrid\/","url":"https:\/\/www.gaveanews.com\/index.php\/2023\/11\/13\/atacante-do-manchester-united-e-oferecido-ao-real-madrid\/","name":"Atacante do Manchester United \u00e9 oferecido ao Real Madrid","isPartOf":{"@id":"https:\/\/www.gaveanews.com\/#website"},"primaryImageOfPage":{"@id":"https:\/\/www.gaveanews.com\/index.php\/2023\/11\/13\/atacante-do-manchester-united-e-oferecido-ao-real-madrid\/#primaryimage"},"image":{"@id":"https:\/\/www.gaveanews.com\/index.php\/2023\/11\/13\/atacante-do-manchester-united-e-oferecido-ao-real-madrid\/#primaryimage"},"thumbnailUrl":"https:\/\/www.gaveanews.com\/wp-content\/uploads\/Florentino-Perez-posa-para-foto-apos-o-Real-Madrid-ganhar-sua-14a-Champions-League.webp","datePublished":"2023-11-13T09:11:34+00:00","dateModified":"2023-11-13T09:11:36+00:00","author":{"@id":"https:\/\/www.gaveanews.com\/#\/schema\/person\/2ec14f73fb96be2caf28f91afb14749d"},"description":"Confira as principais not\u00edcias e informa\u00e7\u00f5es sobre o time do Real Madrid e do Manchester United em nosso portal.","breadcrumb":{"@id":"https:\/\/www.gaveanews.com\/index.php\/2023\/11\/13\/atacante-do-manchester-united-e-oferecido-ao-real-madrid\/#breadcrumb"},"inLanguage":"pt-BR","potentialAction":[{"@type":"ReadAction","target":["https:\/\/www.gaveanews.com\/index.php\/2023\/11\/13\/atacante-do-manchester-united-e-oferecido-ao-real-madrid\/"]}]},{"@type":"ImageObject","inLanguage":"pt-BR","@id":"https:\/\/www.gaveanews.com\/index.php\/2023\/11\/13\/atacante-do-manchester-united-e-oferecido-ao-real-madrid\/#primaryimage","url":"https:\/\/www.gaveanews.com\/wp-content\/uploads\/Florentino-Perez-posa-para-foto-apos-o-Real-Madrid-ganhar-sua-14a-Champions-League.webp","contentUrl":"https:\/\/www.gaveanews.com\/wp-content\/uploads\/Florentino-Perez-posa-para-foto-apos-o-Real-Madrid-ganhar-sua-14a-Champions-League.webp","width":1920,"height":1080,"caption":"Florentino P\u00e9rez posa para foto ap\u00f3s o Real Madrid ganhar sua 14\u00aa Champions League (Foto: Reprodu\u00e7\u00e3o\/Real Madrid)"},{"@type":"BreadcrumbList","@id":"https:\/\/www.gaveanews.com\/index.php\/2023\/11\/13\/atacante-do-manchester-united-e-oferecido-ao-real-madrid\/#breadcrumb","itemListElement":[{"@type":"ListItem","position":1,"name":"Home","item":"https:\/\/www.gaveanews.com\/"},{"@type":"ListItem","position":2,"name":"Atacante do Manchester United \u00e9 oferecido ao Real Madrid"}]},{"@type":"WebSite","@id":"https:\/\/www.gaveanews.com\/#website","url":"https:\/\/www.gaveanews.com\/","name":"G\u00e1vea News","description":"Veja todas as not\u00edcias sobre o Flamengo: Contrata\u00e7\u00f5es, categorias de base, resultados das partidas, tabela de classifica\u00e7\u00e3o, pr\u00f3ximos jogos!","potentialAction":[{"@type":"SearchAction","target":{"@type":"EntryPoint","urlTemplate":"https:\/\/www.gaveanews.com\/?s={search_term_string}"},"query-input":{"@type":"PropertyValueSpecification","valueRequired":true,"valueName":"search_term_string"}}],"inLanguage":"pt-BR"},{"@type":"Person","@id":"https:\/\/www.gaveanews.com\/#\/schema\/person\/2ec14f73fb96be2caf28f91afb14749d","name":"Equipe G\u00e1vea News","image":{"@type":"ImageObject","inLanguage":"pt-BR","@id":"https:\/\/www.gaveanews.com\/#\/schema\/person\/image\/","url":"https:\/\/secure.gravatar.com\/avatar\/1e1956f1facbffd3f8fa53a326721950116b3b9dc9bd44939c01180fd4a745a9?s=96&d=mm&r=g","contentUrl":"https:\/\/secure.gravatar.com\/avatar\/1e1956f1facbffd3f8fa53a326721950116b3b9dc9bd44939c01180fd4a745a9?s=96&d=mm&r=g","caption":"Equipe G\u00e1vea News"}}]}},"_links":{"self":[{"href":"https:\/\/www.gaveanews.com\/index.php\/wp-json\/wp\/v2\/posts\/111362","targetHints":{"allow":["GET"]}}],"collection":[{"href":"https:\/\/www.gaveanews.com\/index.php\/wp-json\/wp\/v2\/posts"}],"about":[{"href":"https:\/\/www.gaveanews.com\/index.php\/wp-json\/wp\/v2\/types\/post"}],"author":[{"embeddable":true,"href":"https:\/\/www.gaveanews.com\/index.php\/wp-json\/wp\/v2\/users\/1"}],"replies":[{"embeddable":true,"href":"https:\/\/www.gaveanews.com\/index.php\/wp-json\/wp\/v2\/comments?post=111362"}],"version-history":[{"count":0,"href":"https:\/\/www.gaveanews.com\/index.php\/wp-json\/wp\/v2\/posts\/111362\/revisions"}],"wp:featuredmedia":[{"embeddable":true,"href":"https:\/\/www.gaveanews.com\/index.php\/wp-json\/wp\/v2\/media\/110238"}],"wp:attachment":[{"href":"https:\/\/www.gaveanews.com\/index.php\/wp-json\/wp\/v2\/media?parent=111362"}],"wp:term":[{"taxonomy":"category","embeddable":true,"href":"https:\/\/www.gaveanews.com\/index.php\/wp-json\/wp\/v2\/categories?post=111362"},{"taxonomy":"post_tag","embeddable":true,"href":"https:\/\/www.gaveanews.com\/index.php\/wp-json\/wp\/v2\/tags?post=111362"}],"curies":[{"name":"wp","href":"https:\/\/api.w.org\/{rel}","templated":true}]}}