{"id":111368,"date":"2023-11-13T06:17:41","date_gmt":"2023-11-13T09:17:41","guid":{"rendered":"https:\/\/www.gaveanews.com\/?p=111368"},"modified":"2024-04-06T23:21:56","modified_gmt":"2024-04-07T02:21:56","slug":"jornalista-pede-para-tite-parar-de-utilizar-dois-jogadores-do-flamengo","status":"publish","type":"post","link":"https:\/\/www.gaveanews.com\/index.php\/2023\/11\/13\/jornalista-pede-para-tite-parar-de-utilizar-dois-jogadores-do-flamengo\/","title":{"rendered":"Jornalista pede para Tite parar de utilizar 2 jogadores do Flamengo"},"content":{"rendered":"\n<p>No recente cl\u00e1ssico entre Flamengo e Fluminense, realizado no Maracan\u00e3, o atacante Gabigol, do Flamengo, tornou-se o centro das aten\u00e7\u00f5es, mas por motivos negativos. Sua expuls\u00e3o nos minutos finais do jogo provocou cr\u00edticas severas, principalmente do jornalista Renato Maur\u00edcio Prado. Em suas redes sociais, Prado n\u00e3o poupou palavras ao descrever Gabigol como um &#8220;ex-jogador em atividade&#8221;, criticando duramente a postura e a performance do jogador.<\/p>\n\n\n\n<p>Gabigol, que entrou em campo no segundo tempo substituindo Pedro, teve pouco impacto no jogo. Sua participa\u00e7\u00e3o culminou em um confronto com Nino, zagueiro do Fluminense, nos acr\u00e9scimos do jogo. Esse incidente n\u00e3o s\u00f3 resultou na expuls\u00e3o de ambos os jogadores, mas tamb\u00e9m paralisou o jogo por cerca de cinco minutos, em um momento crucial quando o Flamengo come\u00e7ava a mostrar uma melhora na partida.<\/p>\n\n\n\n<p>Al\u00e9m de Gabi, Renato afirmou que Tite deve esquecer e parar de utilizar o meia Everton Ribeiro: &#8220;Gabriel virou ex-jogador em atividade. E ainda arruma expuls\u00e3o e confus\u00e3o pra acabar o tempo. Vai tomar banho! n\u00e3o era pra ter tirado o Pedro. Esquece o Gabriel, Tite. Everton Ribeiro \u00e9 outro, esquece!&#8221;, escreveu Renato Maur\u00edcio Prado nas redes sociais.<\/p>\n","protected":false},"excerpt":{"rendered":"<p>No recente cl\u00e1ssico entre Flamengo e Fluminense, realizado no Maracan\u00e3, o atacante Gabigol, do Flamengo, tornou-se o centro das aten\u00e7\u00f5es, mas por motivos negativos. Sua expuls\u00e3o nos minutos finais do jogo provocou cr\u00edticas severas, principalmente do jornalista Renato Maur\u00edcio Prado. Em suas redes sociais, Prado n\u00e3o poupou palavras ao descrever Gabigol como um &#8220;ex-jogador em [&hellip;]<\/p>\n","protected":false},"author":1,"featured_media":109372,"comment_status":"open","ping_status":"closed","sticky":false,"template":"","format":"standard","meta":{"footnotes":""},"categories":[1],"tags":[171],"class_list":["post-111368","post","type-post","status-publish","format-standard","has-post-thumbnail","hentry","category-flamengo","tag-adenor-leonardo-bachi-tite"],"yoast_head":"<!-- This site is optimized with the Yoast SEO Premium plugin v24.2 (Yoast SEO v26.9) - https:\/\/yoast.com\/product\/yoast-seo-premium-wordpress\/ -->\n<title>Jornalista pede para Tite parar de utilizar 2 jogadores do Flamengo<\/title>\n<meta name=\"robots\" content=\"index, follow, max-snippet:-1, max-image-preview:large, max-video-preview:-1\" \/>\n<link rel=\"canonical\" href=\"https:\/\/www.gaveanews.com\/index.php\/2023\/11\/13\/jornalista-pede-para-tite-parar-de-utilizar-dois-jogadores-do-flamengo\/\" \/>\n<meta property=\"og:locale\" content=\"pt_BR\" \/>\n<meta property=\"og:type\" content=\"article\" \/>\n<meta property=\"og:title\" content=\"Jornalista pede para Tite parar de utilizar 2 jogadores do Flamengo\" \/>\n<meta property=\"og:description\" content=\"No recente cl\u00e1ssico entre Flamengo e Fluminense, realizado no Maracan\u00e3, o atacante Gabigol, do Flamengo, tornou-se o centro das aten\u00e7\u00f5es, mas por motivos negativos. Sua expuls\u00e3o nos minutos finais do jogo provocou cr\u00edticas severas, principalmente do jornalista Renato Maur\u00edcio Prado. Em suas redes sociais, Prado n\u00e3o poupou palavras ao descrever Gabigol como um &#8220;ex-jogador em [&hellip;]\" \/>\n<meta property=\"og:url\" content=\"https:\/\/www.gaveanews.com\/index.php\/2023\/11\/13\/jornalista-pede-para-tite-parar-de-utilizar-dois-jogadores-do-flamengo\/\" \/>\n<meta property=\"og:site_name\" content=\"G\u00e1vea News\" \/>\n<meta property=\"article:publisher\" content=\"https:\/\/facebook.com\/gaveaNews\/\" \/>\n<meta property=\"article:published_time\" content=\"2023-11-13T09:17:41+00:00\" \/>\n<meta property=\"article:modified_time\" content=\"2024-04-07T02:21:56+00:00\" \/>\n<meta property=\"og:image\" content=\"https:\/\/www.gaveanews.com\/wp-content\/uploads\/tite-cleber-xavier-flamengo-gremio.webp\" \/>\n\t<meta property=\"og:image:width\" content=\"984\" \/>\n\t<meta property=\"og:image:height\" content=\"656\" \/>\n\t<meta property=\"og:image:type\" content=\"image\/webp\" \/>\n<meta name=\"author\" content=\"Equipe G\u00e1vea News\" \/>\n<meta name=\"twitter:card\" content=\"summary_large_image\" \/>\n<meta name=\"twitter:label1\" content=\"Escrito por\" \/>\n\t<meta name=\"twitter:data1\" content=\"Equipe G\u00e1vea News\" \/>\n\t<meta name=\"twitter:label2\" content=\"Est. tempo de leitura\" \/>\n\t<meta name=\"twitter:data2\" content=\"2 minutos\" \/>\n<script type=\"application\/ld+json\" class=\"yoast-schema-graph\">{\"@context\":\"https:\/\/schema.org\",\"@graph\":[{\"@type\":\"NewsArticle\",\"@id\":\"https:\/\/www.gaveanews.com\/index.php\/2023\/11\/13\/jornalista-pede-para-tite-parar-de-utilizar-dois-jogadores-do-flamengo\/#article\",\"isPartOf\":{\"@id\":\"https:\/\/www.gaveanews.com\/index.php\/2023\/11\/13\/jornalista-pede-para-tite-parar-de-utilizar-dois-jogadores-do-flamengo\/\"},\"author\":{\"name\":\"Equipe G\u00e1vea News\",\"@id\":\"https:\/\/www.gaveanews.com\/#\/schema\/person\/2ec14f73fb96be2caf28f91afb14749d\"},\"headline\":\"Jornalista pede para Tite parar de utilizar 2 jogadores do Flamengo\",\"datePublished\":\"2023-11-13T09:17:41+00:00\",\"dateModified\":\"2024-04-07T02:21:56+00:00\",\"mainEntityOfPage\":{\"@id\":\"https:\/\/www.gaveanews.com\/index.php\/2023\/11\/13\/jornalista-pede-para-tite-parar-de-utilizar-dois-jogadores-do-flamengo\/\"},\"wordCount\":214,\"commentCount\":0,\"image\":{\"@id\":\"https:\/\/www.gaveanews.com\/index.php\/2023\/11\/13\/jornalista-pede-para-tite-parar-de-utilizar-dois-jogadores-do-flamengo\/#primaryimage\"},\"thumbnailUrl\":\"https:\/\/www.gaveanews.com\/wp-content\/uploads\/tite-cleber-xavier-flamengo-gremio.webp\",\"keywords\":[\"Adenor Leonardo Bachi\"],\"articleSection\":[\"Flamengo\"],\"inLanguage\":\"pt-BR\",\"potentialAction\":[{\"@type\":\"CommentAction\",\"name\":\"Comment\",\"target\":[\"https:\/\/www.gaveanews.com\/index.php\/2023\/11\/13\/jornalista-pede-para-tite-parar-de-utilizar-dois-jogadores-do-flamengo\/#respond\"]}],\"copyrightYear\":\"2023\",\"copyrightHolder\":{\"@id\":\"https:\/\/www.gaveanews.com\/#organization\"}},{\"@type\":\"WebPage\",\"@id\":\"https:\/\/www.gaveanews.com\/index.php\/2023\/11\/13\/jornalista-pede-para-tite-parar-de-utilizar-dois-jogadores-do-flamengo\/\",\"url\":\"https:\/\/www.gaveanews.com\/index.php\/2023\/11\/13\/jornalista-pede-para-tite-parar-de-utilizar-dois-jogadores-do-flamengo\/\",\"name\":\"Jornalista pede para Tite parar de utilizar 2 jogadores do Flamengo\",\"isPartOf\":{\"@id\":\"https:\/\/www.gaveanews.com\/#website\"},\"primaryImageOfPage\":{\"@id\":\"https:\/\/www.gaveanews.com\/index.php\/2023\/11\/13\/jornalista-pede-para-tite-parar-de-utilizar-dois-jogadores-do-flamengo\/#primaryimage\"},\"image\":{\"@id\":\"https:\/\/www.gaveanews.com\/index.php\/2023\/11\/13\/jornalista-pede-para-tite-parar-de-utilizar-dois-jogadores-do-flamengo\/#primaryimage\"},\"thumbnailUrl\":\"https:\/\/www.gaveanews.com\/wp-content\/uploads\/tite-cleber-xavier-flamengo-gremio.webp\",\"datePublished\":\"2023-11-13T09:17:41+00:00\",\"dateModified\":\"2024-04-07T02:21:56+00:00\",\"author\":{\"@id\":\"https:\/\/www.gaveanews.com\/#\/schema\/person\/2ec14f73fb96be2caf28f91afb14749d\"},\"breadcrumb\":{\"@id\":\"https:\/\/www.gaveanews.com\/index.php\/2023\/11\/13\/jornalista-pede-para-tite-parar-de-utilizar-dois-jogadores-do-flamengo\/#breadcrumb\"},\"inLanguage\":\"pt-BR\",\"potentialAction\":[{\"@type\":\"ReadAction\",\"target\":[\"https:\/\/www.gaveanews.com\/index.php\/2023\/11\/13\/jornalista-pede-para-tite-parar-de-utilizar-dois-jogadores-do-flamengo\/\"]}]},{\"@type\":\"ImageObject\",\"inLanguage\":\"pt-BR\",\"@id\":\"https:\/\/www.gaveanews.com\/index.php\/2023\/11\/13\/jornalista-pede-para-tite-parar-de-utilizar-dois-jogadores-do-flamengo\/#primaryimage\",\"url\":\"https:\/\/www.gaveanews.com\/wp-content\/uploads\/tite-cleber-xavier-flamengo-gremio.webp\",\"contentUrl\":\"https:\/\/www.gaveanews.com\/wp-content\/uploads\/tite-cleber-xavier-flamengo-gremio.webp\",\"width\":984,\"height\":656,\"caption\":\"Tite e seu auxiliar Cl\u00e9ber Xavier em jogo do Flamengo (Foto: Maxi Franzoi\/AGIF)\"},{\"@type\":\"BreadcrumbList\",\"@id\":\"https:\/\/www.gaveanews.com\/index.php\/2023\/11\/13\/jornalista-pede-para-tite-parar-de-utilizar-dois-jogadores-do-flamengo\/#breadcrumb\",\"itemListElement\":[{\"@type\":\"ListItem\",\"position\":1,\"name\":\"Home\",\"item\":\"https:\/\/www.gaveanews.com\/\"},{\"@type\":\"ListItem\",\"position\":2,\"name\":\"Jornalista pede para Tite parar de utilizar 2 jogadores do Flamengo\"}]},{\"@type\":\"WebSite\",\"@id\":\"https:\/\/www.gaveanews.com\/#website\",\"url\":\"https:\/\/www.gaveanews.com\/\",\"name\":\"G\u00e1vea News\",\"description\":\"Veja todas as not\u00edcias sobre o Flamengo: Contrata\u00e7\u00f5es, categorias de base, resultados das partidas, tabela de classifica\u00e7\u00e3o, pr\u00f3ximos jogos!\",\"potentialAction\":[{\"@type\":\"SearchAction\",\"target\":{\"@type\":\"EntryPoint\",\"urlTemplate\":\"https:\/\/www.gaveanews.com\/?s={search_term_string}\"},\"query-input\":{\"@type\":\"PropertyValueSpecification\",\"valueRequired\":true,\"valueName\":\"search_term_string\"}}],\"inLanguage\":\"pt-BR\"},{\"@type\":\"Person\",\"@id\":\"https:\/\/www.gaveanews.com\/#\/schema\/person\/2ec14f73fb96be2caf28f91afb14749d\",\"name\":\"Equipe G\u00e1vea News\",\"image\":{\"@type\":\"ImageObject\",\"inLanguage\":\"pt-BR\",\"@id\":\"https:\/\/www.gaveanews.com\/#\/schema\/person\/image\/\",\"url\":\"https:\/\/secure.gravatar.com\/avatar\/1e1956f1facbffd3f8fa53a326721950116b3b9dc9bd44939c01180fd4a745a9?s=96&d=mm&r=g\",\"contentUrl\":\"https:\/\/secure.gravatar.com\/avatar\/1e1956f1facbffd3f8fa53a326721950116b3b9dc9bd44939c01180fd4a745a9?s=96&d=mm&r=g\",\"caption\":\"Equipe G\u00e1vea News\"}}]}<\/script>\n<!-- \/ Yoast SEO Premium plugin. -->","yoast_head_json":{"title":"Jornalista pede para Tite parar de utilizar 2 jogadores do Flamengo","robots":{"index":"index","follow":"follow","max-snippet":"max-snippet:-1","max-image-preview":"max-image-preview:large","max-video-preview":"max-video-preview:-1"},"canonical":"https:\/\/www.gaveanews.com\/index.php\/2023\/11\/13\/jornalista-pede-para-tite-parar-de-utilizar-dois-jogadores-do-flamengo\/","og_locale":"pt_BR","og_type":"article","og_title":"Jornalista pede para Tite parar de utilizar 2 jogadores do Flamengo","og_description":"No recente cl\u00e1ssico entre Flamengo e Fluminense, realizado no Maracan\u00e3, o atacante Gabigol, do Flamengo, tornou-se o centro das aten\u00e7\u00f5es, mas por motivos negativos. Sua expuls\u00e3o nos minutos finais do jogo provocou cr\u00edticas severas, principalmente do jornalista Renato Maur\u00edcio Prado. Em suas redes sociais, Prado n\u00e3o poupou palavras ao descrever Gabigol como um &#8220;ex-jogador em [&hellip;]","og_url":"https:\/\/www.gaveanews.com\/index.php\/2023\/11\/13\/jornalista-pede-para-tite-parar-de-utilizar-dois-jogadores-do-flamengo\/","og_site_name":"G\u00e1vea News","article_publisher":"https:\/\/facebook.com\/gaveaNews\/","article_published_time":"2023-11-13T09:17:41+00:00","article_modified_time":"2024-04-07T02:21:56+00:00","og_image":[{"width":984,"height":656,"url":"https:\/\/www.gaveanews.com\/wp-content\/uploads\/tite-cleber-xavier-flamengo-gremio.webp","type":"image\/webp"}],"author":"Equipe G\u00e1vea News","twitter_card":"summary_large_image","twitter_misc":{"Escrito por":"Equipe G\u00e1vea News","Est. tempo de leitura":"2 minutos"},"schema":{"@context":"https:\/\/schema.org","@graph":[{"@type":"NewsArticle","@id":"https:\/\/www.gaveanews.com\/index.php\/2023\/11\/13\/jornalista-pede-para-tite-parar-de-utilizar-dois-jogadores-do-flamengo\/#article","isPartOf":{"@id":"https:\/\/www.gaveanews.com\/index.php\/2023\/11\/13\/jornalista-pede-para-tite-parar-de-utilizar-dois-jogadores-do-flamengo\/"},"author":{"name":"Equipe G\u00e1vea News","@id":"https:\/\/www.gaveanews.com\/#\/schema\/person\/2ec14f73fb96be2caf28f91afb14749d"},"headline":"Jornalista pede para Tite parar de utilizar 2 jogadores do Flamengo","datePublished":"2023-11-13T09:17:41+00:00","dateModified":"2024-04-07T02:21:56+00:00","mainEntityOfPage":{"@id":"https:\/\/www.gaveanews.com\/index.php\/2023\/11\/13\/jornalista-pede-para-tite-parar-de-utilizar-dois-jogadores-do-flamengo\/"},"wordCount":214,"commentCount":0,"image":{"@id":"https:\/\/www.gaveanews.com\/index.php\/2023\/11\/13\/jornalista-pede-para-tite-parar-de-utilizar-dois-jogadores-do-flamengo\/#primaryimage"},"thumbnailUrl":"https:\/\/www.gaveanews.com\/wp-content\/uploads\/tite-cleber-xavier-flamengo-gremio.webp","keywords":["Adenor Leonardo Bachi"],"articleSection":["Flamengo"],"inLanguage":"pt-BR","potentialAction":[{"@type":"CommentAction","name":"Comment","target":["https:\/\/www.gaveanews.com\/index.php\/2023\/11\/13\/jornalista-pede-para-tite-parar-de-utilizar-dois-jogadores-do-flamengo\/#respond"]}],"copyrightYear":"2023","copyrightHolder":{"@id":"https:\/\/www.gaveanews.com\/#organization"}},{"@type":"WebPage","@id":"https:\/\/www.gaveanews.com\/index.php\/2023\/11\/13\/jornalista-pede-para-tite-parar-de-utilizar-dois-jogadores-do-flamengo\/","url":"https:\/\/www.gaveanews.com\/index.php\/2023\/11\/13\/jornalista-pede-para-tite-parar-de-utilizar-dois-jogadores-do-flamengo\/","name":"Jornalista pede para Tite parar de utilizar 2 jogadores do Flamengo","isPartOf":{"@id":"https:\/\/www.gaveanews.com\/#website"},"primaryImageOfPage":{"@id":"https:\/\/www.gaveanews.com\/index.php\/2023\/11\/13\/jornalista-pede-para-tite-parar-de-utilizar-dois-jogadores-do-flamengo\/#primaryimage"},"image":{"@id":"https:\/\/www.gaveanews.com\/index.php\/2023\/11\/13\/jornalista-pede-para-tite-parar-de-utilizar-dois-jogadores-do-flamengo\/#primaryimage"},"thumbnailUrl":"https:\/\/www.gaveanews.com\/wp-content\/uploads\/tite-cleber-xavier-flamengo-gremio.webp","datePublished":"2023-11-13T09:17:41+00:00","dateModified":"2024-04-07T02:21:56+00:00","author":{"@id":"https:\/\/www.gaveanews.com\/#\/schema\/person\/2ec14f73fb96be2caf28f91afb14749d"},"breadcrumb":{"@id":"https:\/\/www.gaveanews.com\/index.php\/2023\/11\/13\/jornalista-pede-para-tite-parar-de-utilizar-dois-jogadores-do-flamengo\/#breadcrumb"},"inLanguage":"pt-BR","potentialAction":[{"@type":"ReadAction","target":["https:\/\/www.gaveanews.com\/index.php\/2023\/11\/13\/jornalista-pede-para-tite-parar-de-utilizar-dois-jogadores-do-flamengo\/"]}]},{"@type":"ImageObject","inLanguage":"pt-BR","@id":"https:\/\/www.gaveanews.com\/index.php\/2023\/11\/13\/jornalista-pede-para-tite-parar-de-utilizar-dois-jogadores-do-flamengo\/#primaryimage","url":"https:\/\/www.gaveanews.com\/wp-content\/uploads\/tite-cleber-xavier-flamengo-gremio.webp","contentUrl":"https:\/\/www.gaveanews.com\/wp-content\/uploads\/tite-cleber-xavier-flamengo-gremio.webp","width":984,"height":656,"caption":"Tite e seu auxiliar Cl\u00e9ber Xavier em jogo do Flamengo (Foto: Maxi Franzoi\/AGIF)"},{"@type":"BreadcrumbList","@id":"https:\/\/www.gaveanews.com\/index.php\/2023\/11\/13\/jornalista-pede-para-tite-parar-de-utilizar-dois-jogadores-do-flamengo\/#breadcrumb","itemListElement":[{"@type":"ListItem","position":1,"name":"Home","item":"https:\/\/www.gaveanews.com\/"},{"@type":"ListItem","position":2,"name":"Jornalista pede para Tite parar de utilizar 2 jogadores do Flamengo"}]},{"@type":"WebSite","@id":"https:\/\/www.gaveanews.com\/#website","url":"https:\/\/www.gaveanews.com\/","name":"G\u00e1vea News","description":"Veja todas as not\u00edcias sobre o Flamengo: Contrata\u00e7\u00f5es, categorias de base, resultados das partidas, tabela de classifica\u00e7\u00e3o, pr\u00f3ximos jogos!","potentialAction":[{"@type":"SearchAction","target":{"@type":"EntryPoint","urlTemplate":"https:\/\/www.gaveanews.com\/?s={search_term_string}"},"query-input":{"@type":"PropertyValueSpecification","valueRequired":true,"valueName":"search_term_string"}}],"inLanguage":"pt-BR"},{"@type":"Person","@id":"https:\/\/www.gaveanews.com\/#\/schema\/person\/2ec14f73fb96be2caf28f91afb14749d","name":"Equipe G\u00e1vea News","image":{"@type":"ImageObject","inLanguage":"pt-BR","@id":"https:\/\/www.gaveanews.com\/#\/schema\/person\/image\/","url":"https:\/\/secure.gravatar.com\/avatar\/1e1956f1facbffd3f8fa53a326721950116b3b9dc9bd44939c01180fd4a745a9?s=96&d=mm&r=g","contentUrl":"https:\/\/secure.gravatar.com\/avatar\/1e1956f1facbffd3f8fa53a326721950116b3b9dc9bd44939c01180fd4a745a9?s=96&d=mm&r=g","caption":"Equipe G\u00e1vea News"}}]}},"_links":{"self":[{"href":"https:\/\/www.gaveanews.com\/index.php\/wp-json\/wp\/v2\/posts\/111368","targetHints":{"allow":["GET"]}}],"collection":[{"href":"https:\/\/www.gaveanews.com\/index.php\/wp-json\/wp\/v2\/posts"}],"about":[{"href":"https:\/\/www.gaveanews.com\/index.php\/wp-json\/wp\/v2\/types\/post"}],"author":[{"embeddable":true,"href":"https:\/\/www.gaveanews.com\/index.php\/wp-json\/wp\/v2\/users\/1"}],"replies":[{"embeddable":true,"href":"https:\/\/www.gaveanews.com\/index.php\/wp-json\/wp\/v2\/comments?post=111368"}],"version-history":[{"count":1,"href":"https:\/\/www.gaveanews.com\/index.php\/wp-json\/wp\/v2\/posts\/111368\/revisions"}],"predecessor-version":[{"id":135000,"href":"https:\/\/www.gaveanews.com\/index.php\/wp-json\/wp\/v2\/posts\/111368\/revisions\/135000"}],"wp:featuredmedia":[{"embeddable":true,"href":"https:\/\/www.gaveanews.com\/index.php\/wp-json\/wp\/v2\/media\/109372"}],"wp:attachment":[{"href":"https:\/\/www.gaveanews.com\/index.php\/wp-json\/wp\/v2\/media?parent=111368"}],"wp:term":[{"taxonomy":"category","embeddable":true,"href":"https:\/\/www.gaveanews.com\/index.php\/wp-json\/wp\/v2\/categories?post=111368"},{"taxonomy":"post_tag","embeddable":true,"href":"https:\/\/www.gaveanews.com\/index.php\/wp-json\/wp\/v2\/tags?post=111368"}],"curies":[{"name":"wp","href":"https:\/\/api.w.org\/{rel}","templated":true}]}}