{"id":111372,"date":"2023-11-13T06:28:11","date_gmt":"2023-11-13T09:28:11","guid":{"rendered":"https:\/\/www.gaveanews.com\/?p=111372"},"modified":"2023-11-13T06:28:14","modified_gmt":"2023-11-13T09:28:14","slug":"video-cria-do-flamengo-marca-gol-importantissimo-no-exterior","status":"publish","type":"post","link":"https:\/\/www.gaveanews.com\/index.php\/2023\/11\/13\/video-cria-do-flamengo-marca-gol-importantissimo-no-exterior\/","title":{"rendered":"V\u00eddeo: cria do Flamengo marca gol important\u00edssimo no exterior"},"content":{"rendered":"\n<p>Em uma rodada emocionante do Campeonato Japon\u00eas, o Vissel Kobe consolidou sua lideran\u00e7a ap\u00f3s uma vit\u00f3ria dram\u00e1tica sobre o Urawa Red Diamonds por 2 a 1. Este jogo, v\u00e1lido pela antepen\u00faltima rodada, foi marcado pelo gol inicial de Matheus Thuler (veja o v\u00eddeo abaixo), brasileiro e ex-jogador do Flamengo, que contribuiu significativamente para a manuten\u00e7\u00e3o do Vissel Kobe na ponta da tabela com 65 pontos.<\/p>\n\n\n\n<p>O destaque do Vissel Kobe n\u00e3o se limitou a Thuler. Na mesma partida, Yuya Osako demonstrou seu talento ao marcar um gol crucial nos acr\u00e9scimos, que n\u00e3o s\u00f3 garantiu a vit\u00f3ria, mas tamb\u00e9m o colocou como artilheiro isolado do campeonato com 22 gols. Com esta vit\u00f3ria, o Vissel Kobe manteve sua posi\u00e7\u00e3o de lideran\u00e7a, agora com uma pequena vantagem sobre o seu mais pr\u00f3ximo perseguidor, o Yokohama F-Marinos.<\/p>\n\n\n\n<figure class=\"wp-block-embed is-type-rich is-provider-twitter wp-block-embed-twitter\"><div class=\"wp-block-embed__wrapper\">\n<blockquote class=\"twitter-tweet\" data-width=\"550\" data-dnt=\"true\"><p lang=\"ja\" dir=\"ltr\">PA\u53f3\u306e\u521d\u702c\u9078\u624b\u306e\u6298\u308a\u8fd4\u3057\u3092\u30d5\u30a1\u30fc\u30b5\u30a4\u30c9\u306e\u5927\u8feb\u9078\u624b\u304c\u982d\u3067\u6298\u308a\u8fd4\u3057\u3001\u3053\u306e\u30dc\u30fc\u30eb\u3092\u30c8\u30a5\u30fc\u30ec\u30eb\u9078\u624b(<a href=\"https:\/\/twitter.com\/M_Thuler?ref_src=twsrc%5Etfw\">@M_Thuler<\/a>) \u304c\u30d8\u30c7\u30a3\u30f3\u30b0\u30b7\u30e5\u30fc\u30c8\u26bd\uff01<br>\u6e3e\u8eab\u306e\u4e00\u6483\u304c\u30b4\u30fc\u30eb\u30cd\u30c3\u30c8\u3092\u63fa\u3089\u3057\u3001\u5148\u5236\uff01<a href=\"https:\/\/twitter.com\/hashtag\/visselkobe?src=hash&amp;ref_src=twsrc%5Etfw\">#visselkobe<\/a> <a href=\"https:\/\/twitter.com\/hashtag\/%E3%83%B4%E3%82%A3%E3%83%83%E3%82%BB%E3%83%AB%E7%A5%9E%E6%88%B8?src=hash&amp;ref_src=twsrc%5Etfw\">#\u30f4\u30a3\u30c3\u30bb\u30eb\u795e\u6238<\/a> <a href=\"https:\/\/twitter.com\/hashtag\/%E6%B5%A6%E5%92%8C%E7%A5%9E%E6%88%B8?src=hash&amp;ref_src=twsrc%5Etfw\">#\u6d66\u548c\u795e\u6238<\/a> <a href=\"https:\/\/t.co\/G0KjeSBq2d\">pic.twitter.com\/G0KjeSBq2d<\/a><\/p>&mdash; \u30f4\u30a3\u30c3\u30bb\u30eb\u795e\u6238 (@visselkobe) <a href=\"https:\/\/twitter.com\/visselkobe\/status\/1723614103716143288?ref_src=twsrc%5Etfw\">November 12, 2023<\/a><\/blockquote><script async src=\"https:\/\/platform.twitter.com\/widgets.js\" charset=\"utf-8\"><\/script>\n<\/div><\/figure>\n\n\n\n<p>O Yokohama F-Marinos, que est\u00e1 na vice-lideran\u00e7a, tamb\u00e9m teve uma performance not\u00e1vel nesta rodada, vencendo o Cerezo Osaka por 2&#215;0. Os brasileiros Yan Matheus e \u00c9lber foram os autores dos gols nesta partida, mantendo viva a esperan\u00e7a do Yokohama na disputa pelo t\u00edtulo. Ambas as equipes t\u00eam o mesmo n\u00famero de pontos, mas o Vissel Kobe leva vantagem no saldo de gols.<\/p>\n\n\n\n<p>Nas rodadas finais do campeonato, o Vissel Kobe enfrentar\u00e1 o Nagoya Grampus e o Gamba Osaka, enquanto o Yokohama Marinos jogar\u00e1 contra o Niigata e o Kyoto. Estes jogos s\u00e3o cruciais para a defini\u00e7\u00e3o do campe\u00e3o.<\/p>\n\n\n\n<p>Matheus Thuler, agora uma pe\u00e7a chave do Vissel Kobe, foi uma aquisi\u00e7\u00e3o valiosa do clube japon\u00eas, comprado do Flamengo por 1 milh\u00e3o de d\u00f3lares. Seu contrato estende-se at\u00e9 2025, e sua performance no Jap\u00e3o tem sido not\u00e1vel, com participa\u00e7\u00e3o em 38 jogos desde sua chegada.<\/p>\n\n\n\n<p>A expectativa para as \u00faltimas rodadas \u00e9 alta, com a disputa pelo t\u00edtulo ainda em aberto e ambos os times mostrando determina\u00e7\u00e3o e habilidade para conquistar o campeonato.<\/p>\n","protected":false},"excerpt":{"rendered":"<p>Em uma rodada emocionante do Campeonato Japon\u00eas, o Vissel Kobe consolidou sua lideran\u00e7a ap\u00f3s uma vit\u00f3ria dram\u00e1tica sobre o Urawa Red Diamonds por 2 a 1. Este jogo, v\u00e1lido pela antepen\u00faltima rodada, foi marcado pelo gol inicial de Matheus Thuler (veja o v\u00eddeo abaixo), brasileiro e ex-jogador do Flamengo, que contribuiu significativamente para a manuten\u00e7\u00e3o [&hellip;]<\/p>\n","protected":false},"author":1,"featured_media":49764,"comment_status":"open","ping_status":"closed","sticky":false,"template":"","format":"standard","meta":{"footnotes":""},"categories":[40],"tags":[],"class_list":["post-111372","post","type-post","status-publish","format-standard","has-post-thumbnail","hentry","category-video"],"yoast_head":"<!-- This site is optimized with the Yoast SEO Premium plugin v24.2 (Yoast SEO v26.9) - https:\/\/yoast.com\/product\/yoast-seo-premium-wordpress\/ -->\n<title>V\u00eddeo: cria do Flamengo marca gol important\u00edssimo no exterior<\/title>\n<meta name=\"robots\" content=\"index, follow, max-snippet:-1, max-image-preview:large, max-video-preview:-1\" \/>\n<link rel=\"canonical\" href=\"https:\/\/www.gaveanews.com\/index.php\/2023\/11\/13\/video-cria-do-flamengo-marca-gol-importantissimo-no-exterior\/\" \/>\n<meta property=\"og:locale\" content=\"pt_BR\" \/>\n<meta property=\"og:type\" content=\"article\" \/>\n<meta property=\"og:title\" content=\"V\u00eddeo: cria do Flamengo marca gol important\u00edssimo no exterior\" \/>\n<meta property=\"og:description\" content=\"Em uma rodada emocionante do Campeonato Japon\u00eas, o Vissel Kobe consolidou sua lideran\u00e7a ap\u00f3s uma vit\u00f3ria dram\u00e1tica sobre o Urawa Red Diamonds por 2 a 1. Este jogo, v\u00e1lido pela antepen\u00faltima rodada, foi marcado pelo gol inicial de Matheus Thuler (veja o v\u00eddeo abaixo), brasileiro e ex-jogador do Flamengo, que contribuiu significativamente para a manuten\u00e7\u00e3o [&hellip;]\" \/>\n<meta property=\"og:url\" content=\"https:\/\/www.gaveanews.com\/index.php\/2023\/11\/13\/video-cria-do-flamengo-marca-gol-importantissimo-no-exterior\/\" \/>\n<meta property=\"og:site_name\" content=\"G\u00e1vea News\" \/>\n<meta property=\"article:publisher\" content=\"https:\/\/facebook.com\/gaveaNews\/\" \/>\n<meta property=\"article:published_time\" content=\"2023-11-13T09:28:11+00:00\" \/>\n<meta property=\"article:modified_time\" content=\"2023-11-13T09:28:14+00:00\" \/>\n<meta property=\"og:image\" content=\"https:\/\/www.gaveanews.com\/wp-content\/uploads\/Thuler-e-Leo-Pereira-em-acao-pelo-Flamengo-na-Libertadores-contra-Jr-Barranquilla.webp\" \/>\n\t<meta property=\"og:image:width\" content=\"799\" \/>\n\t<meta property=\"og:image:height\" content=\"532\" \/>\n\t<meta property=\"og:image:type\" content=\"image\/jpeg\" \/>\n<meta name=\"author\" content=\"Equipe G\u00e1vea News\" \/>\n<meta name=\"twitter:card\" content=\"summary_large_image\" \/>\n<meta name=\"twitter:label1\" content=\"Escrito por\" \/>\n\t<meta name=\"twitter:data1\" content=\"Equipe G\u00e1vea News\" \/>\n\t<meta name=\"twitter:label2\" content=\"Est. tempo de leitura\" \/>\n\t<meta name=\"twitter:data2\" content=\"2 minutos\" \/>\n<script type=\"application\/ld+json\" class=\"yoast-schema-graph\">{\"@context\":\"https:\/\/schema.org\",\"@graph\":[{\"@type\":\"NewsArticle\",\"@id\":\"https:\/\/www.gaveanews.com\/index.php\/2023\/11\/13\/video-cria-do-flamengo-marca-gol-importantissimo-no-exterior\/#article\",\"isPartOf\":{\"@id\":\"https:\/\/www.gaveanews.com\/index.php\/2023\/11\/13\/video-cria-do-flamengo-marca-gol-importantissimo-no-exterior\/\"},\"author\":{\"name\":\"Equipe G\u00e1vea News\",\"@id\":\"https:\/\/www.gaveanews.com\/#\/schema\/person\/2ec14f73fb96be2caf28f91afb14749d\"},\"headline\":\"V\u00eddeo: cria do Flamengo marca gol important\u00edssimo no exterior\",\"datePublished\":\"2023-11-13T09:28:11+00:00\",\"dateModified\":\"2023-11-13T09:28:14+00:00\",\"mainEntityOfPage\":{\"@id\":\"https:\/\/www.gaveanews.com\/index.php\/2023\/11\/13\/video-cria-do-flamengo-marca-gol-importantissimo-no-exterior\/\"},\"wordCount\":350,\"commentCount\":0,\"image\":{\"@id\":\"https:\/\/www.gaveanews.com\/index.php\/2023\/11\/13\/video-cria-do-flamengo-marca-gol-importantissimo-no-exterior\/#primaryimage\"},\"thumbnailUrl\":\"https:\/\/www.gaveanews.com\/wp-content\/uploads\/Thuler-e-Leo-Pereira-em-acao-pelo-Flamengo-na-Libertadores-contra-Jr-Barranquilla.webp\",\"articleSection\":[\"V\u00eddeos\"],\"inLanguage\":\"pt-BR\",\"potentialAction\":[{\"@type\":\"CommentAction\",\"name\":\"Comment\",\"target\":[\"https:\/\/www.gaveanews.com\/index.php\/2023\/11\/13\/video-cria-do-flamengo-marca-gol-importantissimo-no-exterior\/#respond\"]}],\"copyrightYear\":\"2023\",\"copyrightHolder\":{\"@id\":\"https:\/\/www.gaveanews.com\/#organization\"}},{\"@type\":\"WebPage\",\"@id\":\"https:\/\/www.gaveanews.com\/index.php\/2023\/11\/13\/video-cria-do-flamengo-marca-gol-importantissimo-no-exterior\/\",\"url\":\"https:\/\/www.gaveanews.com\/index.php\/2023\/11\/13\/video-cria-do-flamengo-marca-gol-importantissimo-no-exterior\/\",\"name\":\"V\u00eddeo: cria do Flamengo marca gol important\u00edssimo no exterior\",\"isPartOf\":{\"@id\":\"https:\/\/www.gaveanews.com\/#website\"},\"primaryImageOfPage\":{\"@id\":\"https:\/\/www.gaveanews.com\/index.php\/2023\/11\/13\/video-cria-do-flamengo-marca-gol-importantissimo-no-exterior\/#primaryimage\"},\"image\":{\"@id\":\"https:\/\/www.gaveanews.com\/index.php\/2023\/11\/13\/video-cria-do-flamengo-marca-gol-importantissimo-no-exterior\/#primaryimage\"},\"thumbnailUrl\":\"https:\/\/www.gaveanews.com\/wp-content\/uploads\/Thuler-e-Leo-Pereira-em-acao-pelo-Flamengo-na-Libertadores-contra-Jr-Barranquilla.webp\",\"datePublished\":\"2023-11-13T09:28:11+00:00\",\"dateModified\":\"2023-11-13T09:28:14+00:00\",\"author\":{\"@id\":\"https:\/\/www.gaveanews.com\/#\/schema\/person\/2ec14f73fb96be2caf28f91afb14749d\"},\"breadcrumb\":{\"@id\":\"https:\/\/www.gaveanews.com\/index.php\/2023\/11\/13\/video-cria-do-flamengo-marca-gol-importantissimo-no-exterior\/#breadcrumb\"},\"inLanguage\":\"pt-BR\",\"potentialAction\":[{\"@type\":\"ReadAction\",\"target\":[\"https:\/\/www.gaveanews.com\/index.php\/2023\/11\/13\/video-cria-do-flamengo-marca-gol-importantissimo-no-exterior\/\"]}]},{\"@type\":\"ImageObject\",\"inLanguage\":\"pt-BR\",\"@id\":\"https:\/\/www.gaveanews.com\/index.php\/2023\/11\/13\/video-cria-do-flamengo-marca-gol-importantissimo-no-exterior\/#primaryimage\",\"url\":\"https:\/\/www.gaveanews.com\/wp-content\/uploads\/Thuler-e-Leo-Pereira-em-acao-pelo-Flamengo-na-Libertadores-contra-Jr-Barranquilla.webp\",\"contentUrl\":\"https:\/\/www.gaveanews.com\/wp-content\/uploads\/Thuler-e-Leo-Pereira-em-acao-pelo-Flamengo-na-Libertadores-contra-Jr-Barranquilla.webp\",\"width\":799,\"height\":532,\"caption\":\"Matheus Thuler e L\u00e9o Pereira em a\u00e7\u00e3o pelo Flamengo na Libertadores contra Jr Barranquilla (Foto: Marcelo Cortes\/Flamengo)\"},{\"@type\":\"BreadcrumbList\",\"@id\":\"https:\/\/www.gaveanews.com\/index.php\/2023\/11\/13\/video-cria-do-flamengo-marca-gol-importantissimo-no-exterior\/#breadcrumb\",\"itemListElement\":[{\"@type\":\"ListItem\",\"position\":1,\"name\":\"Home\",\"item\":\"https:\/\/www.gaveanews.com\/\"},{\"@type\":\"ListItem\",\"position\":2,\"name\":\"V\u00eddeo: cria do Flamengo marca gol important\u00edssimo no exterior\"}]},{\"@type\":\"WebSite\",\"@id\":\"https:\/\/www.gaveanews.com\/#website\",\"url\":\"https:\/\/www.gaveanews.com\/\",\"name\":\"G\u00e1vea News\",\"description\":\"Veja todas as not\u00edcias sobre o Flamengo: Contrata\u00e7\u00f5es, categorias de base, resultados das partidas, tabela de classifica\u00e7\u00e3o, pr\u00f3ximos jogos!\",\"potentialAction\":[{\"@type\":\"SearchAction\",\"target\":{\"@type\":\"EntryPoint\",\"urlTemplate\":\"https:\/\/www.gaveanews.com\/?s={search_term_string}\"},\"query-input\":{\"@type\":\"PropertyValueSpecification\",\"valueRequired\":true,\"valueName\":\"search_term_string\"}}],\"inLanguage\":\"pt-BR\"},{\"@type\":\"Person\",\"@id\":\"https:\/\/www.gaveanews.com\/#\/schema\/person\/2ec14f73fb96be2caf28f91afb14749d\",\"name\":\"Equipe G\u00e1vea News\",\"image\":{\"@type\":\"ImageObject\",\"inLanguage\":\"pt-BR\",\"@id\":\"https:\/\/www.gaveanews.com\/#\/schema\/person\/image\/\",\"url\":\"https:\/\/secure.gravatar.com\/avatar\/1e1956f1facbffd3f8fa53a326721950116b3b9dc9bd44939c01180fd4a745a9?s=96&d=mm&r=g\",\"contentUrl\":\"https:\/\/secure.gravatar.com\/avatar\/1e1956f1facbffd3f8fa53a326721950116b3b9dc9bd44939c01180fd4a745a9?s=96&d=mm&r=g\",\"caption\":\"Equipe G\u00e1vea News\"}}]}<\/script>\n<!-- \/ Yoast SEO Premium plugin. -->","yoast_head_json":{"title":"V\u00eddeo: cria do Flamengo marca gol important\u00edssimo no exterior","robots":{"index":"index","follow":"follow","max-snippet":"max-snippet:-1","max-image-preview":"max-image-preview:large","max-video-preview":"max-video-preview:-1"},"canonical":"https:\/\/www.gaveanews.com\/index.php\/2023\/11\/13\/video-cria-do-flamengo-marca-gol-importantissimo-no-exterior\/","og_locale":"pt_BR","og_type":"article","og_title":"V\u00eddeo: cria do Flamengo marca gol important\u00edssimo no exterior","og_description":"Em uma rodada emocionante do Campeonato Japon\u00eas, o Vissel Kobe consolidou sua lideran\u00e7a ap\u00f3s uma vit\u00f3ria dram\u00e1tica sobre o Urawa Red Diamonds por 2 a 1. Este jogo, v\u00e1lido pela antepen\u00faltima rodada, foi marcado pelo gol inicial de Matheus Thuler (veja o v\u00eddeo abaixo), brasileiro e ex-jogador do Flamengo, que contribuiu significativamente para a manuten\u00e7\u00e3o [&hellip;]","og_url":"https:\/\/www.gaveanews.com\/index.php\/2023\/11\/13\/video-cria-do-flamengo-marca-gol-importantissimo-no-exterior\/","og_site_name":"G\u00e1vea News","article_publisher":"https:\/\/facebook.com\/gaveaNews\/","article_published_time":"2023-11-13T09:28:11+00:00","article_modified_time":"2023-11-13T09:28:14+00:00","og_image":[{"width":799,"height":532,"url":"https:\/\/www.gaveanews.com\/wp-content\/uploads\/Thuler-e-Leo-Pereira-em-acao-pelo-Flamengo-na-Libertadores-contra-Jr-Barranquilla.webp","type":"image\/jpeg"}],"author":"Equipe G\u00e1vea News","twitter_card":"summary_large_image","twitter_misc":{"Escrito por":"Equipe G\u00e1vea News","Est. tempo de leitura":"2 minutos"},"schema":{"@context":"https:\/\/schema.org","@graph":[{"@type":"NewsArticle","@id":"https:\/\/www.gaveanews.com\/index.php\/2023\/11\/13\/video-cria-do-flamengo-marca-gol-importantissimo-no-exterior\/#article","isPartOf":{"@id":"https:\/\/www.gaveanews.com\/index.php\/2023\/11\/13\/video-cria-do-flamengo-marca-gol-importantissimo-no-exterior\/"},"author":{"name":"Equipe G\u00e1vea News","@id":"https:\/\/www.gaveanews.com\/#\/schema\/person\/2ec14f73fb96be2caf28f91afb14749d"},"headline":"V\u00eddeo: cria do Flamengo marca gol important\u00edssimo no exterior","datePublished":"2023-11-13T09:28:11+00:00","dateModified":"2023-11-13T09:28:14+00:00","mainEntityOfPage":{"@id":"https:\/\/www.gaveanews.com\/index.php\/2023\/11\/13\/video-cria-do-flamengo-marca-gol-importantissimo-no-exterior\/"},"wordCount":350,"commentCount":0,"image":{"@id":"https:\/\/www.gaveanews.com\/index.php\/2023\/11\/13\/video-cria-do-flamengo-marca-gol-importantissimo-no-exterior\/#primaryimage"},"thumbnailUrl":"https:\/\/www.gaveanews.com\/wp-content\/uploads\/Thuler-e-Leo-Pereira-em-acao-pelo-Flamengo-na-Libertadores-contra-Jr-Barranquilla.webp","articleSection":["V\u00eddeos"],"inLanguage":"pt-BR","potentialAction":[{"@type":"CommentAction","name":"Comment","target":["https:\/\/www.gaveanews.com\/index.php\/2023\/11\/13\/video-cria-do-flamengo-marca-gol-importantissimo-no-exterior\/#respond"]}],"copyrightYear":"2023","copyrightHolder":{"@id":"https:\/\/www.gaveanews.com\/#organization"}},{"@type":"WebPage","@id":"https:\/\/www.gaveanews.com\/index.php\/2023\/11\/13\/video-cria-do-flamengo-marca-gol-importantissimo-no-exterior\/","url":"https:\/\/www.gaveanews.com\/index.php\/2023\/11\/13\/video-cria-do-flamengo-marca-gol-importantissimo-no-exterior\/","name":"V\u00eddeo: cria do Flamengo marca gol important\u00edssimo no exterior","isPartOf":{"@id":"https:\/\/www.gaveanews.com\/#website"},"primaryImageOfPage":{"@id":"https:\/\/www.gaveanews.com\/index.php\/2023\/11\/13\/video-cria-do-flamengo-marca-gol-importantissimo-no-exterior\/#primaryimage"},"image":{"@id":"https:\/\/www.gaveanews.com\/index.php\/2023\/11\/13\/video-cria-do-flamengo-marca-gol-importantissimo-no-exterior\/#primaryimage"},"thumbnailUrl":"https:\/\/www.gaveanews.com\/wp-content\/uploads\/Thuler-e-Leo-Pereira-em-acao-pelo-Flamengo-na-Libertadores-contra-Jr-Barranquilla.webp","datePublished":"2023-11-13T09:28:11+00:00","dateModified":"2023-11-13T09:28:14+00:00","author":{"@id":"https:\/\/www.gaveanews.com\/#\/schema\/person\/2ec14f73fb96be2caf28f91afb14749d"},"breadcrumb":{"@id":"https:\/\/www.gaveanews.com\/index.php\/2023\/11\/13\/video-cria-do-flamengo-marca-gol-importantissimo-no-exterior\/#breadcrumb"},"inLanguage":"pt-BR","potentialAction":[{"@type":"ReadAction","target":["https:\/\/www.gaveanews.com\/index.php\/2023\/11\/13\/video-cria-do-flamengo-marca-gol-importantissimo-no-exterior\/"]}]},{"@type":"ImageObject","inLanguage":"pt-BR","@id":"https:\/\/www.gaveanews.com\/index.php\/2023\/11\/13\/video-cria-do-flamengo-marca-gol-importantissimo-no-exterior\/#primaryimage","url":"https:\/\/www.gaveanews.com\/wp-content\/uploads\/Thuler-e-Leo-Pereira-em-acao-pelo-Flamengo-na-Libertadores-contra-Jr-Barranquilla.webp","contentUrl":"https:\/\/www.gaveanews.com\/wp-content\/uploads\/Thuler-e-Leo-Pereira-em-acao-pelo-Flamengo-na-Libertadores-contra-Jr-Barranquilla.webp","width":799,"height":532,"caption":"Matheus Thuler e L\u00e9o Pereira em a\u00e7\u00e3o pelo Flamengo na Libertadores contra Jr Barranquilla (Foto: Marcelo Cortes\/Flamengo)"},{"@type":"BreadcrumbList","@id":"https:\/\/www.gaveanews.com\/index.php\/2023\/11\/13\/video-cria-do-flamengo-marca-gol-importantissimo-no-exterior\/#breadcrumb","itemListElement":[{"@type":"ListItem","position":1,"name":"Home","item":"https:\/\/www.gaveanews.com\/"},{"@type":"ListItem","position":2,"name":"V\u00eddeo: cria do Flamengo marca gol important\u00edssimo no exterior"}]},{"@type":"WebSite","@id":"https:\/\/www.gaveanews.com\/#website","url":"https:\/\/www.gaveanews.com\/","name":"G\u00e1vea News","description":"Veja todas as not\u00edcias sobre o Flamengo: Contrata\u00e7\u00f5es, categorias de base, resultados das partidas, tabela de classifica\u00e7\u00e3o, pr\u00f3ximos jogos!","potentialAction":[{"@type":"SearchAction","target":{"@type":"EntryPoint","urlTemplate":"https:\/\/www.gaveanews.com\/?s={search_term_string}"},"query-input":{"@type":"PropertyValueSpecification","valueRequired":true,"valueName":"search_term_string"}}],"inLanguage":"pt-BR"},{"@type":"Person","@id":"https:\/\/www.gaveanews.com\/#\/schema\/person\/2ec14f73fb96be2caf28f91afb14749d","name":"Equipe G\u00e1vea News","image":{"@type":"ImageObject","inLanguage":"pt-BR","@id":"https:\/\/www.gaveanews.com\/#\/schema\/person\/image\/","url":"https:\/\/secure.gravatar.com\/avatar\/1e1956f1facbffd3f8fa53a326721950116b3b9dc9bd44939c01180fd4a745a9?s=96&d=mm&r=g","contentUrl":"https:\/\/secure.gravatar.com\/avatar\/1e1956f1facbffd3f8fa53a326721950116b3b9dc9bd44939c01180fd4a745a9?s=96&d=mm&r=g","caption":"Equipe G\u00e1vea News"}}]}},"_links":{"self":[{"href":"https:\/\/www.gaveanews.com\/index.php\/wp-json\/wp\/v2\/posts\/111372","targetHints":{"allow":["GET"]}}],"collection":[{"href":"https:\/\/www.gaveanews.com\/index.php\/wp-json\/wp\/v2\/posts"}],"about":[{"href":"https:\/\/www.gaveanews.com\/index.php\/wp-json\/wp\/v2\/types\/post"}],"author":[{"embeddable":true,"href":"https:\/\/www.gaveanews.com\/index.php\/wp-json\/wp\/v2\/users\/1"}],"replies":[{"embeddable":true,"href":"https:\/\/www.gaveanews.com\/index.php\/wp-json\/wp\/v2\/comments?post=111372"}],"version-history":[{"count":0,"href":"https:\/\/www.gaveanews.com\/index.php\/wp-json\/wp\/v2\/posts\/111372\/revisions"}],"wp:featuredmedia":[{"embeddable":true,"href":"https:\/\/www.gaveanews.com\/index.php\/wp-json\/wp\/v2\/media\/49764"}],"wp:attachment":[{"href":"https:\/\/www.gaveanews.com\/index.php\/wp-json\/wp\/v2\/media?parent=111372"}],"wp:term":[{"taxonomy":"category","embeddable":true,"href":"https:\/\/www.gaveanews.com\/index.php\/wp-json\/wp\/v2\/categories?post=111372"},{"taxonomy":"post_tag","embeddable":true,"href":"https:\/\/www.gaveanews.com\/index.php\/wp-json\/wp\/v2\/tags?post=111372"}],"curies":[{"name":"wp","href":"https:\/\/api.w.org\/{rel}","templated":true}]}}