{"id":111418,"date":"2023-11-13T15:00:03","date_gmt":"2023-11-13T18:00:03","guid":{"rendered":"https:\/\/www.gaveanews.com\/?p=111418"},"modified":"2024-04-06T23:21:51","modified_gmt":"2024-04-07T02:21:51","slug":"emerson-sheik-opina-sobre-o-que-vai-ser-de-gabigol-com-tite-em-2024","status":"publish","type":"post","link":"https:\/\/www.gaveanews.com\/index.php\/2023\/11\/13\/emerson-sheik-opina-sobre-o-que-vai-ser-de-gabigol-com-tite-em-2024\/","title":{"rendered":"Emerson Sheik opina sobre o que vai ser de Gabigol, com Tite em 2024\u00a0"},"content":{"rendered":"\n<p>Por: Kayo Silva<br><br>Pelo Flamengo, Gabigol vem tendo sua pior temporada desde que foi contratado em janeiro de 2019. Com isso, a torcida rubro-negra est\u00e1 cada vez mais impaciente com a atua\u00e7\u00f5es do camisa 10. Al\u00e9m disso, o torcedor ficou na bronca da diretoria, por conta de renova\u00e7\u00e3o, mesmo com o atleta caindo de rendimento neste ano de 2023. O ex-jogador do Fla e agora comentarista, Emerson Sheik, opina sobre a situa\u00e7\u00e3o e fala que Tite n\u00e3o vai abdicar do atacante.\u00a0<\/p>\n\n\n\n<p><em>\u2014 Conhecendo o Tite, eu tenho quase certeza que ele n\u00e3o abre m\u00e3o do Gabriel para 2024. Gabigol \u00e9 um jogador muito decisivo. Perto da \u00e1rea, ele tem a caracter\u00edstica que o fez um grande artilheiro que \u00e9: a defesa abriu espa\u00e7o, ele finaliza. O Tite gosta muito disso. Gabigol deixou de fazer nesse segundo semestre e perdeu espa\u00e7o. Mas quando ele for treinador nesse quesito vai voltar a fazer gol e trazer alegria para o torcedor<\/em>, disse Emerson Sheik durante o programa \u201cDomingol\u201d.\u00a0<\/p>\n\n\n\n<p>Mesmo com a pior temporada com a camisa do Flamengo, e com atua\u00e7\u00f5es abaixo do esperado, Gabigol marcou 20 gols, que na teoria, \u00e9 uma boa quantidade de gols de um atacante, entretanto a m\u00e9dia do camisa 10 caiu drasticamente. Gabriel participou de 57 jogos, que na m\u00e9dia, corresponde a 0,35 gols por partida. \u00a0<\/p>\n\n\n\n<p>A \u00faltima vez que Gabi marcou com o Manto Sagrado foi em cobran\u00e7a de p\u00eanalti, no dia 20 de agosto, contra o Coritiba. Al\u00e9m disso, o jejum com bola rolando est\u00e1 pr\u00f3ximo de completar quatro meses. O camisa 10 fez seu \u00faltimo gol sem ser de bola para no dia 27 de julho, em jogo com o Gr\u00eamio, pela Copa do Brasil.\u00a0<\/p>\n\n\n\n<p>A m\u00e1 fase resulta em pouco espa\u00e7o com Tite. Apesar de entrar em campo todas \u00e0s vezes que estava \u00e0 disposi\u00e7\u00e3o, Gabi come\u00e7ou todos os jogos no banco de reservas, tem m\u00e9dia de 22 minutos em campo e ainda n\u00e3o conseguiu fazer gols.&nbsp;<br><br><a href=\"https:\/\/www.gaveanews.com\/index.php\/2023\/11\/13\/tite-tem-5-desfalques-confirmados-no-flamengo\/\">Tite tem 5 desfalques confirmados no Flamengo<\/a><\/p>\n","protected":false},"excerpt":{"rendered":"<p>Por: Kayo Silva Pelo Flamengo, Gabigol vem tendo sua pior temporada desde que foi contratado em janeiro de 2019. Com isso, a torcida rubro-negra est\u00e1 cada vez mais impaciente com a atua\u00e7\u00f5es do camisa 10. Al\u00e9m disso, o torcedor ficou na bronca da diretoria, por conta de renova\u00e7\u00e3o, mesmo com o atleta caindo de rendimento [&hellip;]<\/p>\n","protected":false},"author":10,"featured_media":98965,"comment_status":"open","ping_status":"closed","sticky":false,"template":"","format":"standard","meta":{"footnotes":""},"categories":[1],"tags":[171],"class_list":["post-111418","post","type-post","status-publish","format-standard","has-post-thumbnail","hentry","category-flamengo","tag-adenor-leonardo-bachi-tite"],"yoast_head":"<!-- This site is optimized with the Yoast SEO Premium plugin v24.2 (Yoast SEO v26.9) - https:\/\/yoast.com\/product\/yoast-seo-premium-wordpress\/ -->\n<title>Emerson Sheik opina sobre o que vai ser de Gabigol, com Tite em 2024\u00a0<\/title>\n<meta name=\"robots\" content=\"index, follow, max-snippet:-1, max-image-preview:large, max-video-preview:-1\" \/>\n<link rel=\"canonical\" href=\"https:\/\/www.gaveanews.com\/index.php\/2023\/11\/13\/emerson-sheik-opina-sobre-o-que-vai-ser-de-gabigol-com-tite-em-2024\/\" \/>\n<meta property=\"og:locale\" content=\"pt_BR\" \/>\n<meta property=\"og:type\" content=\"article\" \/>\n<meta property=\"og:title\" content=\"Emerson Sheik opina sobre o que vai ser de Gabigol, com Tite em 2024\u00a0\" \/>\n<meta property=\"og:description\" content=\"Por: Kayo Silva Pelo Flamengo, Gabigol vem tendo sua pior temporada desde que foi contratado em janeiro de 2019. Com isso, a torcida rubro-negra est\u00e1 cada vez mais impaciente com a atua\u00e7\u00f5es do camisa 10. Al\u00e9m disso, o torcedor ficou na bronca da diretoria, por conta de renova\u00e7\u00e3o, mesmo com o atleta caindo de rendimento [&hellip;]\" \/>\n<meta property=\"og:url\" content=\"https:\/\/www.gaveanews.com\/index.php\/2023\/11\/13\/emerson-sheik-opina-sobre-o-que-vai-ser-de-gabigol-com-tite-em-2024\/\" \/>\n<meta property=\"og:site_name\" content=\"G\u00e1vea News\" \/>\n<meta property=\"article:publisher\" content=\"https:\/\/facebook.com\/gaveaNews\/\" \/>\n<meta property=\"article:published_time\" content=\"2023-11-13T18:00:03+00:00\" \/>\n<meta property=\"article:modified_time\" content=\"2024-04-07T02:21:51+00:00\" \/>\n<meta property=\"og:image\" content=\"https:\/\/www.gaveanews.com\/wp-content\/uploads\/gabigol-arrascaeta-thiago-maia-flamengo-bahia-1.webp\" \/>\n\t<meta property=\"og:image:width\" content=\"900\" \/>\n\t<meta property=\"og:image:height\" content=\"600\" \/>\n\t<meta property=\"og:image:type\" content=\"image\/jpeg\" \/>\n<meta name=\"author\" content=\"Kayo Silva\" \/>\n<meta name=\"twitter:card\" content=\"summary_large_image\" \/>\n<meta name=\"twitter:label1\" content=\"Escrito por\" \/>\n\t<meta name=\"twitter:data1\" content=\"Kayo Silva\" \/>\n\t<meta name=\"twitter:label2\" content=\"Est. tempo de leitura\" \/>\n\t<meta name=\"twitter:data2\" content=\"2 minutos\" \/>\n<script type=\"application\/ld+json\" class=\"yoast-schema-graph\">{\"@context\":\"https:\/\/schema.org\",\"@graph\":[{\"@type\":\"NewsArticle\",\"@id\":\"https:\/\/www.gaveanews.com\/index.php\/2023\/11\/13\/emerson-sheik-opina-sobre-o-que-vai-ser-de-gabigol-com-tite-em-2024\/#article\",\"isPartOf\":{\"@id\":\"https:\/\/www.gaveanews.com\/index.php\/2023\/11\/13\/emerson-sheik-opina-sobre-o-que-vai-ser-de-gabigol-com-tite-em-2024\/\"},\"author\":{\"name\":\"Kayo Silva\",\"@id\":\"https:\/\/www.gaveanews.com\/#\/schema\/person\/51b3ba6a493cf9e7af9ce2c6d0d4ff1c\"},\"headline\":\"Emerson Sheik opina sobre o que vai ser de Gabigol, com Tite em 2024\u00a0\",\"datePublished\":\"2023-11-13T18:00:03+00:00\",\"dateModified\":\"2024-04-07T02:21:51+00:00\",\"mainEntityOfPage\":{\"@id\":\"https:\/\/www.gaveanews.com\/index.php\/2023\/11\/13\/emerson-sheik-opina-sobre-o-que-vai-ser-de-gabigol-com-tite-em-2024\/\"},\"wordCount\":350,\"commentCount\":0,\"image\":{\"@id\":\"https:\/\/www.gaveanews.com\/index.php\/2023\/11\/13\/emerson-sheik-opina-sobre-o-que-vai-ser-de-gabigol-com-tite-em-2024\/#primaryimage\"},\"thumbnailUrl\":\"https:\/\/www.gaveanews.com\/wp-content\/uploads\/gabigol-arrascaeta-thiago-maia-flamengo-bahia-1.webp\",\"keywords\":[\"Adenor Leonardo Bachi\"],\"articleSection\":[\"Flamengo\"],\"inLanguage\":\"pt-BR\",\"potentialAction\":[{\"@type\":\"CommentAction\",\"name\":\"Comment\",\"target\":[\"https:\/\/www.gaveanews.com\/index.php\/2023\/11\/13\/emerson-sheik-opina-sobre-o-que-vai-ser-de-gabigol-com-tite-em-2024\/#respond\"]}],\"copyrightYear\":\"2023\",\"copyrightHolder\":{\"@id\":\"https:\/\/www.gaveanews.com\/#organization\"}},{\"@type\":\"WebPage\",\"@id\":\"https:\/\/www.gaveanews.com\/index.php\/2023\/11\/13\/emerson-sheik-opina-sobre-o-que-vai-ser-de-gabigol-com-tite-em-2024\/\",\"url\":\"https:\/\/www.gaveanews.com\/index.php\/2023\/11\/13\/emerson-sheik-opina-sobre-o-que-vai-ser-de-gabigol-com-tite-em-2024\/\",\"name\":\"Emerson Sheik opina sobre o que vai ser de Gabigol, com Tite em 2024\u00a0\",\"isPartOf\":{\"@id\":\"https:\/\/www.gaveanews.com\/#website\"},\"primaryImageOfPage\":{\"@id\":\"https:\/\/www.gaveanews.com\/index.php\/2023\/11\/13\/emerson-sheik-opina-sobre-o-que-vai-ser-de-gabigol-com-tite-em-2024\/#primaryimage\"},\"image\":{\"@id\":\"https:\/\/www.gaveanews.com\/index.php\/2023\/11\/13\/emerson-sheik-opina-sobre-o-que-vai-ser-de-gabigol-com-tite-em-2024\/#primaryimage\"},\"thumbnailUrl\":\"https:\/\/www.gaveanews.com\/wp-content\/uploads\/gabigol-arrascaeta-thiago-maia-flamengo-bahia-1.webp\",\"datePublished\":\"2023-11-13T18:00:03+00:00\",\"dateModified\":\"2024-04-07T02:21:51+00:00\",\"author\":{\"@id\":\"https:\/\/www.gaveanews.com\/#\/schema\/person\/51b3ba6a493cf9e7af9ce2c6d0d4ff1c\"},\"breadcrumb\":{\"@id\":\"https:\/\/www.gaveanews.com\/index.php\/2023\/11\/13\/emerson-sheik-opina-sobre-o-que-vai-ser-de-gabigol-com-tite-em-2024\/#breadcrumb\"},\"inLanguage\":\"pt-BR\",\"potentialAction\":[{\"@type\":\"ReadAction\",\"target\":[\"https:\/\/www.gaveanews.com\/index.php\/2023\/11\/13\/emerson-sheik-opina-sobre-o-que-vai-ser-de-gabigol-com-tite-em-2024\/\"]}]},{\"@type\":\"ImageObject\",\"inLanguage\":\"pt-BR\",\"@id\":\"https:\/\/www.gaveanews.com\/index.php\/2023\/11\/13\/emerson-sheik-opina-sobre-o-que-vai-ser-de-gabigol-com-tite-em-2024\/#primaryimage\",\"url\":\"https:\/\/www.gaveanews.com\/wp-content\/uploads\/gabigol-arrascaeta-thiago-maia-flamengo-bahia-1.webp\",\"contentUrl\":\"https:\/\/www.gaveanews.com\/wp-content\/uploads\/gabigol-arrascaeta-thiago-maia-flamengo-bahia-1.webp\",\"width\":900,\"height\":600,\"caption\":\"Gabigol comemora gol marcado pelo Flamengo contra o Bahia (Foto: Gilvan de Souza\/Flamengo)\"},{\"@type\":\"BreadcrumbList\",\"@id\":\"https:\/\/www.gaveanews.com\/index.php\/2023\/11\/13\/emerson-sheik-opina-sobre-o-que-vai-ser-de-gabigol-com-tite-em-2024\/#breadcrumb\",\"itemListElement\":[{\"@type\":\"ListItem\",\"position\":1,\"name\":\"Home\",\"item\":\"https:\/\/www.gaveanews.com\/\"},{\"@type\":\"ListItem\",\"position\":2,\"name\":\"Emerson Sheik opina sobre o que vai ser de Gabigol, com Tite em 2024\u00a0\"}]},{\"@type\":\"WebSite\",\"@id\":\"https:\/\/www.gaveanews.com\/#website\",\"url\":\"https:\/\/www.gaveanews.com\/\",\"name\":\"G\u00e1vea News\",\"description\":\"Veja todas as not\u00edcias sobre o Flamengo: Contrata\u00e7\u00f5es, categorias de base, resultados das partidas, tabela de classifica\u00e7\u00e3o, pr\u00f3ximos jogos!\",\"potentialAction\":[{\"@type\":\"SearchAction\",\"target\":{\"@type\":\"EntryPoint\",\"urlTemplate\":\"https:\/\/www.gaveanews.com\/?s={search_term_string}\"},\"query-input\":{\"@type\":\"PropertyValueSpecification\",\"valueRequired\":true,\"valueName\":\"search_term_string\"}}],\"inLanguage\":\"pt-BR\"},{\"@type\":\"Person\",\"@id\":\"https:\/\/www.gaveanews.com\/#\/schema\/person\/51b3ba6a493cf9e7af9ce2c6d0d4ff1c\",\"name\":\"Kayo Silva\",\"image\":{\"@type\":\"ImageObject\",\"inLanguage\":\"pt-BR\",\"@id\":\"https:\/\/www.gaveanews.com\/#\/schema\/person\/image\/\",\"url\":\"https:\/\/secure.gravatar.com\/avatar\/af6d65cafc646a65c39c5fcb2a1ef51b863a81461770cfff553ec2fdd931c68c?s=96&d=mm&r=g\",\"contentUrl\":\"https:\/\/secure.gravatar.com\/avatar\/af6d65cafc646a65c39c5fcb2a1ef51b863a81461770cfff553ec2fdd931c68c?s=96&d=mm&r=g\",\"caption\":\"Kayo Silva\"}}]}<\/script>\n<!-- \/ Yoast SEO Premium plugin. -->","yoast_head_json":{"title":"Emerson Sheik opina sobre o que vai ser de Gabigol, com Tite em 2024\u00a0","robots":{"index":"index","follow":"follow","max-snippet":"max-snippet:-1","max-image-preview":"max-image-preview:large","max-video-preview":"max-video-preview:-1"},"canonical":"https:\/\/www.gaveanews.com\/index.php\/2023\/11\/13\/emerson-sheik-opina-sobre-o-que-vai-ser-de-gabigol-com-tite-em-2024\/","og_locale":"pt_BR","og_type":"article","og_title":"Emerson Sheik opina sobre o que vai ser de Gabigol, com Tite em 2024\u00a0","og_description":"Por: Kayo Silva Pelo Flamengo, Gabigol vem tendo sua pior temporada desde que foi contratado em janeiro de 2019. Com isso, a torcida rubro-negra est\u00e1 cada vez mais impaciente com a atua\u00e7\u00f5es do camisa 10. Al\u00e9m disso, o torcedor ficou na bronca da diretoria, por conta de renova\u00e7\u00e3o, mesmo com o atleta caindo de rendimento [&hellip;]","og_url":"https:\/\/www.gaveanews.com\/index.php\/2023\/11\/13\/emerson-sheik-opina-sobre-o-que-vai-ser-de-gabigol-com-tite-em-2024\/","og_site_name":"G\u00e1vea News","article_publisher":"https:\/\/facebook.com\/gaveaNews\/","article_published_time":"2023-11-13T18:00:03+00:00","article_modified_time":"2024-04-07T02:21:51+00:00","og_image":[{"width":900,"height":600,"url":"https:\/\/www.gaveanews.com\/wp-content\/uploads\/gabigol-arrascaeta-thiago-maia-flamengo-bahia-1.webp","type":"image\/jpeg"}],"author":"Kayo Silva","twitter_card":"summary_large_image","twitter_misc":{"Escrito por":"Kayo Silva","Est. tempo de leitura":"2 minutos"},"schema":{"@context":"https:\/\/schema.org","@graph":[{"@type":"NewsArticle","@id":"https:\/\/www.gaveanews.com\/index.php\/2023\/11\/13\/emerson-sheik-opina-sobre-o-que-vai-ser-de-gabigol-com-tite-em-2024\/#article","isPartOf":{"@id":"https:\/\/www.gaveanews.com\/index.php\/2023\/11\/13\/emerson-sheik-opina-sobre-o-que-vai-ser-de-gabigol-com-tite-em-2024\/"},"author":{"name":"Kayo Silva","@id":"https:\/\/www.gaveanews.com\/#\/schema\/person\/51b3ba6a493cf9e7af9ce2c6d0d4ff1c"},"headline":"Emerson Sheik opina sobre o que vai ser de Gabigol, com Tite em 2024\u00a0","datePublished":"2023-11-13T18:00:03+00:00","dateModified":"2024-04-07T02:21:51+00:00","mainEntityOfPage":{"@id":"https:\/\/www.gaveanews.com\/index.php\/2023\/11\/13\/emerson-sheik-opina-sobre-o-que-vai-ser-de-gabigol-com-tite-em-2024\/"},"wordCount":350,"commentCount":0,"image":{"@id":"https:\/\/www.gaveanews.com\/index.php\/2023\/11\/13\/emerson-sheik-opina-sobre-o-que-vai-ser-de-gabigol-com-tite-em-2024\/#primaryimage"},"thumbnailUrl":"https:\/\/www.gaveanews.com\/wp-content\/uploads\/gabigol-arrascaeta-thiago-maia-flamengo-bahia-1.webp","keywords":["Adenor Leonardo Bachi"],"articleSection":["Flamengo"],"inLanguage":"pt-BR","potentialAction":[{"@type":"CommentAction","name":"Comment","target":["https:\/\/www.gaveanews.com\/index.php\/2023\/11\/13\/emerson-sheik-opina-sobre-o-que-vai-ser-de-gabigol-com-tite-em-2024\/#respond"]}],"copyrightYear":"2023","copyrightHolder":{"@id":"https:\/\/www.gaveanews.com\/#organization"}},{"@type":"WebPage","@id":"https:\/\/www.gaveanews.com\/index.php\/2023\/11\/13\/emerson-sheik-opina-sobre-o-que-vai-ser-de-gabigol-com-tite-em-2024\/","url":"https:\/\/www.gaveanews.com\/index.php\/2023\/11\/13\/emerson-sheik-opina-sobre-o-que-vai-ser-de-gabigol-com-tite-em-2024\/","name":"Emerson Sheik opina sobre o que vai ser de Gabigol, com Tite em 2024\u00a0","isPartOf":{"@id":"https:\/\/www.gaveanews.com\/#website"},"primaryImageOfPage":{"@id":"https:\/\/www.gaveanews.com\/index.php\/2023\/11\/13\/emerson-sheik-opina-sobre-o-que-vai-ser-de-gabigol-com-tite-em-2024\/#primaryimage"},"image":{"@id":"https:\/\/www.gaveanews.com\/index.php\/2023\/11\/13\/emerson-sheik-opina-sobre-o-que-vai-ser-de-gabigol-com-tite-em-2024\/#primaryimage"},"thumbnailUrl":"https:\/\/www.gaveanews.com\/wp-content\/uploads\/gabigol-arrascaeta-thiago-maia-flamengo-bahia-1.webp","datePublished":"2023-11-13T18:00:03+00:00","dateModified":"2024-04-07T02:21:51+00:00","author":{"@id":"https:\/\/www.gaveanews.com\/#\/schema\/person\/51b3ba6a493cf9e7af9ce2c6d0d4ff1c"},"breadcrumb":{"@id":"https:\/\/www.gaveanews.com\/index.php\/2023\/11\/13\/emerson-sheik-opina-sobre-o-que-vai-ser-de-gabigol-com-tite-em-2024\/#breadcrumb"},"inLanguage":"pt-BR","potentialAction":[{"@type":"ReadAction","target":["https:\/\/www.gaveanews.com\/index.php\/2023\/11\/13\/emerson-sheik-opina-sobre-o-que-vai-ser-de-gabigol-com-tite-em-2024\/"]}]},{"@type":"ImageObject","inLanguage":"pt-BR","@id":"https:\/\/www.gaveanews.com\/index.php\/2023\/11\/13\/emerson-sheik-opina-sobre-o-que-vai-ser-de-gabigol-com-tite-em-2024\/#primaryimage","url":"https:\/\/www.gaveanews.com\/wp-content\/uploads\/gabigol-arrascaeta-thiago-maia-flamengo-bahia-1.webp","contentUrl":"https:\/\/www.gaveanews.com\/wp-content\/uploads\/gabigol-arrascaeta-thiago-maia-flamengo-bahia-1.webp","width":900,"height":600,"caption":"Gabigol comemora gol marcado pelo Flamengo contra o Bahia (Foto: Gilvan de Souza\/Flamengo)"},{"@type":"BreadcrumbList","@id":"https:\/\/www.gaveanews.com\/index.php\/2023\/11\/13\/emerson-sheik-opina-sobre-o-que-vai-ser-de-gabigol-com-tite-em-2024\/#breadcrumb","itemListElement":[{"@type":"ListItem","position":1,"name":"Home","item":"https:\/\/www.gaveanews.com\/"},{"@type":"ListItem","position":2,"name":"Emerson Sheik opina sobre o que vai ser de Gabigol, com Tite em 2024\u00a0"}]},{"@type":"WebSite","@id":"https:\/\/www.gaveanews.com\/#website","url":"https:\/\/www.gaveanews.com\/","name":"G\u00e1vea News","description":"Veja todas as not\u00edcias sobre o Flamengo: Contrata\u00e7\u00f5es, categorias de base, resultados das partidas, tabela de classifica\u00e7\u00e3o, pr\u00f3ximos jogos!","potentialAction":[{"@type":"SearchAction","target":{"@type":"EntryPoint","urlTemplate":"https:\/\/www.gaveanews.com\/?s={search_term_string}"},"query-input":{"@type":"PropertyValueSpecification","valueRequired":true,"valueName":"search_term_string"}}],"inLanguage":"pt-BR"},{"@type":"Person","@id":"https:\/\/www.gaveanews.com\/#\/schema\/person\/51b3ba6a493cf9e7af9ce2c6d0d4ff1c","name":"Kayo Silva","image":{"@type":"ImageObject","inLanguage":"pt-BR","@id":"https:\/\/www.gaveanews.com\/#\/schema\/person\/image\/","url":"https:\/\/secure.gravatar.com\/avatar\/af6d65cafc646a65c39c5fcb2a1ef51b863a81461770cfff553ec2fdd931c68c?s=96&d=mm&r=g","contentUrl":"https:\/\/secure.gravatar.com\/avatar\/af6d65cafc646a65c39c5fcb2a1ef51b863a81461770cfff553ec2fdd931c68c?s=96&d=mm&r=g","caption":"Kayo Silva"}}]}},"_links":{"self":[{"href":"https:\/\/www.gaveanews.com\/index.php\/wp-json\/wp\/v2\/posts\/111418","targetHints":{"allow":["GET"]}}],"collection":[{"href":"https:\/\/www.gaveanews.com\/index.php\/wp-json\/wp\/v2\/posts"}],"about":[{"href":"https:\/\/www.gaveanews.com\/index.php\/wp-json\/wp\/v2\/types\/post"}],"author":[{"embeddable":true,"href":"https:\/\/www.gaveanews.com\/index.php\/wp-json\/wp\/v2\/users\/10"}],"replies":[{"embeddable":true,"href":"https:\/\/www.gaveanews.com\/index.php\/wp-json\/wp\/v2\/comments?post=111418"}],"version-history":[{"count":1,"href":"https:\/\/www.gaveanews.com\/index.php\/wp-json\/wp\/v2\/posts\/111418\/revisions"}],"predecessor-version":[{"id":134982,"href":"https:\/\/www.gaveanews.com\/index.php\/wp-json\/wp\/v2\/posts\/111418\/revisions\/134982"}],"wp:featuredmedia":[{"embeddable":true,"href":"https:\/\/www.gaveanews.com\/index.php\/wp-json\/wp\/v2\/media\/98965"}],"wp:attachment":[{"href":"https:\/\/www.gaveanews.com\/index.php\/wp-json\/wp\/v2\/media?parent=111418"}],"wp:term":[{"taxonomy":"category","embeddable":true,"href":"https:\/\/www.gaveanews.com\/index.php\/wp-json\/wp\/v2\/categories?post=111418"},{"taxonomy":"post_tag","embeddable":true,"href":"https:\/\/www.gaveanews.com\/index.php\/wp-json\/wp\/v2\/tags?post=111418"}],"curies":[{"name":"wp","href":"https:\/\/api.w.org\/{rel}","templated":true}]}}