{"id":111575,"date":"2023-11-14T14:27:26","date_gmt":"2023-11-14T17:27:26","guid":{"rendered":"https:\/\/www.gaveanews.com\/?p=111575"},"modified":"2023-11-14T14:27:26","modified_gmt":"2023-11-14T17:27:26","slug":"diego-ribas-da-detalhes-ineditos-de-discussao-que-teve-com-gabigol-no-flamengo-veja","status":"publish","type":"post","link":"https:\/\/www.gaveanews.com\/index.php\/2023\/11\/14\/diego-ribas-da-detalhes-ineditos-de-discussao-que-teve-com-gabigol-no-flamengo-veja\/","title":{"rendered":"Diego Ribas d\u00e1 detalhes in\u00e9ditos de discuss\u00e3o que teve com Gabigol no Flamengo; veja"},"content":{"rendered":"\r\n<p>Por: Henrique Duarte<br \/><br \/>Na final do Campeonato Carioca de 2021, uma intensa discuss\u00e3o entre Diego Ribas e Gabigol no t\u00fanel do Maracan\u00e3 chamou a aten\u00e7\u00e3o. Essa cena revelou o alto n\u00edvel de exig\u00eancia e motiva\u00e7\u00e3o presente no Flamengo. Na \u00e9poca, o t\u00e9cnico Rog\u00e9rio Ceni enxergou a discuss\u00e3o como um exemplo de motiva\u00e7\u00e3o e ressaltou a import\u00e2ncia da mentalidade resiliente.<\/p>\r\n\r\n\r\n\r\n<p>J\u00e1 os jogadores encararam o incidente como algo natural no futebol de elite, destacando que essas intera\u00e7\u00f5es intensas s\u00e3o comuns e at\u00e9 mesmo necess\u00e1rias para manter a equipe alerta e comprometida. Gabigol, em particular, brilhou na final, mostrando como a press\u00e3o interna pode ser usada de forma positiva, transformando tens\u00e3o em vit\u00f3ria.<\/p>\r\n\r\n\r\n\r\n<p>Recentemente, Diego Ribas participou de um podcast e compartilhou detalhes sobre a discuss\u00e3o com Gabigol. O ex-jogador do Flamengo destacou que o sucesso no futebol n\u00e3o depende apenas da habilidade t\u00e9cnica, mas tamb\u00e9m da capacidade de gerenciar e transformar as cobran\u00e7as e tens\u00f5es internas em motiva\u00e7\u00e3o, impulsionando a equipe a alcan\u00e7ar novos n\u00edveis de excel\u00eancia.<\/p>\r\n\r\n\r\n\r\n<blockquote class=\"instagram-media\" style=\"background: #FFF; border: 0; border-radius: 3px; box-shadow: 0 0 1px 0 rgba(0,0,0,0.5),0 1px 10px 0 rgba(0,0,0,0.15); margin: 1px; max-width: 540px; min-width: 326px; padding: 0; width: calc(100% - 2px);\" data-instgrm-captioned=\"\" data-instgrm-permalink=\"https:\/\/www.instagram.com\/reel\/CzobQSBuntp\/?utm_source=ig_embed&amp;utm_campaign=loading\" data-instgrm-version=\"14\">\r\n<div style=\"padding: 16px;\">\r\n<div style=\"display: flex; flex-direction: row; align-items: center;\">\r\n<div style=\"background-color: #f4f4f4; border-radius: 50%; flex-grow: 0; height: 40px; margin-right: 14px; width: 40px;\">\u00a0<\/div>\r\n<div style=\"display: flex; flex-direction: column; flex-grow: 1; justify-content: center;\">\r\n<div style=\"background-color: #f4f4f4; border-radius: 4px; flex-grow: 0; height: 14px; margin-bottom: 6px; width: 100px;\">\u00a0<\/div>\r\n<div style=\"background-color: #f4f4f4; border-radius: 4px; flex-grow: 0; height: 14px; width: 60px;\">\u00a0<\/div>\r\n<\/div>\r\n<\/div>\r\n<div style=\"padding: 19% 0;\">\u00a0<\/div>\r\n<div style=\"display: block; height: 50px; margin: 0 auto 12px; width: 50px;\">\u00a0<\/div>\r\n<div style=\"padding-top: 8px;\">\r\n<div style=\"color: #3897f0; font-family: Arial,sans-serif; font-size: 14px; font-style: normal; font-weight: 550; line-height: 18px;\">Ver essa foto no Instagram<\/div>\r\n<\/div>\r\n<div style=\"padding: 12.5% 0;\">\u00a0<\/div>\r\n<div style=\"display: flex; flex-direction: row; margin-bottom: 14px; align-items: center;\">\r\n<div>\r\n<div style=\"background-color: #f4f4f4; border-radius: 50%; height: 12.5px; width: 12.5px; transform: translateX(0px) translateY(7px);\">\u00a0<\/div>\r\n<div style=\"background-color: #f4f4f4; height: 12.5px; transform: rotate(-45deg) translateX(3px) translateY(1px); width: 12.5px; flex-grow: 0; margin-right: 14px; margin-left: 2px;\">\u00a0<\/div>\r\n<div style=\"background-color: #f4f4f4; border-radius: 50%; height: 12.5px; width: 12.5px; transform: translateX(9px) translateY(-18px);\">\u00a0<\/div>\r\n<\/div>\r\n<div style=\"margin-left: 8px;\">\r\n<div style=\"background-color: #f4f4f4; border-radius: 50%; flex-grow: 0; height: 20px; width: 20px;\">\u00a0<\/div>\r\n<div style=\"width: 0; height: 0; border-top: 2px solid transparent; border-left: 6px solid #f4f4f4; border-bottom: 2px solid transparent; transform: translateX(16px) translateY(-4px) rotate(30deg);\">\u00a0<\/div>\r\n<\/div>\r\n<div style=\"margin-left: auto;\">\r\n<div style=\"width: 0px; border-top: 8px solid #F4F4F4; border-right: 8px solid transparent; transform: translateY(16px);\">\u00a0<\/div>\r\n<div style=\"background-color: #f4f4f4; flex-grow: 0; height: 12px; width: 16px; transform: translateY(-4px);\">\u00a0<\/div>\r\n<div style=\"width: 0; height: 0; border-top: 8px solid #F4F4F4; border-left: 8px solid transparent; transform: translateY(-4px) translateX(8px);\">\u00a0<\/div>\r\n<\/div>\r\n<\/div>\r\n<div style=\"display: flex; flex-direction: column; flex-grow: 1; justify-content: center; margin-bottom: 24px;\">\r\n<div style=\"background-color: #f4f4f4; border-radius: 4px; flex-grow: 0; height: 14px; margin-bottom: 6px; width: 224px;\">\u00a0<\/div>\r\n<div style=\"background-color: #f4f4f4; border-radius: 4px; flex-grow: 0; height: 14px; width: 144px;\">\u00a0<\/div>\r\n<\/div>\r\n<p style=\"color: #c9c8cd; font-family: Arial,sans-serif; font-size: 14px; line-height: 17px; margin-bottom: 0; margin-top: 8px; overflow: hidden; padding: 8px 0 7px; text-align: center; text-overflow: ellipsis; white-space: nowrap;\"><a style=\"color: #c9c8cd; font-family: Arial,sans-serif; font-size: 14px; font-style: normal; font-weight: normal; line-height: 17px; text-decoration: none;\" href=\"https:\/\/www.instagram.com\/reel\/CzobQSBuntp\/?utm_source=ig_embed&amp;utm_campaign=loading\" target=\"_blank\" rel=\"noopener\">Uma publica\u00e7\u00e3o compartilhada por G\u00e1vea News (@gaveanews)<\/a><\/p>\r\n<\/div>\r\n<\/blockquote>\r\n<p><script async src=\"\/\/www.instagram.com\/embed.js\"><\/script><\/p>\r\n","protected":false},"excerpt":{"rendered":"<p>Por: Henrique Duarte Na final do Campeonato Carioca de 2021, uma intensa discuss\u00e3o entre Diego Ribas e Gabigol no t\u00fanel do Maracan\u00e3 chamou a aten\u00e7\u00e3o. Essa cena revelou o alto n\u00edvel de exig\u00eancia e motiva\u00e7\u00e3o presente no Flamengo. Na \u00e9poca, o t\u00e9cnico Rog\u00e9rio Ceni enxergou a discuss\u00e3o como um exemplo de motiva\u00e7\u00e3o e ressaltou a [&hellip;]<\/p>\n","protected":false},"author":15,"featured_media":34966,"comment_status":"open","ping_status":"closed","sticky":false,"template":"","format":"standard","meta":{"footnotes":""},"categories":[40],"tags":[],"class_list":["post-111575","post","type-post","status-publish","format-standard","has-post-thumbnail","hentry","category-video"],"yoast_head":"<!-- This site is optimized with the Yoast SEO Premium plugin v24.2 (Yoast SEO v26.9) - https:\/\/yoast.com\/product\/yoast-seo-premium-wordpress\/ -->\n<title>Diego Ribas d\u00e1 detalhes in\u00e9ditos de discuss\u00e3o que teve com Gabigol no Flamengo; veja<\/title>\n<meta name=\"robots\" content=\"index, follow, max-snippet:-1, max-image-preview:large, max-video-preview:-1\" \/>\n<link rel=\"canonical\" href=\"https:\/\/www.gaveanews.com\/index.php\/2023\/11\/14\/diego-ribas-da-detalhes-ineditos-de-discussao-que-teve-com-gabigol-no-flamengo-veja\/\" \/>\n<meta property=\"og:locale\" content=\"pt_BR\" \/>\n<meta property=\"og:type\" content=\"article\" \/>\n<meta property=\"og:title\" content=\"Diego Ribas d\u00e1 detalhes in\u00e9ditos de discuss\u00e3o que teve com Gabigol no Flamengo; veja\" \/>\n<meta property=\"og:description\" content=\"Por: Henrique Duarte Na final do Campeonato Carioca de 2021, uma intensa discuss\u00e3o entre Diego Ribas e Gabigol no t\u00fanel do Maracan\u00e3 chamou a aten\u00e7\u00e3o. Essa cena revelou o alto n\u00edvel de exig\u00eancia e motiva\u00e7\u00e3o presente no Flamengo. Na \u00e9poca, o t\u00e9cnico Rog\u00e9rio Ceni enxergou a discuss\u00e3o como um exemplo de motiva\u00e7\u00e3o e ressaltou a [&hellip;]\" \/>\n<meta property=\"og:url\" content=\"https:\/\/www.gaveanews.com\/index.php\/2023\/11\/14\/diego-ribas-da-detalhes-ineditos-de-discussao-que-teve-com-gabigol-no-flamengo-veja\/\" \/>\n<meta property=\"og:site_name\" content=\"G\u00e1vea News\" \/>\n<meta property=\"article:publisher\" content=\"https:\/\/facebook.com\/gaveaNews\/\" \/>\n<meta property=\"article:published_time\" content=\"2023-11-14T17:27:26+00:00\" \/>\n<meta property=\"og:image\" content=\"https:\/\/www.gaveanews.com\/wp-content\/uploads\/Diego-Ribas.webp\" \/>\n\t<meta property=\"og:image:width\" content=\"1591\" \/>\n\t<meta property=\"og:image:height\" content=\"893\" \/>\n\t<meta property=\"og:image:type\" content=\"image\/png\" \/>\n<meta name=\"author\" content=\"Henrique Machado\" \/>\n<meta name=\"twitter:card\" content=\"summary_large_image\" \/>\n<meta name=\"twitter:label1\" content=\"Escrito por\" \/>\n\t<meta name=\"twitter:data1\" content=\"Henrique Machado\" \/>\n\t<meta name=\"twitter:label2\" content=\"Est. tempo de leitura\" \/>\n\t<meta name=\"twitter:data2\" content=\"1 minuto\" \/>\n<script type=\"application\/ld+json\" class=\"yoast-schema-graph\">{\"@context\":\"https:\/\/schema.org\",\"@graph\":[{\"@type\":\"NewsArticle\",\"@id\":\"https:\/\/www.gaveanews.com\/index.php\/2023\/11\/14\/diego-ribas-da-detalhes-ineditos-de-discussao-que-teve-com-gabigol-no-flamengo-veja\/#article\",\"isPartOf\":{\"@id\":\"https:\/\/www.gaveanews.com\/index.php\/2023\/11\/14\/diego-ribas-da-detalhes-ineditos-de-discussao-que-teve-com-gabigol-no-flamengo-veja\/\"},\"author\":{\"name\":\"Henrique Machado\",\"@id\":\"https:\/\/www.gaveanews.com\/#\/schema\/person\/fd07635ec039ec3ba74ad18ec8a6dbd6\"},\"headline\":\"Diego Ribas d\u00e1 detalhes in\u00e9ditos de discuss\u00e3o que teve com Gabigol no Flamengo; veja\",\"datePublished\":\"2023-11-14T17:27:26+00:00\",\"mainEntityOfPage\":{\"@id\":\"https:\/\/www.gaveanews.com\/index.php\/2023\/11\/14\/diego-ribas-da-detalhes-ineditos-de-discussao-que-teve-com-gabigol-no-flamengo-veja\/\"},\"wordCount\":222,\"commentCount\":0,\"image\":{\"@id\":\"https:\/\/www.gaveanews.com\/index.php\/2023\/11\/14\/diego-ribas-da-detalhes-ineditos-de-discussao-que-teve-com-gabigol-no-flamengo-veja\/#primaryimage\"},\"thumbnailUrl\":\"https:\/\/www.gaveanews.com\/wp-content\/uploads\/Diego-Ribas.webp\",\"articleSection\":[\"V\u00eddeos\"],\"inLanguage\":\"pt-BR\",\"potentialAction\":[{\"@type\":\"CommentAction\",\"name\":\"Comment\",\"target\":[\"https:\/\/www.gaveanews.com\/index.php\/2023\/11\/14\/diego-ribas-da-detalhes-ineditos-de-discussao-que-teve-com-gabigol-no-flamengo-veja\/#respond\"]}],\"copyrightYear\":\"2023\",\"copyrightHolder\":{\"@id\":\"https:\/\/www.gaveanews.com\/#organization\"}},{\"@type\":\"WebPage\",\"@id\":\"https:\/\/www.gaveanews.com\/index.php\/2023\/11\/14\/diego-ribas-da-detalhes-ineditos-de-discussao-que-teve-com-gabigol-no-flamengo-veja\/\",\"url\":\"https:\/\/www.gaveanews.com\/index.php\/2023\/11\/14\/diego-ribas-da-detalhes-ineditos-de-discussao-que-teve-com-gabigol-no-flamengo-veja\/\",\"name\":\"Diego Ribas d\u00e1 detalhes in\u00e9ditos de discuss\u00e3o que teve com Gabigol no Flamengo; veja\",\"isPartOf\":{\"@id\":\"https:\/\/www.gaveanews.com\/#website\"},\"primaryImageOfPage\":{\"@id\":\"https:\/\/www.gaveanews.com\/index.php\/2023\/11\/14\/diego-ribas-da-detalhes-ineditos-de-discussao-que-teve-com-gabigol-no-flamengo-veja\/#primaryimage\"},\"image\":{\"@id\":\"https:\/\/www.gaveanews.com\/index.php\/2023\/11\/14\/diego-ribas-da-detalhes-ineditos-de-discussao-que-teve-com-gabigol-no-flamengo-veja\/#primaryimage\"},\"thumbnailUrl\":\"https:\/\/www.gaveanews.com\/wp-content\/uploads\/Diego-Ribas.webp\",\"datePublished\":\"2023-11-14T17:27:26+00:00\",\"author\":{\"@id\":\"https:\/\/www.gaveanews.com\/#\/schema\/person\/fd07635ec039ec3ba74ad18ec8a6dbd6\"},\"breadcrumb\":{\"@id\":\"https:\/\/www.gaveanews.com\/index.php\/2023\/11\/14\/diego-ribas-da-detalhes-ineditos-de-discussao-que-teve-com-gabigol-no-flamengo-veja\/#breadcrumb\"},\"inLanguage\":\"pt-BR\",\"potentialAction\":[{\"@type\":\"ReadAction\",\"target\":[\"https:\/\/www.gaveanews.com\/index.php\/2023\/11\/14\/diego-ribas-da-detalhes-ineditos-de-discussao-que-teve-com-gabigol-no-flamengo-veja\/\"]}]},{\"@type\":\"ImageObject\",\"inLanguage\":\"pt-BR\",\"@id\":\"https:\/\/www.gaveanews.com\/index.php\/2023\/11\/14\/diego-ribas-da-detalhes-ineditos-de-discussao-que-teve-com-gabigol-no-flamengo-veja\/#primaryimage\",\"url\":\"https:\/\/www.gaveanews.com\/wp-content\/uploads\/Diego-Ribas.webp\",\"contentUrl\":\"https:\/\/www.gaveanews.com\/wp-content\/uploads\/Diego-Ribas.webp\",\"width\":1591,\"height\":893},{\"@type\":\"BreadcrumbList\",\"@id\":\"https:\/\/www.gaveanews.com\/index.php\/2023\/11\/14\/diego-ribas-da-detalhes-ineditos-de-discussao-que-teve-com-gabigol-no-flamengo-veja\/#breadcrumb\",\"itemListElement\":[{\"@type\":\"ListItem\",\"position\":1,\"name\":\"Home\",\"item\":\"https:\/\/www.gaveanews.com\/\"},{\"@type\":\"ListItem\",\"position\":2,\"name\":\"Diego Ribas d\u00e1 detalhes in\u00e9ditos de discuss\u00e3o que teve com Gabigol no Flamengo; veja\"}]},{\"@type\":\"WebSite\",\"@id\":\"https:\/\/www.gaveanews.com\/#website\",\"url\":\"https:\/\/www.gaveanews.com\/\",\"name\":\"G\u00e1vea News\",\"description\":\"Veja todas as not\u00edcias sobre o Flamengo: Contrata\u00e7\u00f5es, categorias de base, resultados das partidas, tabela de classifica\u00e7\u00e3o, pr\u00f3ximos jogos!\",\"potentialAction\":[{\"@type\":\"SearchAction\",\"target\":{\"@type\":\"EntryPoint\",\"urlTemplate\":\"https:\/\/www.gaveanews.com\/?s={search_term_string}\"},\"query-input\":{\"@type\":\"PropertyValueSpecification\",\"valueRequired\":true,\"valueName\":\"search_term_string\"}}],\"inLanguage\":\"pt-BR\"},{\"@type\":\"Person\",\"@id\":\"https:\/\/www.gaveanews.com\/#\/schema\/person\/fd07635ec039ec3ba74ad18ec8a6dbd6\",\"name\":\"Henrique Machado\",\"image\":{\"@type\":\"ImageObject\",\"inLanguage\":\"pt-BR\",\"@id\":\"https:\/\/www.gaveanews.com\/#\/schema\/person\/image\/\",\"url\":\"https:\/\/secure.gravatar.com\/avatar\/b95e35997e01d9800c1b6184bd79d4d898d370a3fce2584f5c77b907d5c7d9e9?s=96&d=mm&r=g\",\"contentUrl\":\"https:\/\/secure.gravatar.com\/avatar\/b95e35997e01d9800c1b6184bd79d4d898d370a3fce2584f5c77b907d5c7d9e9?s=96&d=mm&r=g\",\"caption\":\"Henrique Machado\"}}]}<\/script>\n<!-- \/ Yoast SEO Premium plugin. -->","yoast_head_json":{"title":"Diego Ribas d\u00e1 detalhes in\u00e9ditos de discuss\u00e3o que teve com Gabigol no Flamengo; veja","robots":{"index":"index","follow":"follow","max-snippet":"max-snippet:-1","max-image-preview":"max-image-preview:large","max-video-preview":"max-video-preview:-1"},"canonical":"https:\/\/www.gaveanews.com\/index.php\/2023\/11\/14\/diego-ribas-da-detalhes-ineditos-de-discussao-que-teve-com-gabigol-no-flamengo-veja\/","og_locale":"pt_BR","og_type":"article","og_title":"Diego Ribas d\u00e1 detalhes in\u00e9ditos de discuss\u00e3o que teve com Gabigol no Flamengo; veja","og_description":"Por: Henrique Duarte Na final do Campeonato Carioca de 2021, uma intensa discuss\u00e3o entre Diego Ribas e Gabigol no t\u00fanel do Maracan\u00e3 chamou a aten\u00e7\u00e3o. Essa cena revelou o alto n\u00edvel de exig\u00eancia e motiva\u00e7\u00e3o presente no Flamengo. Na \u00e9poca, o t\u00e9cnico Rog\u00e9rio Ceni enxergou a discuss\u00e3o como um exemplo de motiva\u00e7\u00e3o e ressaltou a [&hellip;]","og_url":"https:\/\/www.gaveanews.com\/index.php\/2023\/11\/14\/diego-ribas-da-detalhes-ineditos-de-discussao-que-teve-com-gabigol-no-flamengo-veja\/","og_site_name":"G\u00e1vea News","article_publisher":"https:\/\/facebook.com\/gaveaNews\/","article_published_time":"2023-11-14T17:27:26+00:00","og_image":[{"width":1591,"height":893,"url":"https:\/\/www.gaveanews.com\/wp-content\/uploads\/Diego-Ribas.webp","type":"image\/png"}],"author":"Henrique Machado","twitter_card":"summary_large_image","twitter_misc":{"Escrito por":"Henrique Machado","Est. tempo de leitura":"1 minuto"},"schema":{"@context":"https:\/\/schema.org","@graph":[{"@type":"NewsArticle","@id":"https:\/\/www.gaveanews.com\/index.php\/2023\/11\/14\/diego-ribas-da-detalhes-ineditos-de-discussao-que-teve-com-gabigol-no-flamengo-veja\/#article","isPartOf":{"@id":"https:\/\/www.gaveanews.com\/index.php\/2023\/11\/14\/diego-ribas-da-detalhes-ineditos-de-discussao-que-teve-com-gabigol-no-flamengo-veja\/"},"author":{"name":"Henrique Machado","@id":"https:\/\/www.gaveanews.com\/#\/schema\/person\/fd07635ec039ec3ba74ad18ec8a6dbd6"},"headline":"Diego Ribas d\u00e1 detalhes in\u00e9ditos de discuss\u00e3o que teve com Gabigol no Flamengo; veja","datePublished":"2023-11-14T17:27:26+00:00","mainEntityOfPage":{"@id":"https:\/\/www.gaveanews.com\/index.php\/2023\/11\/14\/diego-ribas-da-detalhes-ineditos-de-discussao-que-teve-com-gabigol-no-flamengo-veja\/"},"wordCount":222,"commentCount":0,"image":{"@id":"https:\/\/www.gaveanews.com\/index.php\/2023\/11\/14\/diego-ribas-da-detalhes-ineditos-de-discussao-que-teve-com-gabigol-no-flamengo-veja\/#primaryimage"},"thumbnailUrl":"https:\/\/www.gaveanews.com\/wp-content\/uploads\/Diego-Ribas.webp","articleSection":["V\u00eddeos"],"inLanguage":"pt-BR","potentialAction":[{"@type":"CommentAction","name":"Comment","target":["https:\/\/www.gaveanews.com\/index.php\/2023\/11\/14\/diego-ribas-da-detalhes-ineditos-de-discussao-que-teve-com-gabigol-no-flamengo-veja\/#respond"]}],"copyrightYear":"2023","copyrightHolder":{"@id":"https:\/\/www.gaveanews.com\/#organization"}},{"@type":"WebPage","@id":"https:\/\/www.gaveanews.com\/index.php\/2023\/11\/14\/diego-ribas-da-detalhes-ineditos-de-discussao-que-teve-com-gabigol-no-flamengo-veja\/","url":"https:\/\/www.gaveanews.com\/index.php\/2023\/11\/14\/diego-ribas-da-detalhes-ineditos-de-discussao-que-teve-com-gabigol-no-flamengo-veja\/","name":"Diego Ribas d\u00e1 detalhes in\u00e9ditos de discuss\u00e3o que teve com Gabigol no Flamengo; veja","isPartOf":{"@id":"https:\/\/www.gaveanews.com\/#website"},"primaryImageOfPage":{"@id":"https:\/\/www.gaveanews.com\/index.php\/2023\/11\/14\/diego-ribas-da-detalhes-ineditos-de-discussao-que-teve-com-gabigol-no-flamengo-veja\/#primaryimage"},"image":{"@id":"https:\/\/www.gaveanews.com\/index.php\/2023\/11\/14\/diego-ribas-da-detalhes-ineditos-de-discussao-que-teve-com-gabigol-no-flamengo-veja\/#primaryimage"},"thumbnailUrl":"https:\/\/www.gaveanews.com\/wp-content\/uploads\/Diego-Ribas.webp","datePublished":"2023-11-14T17:27:26+00:00","author":{"@id":"https:\/\/www.gaveanews.com\/#\/schema\/person\/fd07635ec039ec3ba74ad18ec8a6dbd6"},"breadcrumb":{"@id":"https:\/\/www.gaveanews.com\/index.php\/2023\/11\/14\/diego-ribas-da-detalhes-ineditos-de-discussao-que-teve-com-gabigol-no-flamengo-veja\/#breadcrumb"},"inLanguage":"pt-BR","potentialAction":[{"@type":"ReadAction","target":["https:\/\/www.gaveanews.com\/index.php\/2023\/11\/14\/diego-ribas-da-detalhes-ineditos-de-discussao-que-teve-com-gabigol-no-flamengo-veja\/"]}]},{"@type":"ImageObject","inLanguage":"pt-BR","@id":"https:\/\/www.gaveanews.com\/index.php\/2023\/11\/14\/diego-ribas-da-detalhes-ineditos-de-discussao-que-teve-com-gabigol-no-flamengo-veja\/#primaryimage","url":"https:\/\/www.gaveanews.com\/wp-content\/uploads\/Diego-Ribas.webp","contentUrl":"https:\/\/www.gaveanews.com\/wp-content\/uploads\/Diego-Ribas.webp","width":1591,"height":893},{"@type":"BreadcrumbList","@id":"https:\/\/www.gaveanews.com\/index.php\/2023\/11\/14\/diego-ribas-da-detalhes-ineditos-de-discussao-que-teve-com-gabigol-no-flamengo-veja\/#breadcrumb","itemListElement":[{"@type":"ListItem","position":1,"name":"Home","item":"https:\/\/www.gaveanews.com\/"},{"@type":"ListItem","position":2,"name":"Diego Ribas d\u00e1 detalhes in\u00e9ditos de discuss\u00e3o que teve com Gabigol no Flamengo; veja"}]},{"@type":"WebSite","@id":"https:\/\/www.gaveanews.com\/#website","url":"https:\/\/www.gaveanews.com\/","name":"G\u00e1vea News","description":"Veja todas as not\u00edcias sobre o Flamengo: Contrata\u00e7\u00f5es, categorias de base, resultados das partidas, tabela de classifica\u00e7\u00e3o, pr\u00f3ximos jogos!","potentialAction":[{"@type":"SearchAction","target":{"@type":"EntryPoint","urlTemplate":"https:\/\/www.gaveanews.com\/?s={search_term_string}"},"query-input":{"@type":"PropertyValueSpecification","valueRequired":true,"valueName":"search_term_string"}}],"inLanguage":"pt-BR"},{"@type":"Person","@id":"https:\/\/www.gaveanews.com\/#\/schema\/person\/fd07635ec039ec3ba74ad18ec8a6dbd6","name":"Henrique Machado","image":{"@type":"ImageObject","inLanguage":"pt-BR","@id":"https:\/\/www.gaveanews.com\/#\/schema\/person\/image\/","url":"https:\/\/secure.gravatar.com\/avatar\/b95e35997e01d9800c1b6184bd79d4d898d370a3fce2584f5c77b907d5c7d9e9?s=96&d=mm&r=g","contentUrl":"https:\/\/secure.gravatar.com\/avatar\/b95e35997e01d9800c1b6184bd79d4d898d370a3fce2584f5c77b907d5c7d9e9?s=96&d=mm&r=g","caption":"Henrique Machado"}}]}},"_links":{"self":[{"href":"https:\/\/www.gaveanews.com\/index.php\/wp-json\/wp\/v2\/posts\/111575","targetHints":{"allow":["GET"]}}],"collection":[{"href":"https:\/\/www.gaveanews.com\/index.php\/wp-json\/wp\/v2\/posts"}],"about":[{"href":"https:\/\/www.gaveanews.com\/index.php\/wp-json\/wp\/v2\/types\/post"}],"author":[{"embeddable":true,"href":"https:\/\/www.gaveanews.com\/index.php\/wp-json\/wp\/v2\/users\/15"}],"replies":[{"embeddable":true,"href":"https:\/\/www.gaveanews.com\/index.php\/wp-json\/wp\/v2\/comments?post=111575"}],"version-history":[{"count":0,"href":"https:\/\/www.gaveanews.com\/index.php\/wp-json\/wp\/v2\/posts\/111575\/revisions"}],"wp:featuredmedia":[{"embeddable":true,"href":"https:\/\/www.gaveanews.com\/index.php\/wp-json\/wp\/v2\/media\/34966"}],"wp:attachment":[{"href":"https:\/\/www.gaveanews.com\/index.php\/wp-json\/wp\/v2\/media?parent=111575"}],"wp:term":[{"taxonomy":"category","embeddable":true,"href":"https:\/\/www.gaveanews.com\/index.php\/wp-json\/wp\/v2\/categories?post=111575"},{"taxonomy":"post_tag","embeddable":true,"href":"https:\/\/www.gaveanews.com\/index.php\/wp-json\/wp\/v2\/tags?post=111575"}],"curies":[{"name":"wp","href":"https:\/\/api.w.org\/{rel}","templated":true}]}}