{"id":111615,"date":"2023-11-14T16:01:46","date_gmt":"2023-11-14T19:01:46","guid":{"rendered":"https:\/\/www.gaveanews.com\/?p=111615"},"modified":"2023-11-14T16:02:02","modified_gmt":"2023-11-14T19:02:02","slug":"apresentador-afirma-que-corinthians-quer-contratar-gabigol-flamengo","status":"publish","type":"post","link":"https:\/\/www.gaveanews.com\/index.php\/2023\/11\/14\/apresentador-afirma-que-corinthians-quer-contratar-gabigol-flamengo\/","title":{"rendered":"Apresentador afirma que Corinthians quer contratar Gabigol Flamengo"},"content":{"rendered":"\n<p>Gabigol, um dos \u00eddolos do Flamengo, enfrenta um momento desafiador no clube. Apesar de ter contrato at\u00e9 o final de 2024, sua posi\u00e7\u00e3o como reserva sob a gest\u00e3o do t\u00e9cnico Tite e seu prest\u00edgio decrescente entre a torcida t\u00eam gerado incertezas sobre seu futuro. As negocia\u00e7\u00f5es para a renova\u00e7\u00e3o de seu contrato est\u00e3o paralisadas, complicadas por diferen\u00e7as nas exig\u00eancias salariais e pela pausa do clube para focar em competi\u00e7\u00f5es atuais.<\/p>\n\n\n\n<p>Enquanto isso, o Corinthians, sob ocomendo do t\u00e9cnico Mano Menezes, mostra um forte interesse em Gabigol. O clube paulista, buscando refor\u00e7ar seu ataque, especialmente diante de uma poss\u00edvel venda do atacante Yuri Alberto para o futebol europeu, v\u00ea Gabigol como uma adi\u00e7\u00e3o valiosa. Neto, da Band, revelou que o Corinthians poderia fazer uma proposta pelo atacante do Flamengo no ano de 2024, mesmo que ele possa assinar um pr\u00e9-contrato em seis meses.<\/p>\n\n\n\n<p>\u201cO que eu fiquei sabendo \u00e9 que o Corinthians vai brigar para trazer o Gabigol para o ano que vem. \u00c9 o que eu fiquei sabendo, n\u00e3o sei se \u00e9 concreta. O Gabigol ainda n\u00e3o renovou o contrato com o Flamengo, ele tem mais um ano, mas \u00e9 muito pouco. Com seis meses ele pode assinar um pr\u00e9-contrato. Eu tenho essa informa\u00e7\u00e3o do Gabigol, poderia at\u00e9 segurar um pouco mais, mas eu n\u00e3o fa\u00e7o isso. Pra mim, ele \u00e9 um dos melhores centroavantes do futebol brasileiro nos \u00faltimos anos\u201d, diz Neto.<\/p>\n\n\n\n<p>A situa\u00e7\u00e3o contratual de Gabigol est\u00e1 atraindo aten\u00e7\u00e3o, com a possibilidade de premia\u00e7\u00f5es por conquistas sendo consideradas para atender suas demandas salariais. O presidente do Flamengo, Rodolfo Landim, est\u00e1 diretamente envolvido nas negocia\u00e7\u00f5es, e h\u00e1 relatos de progresso nas discuss\u00f5es. No entanto, a situa\u00e7\u00e3o permanece em aberto, com Gabigol continuando seus treinos no Flamengo, apesar das sondagens e de uma suspens\u00e3o que o afasta do pr\u00f3ximo jogo.<\/p>\n\n\n\n<p>Este cen\u00e1rio coloca Gabigol em uma encruzilhada cr\u00edtica em sua carreira, com o futuro no Flamengo incerto e o interesse do Corinthians apresentando uma poss\u00edvel nova trajet\u00f3ria para o jogador.<\/p>\n","protected":false},"excerpt":{"rendered":"<p>Gabigol, um dos \u00eddolos do Flamengo, enfrenta um momento desafiador no clube. Apesar de ter contrato at\u00e9 o final de 2024, sua posi\u00e7\u00e3o como reserva sob a gest\u00e3o do t\u00e9cnico Tite e seu prest\u00edgio decrescente entre a torcida t\u00eam gerado incertezas sobre seu futuro. As negocia\u00e7\u00f5es para a renova\u00e7\u00e3o de seu contrato est\u00e3o paralisadas, complicadas [&hellip;]<\/p>\n","protected":false},"author":6,"featured_media":99904,"comment_status":"open","ping_status":"closed","sticky":false,"template":"","format":"standard","meta":{"footnotes":""},"categories":[1],"tags":[],"class_list":["post-111615","post","type-post","status-publish","format-standard","has-post-thumbnail","hentry","category-flamengo"],"yoast_head":"<!-- This site is optimized with the Yoast SEO Premium plugin v24.2 (Yoast SEO v26.9) - https:\/\/yoast.com\/product\/yoast-seo-premium-wordpress\/ -->\n<title>Apresentador afirma que Corinthians quer contratar Gabigol Flamengo<\/title>\n<meta name=\"robots\" content=\"index, follow, max-snippet:-1, max-image-preview:large, max-video-preview:-1\" \/>\n<link rel=\"canonical\" href=\"https:\/\/www.gaveanews.com\/index.php\/2023\/11\/14\/apresentador-afirma-que-corinthians-quer-contratar-gabigol-flamengo\/\" \/>\n<meta property=\"og:locale\" content=\"pt_BR\" \/>\n<meta property=\"og:type\" content=\"article\" \/>\n<meta property=\"og:title\" content=\"Apresentador afirma que Corinthians quer contratar Gabigol Flamengo\" \/>\n<meta property=\"og:description\" content=\"Gabigol, um dos \u00eddolos do Flamengo, enfrenta um momento desafiador no clube. Apesar de ter contrato at\u00e9 o final de 2024, sua posi\u00e7\u00e3o como reserva sob a gest\u00e3o do t\u00e9cnico Tite e seu prest\u00edgio decrescente entre a torcida t\u00eam gerado incertezas sobre seu futuro. As negocia\u00e7\u00f5es para a renova\u00e7\u00e3o de seu contrato est\u00e3o paralisadas, complicadas [&hellip;]\" \/>\n<meta property=\"og:url\" content=\"https:\/\/www.gaveanews.com\/index.php\/2023\/11\/14\/apresentador-afirma-que-corinthians-quer-contratar-gabigol-flamengo\/\" \/>\n<meta property=\"og:site_name\" content=\"G\u00e1vea News\" \/>\n<meta property=\"article:publisher\" content=\"https:\/\/facebook.com\/gaveaNews\/\" \/>\n<meta property=\"article:published_time\" content=\"2023-11-14T19:01:46+00:00\" \/>\n<meta property=\"article:modified_time\" content=\"2023-11-14T19:02:02+00:00\" \/>\n<meta property=\"og:image\" content=\"https:\/\/www.gaveanews.com\/wp-content\/uploads\/gabigol-flamengo-gol-fluminense-copa-do-brasil-maracana.webp\" \/>\n\t<meta property=\"og:image:width\" content=\"900\" \/>\n\t<meta property=\"og:image:height\" content=\"599\" \/>\n\t<meta property=\"og:image:type\" content=\"image\/jpeg\" \/>\n<meta name=\"author\" content=\"Leonardo Ant\u00f4nio\" \/>\n<meta name=\"twitter:card\" content=\"summary_large_image\" \/>\n<meta name=\"twitter:label1\" content=\"Escrito por\" \/>\n\t<meta name=\"twitter:data1\" content=\"Leonardo Ant\u00f4nio\" \/>\n\t<meta name=\"twitter:label2\" content=\"Est. tempo de leitura\" \/>\n\t<meta name=\"twitter:data2\" content=\"2 minutos\" \/>\n<script type=\"application\/ld+json\" class=\"yoast-schema-graph\">{\"@context\":\"https:\/\/schema.org\",\"@graph\":[{\"@type\":\"NewsArticle\",\"@id\":\"https:\/\/www.gaveanews.com\/index.php\/2023\/11\/14\/apresentador-afirma-que-corinthians-quer-contratar-gabigol-flamengo\/#article\",\"isPartOf\":{\"@id\":\"https:\/\/www.gaveanews.com\/index.php\/2023\/11\/14\/apresentador-afirma-que-corinthians-quer-contratar-gabigol-flamengo\/\"},\"author\":{\"name\":\"Leonardo Ant\u00f4nio\",\"@id\":\"https:\/\/www.gaveanews.com\/#\/schema\/person\/2d29802e96a726e735077717fb5c6f20\"},\"headline\":\"Apresentador afirma que Corinthians quer contratar Gabigol Flamengo\",\"datePublished\":\"2023-11-14T19:01:46+00:00\",\"dateModified\":\"2023-11-14T19:02:02+00:00\",\"mainEntityOfPage\":{\"@id\":\"https:\/\/www.gaveanews.com\/index.php\/2023\/11\/14\/apresentador-afirma-que-corinthians-quer-contratar-gabigol-flamengo\/\"},\"wordCount\":365,\"commentCount\":0,\"image\":{\"@id\":\"https:\/\/www.gaveanews.com\/index.php\/2023\/11\/14\/apresentador-afirma-que-corinthians-quer-contratar-gabigol-flamengo\/#primaryimage\"},\"thumbnailUrl\":\"https:\/\/www.gaveanews.com\/wp-content\/uploads\/gabigol-flamengo-gol-fluminense-copa-do-brasil-maracana.webp\",\"articleSection\":[\"Flamengo\"],\"inLanguage\":\"pt-BR\",\"potentialAction\":[{\"@type\":\"CommentAction\",\"name\":\"Comment\",\"target\":[\"https:\/\/www.gaveanews.com\/index.php\/2023\/11\/14\/apresentador-afirma-que-corinthians-quer-contratar-gabigol-flamengo\/#respond\"]}],\"copyrightYear\":\"2023\",\"copyrightHolder\":{\"@id\":\"https:\/\/www.gaveanews.com\/#organization\"}},{\"@type\":\"WebPage\",\"@id\":\"https:\/\/www.gaveanews.com\/index.php\/2023\/11\/14\/apresentador-afirma-que-corinthians-quer-contratar-gabigol-flamengo\/\",\"url\":\"https:\/\/www.gaveanews.com\/index.php\/2023\/11\/14\/apresentador-afirma-que-corinthians-quer-contratar-gabigol-flamengo\/\",\"name\":\"Apresentador afirma que Corinthians quer contratar Gabigol Flamengo\",\"isPartOf\":{\"@id\":\"https:\/\/www.gaveanews.com\/#website\"},\"primaryImageOfPage\":{\"@id\":\"https:\/\/www.gaveanews.com\/index.php\/2023\/11\/14\/apresentador-afirma-que-corinthians-quer-contratar-gabigol-flamengo\/#primaryimage\"},\"image\":{\"@id\":\"https:\/\/www.gaveanews.com\/index.php\/2023\/11\/14\/apresentador-afirma-que-corinthians-quer-contratar-gabigol-flamengo\/#primaryimage\"},\"thumbnailUrl\":\"https:\/\/www.gaveanews.com\/wp-content\/uploads\/gabigol-flamengo-gol-fluminense-copa-do-brasil-maracana.webp\",\"datePublished\":\"2023-11-14T19:01:46+00:00\",\"dateModified\":\"2023-11-14T19:02:02+00:00\",\"author\":{\"@id\":\"https:\/\/www.gaveanews.com\/#\/schema\/person\/2d29802e96a726e735077717fb5c6f20\"},\"breadcrumb\":{\"@id\":\"https:\/\/www.gaveanews.com\/index.php\/2023\/11\/14\/apresentador-afirma-que-corinthians-quer-contratar-gabigol-flamengo\/#breadcrumb\"},\"inLanguage\":\"pt-BR\",\"potentialAction\":[{\"@type\":\"ReadAction\",\"target\":[\"https:\/\/www.gaveanews.com\/index.php\/2023\/11\/14\/apresentador-afirma-que-corinthians-quer-contratar-gabigol-flamengo\/\"]}]},{\"@type\":\"ImageObject\",\"inLanguage\":\"pt-BR\",\"@id\":\"https:\/\/www.gaveanews.com\/index.php\/2023\/11\/14\/apresentador-afirma-que-corinthians-quer-contratar-gabigol-flamengo\/#primaryimage\",\"url\":\"https:\/\/www.gaveanews.com\/wp-content\/uploads\/gabigol-flamengo-gol-fluminense-copa-do-brasil-maracana.webp\",\"contentUrl\":\"https:\/\/www.gaveanews.com\/wp-content\/uploads\/gabigol-flamengo-gol-fluminense-copa-do-brasil-maracana.webp\",\"width\":900,\"height\":599,\"caption\":\"Gabigol comemora gol marcado pelo Flamengo contra o Fluminense no Maracan\u00e3 (Foto: Marcelo Cortes\/Flamengo)\"},{\"@type\":\"BreadcrumbList\",\"@id\":\"https:\/\/www.gaveanews.com\/index.php\/2023\/11\/14\/apresentador-afirma-que-corinthians-quer-contratar-gabigol-flamengo\/#breadcrumb\",\"itemListElement\":[{\"@type\":\"ListItem\",\"position\":1,\"name\":\"Home\",\"item\":\"https:\/\/www.gaveanews.com\/\"},{\"@type\":\"ListItem\",\"position\":2,\"name\":\"Apresentador afirma que Corinthians quer contratar Gabigol Flamengo\"}]},{\"@type\":\"WebSite\",\"@id\":\"https:\/\/www.gaveanews.com\/#website\",\"url\":\"https:\/\/www.gaveanews.com\/\",\"name\":\"G\u00e1vea News\",\"description\":\"Veja todas as not\u00edcias sobre o Flamengo: Contrata\u00e7\u00f5es, categorias de base, resultados das partidas, tabela de classifica\u00e7\u00e3o, pr\u00f3ximos jogos!\",\"potentialAction\":[{\"@type\":\"SearchAction\",\"target\":{\"@type\":\"EntryPoint\",\"urlTemplate\":\"https:\/\/www.gaveanews.com\/?s={search_term_string}\"},\"query-input\":{\"@type\":\"PropertyValueSpecification\",\"valueRequired\":true,\"valueName\":\"search_term_string\"}}],\"inLanguage\":\"pt-BR\"},{\"@type\":\"Person\",\"@id\":\"https:\/\/www.gaveanews.com\/#\/schema\/person\/2d29802e96a726e735077717fb5c6f20\",\"name\":\"Leonardo Ant\u00f4nio\",\"image\":{\"@type\":\"ImageObject\",\"inLanguage\":\"pt-BR\",\"@id\":\"https:\/\/www.gaveanews.com\/#\/schema\/person\/image\/\",\"url\":\"https:\/\/secure.gravatar.com\/avatar\/b9ffc9ff64af5c915e7cb1824991ab1b4aa29b902a6a9a83be9d1c8ba449fce8?s=96&d=mm&r=g\",\"contentUrl\":\"https:\/\/secure.gravatar.com\/avatar\/b9ffc9ff64af5c915e7cb1824991ab1b4aa29b902a6a9a83be9d1c8ba449fce8?s=96&d=mm&r=g\",\"caption\":\"Leonardo Ant\u00f4nio\"}}]}<\/script>\n<!-- \/ Yoast SEO Premium plugin. -->","yoast_head_json":{"title":"Apresentador afirma que Corinthians quer contratar Gabigol Flamengo","robots":{"index":"index","follow":"follow","max-snippet":"max-snippet:-1","max-image-preview":"max-image-preview:large","max-video-preview":"max-video-preview:-1"},"canonical":"https:\/\/www.gaveanews.com\/index.php\/2023\/11\/14\/apresentador-afirma-que-corinthians-quer-contratar-gabigol-flamengo\/","og_locale":"pt_BR","og_type":"article","og_title":"Apresentador afirma que Corinthians quer contratar Gabigol Flamengo","og_description":"Gabigol, um dos \u00eddolos do Flamengo, enfrenta um momento desafiador no clube. Apesar de ter contrato at\u00e9 o final de 2024, sua posi\u00e7\u00e3o como reserva sob a gest\u00e3o do t\u00e9cnico Tite e seu prest\u00edgio decrescente entre a torcida t\u00eam gerado incertezas sobre seu futuro. As negocia\u00e7\u00f5es para a renova\u00e7\u00e3o de seu contrato est\u00e3o paralisadas, complicadas [&hellip;]","og_url":"https:\/\/www.gaveanews.com\/index.php\/2023\/11\/14\/apresentador-afirma-que-corinthians-quer-contratar-gabigol-flamengo\/","og_site_name":"G\u00e1vea News","article_publisher":"https:\/\/facebook.com\/gaveaNews\/","article_published_time":"2023-11-14T19:01:46+00:00","article_modified_time":"2023-11-14T19:02:02+00:00","og_image":[{"width":900,"height":599,"url":"https:\/\/www.gaveanews.com\/wp-content\/uploads\/gabigol-flamengo-gol-fluminense-copa-do-brasil-maracana.webp","type":"image\/jpeg"}],"author":"Leonardo Ant\u00f4nio","twitter_card":"summary_large_image","twitter_misc":{"Escrito por":"Leonardo Ant\u00f4nio","Est. tempo de leitura":"2 minutos"},"schema":{"@context":"https:\/\/schema.org","@graph":[{"@type":"NewsArticle","@id":"https:\/\/www.gaveanews.com\/index.php\/2023\/11\/14\/apresentador-afirma-que-corinthians-quer-contratar-gabigol-flamengo\/#article","isPartOf":{"@id":"https:\/\/www.gaveanews.com\/index.php\/2023\/11\/14\/apresentador-afirma-que-corinthians-quer-contratar-gabigol-flamengo\/"},"author":{"name":"Leonardo Ant\u00f4nio","@id":"https:\/\/www.gaveanews.com\/#\/schema\/person\/2d29802e96a726e735077717fb5c6f20"},"headline":"Apresentador afirma que Corinthians quer contratar Gabigol Flamengo","datePublished":"2023-11-14T19:01:46+00:00","dateModified":"2023-11-14T19:02:02+00:00","mainEntityOfPage":{"@id":"https:\/\/www.gaveanews.com\/index.php\/2023\/11\/14\/apresentador-afirma-que-corinthians-quer-contratar-gabigol-flamengo\/"},"wordCount":365,"commentCount":0,"image":{"@id":"https:\/\/www.gaveanews.com\/index.php\/2023\/11\/14\/apresentador-afirma-que-corinthians-quer-contratar-gabigol-flamengo\/#primaryimage"},"thumbnailUrl":"https:\/\/www.gaveanews.com\/wp-content\/uploads\/gabigol-flamengo-gol-fluminense-copa-do-brasil-maracana.webp","articleSection":["Flamengo"],"inLanguage":"pt-BR","potentialAction":[{"@type":"CommentAction","name":"Comment","target":["https:\/\/www.gaveanews.com\/index.php\/2023\/11\/14\/apresentador-afirma-que-corinthians-quer-contratar-gabigol-flamengo\/#respond"]}],"copyrightYear":"2023","copyrightHolder":{"@id":"https:\/\/www.gaveanews.com\/#organization"}},{"@type":"WebPage","@id":"https:\/\/www.gaveanews.com\/index.php\/2023\/11\/14\/apresentador-afirma-que-corinthians-quer-contratar-gabigol-flamengo\/","url":"https:\/\/www.gaveanews.com\/index.php\/2023\/11\/14\/apresentador-afirma-que-corinthians-quer-contratar-gabigol-flamengo\/","name":"Apresentador afirma que Corinthians quer contratar Gabigol Flamengo","isPartOf":{"@id":"https:\/\/www.gaveanews.com\/#website"},"primaryImageOfPage":{"@id":"https:\/\/www.gaveanews.com\/index.php\/2023\/11\/14\/apresentador-afirma-que-corinthians-quer-contratar-gabigol-flamengo\/#primaryimage"},"image":{"@id":"https:\/\/www.gaveanews.com\/index.php\/2023\/11\/14\/apresentador-afirma-que-corinthians-quer-contratar-gabigol-flamengo\/#primaryimage"},"thumbnailUrl":"https:\/\/www.gaveanews.com\/wp-content\/uploads\/gabigol-flamengo-gol-fluminense-copa-do-brasil-maracana.webp","datePublished":"2023-11-14T19:01:46+00:00","dateModified":"2023-11-14T19:02:02+00:00","author":{"@id":"https:\/\/www.gaveanews.com\/#\/schema\/person\/2d29802e96a726e735077717fb5c6f20"},"breadcrumb":{"@id":"https:\/\/www.gaveanews.com\/index.php\/2023\/11\/14\/apresentador-afirma-que-corinthians-quer-contratar-gabigol-flamengo\/#breadcrumb"},"inLanguage":"pt-BR","potentialAction":[{"@type":"ReadAction","target":["https:\/\/www.gaveanews.com\/index.php\/2023\/11\/14\/apresentador-afirma-que-corinthians-quer-contratar-gabigol-flamengo\/"]}]},{"@type":"ImageObject","inLanguage":"pt-BR","@id":"https:\/\/www.gaveanews.com\/index.php\/2023\/11\/14\/apresentador-afirma-que-corinthians-quer-contratar-gabigol-flamengo\/#primaryimage","url":"https:\/\/www.gaveanews.com\/wp-content\/uploads\/gabigol-flamengo-gol-fluminense-copa-do-brasil-maracana.webp","contentUrl":"https:\/\/www.gaveanews.com\/wp-content\/uploads\/gabigol-flamengo-gol-fluminense-copa-do-brasil-maracana.webp","width":900,"height":599,"caption":"Gabigol comemora gol marcado pelo Flamengo contra o Fluminense no Maracan\u00e3 (Foto: Marcelo Cortes\/Flamengo)"},{"@type":"BreadcrumbList","@id":"https:\/\/www.gaveanews.com\/index.php\/2023\/11\/14\/apresentador-afirma-que-corinthians-quer-contratar-gabigol-flamengo\/#breadcrumb","itemListElement":[{"@type":"ListItem","position":1,"name":"Home","item":"https:\/\/www.gaveanews.com\/"},{"@type":"ListItem","position":2,"name":"Apresentador afirma que Corinthians quer contratar Gabigol Flamengo"}]},{"@type":"WebSite","@id":"https:\/\/www.gaveanews.com\/#website","url":"https:\/\/www.gaveanews.com\/","name":"G\u00e1vea News","description":"Veja todas as not\u00edcias sobre o Flamengo: Contrata\u00e7\u00f5es, categorias de base, resultados das partidas, tabela de classifica\u00e7\u00e3o, pr\u00f3ximos jogos!","potentialAction":[{"@type":"SearchAction","target":{"@type":"EntryPoint","urlTemplate":"https:\/\/www.gaveanews.com\/?s={search_term_string}"},"query-input":{"@type":"PropertyValueSpecification","valueRequired":true,"valueName":"search_term_string"}}],"inLanguage":"pt-BR"},{"@type":"Person","@id":"https:\/\/www.gaveanews.com\/#\/schema\/person\/2d29802e96a726e735077717fb5c6f20","name":"Leonardo Ant\u00f4nio","image":{"@type":"ImageObject","inLanguage":"pt-BR","@id":"https:\/\/www.gaveanews.com\/#\/schema\/person\/image\/","url":"https:\/\/secure.gravatar.com\/avatar\/b9ffc9ff64af5c915e7cb1824991ab1b4aa29b902a6a9a83be9d1c8ba449fce8?s=96&d=mm&r=g","contentUrl":"https:\/\/secure.gravatar.com\/avatar\/b9ffc9ff64af5c915e7cb1824991ab1b4aa29b902a6a9a83be9d1c8ba449fce8?s=96&d=mm&r=g","caption":"Leonardo Ant\u00f4nio"}}]}},"_links":{"self":[{"href":"https:\/\/www.gaveanews.com\/index.php\/wp-json\/wp\/v2\/posts\/111615","targetHints":{"allow":["GET"]}}],"collection":[{"href":"https:\/\/www.gaveanews.com\/index.php\/wp-json\/wp\/v2\/posts"}],"about":[{"href":"https:\/\/www.gaveanews.com\/index.php\/wp-json\/wp\/v2\/types\/post"}],"author":[{"embeddable":true,"href":"https:\/\/www.gaveanews.com\/index.php\/wp-json\/wp\/v2\/users\/6"}],"replies":[{"embeddable":true,"href":"https:\/\/www.gaveanews.com\/index.php\/wp-json\/wp\/v2\/comments?post=111615"}],"version-history":[{"count":0,"href":"https:\/\/www.gaveanews.com\/index.php\/wp-json\/wp\/v2\/posts\/111615\/revisions"}],"wp:featuredmedia":[{"embeddable":true,"href":"https:\/\/www.gaveanews.com\/index.php\/wp-json\/wp\/v2\/media\/99904"}],"wp:attachment":[{"href":"https:\/\/www.gaveanews.com\/index.php\/wp-json\/wp\/v2\/media?parent=111615"}],"wp:term":[{"taxonomy":"category","embeddable":true,"href":"https:\/\/www.gaveanews.com\/index.php\/wp-json\/wp\/v2\/categories?post=111615"},{"taxonomy":"post_tag","embeddable":true,"href":"https:\/\/www.gaveanews.com\/index.php\/wp-json\/wp\/v2\/tags?post=111615"}],"curies":[{"name":"wp","href":"https:\/\/api.w.org\/{rel}","templated":true}]}}